{"id":117297,"date":"2024-11-23T21:00:00","date_gmt":"2024-11-23T21:00:00","guid":{"rendered":"https:\/\/www.primor.eu\/blog\/?p=117297"},"modified":"2025-12-15T17:58:27","modified_gmt":"2025-12-15T17:58:27","slug":"mejores-maquillajes-invitada-boda-invierno","status":"publish","type":"post","link":"https:\/\/www.primor.eu\/blog\/mejores-maquillajes-invitada-boda-invierno\/","title":{"rendered":"Los 7 mejores maquillajes de invitada para una boda en invierno"},"content":{"rendered":"\n<p>Un <strong>maquillaje de invitada<\/strong> para una <strong><a href=\"https:\/\/www.primor.eu\/blog\/peinados-sencillos-para-boda-invitada\/?srsltid=AfmBOoo8vZ-Nje3HfIRUxUdKLcEm3lSgl7wExFVji1vDKd0iG2P3eF6-\" data-type=\"link\" data-id=\"https:\/\/www.primor.eu\/blog\/peinados-sencillos-para-boda-invitada\/?srsltid=AfmBOoo8vZ-Nje3HfIRUxUdKLcEm3lSgl7wExFVji1vDKd0iG2P3eF6-\">boda <\/a>de invierno<\/strong> tiene unas caracter\u00edsticas que le diferencian del maquillaje que elegimos en otras \u00e9pocas del a\u00f1o. El <a href=\"https:\/\/www.primor.eu\/es_es\/sombras-de-ojos-lujo\" data-type=\"link\" data-id=\"https:\/\/www.primor.eu\/es_es\/sombras-de-ojos-lujo\">maquillaje<\/a> para un evento as\u00ed, debe ir acorde con los colores del vestido o atuendo que hayas elegido. Pero, adem\u00e1s, hay colores que no son apropiados para el invierno.<\/p>\n\n\n\n<p>Algunos de ellos son por ejemplo, los tonos pastel, los colores fl\u00faor o los estampados coloridos. Un maquillaje de invitada para una boda de invierno, por tanto, tampoco pide este tipo de tonos. Vamos a ver cu\u00e1les son las opciones de <a href=\"https:\/\/www.primor.eu\/es_es\/eyeliners-y-lapices-de-ojos-lujo\" data-type=\"link\" data-id=\"https:\/\/www.primor.eu\/es_es\/eyeliners-y-lapices-de-ojos-lujo\">maquillaje <\/a>de invitada para una boda de invierno m\u00e1s indicadas.<\/p>\n\n\n\n<h2 class=\"wp-block-heading\">Los mejores colores para una boda de invierno<\/h2>\n\n\n\n<p>Como hemos dicho, para una boda de invierno se hace mucho m\u00e1s org\u00e1nico y adecuado un <strong>color oscuro <\/strong>como el negro, el <strong>marr\u00f3n chocolate<\/strong>, el <strong>azul klein<\/strong> o tonos metalizados como el plateado o el dorado. Llevar un vestido o atuendo en estos colores, determina el tipo de maquillaje que elegir para que la combinaci\u00f3n sea arm\u00f3nica. <\/p>\n\n\n\n<h2 class=\"wp-block-heading\">Maquillaje de invitada para una boda de invierno<\/h2>\n\n\n\n<p>El tipo de maquillaje de invitada para una boda de invierno, como hemos dicho, viene determinado por los colores que elijamos para vestirnos. Por ello, una buena opci\u00f3n que nunca falla ser\u00e1 en <strong>tonos neutros<\/strong>. No obstante, vamos&nbsp; a ver opciones para la noche y para el d\u00eda, ya que tambi\u00e9n este es un factor importante a tener en cuenta. Entre estas opciones de maquillaje de invitada para una boda de invierno, destacan los tonos tostados y con toques <strong>rosados<\/strong> y <strong>nude por el d\u00eda<\/strong>, para darle tonos m\u00e1s oscuros como el <strong>negro<\/strong> por la <strong>noche<\/strong>. <\/p>\n\n\n\n<h3 class=\"wp-block-heading\">Labios rojos y ojos en tonos nude<\/h3>\n\n\n\n<figure class=\"wp-block-image size-large is-resized\"><img decoding=\"async\" width=\"1024\" height=\"1024\" src=\"https:\/\/www.primor.eu\/blog\/wp-content\/uploads\/2024\/11\/1-5-1024x1024.jpg\" alt=\"\" class=\"wp-image-117308\" style=\"width:816px;height:auto\" srcset=\"https:\/\/www.primor.eu\/blog\/wp-content\/uploads\/2024\/11\/1-5-1024x1024.jpg 1024w, https:\/\/www.primor.eu\/blog\/wp-content\/uploads\/2024\/11\/1-5-300x300.jpg 300w, https:\/\/www.primor.eu\/blog\/wp-content\/uploads\/2024\/11\/1-5-150x150.jpg 150w, https:\/\/www.primor.eu\/blog\/wp-content\/uploads\/2024\/11\/1-5-768x768.jpg 768w, https:\/\/www.primor.eu\/blog\/wp-content\/uploads\/2024\/11\/1-5-75x75.jpg 75w, https:\/\/www.primor.eu\/blog\/wp-content\/uploads\/2024\/11\/1-5-350x350.jpg 350w, https:\/\/www.primor.eu\/blog\/wp-content\/uploads\/2024\/11\/1-5-750x750.jpg 750w, https:\/\/www.primor.eu\/blog\/wp-content\/uploads\/2024\/11\/1-5.jpg 1080w\" sizes=\"(max-width: 1024px) 100vw, 1024px\" \/><\/figure>\n\n\n\n<p>Fuente Instagram: @ag.esteticaymakeup<\/p>\n\n\n\n<p>Los labios rojos son una opci\u00f3n genial para el maquillaje de invitada para una boda de invierno de d\u00eda. En este caso, con ese vestido azul de manga larga, los labios rojos dan un toque elegante sin que el look completo pierda su sencillez y su sofisticaci\u00f3n. El rojo en los labios siempre es la se\u00f1a de identidad de una mujer con mucha personalidad.&nbsp;&nbsp;<\/p>\n\n\n\n<h3 class=\"wp-block-heading\">Maquillaje de d\u00eda natural<\/h3>\n\n\n\n<figure class=\"wp-block-image size-large is-resized\"><img decoding=\"async\" width=\"867\" height=\"1024\" src=\"https:\/\/www.primor.eu\/blog\/wp-content\/uploads\/2024\/11\/2-5-867x1024.jpg\" alt=\"\" class=\"wp-image-117309\" style=\"width:818px;height:auto\" srcset=\"https:\/\/www.primor.eu\/blog\/wp-content\/uploads\/2024\/11\/2-5-867x1024.jpg 867w, https:\/\/www.primor.eu\/blog\/wp-content\/uploads\/2024\/11\/2-5-254x300.jpg 254w, https:\/\/www.primor.eu\/blog\/wp-content\/uploads\/2024\/11\/2-5-768x907.jpg 768w, https:\/\/www.primor.eu\/blog\/wp-content\/uploads\/2024\/11\/2-5-750x886.jpg 750w, https:\/\/www.primor.eu\/blog\/wp-content\/uploads\/2024\/11\/2-5.jpg 1080w\" sizes=\"(max-width: 867px) 100vw, 867px\" \/><\/figure>\n\n\n\n<p>Fuente Instagram: @sevel_estilistas<\/p>\n\n\n\n<p>Siguiendo con las opciones para un maquillaje de invitada para una boda de invierno de d\u00eda, nos vamos hasta esta opci\u00f3n tan natural. Sobre todo si no sueles maquillarte nunca o si no te apetece destacar en particular ning\u00fan rasgo del rostro, este maquillaje es perfecto. Al ser tan neutro, va bien con cualquier vestido y cualquier paleta de colores.<\/p>\n\n\n\n<h3 class=\"wp-block-heading\">Con un toque rosado<\/h3>\n\n\n\n<figure class=\"wp-block-image size-large\"><img decoding=\"async\" width=\"819\" height=\"1024\" src=\"https:\/\/www.primor.eu\/blog\/wp-content\/uploads\/2024\/11\/3-6-819x1024.jpg\" alt=\"\" class=\"wp-image-117310\" srcset=\"https:\/\/www.primor.eu\/blog\/wp-content\/uploads\/2024\/11\/3-6-819x1024.jpg 819w, https:\/\/www.primor.eu\/blog\/wp-content\/uploads\/2024\/11\/3-6-240x300.jpg 240w, https:\/\/www.primor.eu\/blog\/wp-content\/uploads\/2024\/11\/3-6-768x960.jpg 768w, https:\/\/www.primor.eu\/blog\/wp-content\/uploads\/2024\/11\/3-6-750x938.jpg 750w, https:\/\/www.primor.eu\/blog\/wp-content\/uploads\/2024\/11\/3-6.jpg 1080w\" sizes=\"(max-width: 819px) 100vw, 819px\" \/><\/figure>\n\n\n\n<p>Fuente Instagram: @maricarmen_mua<\/p>\n\n\n\n<p>Un toque rosado como este tambi\u00e9n es aconsejable en un look de boda de d\u00eda en invierno. Perfecto si llevas un vestido negro o de un color oscuro y quieres animar un poco el look.<\/p>\n\n\n\n<h3 class=\"wp-block-heading\">En tonos marrones<\/h3>\n\n\n\n<figure class=\"wp-block-image size-large\"><img decoding=\"async\" width=\"819\" height=\"1024\" src=\"https:\/\/www.primor.eu\/blog\/wp-content\/uploads\/2024\/11\/4-6-819x1024.jpg\" alt=\"\" class=\"wp-image-117311\" srcset=\"https:\/\/www.primor.eu\/blog\/wp-content\/uploads\/2024\/11\/4-6-819x1024.jpg 819w, https:\/\/www.primor.eu\/blog\/wp-content\/uploads\/2024\/11\/4-6-240x300.jpg 240w, https:\/\/www.primor.eu\/blog\/wp-content\/uploads\/2024\/11\/4-6-768x960.jpg 768w, https:\/\/www.primor.eu\/blog\/wp-content\/uploads\/2024\/11\/4-6-750x938.jpg 750w, https:\/\/www.primor.eu\/blog\/wp-content\/uploads\/2024\/11\/4-6.jpg 1080w\" sizes=\"(max-width: 819px) 100vw, 819px\" \/><\/figure>\n\n\n\n<p>Fuente Instagram: @luval.salon<\/p>\n\n\n\n<p>Los tonos marrones con un poco de brillo como los que se han usado en este maquillaje son recomendables para resaltar muchos tipos de facciones sin que se vea un maquillaje recargado. Quedan bien con vestidos en tonos nude o marrones.<\/p>\n\n\n\n<h3 class=\"wp-block-heading\">Labios jugosos<\/h3>\n\n\n\n<figure class=\"wp-block-image size-large\"><img decoding=\"async\" width=\"820\" height=\"1024\" src=\"https:\/\/www.primor.eu\/blog\/wp-content\/uploads\/2024\/11\/5-5-820x1024.jpg\" alt=\"\" class=\"wp-image-117312\" srcset=\"https:\/\/www.primor.eu\/blog\/wp-content\/uploads\/2024\/11\/5-5-820x1024.jpg 820w, https:\/\/www.primor.eu\/blog\/wp-content\/uploads\/2024\/11\/5-5-240x300.jpg 240w, https:\/\/www.primor.eu\/blog\/wp-content\/uploads\/2024\/11\/5-5-768x959.jpg 768w, https:\/\/www.primor.eu\/blog\/wp-content\/uploads\/2024\/11\/5-5-750x937.jpg 750w, https:\/\/www.primor.eu\/blog\/wp-content\/uploads\/2024\/11\/5-5.jpg 1080w\" sizes=\"(max-width: 820px) 100vw, 820px\" \/><\/figure>\n\n\n\n<p>Fuente Instagram: @inna.arte_facial<\/p>\n\n\n\n<p>Los labios jugosos son una de las tendencias de la temporada en maquillaje de invierno. Estos labios siempre tienen un toque de brillo, que les aporta una sensaci\u00f3n de volumen extra y se suelen pintar en tonos casi imperceptibles como en este caso. Este juego de sombras en colores neutros no les roba protagonismo y el efecto total es sencillo y sexy a la vez.<\/p>\n\n\n\n<h3 class=\"wp-block-heading\">Eyeliner y m\u00e1scara de pesta\u00f1as<\/h3>\n\n\n\n<figure class=\"wp-block-image size-large\"><img decoding=\"async\" width=\"819\" height=\"1024\" src=\"https:\/\/www.primor.eu\/blog\/wp-content\/uploads\/2024\/11\/6-2-819x1024.jpg\" alt=\"\" class=\"wp-image-117313\" srcset=\"https:\/\/www.primor.eu\/blog\/wp-content\/uploads\/2024\/11\/6-2-819x1024.jpg 819w, https:\/\/www.primor.eu\/blog\/wp-content\/uploads\/2024\/11\/6-2-240x300.jpg 240w, https:\/\/www.primor.eu\/blog\/wp-content\/uploads\/2024\/11\/6-2-768x960.jpg 768w, https:\/\/www.primor.eu\/blog\/wp-content\/uploads\/2024\/11\/6-2-750x938.jpg 750w, https:\/\/www.primor.eu\/blog\/wp-content\/uploads\/2024\/11\/6-2.jpg 1080w\" sizes=\"(max-width: 819px) 100vw, 819px\" \/><\/figure>\n\n\n\n<p>Fuente Instagram: @mariacabellomakeup<\/p>\n\n\n\n<p>Si eres de las que prefiere no cambiar mucho la forma de maquillarse que lleva siempre por el hecho de asistir a una boda, este maquillaje puede ser perfecto para ti. El eyeliner por encima de las pesta\u00f1as y una buena dosis de r\u00edmel, siempre son una idea genial para destacar la expresividad de los ojos. Si tienes los ojos grandes o redondos, puedes a\u00f1adir esa l\u00ednea por dentro del ojo. Si tienes los ojos rasgados o m\u00e1s bien peque\u00f1os, ser\u00e1 mejor evitarla porque empeque\u00f1ece el ojo.<\/p>\n\n\n\n<h3 class=\"wp-block-heading\">Sombra de ojos negra y labios metalizados<\/h3>\n\n\n\n<figure class=\"wp-block-image size-large\"><img decoding=\"async\" width=\"819\" height=\"1024\" src=\"https:\/\/www.primor.eu\/blog\/wp-content\/uploads\/2024\/11\/7-819x1024.jpg\" alt=\"\" class=\"wp-image-117314\" srcset=\"https:\/\/www.primor.eu\/blog\/wp-content\/uploads\/2024\/11\/7-819x1024.jpg 819w, https:\/\/www.primor.eu\/blog\/wp-content\/uploads\/2024\/11\/7-240x300.jpg 240w, https:\/\/www.primor.eu\/blog\/wp-content\/uploads\/2024\/11\/7-768x960.jpg 768w, https:\/\/www.primor.eu\/blog\/wp-content\/uploads\/2024\/11\/7-750x938.jpg 750w, https:\/\/www.primor.eu\/blog\/wp-content\/uploads\/2024\/11\/7.jpg 1080w\" sizes=\"(max-width: 819px) 100vw, 819px\" \/><\/figure>\n\n\n\n<p>Fuente Instagram: @albavargasofficial<\/p>\n\n\n\n<p>Para vestidos metalizados o looks de noche de esos en los que te has lanzado a lucir un vestidazo negro de infarto, \u00a1atr\u00e9vete con este maquillaje de diva!<\/p>\n\n\n\n<h2 class=\"wp-block-heading\">Dos productos de maquillaje para invitada<\/h2>\n\n\n\n<h3 class=\"wp-block-heading\">Couture Mini Clutch Paletas de sombras de Yves Saint Laurent<\/h3>\n\n\n\n<p>Las Couture Mini Cltuch ofrecen una aplicaci\u00f3n f\u00e1cil y uniforme y aporta una sensaci\u00f3n suave confortable a la piel de la zona de los ojos durante 9 horas.<\/p>\n\n\n\n<p>Son muy f\u00e1ciles de usar gracias a sus combinaciones de colores y acabados. Adem\u00e1s cada harmon\u00eda incluye dos aplicadores expertos: Una esponja de doble punta para aplicar la sombra y un pincel para difuminar y crear un look aut\u00e9ntico a la altura de Yves Saint Laurent.<\/p>\n\n\n    <a class='product' target='_blank' href='https:\/\/www.primor.eu\/es_es\/yves-saint-laurent-couture-mini-clutch-paletas-de-sombras-109104.html?#803=43719'>\r\n        <img loading='async' src='https:\/\/cdn2.primor.eu\/media\/catalog\/product\/cache\/8d3aba296f7a18b5251ee30fa5db42b2\/3\/6\/3614273921688_1_df1e.jpg' alt='COMPRAR AHORA'>\r\n            <div class=\"claim\">\r\n                COMPRAR AHORA            <\/div>\r\n        <\/a>\r\n    \n\n\n<h3 class=\"wp-block-heading\">Le Stylo Waterproof L\u00e1piz de Ojos Retr\u00e1ctil de Lanc\u00f4me<\/h3>\n\n\n\n<p>Este eyeliner ofrece alta precisi\u00f3n y larga duraci\u00f3n, convirti\u00e9ndose en un elemento esencial para cualquier look de mirada. Con su amplia gama de nueve tonos en acabados mate y met\u00e1lico, este l\u00e1piz de ojos te permite definir y perfilar tu mirada con facilidad. Su cremosa textura facilita la aplicaci\u00f3n, brindando un trazo ultra deslizante y preciso que logra una mirada sofisticada o un impactante look de ojos ahumados.<\/p>\n\n\n    <a class='product' target='_blank' href='https:\/\/www.primor.eu\/es_es\/lancome-le-stylo-waterproof-lapiz-de-ojos-retractil-110105.html?#803=58025'>\r\n        <img loading='async' src='https:\/\/cdn2.primor.eu\/media\/catalog\/product\/cache\/8d3aba296f7a18b5251ee30fa5db42b2\/0\/M\/0MO21896_1_e226.jpg' alt='COMPRAR AHORA'>\r\n            <div class=\"claim\">\r\n                COMPRAR AHORA            <\/div>\r\n        <\/a>\r\n    \n\n<div class=\"kk-star-ratings kksr-auto kksr-align-center kksr-valign-bottom\"\n    data-payload='{&quot;align&quot;:&quot;center&quot;,&quot;id&quot;:&quot;117297&quot;,&quot;slug&quot;:&quot;default&quot;,&quot;valign&quot;:&quot;bottom&quot;,&quot;ignore&quot;:&quot;&quot;,&quot;reference&quot;:&quot;auto&quot;,&quot;class&quot;:&quot;&quot;,&quot;count&quot;:&quot;0&quot;,&quot;legendonly&quot;:&quot;&quot;,&quot;readonly&quot;:&quot;&quot;,&quot;score&quot;:&quot;0&quot;,&quot;starsonly&quot;:&quot;&quot;,&quot;best&quot;:&quot;5&quot;,&quot;gap&quot;:&quot;5&quot;,&quot;greet&quot;:&quot;Valora este art\u00edculo&quot;,&quot;legend&quot;:&quot;0\\\/5 - (0 votos)&quot;,&quot;size&quot;:&quot;24&quot;,&quot;title&quot;:&quot;Los 7 mejores maquillajes de invitada para una boda en invierno&quot;,&quot;width&quot;:&quot;0&quot;,&quot;_legend&quot;:&quot;{score}\\\/{best} - ({count} {votes})&quot;,&quot;font_factor&quot;:&quot;1.25&quot;}'>\n            \n<div class=\"kksr-stars\">\n    \n<div class=\"kksr-stars-inactive\">\n            <div class=\"kksr-star\" data-star=\"1\" style=\"padding-right: 5px\">\n            \n\n<div class=\"kksr-icon\" style=\"width: 24px; height: 24px;\"><\/div>\n        <\/div>\n            <div class=\"kksr-star\" data-star=\"2\" style=\"padding-right: 5px\">\n            \n\n<div class=\"kksr-icon\" style=\"width: 24px; height: 24px;\"><\/div>\n        <\/div>\n            <div class=\"kksr-star\" data-star=\"3\" style=\"padding-right: 5px\">\n            \n\n<div class=\"kksr-icon\" style=\"width: 24px; height: 24px;\"><\/div>\n        <\/div>\n            <div class=\"kksr-star\" data-star=\"4\" style=\"padding-right: 5px\">\n            \n\n<div class=\"kksr-icon\" style=\"width: 24px; height: 24px;\"><\/div>\n        <\/div>\n            <div class=\"kksr-star\" data-star=\"5\" style=\"padding-right: 5px\">\n            \n\n<div class=\"kksr-icon\" style=\"width: 24px; height: 24px;\"><\/div>\n        <\/div>\n    <\/div>\n    \n<div class=\"kksr-stars-active\" style=\"width: 0px;\">\n            <div class=\"kksr-star\" style=\"padding-right: 5px\">\n            \n\n<div class=\"kksr-icon\" style=\"width: 24px; height: 24px;\"><\/div>\n        <\/div>\n            <div class=\"kksr-star\" style=\"padding-right: 5px\">\n            \n\n<div class=\"kksr-icon\" style=\"width: 24px; height: 24px;\"><\/div>\n        <\/div>\n            <div class=\"kksr-star\" style=\"padding-right: 5px\">\n            \n\n<div class=\"kksr-icon\" style=\"width: 24px; height: 24px;\"><\/div>\n        <\/div>\n            <div class=\"kksr-star\" style=\"padding-right: 5px\">\n            \n\n<div class=\"kksr-icon\" style=\"width: 24px; height: 24px;\"><\/div>\n        <\/div>\n            <div class=\"kksr-star\" style=\"padding-right: 5px\">\n            \n\n<div class=\"kksr-icon\" style=\"width: 24px; height: 24px;\"><\/div>\n        <\/div>\n    <\/div>\n<\/div>\n                \n\n<div class=\"kksr-legend\" style=\"font-size: 19.2px;\">\n            <span class=\"kksr-muted\">Valora este art\u00edculo<\/span>\n    <\/div>\n    <\/div>\n","protected":false},"excerpt":{"rendered":"<p>Un maquillaje de invitada para una boda de invierno tiene unas caracter\u00edsticas que le diferencian del maquillaje que elegimos en otras \u00e9pocas del a\u00f1o. El maquillaje para un evento as\u00ed, debe ir acorde con los colores del vestido o atuendo que hayas elegido. Pero, adem\u00e1s, hay colores que no son apropiados para el invierno. Algunos [&hellip;]<\/p>\n","protected":false},"author":30,"featured_media":117305,"comment_status":"closed","ping_status":"closed","sticky":false,"template":"","format":"standard","meta":{"jnews-multi-image_gallery":[],"jnews_single_post":{"format":"standard"},"jnews_primary_category":[],"jnews_social_meta":[],"jnews_override_counter":[],"footnotes":""},"categories":[41],"tags":[],"class_list":["post-117297","post","type-post","status-publish","format-standard","has-post-thumbnail","hentry","category-maquillaje"],"_links":{"self":[{"href":"https:\/\/www.primor.eu\/blog\/wp-json\/wp\/v2\/posts\/117297","targetHints":{"allow":["GET"]}}],"collection":[{"href":"https:\/\/www.primor.eu\/blog\/wp-json\/wp\/v2\/posts"}],"about":[{"href":"https:\/\/www.primor.eu\/blog\/wp-json\/wp\/v2\/types\/post"}],"author":[{"embeddable":true,"href":"https:\/\/www.primor.eu\/blog\/wp-json\/wp\/v2\/users\/30"}],"replies":[{"embeddable":true,"href":"https:\/\/www.primor.eu\/blog\/wp-json\/wp\/v2\/comments?post=117297"}],"version-history":[{"count":4,"href":"https:\/\/www.primor.eu\/blog\/wp-json\/wp\/v2\/posts\/117297\/revisions"}],"predecessor-version":[{"id":136294,"href":"https:\/\/www.primor.eu\/blog\/wp-json\/wp\/v2\/posts\/117297\/revisions\/136294"}],"wp:featuredmedia":[{"embeddable":true,"href":"https:\/\/www.primor.eu\/blog\/wp-json\/wp\/v2\/media\/117305"}],"wp:attachment":[{"href":"https:\/\/www.primor.eu\/blog\/wp-json\/wp\/v2\/media?parent=117297"}],"wp:term":[{"taxonomy":"category","embeddable":true,"href":"https:\/\/www.primor.eu\/blog\/wp-json\/wp\/v2\/categories?post=117297"},{"taxonomy":"post_tag","embeddable":true,"href":"https:\/\/www.primor.eu\/blog\/wp-json\/wp\/v2\/tags?post=117297"}],"curies":[{"name":"wp","href":"https:\/\/api.w.org\/{rel}","templated":true}]}}