{"id":117280,"date":"2024-11-23T20:00:00","date_gmt":"2024-11-23T20:00:00","guid":{"rendered":"https:\/\/www.primor.eu\/blog\/?p=117280"},"modified":"2025-12-15T17:45:08","modified_gmt":"2025-12-15T17:45:08","slug":"mejores-peinados-invitada-boda-invierno","status":"publish","type":"post","link":"https:\/\/www.primor.eu\/blog\/mejores-peinados-invitada-boda-invierno\/","title":{"rendered":"Si vas a una boda en invierno, estos son los 6 mejores peinados de invitada que puedes hacerte"},"content":{"rendered":"\n<p>Los <strong>peinados de invitada<\/strong> para una <strong><a href=\"https:\/\/www.primor.eu\/blog\/peinados-invitada-boda\/?srsltid=AfmBOooiRqtjvCYnscuFQwWkI-Of0RM_NyPLpSSWrDwR1f1Q6POzGV88\" data-type=\"link\" data-id=\"https:\/\/www.primor.eu\/blog\/peinados-invitada-boda\/?srsltid=AfmBOooiRqtjvCYnscuFQwWkI-Of0RM_NyPLpSSWrDwR1f1Q6POzGV88\">boda<\/a> en invierno<\/strong> son algo diferentes de los que se suelen elegir en una boda de verano. En primer lugar, porque el atuendo que llevamos en verano no tiene nada que ver con los trajes y vestidos que se llevan en invierno. En segundo lugar, porque el look que se elige para una boda de verano suele ser mucho m\u00e1s alegre y colorido.<\/p>\n\n\n\n<p>En las bodas de invierno los<strong> colores <\/strong>que se eligen son <strong>m\u00e1s oscuros<\/strong>. Adem\u00e1s, los <strong>vestidos <\/strong>o trajes suelen ser de <strong>manga larga<\/strong>. Esto hace que necesitemos que los p<a href=\"https:\/\/www.primor.eu\/es_es\/secadores-de-pelo-profesionales\" data-type=\"link\" data-id=\"https:\/\/www.primor.eu\/es_es\/secadores-de-pelo-profesionales\">einados <\/a>de invitada para una boda en invierno, sean diferentes a los que llevar\u00edamos en \u00e9pocas m\u00e1s calurosas.\u00a0<\/p>\n\n\n\n<h2 class=\"wp-block-heading\">Los mejores looks para una boda de invierno<\/h2>\n\n\n\n<p>Los mejores <a href=\"https:\/\/www.primor.eu\/es_es\/planchas-de-pelo-profesionales\" data-type=\"link\" data-id=\"https:\/\/www.primor.eu\/es_es\/planchas-de-pelo-profesionales\">peinados<\/a> para una boda en esta estaci\u00f3n, dependen de los looks que escojas ese d\u00eda. Como hemos dicho, a nivel de protocolo tanto los colores como los estilos que se escogen para una boda de invierno, son distintos a los que escogemos en verano. Estas son algunas sugerencias para looks que puedes escoger en esta \u00e9poca del a\u00f1o. Van acorde a los peinados que te sugerimos luego.<\/p>\n\n\n\n<p>En invierno se pueden escoger<strong> looks vintage<\/strong>, porque dentro de este estilo hay vestidos de manga larga de materiales y tejidos como el <strong>terciopelo<\/strong>, que adem\u00e1s de abrigar m\u00e1s, son elegantes. <\/p>\n\n\n\n<p>Los <strong>looks griegos<\/strong> tambi\u00e9n son perfectos para el invierno. Lo son porque nos brindan esos preciosos vestidos de manga m\u00e1s larga y m\u00e1s cubiertos que tienen por ejemplo, una manga s\u00ed y otra no. <\/p>\n\n\n\n<h2 class=\"wp-block-heading\">Los mejores peinados de invitada para una boda en invierno<\/h2>\n\n\n\n<p>Sin mucha m\u00e1s dilaci\u00f3n, vamos a ver cu\u00e1les son los peinados de invitada para una boda en invierno. En la lista hay sitio para peinados sencillos y cl\u00e1sicos de toda la vida. Para mo\u00f1os altos y bajos. Para una <strong>melena suelta <\/strong>y bien peinada. Para <strong>medios recogidos<\/strong>. Es decir, un estilo para cada mujer o para cada look.&nbsp;<\/p>\n\n\n\n<h3 class=\"wp-block-heading\">Medio recogido estilo griego<\/h3>\n\n\n\n<figure class=\"wp-block-image size-large is-resized\"><img decoding=\"async\" width=\"1024\" height=\"1024\" src=\"https:\/\/www.primor.eu\/blog\/wp-content\/uploads\/2024\/11\/1-4-1024x1024.jpg\" alt=\"\" class=\"wp-image-117290\" style=\"width:708px;height:auto\" srcset=\"https:\/\/www.primor.eu\/blog\/wp-content\/uploads\/2024\/11\/1-4-1024x1024.jpg 1024w, https:\/\/www.primor.eu\/blog\/wp-content\/uploads\/2024\/11\/1-4-300x300.jpg 300w, https:\/\/www.primor.eu\/blog\/wp-content\/uploads\/2024\/11\/1-4-150x150.jpg 150w, https:\/\/www.primor.eu\/blog\/wp-content\/uploads\/2024\/11\/1-4-768x767.jpg 768w, https:\/\/www.primor.eu\/blog\/wp-content\/uploads\/2024\/11\/1-4-75x75.jpg 75w, https:\/\/www.primor.eu\/blog\/wp-content\/uploads\/2024\/11\/1-4-350x350.jpg 350w, https:\/\/www.primor.eu\/blog\/wp-content\/uploads\/2024\/11\/1-4-750x749.jpg 750w, https:\/\/www.primor.eu\/blog\/wp-content\/uploads\/2024\/11\/1-4.jpg 1081w\" sizes=\"(max-width: 1024px) 100vw, 1024px\" \/><\/figure>\n\n\n\n<p>Fuente Instagram: @peluquerianoeliacarro<\/p>\n\n\n\n<p>Este medio recogido estilo griego es perfecto si llevas un vestido de ese mismo estilo o si, por ejemplo, llevas un vestido de manga larga con los hombros al aire. Tambi\u00e9n es perfecto si tu traje es uno de esos que lleva una manga larga y una descubierta o de tirante. En definitiva, un peinado sencillo, elegante y desenfadado que se sale de los cl\u00e1sicos mo\u00f1os.<\/p>\n\n\n\n<h3 class=\"wp-block-heading\">Mo\u00f1o alto<\/h3>\n\n\n\n<figure class=\"wp-block-image size-full is-resized\"><img decoding=\"async\" width=\"994\" height=\"993\" src=\"https:\/\/www.primor.eu\/blog\/wp-content\/uploads\/2024\/11\/2-4.jpg\" alt=\"\" class=\"wp-image-117291\" style=\"width:706px;height:auto\" srcset=\"https:\/\/www.primor.eu\/blog\/wp-content\/uploads\/2024\/11\/2-4.jpg 994w, https:\/\/www.primor.eu\/blog\/wp-content\/uploads\/2024\/11\/2-4-300x300.jpg 300w, https:\/\/www.primor.eu\/blog\/wp-content\/uploads\/2024\/11\/2-4-150x150.jpg 150w, https:\/\/www.primor.eu\/blog\/wp-content\/uploads\/2024\/11\/2-4-768x767.jpg 768w, https:\/\/www.primor.eu\/blog\/wp-content\/uploads\/2024\/11\/2-4-75x75.jpg 75w, https:\/\/www.primor.eu\/blog\/wp-content\/uploads\/2024\/11\/2-4-350x350.jpg 350w, https:\/\/www.primor.eu\/blog\/wp-content\/uploads\/2024\/11\/2-4-750x749.jpg 750w\" sizes=\"(max-width: 994px) 100vw, 994px\" \/><\/figure>\n\n\n\n<p>Fuente Instagram: @edna.hairstylist<\/p>\n\n\n\n<p>Y hablando de cl\u00e1sicos, aqu\u00ed tenemos uno de esos mo\u00f1os altos con los que es dif\u00edcil equivocarse. Este en concreto tiene un toque informal y queda muy bien con vestidos o trajes en los que se quiera lucir el cuello o joyas como un collar o unos pendientes bonitos. Cuando se lleva el pelo suelto o un medio recogido estos detalles pasan desapercibidos.&nbsp;<\/p>\n\n\n\n<h3 class=\"wp-block-heading\">Melena suelta ondulada<\/h3>\n\n\n\n<figure class=\"wp-block-image size-large is-resized\"><img decoding=\"async\" width=\"1024\" height=\"1022\" src=\"https:\/\/www.primor.eu\/blog\/wp-content\/uploads\/2024\/11\/3-5-1024x1022.jpg\" alt=\"\" class=\"wp-image-117292\" style=\"width:709px;height:auto\" srcset=\"https:\/\/www.primor.eu\/blog\/wp-content\/uploads\/2024\/11\/3-5-1024x1022.jpg 1024w, https:\/\/www.primor.eu\/blog\/wp-content\/uploads\/2024\/11\/3-5-300x300.jpg 300w, https:\/\/www.primor.eu\/blog\/wp-content\/uploads\/2024\/11\/3-5-150x150.jpg 150w, https:\/\/www.primor.eu\/blog\/wp-content\/uploads\/2024\/11\/3-5-768x767.jpg 768w, https:\/\/www.primor.eu\/blog\/wp-content\/uploads\/2024\/11\/3-5-75x75.jpg 75w, https:\/\/www.primor.eu\/blog\/wp-content\/uploads\/2024\/11\/3-5-350x350.jpg 350w, https:\/\/www.primor.eu\/blog\/wp-content\/uploads\/2024\/11\/3-5-750x749.jpg 750w, https:\/\/www.primor.eu\/blog\/wp-content\/uploads\/2024\/11\/3-5.jpg 1081w\" sizes=\"(max-width: 1024px) 100vw, 1024px\" \/><\/figure>\n\n\n\n<p>Fuente Instagram: @ascensaints_maquillaje<\/p>\n\n\n\n<p>Si eres de las que adoras tu melena y pase lo que pase prefieres llevar siempre el pelo suelto, esta opci\u00f3n de peinar tu melena con ondas o bucles gruesos, tambi\u00e9n es muy v\u00e1lida. Incluso si lo prefieres puedes llevar el pelo liso y suelto. No obstante, esta melena ondulada tiene cuerpo y puede ser perfecta para lucirla con alg\u00fan vestido sencillo o con un look cl\u00e1sico.&nbsp;<\/p>\n\n\n\n<h3 class=\"wp-block-heading\">Medio recogido con trenzas y ondas<\/h3>\n\n\n\n<figure class=\"wp-block-image size-large is-resized\"><img decoding=\"async\" width=\"820\" height=\"1024\" src=\"https:\/\/www.primor.eu\/blog\/wp-content\/uploads\/2024\/11\/4-5-820x1024.jpg\" alt=\"\" class=\"wp-image-117293\" style=\"width:710px;height:auto\" srcset=\"https:\/\/www.primor.eu\/blog\/wp-content\/uploads\/2024\/11\/4-5-820x1024.jpg 820w, https:\/\/www.primor.eu\/blog\/wp-content\/uploads\/2024\/11\/4-5-240x300.jpg 240w, https:\/\/www.primor.eu\/blog\/wp-content\/uploads\/2024\/11\/4-5-768x959.jpg 768w, https:\/\/www.primor.eu\/blog\/wp-content\/uploads\/2024\/11\/4-5-750x936.jpg 750w, https:\/\/www.primor.eu\/blog\/wp-content\/uploads\/2024\/11\/4-5.jpg 901w\" sizes=\"(max-width: 820px) 100vw, 820px\" \/><\/figure>\n\n\n\n<p>Fuente Instagram: @sanbel_peluqueria<\/p>\n\n\n\n<p>Parecido al medio recogido con un toque griego que vimos antes, pero con diferencias notables, est\u00e1 este que lleva m\u00e1s trenzas que el otro y el pelo peinado con ondas. Tambi\u00e9n es genial para lucirlo con hombros al aire o con un buen escote, si prefieres llevar algo de pelo suelto y no lanzarte directamente a un mo\u00f1o o una cola alta.<\/p>\n\n\n\n<h3 class=\"wp-block-heading\">Mo\u00f1o bajo<\/h3>\n\n\n\n<figure class=\"wp-block-image size-large is-resized\"><img decoding=\"async\" width=\"820\" height=\"1024\" src=\"https:\/\/www.primor.eu\/blog\/wp-content\/uploads\/2024\/11\/5-4-820x1024.jpg\" alt=\"\" class=\"wp-image-117294\" style=\"width:714px;height:auto\" srcset=\"https:\/\/www.primor.eu\/blog\/wp-content\/uploads\/2024\/11\/5-4-820x1024.jpg 820w, https:\/\/www.primor.eu\/blog\/wp-content\/uploads\/2024\/11\/5-4-240x300.jpg 240w, https:\/\/www.primor.eu\/blog\/wp-content\/uploads\/2024\/11\/5-4-768x959.jpg 768w, https:\/\/www.primor.eu\/blog\/wp-content\/uploads\/2024\/11\/5-4-750x937.jpg 750w, https:\/\/www.primor.eu\/blog\/wp-content\/uploads\/2024\/11\/5-4.jpg 1081w\" sizes=\"(max-width: 820px) 100vw, 820px\" \/><\/figure>\n\n\n\n<p>Fuente Instagram: @faceartandmicro<\/p>\n\n\n\n<p>Uno de los peinados de invitada para una boda en invierno m\u00e1s elegantes que puedes escoger es este mo\u00f1o bajo. Los mo\u00f1os bajos tienen un aire retro que no puede fallar en una celebraci\u00f3n como esta. Con unos labios rojos y un maquillaje de ojos sencillo e imperceptible, necesitas poco m\u00e1s para estar deslumbrante. De hecho, esta opci\u00f3n puede ser genial si vas a optar por un look retro o si has elegido un traje en lugar de un vestido.<\/p>\n\n\n\n<h3 class=\"wp-block-heading\">Coleta alta con mechones sueltos<\/h3>\n\n\n\n<figure class=\"wp-block-image size-full\"><img decoding=\"async\" width=\"720\" height=\"898\" src=\"https:\/\/www.primor.eu\/blog\/wp-content\/uploads\/2024\/11\/6-1.jpg\" alt=\"\" class=\"wp-image-117295\" srcset=\"https:\/\/www.primor.eu\/blog\/wp-content\/uploads\/2024\/11\/6-1.jpg 720w, https:\/\/www.primor.eu\/blog\/wp-content\/uploads\/2024\/11\/6-1-241x300.jpg 241w\" sizes=\"(max-width: 720px) 100vw, 720px\" \/><\/figure>\n\n\n\n<p>Fuente Instagram: @complexionsalon<\/p>\n\n\n\n<p>\u00bfQui\u00e9n dijo que una coleta alta es solo para el gym? Sobre todo si tu atuendo llama demasiado la atenci\u00f3n o vas muy vestida, una coleta como esta puede equilibrarlo y darle un toque de sencillez a la vez que mantiene la elegancia.&nbsp;<\/p>\n\n\n\n<h2 class=\"wp-block-heading\">Dos productos para tus peinados de invitada a una boda de invierno<\/h2>\n\n\n\n<h3 class=\"wp-block-heading\">Gold Styler Plancha de Pelo de GHD<\/h3>\n\n\n\n<p>En solo 25 segundos est\u00e1 lista para su uso. Con dise\u00f1o elegante y barril suave y redondeado, que garantiza un deslizamiento \u00f3ptimo sin tirones. Gracias a su voltaje universal podr\u00e1s utilizarla en cualquier parte del mundo y su protector de placas termorresistente te permitir\u00e1 transportarla sin preocuparte por el calor. Para una comodidad y seguridad extras incorpora un sistema de apagado autom\u00e1tico tras 30 minutos en desuso.<\/p>\n\n\n    <a class='product' target='_blank' href='https:\/\/www.primor.eu\/es_es\/ghd-gold-styler-plancha-de-pelo-2055.html'>\r\n        <img loading='async' src='https:\/\/cdn2.primor.eu\/media\/catalog\/product\/cache\/8d3aba296f7a18b5251ee30fa5db42b2\/6\/V\/6VA17405_1_faee.jpg' alt='COMPRAR AHORA'>\r\n            <div class=\"claim\">\r\n                COMPRAR AHORA            <\/div>\r\n        <\/a>\r\n    \n\n\n<h3 class=\"wp-block-heading\">Cepillo &amp; Moldeador GH20 8 en 1 de Bellissima<\/h3>\n\n\n\n<p>Gracias a su revestimiento en cer\u00e1mica y queratina, el Cepillo &amp; Moldeador GH20 8 en 1 ayuda a proteger la fibra capilar durante el uso. La tecnolog\u00eda de iones desarrollada por BELLISSIMA contribuye a mantener la hidrataci\u00f3n del cabello y a reducir el frizz mientras se trabaja el peinado. Esta combinaci\u00f3n convierte al Cepillo &amp; Moldeador GH20 8 en 1 en una opci\u00f3n pr\u00e1ctica para un secado m\u00e1s controlado.<\/p>\n\n\n    <a class='product' target='_blank' href='https:\/\/www.primor.eu\/es_es\/bellissima-cepillo-moldeador-gh20-8-en-1-72422.html'>\r\n        <img loading='async' src='https:\/\/cdn2.primor.eu\/media\/catalog\/product\/cache\/8d3aba296f7a18b5251ee30fa5db42b2\/6\/V\/6VA34080_1_33c4.jpg' alt='COMPRAR AHORA'>\r\n            <div class=\"claim\">\r\n                COMPRAR AHORA            <\/div>\r\n        <\/a>\r\n    \n\n<div class=\"kk-star-ratings kksr-auto kksr-align-center kksr-valign-bottom\"\n    data-payload='{&quot;align&quot;:&quot;center&quot;,&quot;id&quot;:&quot;117280&quot;,&quot;slug&quot;:&quot;default&quot;,&quot;valign&quot;:&quot;bottom&quot;,&quot;ignore&quot;:&quot;&quot;,&quot;reference&quot;:&quot;auto&quot;,&quot;class&quot;:&quot;&quot;,&quot;count&quot;:&quot;0&quot;,&quot;legendonly&quot;:&quot;&quot;,&quot;readonly&quot;:&quot;&quot;,&quot;score&quot;:&quot;0&quot;,&quot;starsonly&quot;:&quot;&quot;,&quot;best&quot;:&quot;5&quot;,&quot;gap&quot;:&quot;5&quot;,&quot;greet&quot;:&quot;Valora este art\u00edculo&quot;,&quot;legend&quot;:&quot;0\\\/5 - (0 votos)&quot;,&quot;size&quot;:&quot;24&quot;,&quot;title&quot;:&quot;Si vas a una boda en invierno, estos son los 6 mejores peinados de invitada que puedes hacerte&quot;,&quot;width&quot;:&quot;0&quot;,&quot;_legend&quot;:&quot;{score}\\\/{best} - ({count} {votes})&quot;,&quot;font_factor&quot;:&quot;1.25&quot;}'>\n            \n<div class=\"kksr-stars\">\n    \n<div class=\"kksr-stars-inactive\">\n            <div class=\"kksr-star\" data-star=\"1\" style=\"padding-right: 5px\">\n            \n\n<div class=\"kksr-icon\" style=\"width: 24px; height: 24px;\"><\/div>\n        <\/div>\n            <div class=\"kksr-star\" data-star=\"2\" style=\"padding-right: 5px\">\n            \n\n<div class=\"kksr-icon\" style=\"width: 24px; height: 24px;\"><\/div>\n        <\/div>\n            <div class=\"kksr-star\" data-star=\"3\" style=\"padding-right: 5px\">\n            \n\n<div class=\"kksr-icon\" style=\"width: 24px; height: 24px;\"><\/div>\n        <\/div>\n            <div class=\"kksr-star\" data-star=\"4\" style=\"padding-right: 5px\">\n            \n\n<div class=\"kksr-icon\" style=\"width: 24px; height: 24px;\"><\/div>\n        <\/div>\n            <div class=\"kksr-star\" data-star=\"5\" style=\"padding-right: 5px\">\n            \n\n<div class=\"kksr-icon\" style=\"width: 24px; height: 24px;\"><\/div>\n        <\/div>\n    <\/div>\n    \n<div class=\"kksr-stars-active\" style=\"width: 0px;\">\n            <div class=\"kksr-star\" style=\"padding-right: 5px\">\n            \n\n<div class=\"kksr-icon\" style=\"width: 24px; height: 24px;\"><\/div>\n        <\/div>\n            <div class=\"kksr-star\" style=\"padding-right: 5px\">\n            \n\n<div class=\"kksr-icon\" style=\"width: 24px; height: 24px;\"><\/div>\n        <\/div>\n            <div class=\"kksr-star\" style=\"padding-right: 5px\">\n            \n\n<div class=\"kksr-icon\" style=\"width: 24px; height: 24px;\"><\/div>\n        <\/div>\n            <div class=\"kksr-star\" style=\"padding-right: 5px\">\n            \n\n<div class=\"kksr-icon\" style=\"width: 24px; height: 24px;\"><\/div>\n        <\/div>\n            <div class=\"kksr-star\" style=\"padding-right: 5px\">\n            \n\n<div class=\"kksr-icon\" style=\"width: 24px; height: 24px;\"><\/div>\n        <\/div>\n    <\/div>\n<\/div>\n                \n\n<div class=\"kksr-legend\" style=\"font-size: 19.2px;\">\n            <span class=\"kksr-muted\">Valora este art\u00edculo<\/span>\n    <\/div>\n    <\/div>\n","protected":false},"excerpt":{"rendered":"<p>Los peinados de invitada para una boda en invierno son algo diferentes de los que se suelen elegir en una boda de verano. En primer lugar, porque el atuendo que llevamos en verano no tiene nada que ver con los trajes y vestidos que se llevan en invierno. En segundo lugar, porque el look que [&hellip;]<\/p>\n","protected":false},"author":30,"featured_media":117287,"comment_status":"closed","ping_status":"closed","sticky":false,"template":"","format":"standard","meta":{"jnews-multi-image_gallery":[],"jnews_single_post":{"format":"standard"},"jnews_primary_category":[],"jnews_social_meta":[],"jnews_override_counter":[],"footnotes":""},"categories":[35],"tags":[],"class_list":["post-117280","post","type-post","status-publish","format-standard","has-post-thumbnail","hentry","category-cabello"],"_links":{"self":[{"href":"https:\/\/www.primor.eu\/blog\/wp-json\/wp\/v2\/posts\/117280","targetHints":{"allow":["GET"]}}],"collection":[{"href":"https:\/\/www.primor.eu\/blog\/wp-json\/wp\/v2\/posts"}],"about":[{"href":"https:\/\/www.primor.eu\/blog\/wp-json\/wp\/v2\/types\/post"}],"author":[{"embeddable":true,"href":"https:\/\/www.primor.eu\/blog\/wp-json\/wp\/v2\/users\/30"}],"replies":[{"embeddable":true,"href":"https:\/\/www.primor.eu\/blog\/wp-json\/wp\/v2\/comments?post=117280"}],"version-history":[{"count":5,"href":"https:\/\/www.primor.eu\/blog\/wp-json\/wp\/v2\/posts\/117280\/revisions"}],"predecessor-version":[{"id":136288,"href":"https:\/\/www.primor.eu\/blog\/wp-json\/wp\/v2\/posts\/117280\/revisions\/136288"}],"wp:featuredmedia":[{"embeddable":true,"href":"https:\/\/www.primor.eu\/blog\/wp-json\/wp\/v2\/media\/117287"}],"wp:attachment":[{"href":"https:\/\/www.primor.eu\/blog\/wp-json\/wp\/v2\/media?parent=117280"}],"wp:term":[{"taxonomy":"category","embeddable":true,"href":"https:\/\/www.primor.eu\/blog\/wp-json\/wp\/v2\/categories?post=117280"},{"taxonomy":"post_tag","embeddable":true,"href":"https:\/\/www.primor.eu\/blog\/wp-json\/wp\/v2\/tags?post=117280"}],"curies":[{"name":"wp","href":"https:\/\/api.w.org\/{rel}","templated":true}]}}