{"id":117251,"date":"2024-11-23T17:00:00","date_gmt":"2024-11-23T17:00:00","guid":{"rendered":"https:\/\/www.primor.eu\/blog\/?p=117251"},"modified":"2026-01-29T08:50:34","modified_gmt":"2026-01-29T08:50:34","slug":"mejores-tendencias-maquillaje-invierno","status":"publish","type":"post","link":"https:\/\/www.primor.eu\/blog\/mejores-tendencias-maquillaje-invierno\/","title":{"rendered":"Los maquillajes que van a ser tendencia durante el invierno de 2026-2026"},"content":{"rendered":"\n<p>El <strong>maquillaje de invierno<\/strong> que va a ser<a href=\"https:\/\/www.primor.eu\/blog\/tendencias-unas\/?srsltid=AfmBOopbkrl1ta5U4sAolHuqNoh_2UgjRH3tniwy4GO0TQIjuNiqNP05\" data-type=\"link\" data-id=\"https:\/\/www.primor.eu\/blog\/tendencias-unas\/?srsltid=AfmBOopbkrl1ta5U4sAolHuqNoh_2UgjRH3tniwy4GO0TQIjuNiqNP05\"> <strong>tendencia<\/strong><\/a><strong> <\/strong>esta<strong> temporada<\/strong> y que, muchas van a elegir para las diferentes celebraciones que se avecinan con la llegada de la Navidad, tiene muchas caras. Al igual que las mujeres tenemos tambi\u00e9n muchas caras. Lo que podemos adelantar es que habr\u00e1 espacio tanto para los maquillajes naturales, como para quienes prefieran lucir maquillajes llamativos en estas fiestas y durante el resto del invierno.<\/p>\n\n\n\n<p>Obviamente el maquillaje de invierno es <strong>diferente al de verano<\/strong>. El verano y la primavera admiten colores m\u00e1s vivos, claros y llamativos. Otra luminosidad en el rostros, tambi\u00e9n porque nos ponemos morenas. Sin embargo, el <a href=\"https:\/\/www.primor.eu\/es_es\/sombras-de-ojos-lujo\" data-type=\"link\" data-id=\"https:\/\/www.primor.eu\/es_es\/sombras-de-ojos-lujo\">maquillaje<\/a> de invierno se adapta m\u00e1s al tono de nuestra piel en esta \u00e9poca del a\u00f1o y, tambi\u00e9n, a los colores con los que solemos vestir.\u00a0<\/p>\n\n\n\n<h2 class=\"wp-block-heading\">Maquillaje de invierno: las mejores tendencias<\/h2>\n\n\n\n<p>Como hemos dicho, vamos a hacer un repaso por las mejores tendencias que marcan el maquillaje de invierno 2025-2026. Hay maquillajes que son mejor <strong>para el d\u00eda <\/strong>o para quienes prefieren no <a href=\"https:\/\/www.primor.eu\/es_es\/eyeliners-y-lapices-de-ojos-lujo\" data-type=\"link\" data-id=\"https:\/\/www.primor.eu\/es_es\/eyeliners-y-lapices-de-ojos-lujo\">maquillarse<\/a> mucho. Otros, son para las reinas de la <strong>noche<\/strong> o para aquellas a las que les gusta definir sus rasgos.\u00a0<\/p>\n\n\n\n<h3 class=\"wp-block-heading\">Natural<\/h3>\n\n\n\n<figure class=\"wp-block-image size-large is-resized\"><img decoding=\"async\" width=\"1024\" height=\"1024\" src=\"https:\/\/www.primor.eu\/blog\/wp-content\/uploads\/2024\/11\/1-3-1024x1024.jpg\" alt=\"\" class=\"wp-image-117259\" style=\"width:822px;height:auto\" srcset=\"https:\/\/www.primor.eu\/blog\/wp-content\/uploads\/2024\/11\/1-3-1024x1024.jpg 1024w, https:\/\/www.primor.eu\/blog\/wp-content\/uploads\/2024\/11\/1-3-300x300.jpg 300w, https:\/\/www.primor.eu\/blog\/wp-content\/uploads\/2024\/11\/1-3-150x150.jpg 150w, https:\/\/www.primor.eu\/blog\/wp-content\/uploads\/2024\/11\/1-3-768x768.jpg 768w, https:\/\/www.primor.eu\/blog\/wp-content\/uploads\/2024\/11\/1-3-75x75.jpg 75w, https:\/\/www.primor.eu\/blog\/wp-content\/uploads\/2024\/11\/1-3-350x350.jpg 350w, https:\/\/www.primor.eu\/blog\/wp-content\/uploads\/2024\/11\/1-3-750x750.jpg 750w, https:\/\/www.primor.eu\/blog\/wp-content\/uploads\/2024\/11\/1-3.jpg 1080w\" sizes=\"(max-width: 1024px) 100vw, 1024px\" \/><\/figure>\n\n\n\n<p>Fuente Instagram: @niniayora_makeupartist<\/p>\n\n\n\n<p>Un maquillaje natural como este es perfecto si tienes un evento de d\u00eda. Pero tambi\u00e9n lo es si no quieres destacar los rasgos demasiado y lo que buscas es resaltar tu belleza natural sin que se note. Y es que los clean looks y maquillajes naturales cada vez son m\u00e1s tendencia. Parece que el look casual y las tendencias de belleza naturales, van gan\u00e1ndole terreno a aquellos maquillajes coloridos y llenos de brillo que alguna vez, por los a\u00f1os 80, fueron tendencia y un <em>must<\/em> absoluto.&nbsp;<\/p>\n\n\n\n<h3 class=\"wp-block-heading\">Ojos y labios destacados con contraste<\/h3>\n\n\n\n<figure class=\"wp-block-image size-large is-resized\"><img decoding=\"async\" width=\"1024\" height=\"1024\" src=\"https:\/\/www.primor.eu\/blog\/wp-content\/uploads\/2024\/11\/2-3-1024x1024.jpg\" alt=\"\" class=\"wp-image-117260\" style=\"width:819px;height:auto\" srcset=\"https:\/\/www.primor.eu\/blog\/wp-content\/uploads\/2024\/11\/2-3-1024x1024.jpg 1024w, https:\/\/www.primor.eu\/blog\/wp-content\/uploads\/2024\/11\/2-3-300x300.jpg 300w, https:\/\/www.primor.eu\/blog\/wp-content\/uploads\/2024\/11\/2-3-150x150.jpg 150w, https:\/\/www.primor.eu\/blog\/wp-content\/uploads\/2024\/11\/2-3-768x768.jpg 768w, https:\/\/www.primor.eu\/blog\/wp-content\/uploads\/2024\/11\/2-3-75x75.jpg 75w, https:\/\/www.primor.eu\/blog\/wp-content\/uploads\/2024\/11\/2-3-350x350.jpg 350w, https:\/\/www.primor.eu\/blog\/wp-content\/uploads\/2024\/11\/2-3-750x750.jpg 750w, https:\/\/www.primor.eu\/blog\/wp-content\/uploads\/2024\/11\/2-3.jpg 1080w\" sizes=\"(max-width: 1024px) 100vw, 1024px\" \/><\/figure>\n\n\n\n<p>Fuente Instagram: @haquet_makeup<\/p>\n\n\n\n<p>No obstante y, sobre todo para los looks festivos o las fiestas navide\u00f1as, hay quienes prefieren destacar sus ojos y tambi\u00e9n sus labios. Y es el momento perfecto para hacerlo. Los maquillajes de noche aceptan totalmente tonos como estos. Pero es m\u00e1s, el maquillaje de invierno siempre ha tenido dentro de su paleta colores como estos. Oscuros y con un juego de grises en los ojos y unos labios rojos de todo menos sencillos, \u00a1perfecto si eres toda una diva!<\/p>\n\n\n\n<h3 class=\"wp-block-heading\">Labios cremosos nude<\/h3>\n\n\n\n<figure class=\"wp-block-image size-large is-resized\"><img decoding=\"async\" width=\"1024\" height=\"1024\" src=\"https:\/\/www.primor.eu\/blog\/wp-content\/uploads\/2024\/11\/3-4-1024x1024.jpg\" alt=\"\" class=\"wp-image-117261\" style=\"width:820px;height:auto\" srcset=\"https:\/\/www.primor.eu\/blog\/wp-content\/uploads\/2024\/11\/3-4-1024x1024.jpg 1024w, https:\/\/www.primor.eu\/blog\/wp-content\/uploads\/2024\/11\/3-4-300x300.jpg 300w, https:\/\/www.primor.eu\/blog\/wp-content\/uploads\/2024\/11\/3-4-150x150.jpg 150w, https:\/\/www.primor.eu\/blog\/wp-content\/uploads\/2024\/11\/3-4-768x768.jpg 768w, https:\/\/www.primor.eu\/blog\/wp-content\/uploads\/2024\/11\/3-4-75x75.jpg 75w, https:\/\/www.primor.eu\/blog\/wp-content\/uploads\/2024\/11\/3-4-350x350.jpg 350w, https:\/\/www.primor.eu\/blog\/wp-content\/uploads\/2024\/11\/3-4-750x750.jpg 750w, https:\/\/www.primor.eu\/blog\/wp-content\/uploads\/2024\/11\/3-4.jpg 1080w\" sizes=\"(max-width: 1024px) 100vw, 1024px\" \/><\/figure>\n\n\n\n<p>Fuente Instagram: @karinapelayo_maquillaje<\/p>\n\n\n\n<p>Est\u00e1 claro que los labios rojos son un cl\u00e1sico. Sin embargo, los labios cremosos y en tonos claros y nude como estos, son tendencia en maquillaje de invierno este a\u00f1o. Sobre todo cuando se destacan los ojos en casos como este, estos labios quedan genial y le dan al maquillaje un toque de suavidad.<\/p>\n\n\n\n<h3 class=\"wp-block-heading\">Sombras de ojos stick<\/h3>\n\n\n\n<figure class=\"wp-block-image size-large\"><img decoding=\"async\" width=\"819\" height=\"1024\" src=\"https:\/\/www.primor.eu\/blog\/wp-content\/uploads\/2024\/11\/4-4-819x1024.jpg\" alt=\"\" class=\"wp-image-117262\" srcset=\"https:\/\/www.primor.eu\/blog\/wp-content\/uploads\/2024\/11\/4-4-819x1024.jpg 819w, https:\/\/www.primor.eu\/blog\/wp-content\/uploads\/2024\/11\/4-4-240x300.jpg 240w, https:\/\/www.primor.eu\/blog\/wp-content\/uploads\/2024\/11\/4-4-768x960.jpg 768w, https:\/\/www.primor.eu\/blog\/wp-content\/uploads\/2024\/11\/4-4-750x938.jpg 750w, https:\/\/www.primor.eu\/blog\/wp-content\/uploads\/2024\/11\/4-4.jpg 1080w\" sizes=\"(max-width: 819px) 100vw, 819px\" \/><\/figure>\n\n\n\n<p>Fuente Instagram: @marjoriesandinoo<\/p>\n\n\n\n<p>Las sombras de ojos en stick tienen varias ventajas para aquellas que las eligen. Cada vez se usan m\u00e1s, por lo que son protagonistas en las tendencias para maquillaje de invierno este a\u00f1o. La primera e indiscutible ventaja que tienen es que se usan de forma sencilla y nos hacen el momento de maquillarnos mucho m\u00e1s r\u00e1pido y \u00e1gil. Hoy en d\u00eda no paramos, as\u00ed que eso es perfecto para muchas.&nbsp;<\/p>\n\n\n\n<p>La otra ventaja es que el aspecto que dejan en nuestros p\u00e1rpados es cremoso y con un toque de brillo. Para aquellas que prefieran este acabado es genial y, para las que no o hayan probado, \u00a1tambi\u00e9n es bueno cambiar!<\/p>\n\n\n\n<h3 class=\"wp-block-heading\">Labios y ojos del mismo color (producto multifunci\u00f3n)<\/h3>\n\n\n\n<figure class=\"wp-block-image size-large\"><img decoding=\"async\" width=\"819\" height=\"1024\" src=\"https:\/\/www.primor.eu\/blog\/wp-content\/uploads\/2024\/11\/5-3-819x1024.jpg\" alt=\"\" class=\"wp-image-117264\" srcset=\"https:\/\/www.primor.eu\/blog\/wp-content\/uploads\/2024\/11\/5-3-819x1024.jpg 819w, https:\/\/www.primor.eu\/blog\/wp-content\/uploads\/2024\/11\/5-3-240x300.jpg 240w, https:\/\/www.primor.eu\/blog\/wp-content\/uploads\/2024\/11\/5-3-768x960.jpg 768w, https:\/\/www.primor.eu\/blog\/wp-content\/uploads\/2024\/11\/5-3-750x938.jpg 750w, https:\/\/www.primor.eu\/blog\/wp-content\/uploads\/2024\/11\/5-3.jpg 1080w\" sizes=\"(max-width: 819px) 100vw, 819px\" \/><\/figure>\n\n\n\n<p>Fuente Instagram: @meli.figarola<\/p>\n\n\n\n<p>Otra de las tendencias para el maquillaje de invierno de este a\u00f1o es llevar los labios y los ojos del mismo color o de tonos muy similares. Esto se consigue bien con productos multifunci\u00f3n, que tambi\u00e9n nos ahorran tiempo y dinero.<\/p>\n\n\n\n<h2 class=\"wp-block-heading\">Productos de maquillaje para invierno<\/h2>\n\n\n\n<h3 class=\"wp-block-heading\">Quad Eyeshadow Paleta de sombra de ojos de Nars<\/h3>\n\n\n\n<p>Ofrece una selecci\u00f3n de tonos dise\u00f1ada para crear una experiencia vers\u00e1til en la mirada. La marca NARS presenta Quad Eyeshadow en una composici\u00f3n que combina rosa, topo, azul gris\u00e1ceo y marr\u00f3n, con una aplicaci\u00f3n uniforme gracias a su sistema de uni\u00f3n l\u00edquida. La propuesta de NARS permite trabajar cada tono de Quad Eyeshadow de forma precisa, manteniendo una estructura crom\u00e1tica pensada para diversos estilos.<\/p>\n\n\n    <a class='product' target='_blank' href='https:\/\/www.primor.eu\/es_es\/nars-quad-eyeshadow-paleta-de-sombra-de-ojos-127551.html?#803=56887'>\r\n        <img loading='async' src='https:\/\/cdn2.primor.eu\/media\/catalog\/product\/cache\/8d3aba296f7a18b5251ee30fa5db42b2\/1\/9\/194251151106_1_a3a5.jpg' alt='COMPRAR AHORA'>\r\n            <div class=\"claim\">\r\n                COMPRAR AHORA            <\/div>\r\n        <\/a>\r\n    \n\n\n<h3 class=\"wp-block-heading\">Stylo Eyeliner Waterproof - Duraci\u00f3n 24 h - Color intenso de Dior<\/h3>\n\n\n\n<p>El eyeliner con duraci\u00f3n 24 horas* de la Maison. Un l\u00e1piz de ojos waterproof que realza la mirada con colores intensos en una textura cremosa y con una aplicaci\u00f3n confortable, ideales para crear el emblem\u00e1tico \"smoky eyes\" de Dior. Desde la primera pasada, Diorshow Stylo viste la mirada con un tono altamente pigmentado que permanece en su sitio todo el d\u00eda.<\/p>\n\n\n\n<p>Est\u00e1 disponible en una selecci\u00f3n de tonalidades inspiradas en las colecciones Dior, en 2 acabados seg\u00fan el color elegido: mate o nacarado. Un indispensable del maquillaje Dior f\u00e1cil de usar que incluye una mina retr\u00e1ctil, un extremo difuminador y un sacapuntas.<\/p>\n\n\n    <a class='product' target='_blank' href='https:\/\/www.primor.eu\/es_es\/dior-stylo-eyeliner-waterproof-duracion-24-h-color-intenso-110270.html?#803=84880'>\r\n        <img loading='async' src='https:\/\/cdn2.primor.eu\/media\/catalog\/product\/cache\/8d3aba296f7a18b5251ee30fa5db42b2\/3\/3\/3348901703598_17d4.jpg' alt='COMPRAR AHORA'>\r\n            <div class=\"claim\">\r\n                COMPRAR AHORA            <\/div>\r\n        <\/a>\r\n    \n\n<div class=\"kk-star-ratings kksr-auto kksr-align-center kksr-valign-bottom\"\n    data-payload='{&quot;align&quot;:&quot;center&quot;,&quot;id&quot;:&quot;117251&quot;,&quot;slug&quot;:&quot;default&quot;,&quot;valign&quot;:&quot;bottom&quot;,&quot;ignore&quot;:&quot;&quot;,&quot;reference&quot;:&quot;auto&quot;,&quot;class&quot;:&quot;&quot;,&quot;count&quot;:&quot;0&quot;,&quot;legendonly&quot;:&quot;&quot;,&quot;readonly&quot;:&quot;&quot;,&quot;score&quot;:&quot;0&quot;,&quot;starsonly&quot;:&quot;&quot;,&quot;best&quot;:&quot;5&quot;,&quot;gap&quot;:&quot;5&quot;,&quot;greet&quot;:&quot;Valora este art\u00edculo&quot;,&quot;legend&quot;:&quot;0\\\/5 - (0 votos)&quot;,&quot;size&quot;:&quot;24&quot;,&quot;title&quot;:&quot;Los maquillajes que van a ser tendencia durante el invierno de 2026-2026&quot;,&quot;width&quot;:&quot;0&quot;,&quot;_legend&quot;:&quot;{score}\\\/{best} - ({count} {votes})&quot;,&quot;font_factor&quot;:&quot;1.25&quot;}'>\n            \n<div class=\"kksr-stars\">\n    \n<div class=\"kksr-stars-inactive\">\n            <div class=\"kksr-star\" data-star=\"1\" style=\"padding-right: 5px\">\n            \n\n<div class=\"kksr-icon\" style=\"width: 24px; height: 24px;\"><\/div>\n        <\/div>\n            <div class=\"kksr-star\" data-star=\"2\" style=\"padding-right: 5px\">\n            \n\n<div class=\"kksr-icon\" style=\"width: 24px; height: 24px;\"><\/div>\n        <\/div>\n            <div class=\"kksr-star\" data-star=\"3\" style=\"padding-right: 5px\">\n            \n\n<div class=\"kksr-icon\" style=\"width: 24px; height: 24px;\"><\/div>\n        <\/div>\n            <div class=\"kksr-star\" data-star=\"4\" style=\"padding-right: 5px\">\n            \n\n<div class=\"kksr-icon\" style=\"width: 24px; height: 24px;\"><\/div>\n        <\/div>\n            <div class=\"kksr-star\" data-star=\"5\" style=\"padding-right: 5px\">\n            \n\n<div class=\"kksr-icon\" style=\"width: 24px; height: 24px;\"><\/div>\n        <\/div>\n    <\/div>\n    \n<div class=\"kksr-stars-active\" style=\"width: 0px;\">\n            <div class=\"kksr-star\" style=\"padding-right: 5px\">\n            \n\n<div class=\"kksr-icon\" style=\"width: 24px; height: 24px;\"><\/div>\n        <\/div>\n            <div class=\"kksr-star\" style=\"padding-right: 5px\">\n            \n\n<div class=\"kksr-icon\" style=\"width: 24px; height: 24px;\"><\/div>\n        <\/div>\n            <div class=\"kksr-star\" style=\"padding-right: 5px\">\n            \n\n<div class=\"kksr-icon\" style=\"width: 24px; height: 24px;\"><\/div>\n        <\/div>\n            <div class=\"kksr-star\" style=\"padding-right: 5px\">\n            \n\n<div class=\"kksr-icon\" style=\"width: 24px; height: 24px;\"><\/div>\n        <\/div>\n            <div class=\"kksr-star\" style=\"padding-right: 5px\">\n            \n\n<div class=\"kksr-icon\" style=\"width: 24px; height: 24px;\"><\/div>\n        <\/div>\n    <\/div>\n<\/div>\n                \n\n<div class=\"kksr-legend\" style=\"font-size: 19.2px;\">\n            <span class=\"kksr-muted\">Valora este art\u00edculo<\/span>\n    <\/div>\n    <\/div>\n","protected":false},"excerpt":{"rendered":"<p>El maquillaje de invierno que va a ser tendencia esta temporada y que, muchas van a elegir para las diferentes celebraciones que se avecinan con la llegada de la Navidad, tiene muchas caras. Al igual que las mujeres tenemos tambi\u00e9n muchas caras. Lo que podemos adelantar es que habr\u00e1 espacio tanto para los maquillajes naturales, [&hellip;]<\/p>\n","protected":false},"author":30,"featured_media":117257,"comment_status":"closed","ping_status":"closed","sticky":false,"template":"","format":"standard","meta":{"jnews-multi-image_gallery":[],"jnews_single_post":{"format":"standard"},"jnews_primary_category":[],"jnews_social_meta":[],"jnews_override_counter":[],"footnotes":""},"categories":[41],"tags":[],"class_list":["post-117251","post","type-post","status-publish","format-standard","has-post-thumbnail","hentry","category-maquillaje"],"_links":{"self":[{"href":"https:\/\/www.primor.eu\/blog\/wp-json\/wp\/v2\/posts\/117251","targetHints":{"allow":["GET"]}}],"collection":[{"href":"https:\/\/www.primor.eu\/blog\/wp-json\/wp\/v2\/posts"}],"about":[{"href":"https:\/\/www.primor.eu\/blog\/wp-json\/wp\/v2\/types\/post"}],"author":[{"embeddable":true,"href":"https:\/\/www.primor.eu\/blog\/wp-json\/wp\/v2\/users\/30"}],"replies":[{"embeddable":true,"href":"https:\/\/www.primor.eu\/blog\/wp-json\/wp\/v2\/comments?post=117251"}],"version-history":[{"count":4,"href":"https:\/\/www.primor.eu\/blog\/wp-json\/wp\/v2\/posts\/117251\/revisions"}],"predecessor-version":[{"id":138062,"href":"https:\/\/www.primor.eu\/blog\/wp-json\/wp\/v2\/posts\/117251\/revisions\/138062"}],"wp:featuredmedia":[{"embeddable":true,"href":"https:\/\/www.primor.eu\/blog\/wp-json\/wp\/v2\/media\/117257"}],"wp:attachment":[{"href":"https:\/\/www.primor.eu\/blog\/wp-json\/wp\/v2\/media?parent=117251"}],"wp:term":[{"taxonomy":"category","embeddable":true,"href":"https:\/\/www.primor.eu\/blog\/wp-json\/wp\/v2\/categories?post=117251"},{"taxonomy":"post_tag","embeddable":true,"href":"https:\/\/www.primor.eu\/blog\/wp-json\/wp\/v2\/tags?post=117251"}],"curies":[{"name":"wp","href":"https:\/\/api.w.org\/{rel}","templated":true}]}}