{"id":117061,"date":"2024-11-16T06:44:01","date_gmt":"2024-11-16T06:44:01","guid":{"rendered":"https:\/\/www.primor.eu\/blog\/?p=117061"},"modified":"2025-12-11T13:08:13","modified_gmt":"2025-12-11T13:08:13","slug":"mejores-velas-ambientadores-navidad","status":"publish","type":"post","link":"https:\/\/www.primor.eu\/blog\/mejores-velas-ambientadores-navidad\/","title":{"rendered":"Las 9 mejores velas y ambientadores para que tu casa huela a Navidad"},"content":{"rendered":"\n<p>En el fondo, lo sabes: no hay nada como un buen aroma para crear una atm\u00f3sfera c\u00e1lida y acogedora durante la Navidad. Las velas y ambientadores con fragancias festivas son ideales para llenar tu hogar con el esp\u00edritu navide\u00f1o. Y en este art\u00edculo de Primor te dejamos una selecci\u00f3n de las <strong>mejores<a href=\"https:\/\/www.primor.eu\/es_es\/ambientadores-y-velas\" data-type=\"link\" data-id=\"https:\/\/www.primor.eu\/es_es\/ambientadores-y-velas\"> velas y ambientadores<\/a> de <a href=\"https:\/\/www.primor.eu\/blog\/regalos-navidad\/\" data-type=\"link\" data-id=\"https:\/\/www.primor.eu\/blog\/regalos-navidad\/\">Navidad<\/a><\/strong> para lograrlo, desde <a href=\"https:\/\/www.primor.eu\/es_es\/humidificadores\" data-type=\"link\" data-id=\"https:\/\/www.primor.eu\/es_es\/humidificadores\">aromas <\/a>cl\u00e1sicos hasta propuestas innovadoras.<\/p>\n\n\n\n<h2 class=\"wp-block-heading\">Las mejores velas y ambientadores de Navidad<\/h2>\n\n\n\n<h3 class=\"wp-block-heading\">Aromas cl\u00e1sicos de Navidad<\/h3>\n\n\n\n<h4 class=\"wp-block-heading\">Velas y ambientadores de canela y especias<\/h4>\n\n\n\n<p>La canela es uno de los aromas m\u00e1s caracter\u00edsticos de la Navidad, ya que evoca calidez y nostalgia.<\/p>\n\n\n\n<ul class=\"wp-block-list\">\n<li><strong>Recomendaciones<\/strong>:\n<ul class=\"wp-block-list\">\n<li>Velas con mezcla de canela, clavo y nuez moscada.<\/li>\n\n\n\n<li>Ambientadores en spray con notas especiadas para usar en salas o cocinas.<\/li>\n\n\n\n<li>Difusores de varillas con aceites esenciales de especias c\u00e1lidas.<\/li>\n<\/ul>\n<\/li>\n<\/ul>\n\n\n\n<h4 class=\"wp-block-heading\">Velas de pino y abeto<\/h4>\n\n\n\n<p>Reproducen el aroma fresco de los \u00e1rboles navide\u00f1os, perfectas para quienes usan \u00e1rboles artificiales y quieren complementar con su fragancia.<\/p>\n\n\n\n<ul class=\"wp-block-list\">\n<li><strong>Recomendaciones<\/strong>:\n<ul class=\"wp-block-list\">\n<li>Velas con notas de pino, abeto y cedro.<\/li>\n\n\n\n<li>Ambientadores en formato de gel o el\u00e9ctricos con fragancias de bosque.<\/li>\n<\/ul>\n<\/li>\n<\/ul>\n\n\n\n<h4 class=\"wp-block-heading\">Velas de naranja y c\u00edtricos especiados<\/h4>\n\n\n\n<p>La combinaci\u00f3n de naranja y especias como canela o clavo es ideal para un ambiente acogedor.<\/p>\n\n\n\n<ul class=\"wp-block-list\">\n<li><strong>Recomendaciones<\/strong>:\n<ul class=\"wp-block-list\">\n<li>Velas artesanales con c\u00e1scara de naranja seca.<\/li>\n\n\n\n<li>Ambientadores con mandarina, bergamota o pomelo.<\/li>\n<\/ul>\n<\/li>\n<\/ul>\n\n\n\n<h3 class=\"wp-block-heading\">Aromas dulces y gourmand<\/h3>\n\n\n\n<h4 class=\"wp-block-heading\">Velas de vainilla y caramelo<\/h4>\n\n\n\n<p>Reproducen la calidez de los postres caseros como galletas y pasteles.<\/p>\n\n\n\n<ul class=\"wp-block-list\">\n<li><strong>Recomendaciones<\/strong>:\n<ul class=\"wp-block-list\">\n<li>Velas de vainilla cremosa, caramelo y toffee.<\/li>\n\n\n\n<li>Ambientadores de galletas de jengibre o pastel de manzana.<\/li>\n<\/ul>\n<\/li>\n<\/ul>\n\n\n\n<h4 class=\"wp-block-heading\">Aromas de chocolate caliente y menta<\/h4>\n\n\n\n<p>Ideales para los amantes de los aromas dulces con un toque fresco.<\/p>\n\n\n\n<ul class=\"wp-block-list\">\n<li><strong>Recomendaciones<\/strong>:\n<ul class=\"wp-block-list\">\n<li>Velas de cacao y menta o bomb\u00f3n navide\u00f1o.<\/li>\n\n\n\n<li>Difusores con notas de crema de menta o chocolate.<\/li>\n<\/ul>\n<\/li>\n<\/ul>\n\n\n\n<h3 class=\"wp-block-heading\">Aromas frutales y frescos<\/h3>\n\n\n\n<h4 class=\"wp-block-heading\">Velas de frutos rojos<\/h4>\n\n\n\n<p>Las notas de ar\u00e1ndanos, frambuesas y grosellas son perfectas para un toque vibrante y afrutado.<\/p>\n\n\n\n<ul class=\"wp-block-list\">\n<li><strong>Recomendaciones<\/strong>:\n<ul class=\"wp-block-list\">\n<li>Velas de ar\u00e1ndanos y especias.<\/li>\n\n\n\n<li>Difusores con notas de granada o bayas del bosque.<\/li>\n<\/ul>\n<\/li>\n<\/ul>\n\n\n\n<h4 class=\"wp-block-heading\">Manzana y canela<\/h4>\n\n\n\n<p>Es un cl\u00e1sico navide\u00f1o que combina lo dulce de la manzana con el calor de la canela.<\/p>\n\n\n\n<ul class=\"wp-block-list\">\n<li><strong>Recomendaciones<\/strong>:\n<ul class=\"wp-block-list\">\n<li>Ambientadores en spray con aroma a sidra caliente.<\/li>\n\n\n\n<li>Velas de manzana caramelizada.<\/li>\n<\/ul>\n<\/li>\n<\/ul>\n\n\n\n<h3 class=\"wp-block-heading\">Aromas sofisticados<\/h3>\n\n\n\n<h4 class=\"wp-block-heading\">Velas de incienso y mirra<\/h4>\n\n\n\n<p>Aromas inspirados en tradiciones navide\u00f1as cl\u00e1sicas con un toque m\u00edstico y elegante.<\/p>\n\n\n\n<ul class=\"wp-block-list\">\n<li><strong>Recomendaciones:<\/strong>\n<ul class=\"wp-block-list\">\n<li>Velas de lujo con incienso, \u00e1mbar o mirra.<\/li>\n\n\n\n<li>Difusores con mezcla de madera y especias orientales.<\/li>\n<\/ul>\n<\/li>\n<\/ul>\n\n\n\n<h4 class=\"wp-block-heading\">Velas con notas de madera y \u00e1mbar<\/h4>\n\n\n\n<p>Son aromas c\u00e1lidos y envolventes que recuerdan a una chimenea encendida.<\/p>\n\n\n\n<ul class=\"wp-block-list\">\n<li><strong>Recomendaciones<\/strong>:\n<ul class=\"wp-block-list\">\n<li>Velas con cedro, s\u00e1ndalo o \u00e1mbar.<\/li>\n\n\n\n<li>Ambientadores el\u00e9ctricos con notas amaderadas.<\/li>\n<\/ul>\n<\/li>\n<\/ul>\n\n\n\n<h2 class=\"wp-block-heading\">Los mejores consejos para elegir las mejores velas y ambientadores<\/h2>\n\n\n\n<ul class=\"wp-block-list\">\n<li><strong>Elige productos de calidad<\/strong>. No te arrepentir\u00e1s. Nuestro consejo es que optes por velas hechas con cera natural (soja o cera de abeja) y aceites esenciales para una combusti\u00f3n m\u00e1s limpia.<\/li>\n\n\n\n<li><strong>Ten en mente los formatos<\/strong>. Usa velas para la sala de estar, ambientadores en spray para ba\u00f1os y difusores en dormitorios.<\/li>\n\n\n\n<li><strong>Combina fragancias.<\/strong> Puedes usar diferentes aromas complementarios en cada espacio para crear una experiencia multisensorial.<\/li>\n<\/ul>\n\n\n\n<h2 class=\"wp-block-heading\">Una vela y un ambientador para Navidad de nuestra tienda<\/h2>\n\n\n\n<h3 class=\"wp-block-heading\">Vela Perfumada Moras de The Fruit Company<\/h3>\n\n\n\n<p>Crear\u00e1s un ambiente acogedor y envolvente que llenar\u00e1 tu hogar de calidez y ternura. Perfecta para momentos de relax, autocuidado o una velada especial.<\/p>\n\n\n    <a class='product' target='_blank' href='https:\/\/www.primor.eu\/es_es\/the-fruit-company-vela-perfumada-moras-6074.html'>\r\n        <img loading='async' src='https:\/\/cdn2.primor.eu\/media\/catalog\/product\/cache\/8d3aba296f7a18b5251ee30fa5db42b2\/8\/4\/8436559714006_ce87.jpg' alt='COMPRAR AHORA'>\r\n            <div class=\"claim\">\r\n                COMPRAR AHORA            <\/div>\r\n        <\/a>\r\n    \n\n\n<h3 class=\"wp-block-heading\">Mikado Essential de Seal Aromas<\/h3>\n\n\n\n<p>Ambientadores de varillas de calidad premium. Los mikado son la mejor forma de ambientar tu casa, ya que no requieren electricidad ni fuego. Dispersan el aroma de manera uniforme y suave.<\/p>\n\n\n    <a class='product' target='_blank' href='https:\/\/www.primor.eu\/es_es\/seal-aromas-mikado-essential-104979.html?#748=36517'>\r\n        <img loading='async' src='https:\/\/cdn2.primor.eu\/media\/catalog\/product\/cache\/8d3aba296f7a18b5251ee30fa5db42b2\/1\/A\/1AB01076_1_9e6b.jpg' alt='COMPRAR AHORA'>\r\n            <div class=\"claim\">\r\n                COMPRAR AHORA            <\/div>\r\n        <\/a>\r\n    \n\n<div class=\"kk-star-ratings kksr-auto kksr-align-center kksr-valign-bottom\"\n    data-payload='{&quot;align&quot;:&quot;center&quot;,&quot;id&quot;:&quot;117061&quot;,&quot;slug&quot;:&quot;default&quot;,&quot;valign&quot;:&quot;bottom&quot;,&quot;ignore&quot;:&quot;&quot;,&quot;reference&quot;:&quot;auto&quot;,&quot;class&quot;:&quot;&quot;,&quot;count&quot;:&quot;0&quot;,&quot;legendonly&quot;:&quot;&quot;,&quot;readonly&quot;:&quot;&quot;,&quot;score&quot;:&quot;0&quot;,&quot;starsonly&quot;:&quot;&quot;,&quot;best&quot;:&quot;5&quot;,&quot;gap&quot;:&quot;5&quot;,&quot;greet&quot;:&quot;Valora este art\u00edculo&quot;,&quot;legend&quot;:&quot;0\\\/5 - (0 votos)&quot;,&quot;size&quot;:&quot;24&quot;,&quot;title&quot;:&quot;Las 9 mejores velas y ambientadores para que tu casa huela a Navidad&quot;,&quot;width&quot;:&quot;0&quot;,&quot;_legend&quot;:&quot;{score}\\\/{best} - ({count} {votes})&quot;,&quot;font_factor&quot;:&quot;1.25&quot;}'>\n            \n<div class=\"kksr-stars\">\n    \n<div class=\"kksr-stars-inactive\">\n            <div class=\"kksr-star\" data-star=\"1\" style=\"padding-right: 5px\">\n            \n\n<div class=\"kksr-icon\" style=\"width: 24px; height: 24px;\"><\/div>\n        <\/div>\n            <div class=\"kksr-star\" data-star=\"2\" style=\"padding-right: 5px\">\n            \n\n<div class=\"kksr-icon\" style=\"width: 24px; height: 24px;\"><\/div>\n        <\/div>\n            <div class=\"kksr-star\" data-star=\"3\" style=\"padding-right: 5px\">\n            \n\n<div class=\"kksr-icon\" style=\"width: 24px; height: 24px;\"><\/div>\n        <\/div>\n            <div class=\"kksr-star\" data-star=\"4\" style=\"padding-right: 5px\">\n            \n\n<div class=\"kksr-icon\" style=\"width: 24px; height: 24px;\"><\/div>\n        <\/div>\n            <div class=\"kksr-star\" data-star=\"5\" style=\"padding-right: 5px\">\n            \n\n<div class=\"kksr-icon\" style=\"width: 24px; height: 24px;\"><\/div>\n        <\/div>\n    <\/div>\n    \n<div class=\"kksr-stars-active\" style=\"width: 0px;\">\n            <div class=\"kksr-star\" style=\"padding-right: 5px\">\n            \n\n<div class=\"kksr-icon\" style=\"width: 24px; height: 24px;\"><\/div>\n        <\/div>\n            <div class=\"kksr-star\" style=\"padding-right: 5px\">\n            \n\n<div class=\"kksr-icon\" style=\"width: 24px; height: 24px;\"><\/div>\n        <\/div>\n            <div class=\"kksr-star\" style=\"padding-right: 5px\">\n            \n\n<div class=\"kksr-icon\" style=\"width: 24px; height: 24px;\"><\/div>\n        <\/div>\n            <div class=\"kksr-star\" style=\"padding-right: 5px\">\n            \n\n<div class=\"kksr-icon\" style=\"width: 24px; height: 24px;\"><\/div>\n        <\/div>\n            <div class=\"kksr-star\" style=\"padding-right: 5px\">\n            \n\n<div class=\"kksr-icon\" style=\"width: 24px; height: 24px;\"><\/div>\n        <\/div>\n    <\/div>\n<\/div>\n                \n\n<div class=\"kksr-legend\" style=\"font-size: 19.2px;\">\n            <span class=\"kksr-muted\">Valora este art\u00edculo<\/span>\n    <\/div>\n    <\/div>\n","protected":false},"excerpt":{"rendered":"<p>En el fondo, lo sabes: no hay nada como un buen aroma para crear una atm\u00f3sfera c\u00e1lida y acogedora durante la Navidad. Las velas y ambientadores con fragancias festivas son ideales para llenar tu hogar con el esp\u00edritu navide\u00f1o. Y en este art\u00edculo de Primor te dejamos una selecci\u00f3n de las mejores velas y ambientadores [&hellip;]<\/p>\n","protected":false},"author":14,"featured_media":117065,"comment_status":"closed","ping_status":"closed","sticky":false,"template":"","format":"standard","meta":{"jnews-multi-image_gallery":[],"jnews_single_post":{"format":"standard"},"jnews_primary_category":[],"jnews_social_meta":[],"jnews_override_counter":[],"footnotes":""},"categories":[6299],"tags":[],"class_list":["post-117061","post","type-post","status-publish","format-standard","has-post-thumbnail","hentry","category-bienestar"],"_links":{"self":[{"href":"https:\/\/www.primor.eu\/blog\/wp-json\/wp\/v2\/posts\/117061","targetHints":{"allow":["GET"]}}],"collection":[{"href":"https:\/\/www.primor.eu\/blog\/wp-json\/wp\/v2\/posts"}],"about":[{"href":"https:\/\/www.primor.eu\/blog\/wp-json\/wp\/v2\/types\/post"}],"author":[{"embeddable":true,"href":"https:\/\/www.primor.eu\/blog\/wp-json\/wp\/v2\/users\/14"}],"replies":[{"embeddable":true,"href":"https:\/\/www.primor.eu\/blog\/wp-json\/wp\/v2\/comments?post=117061"}],"version-history":[{"count":2,"href":"https:\/\/www.primor.eu\/blog\/wp-json\/wp\/v2\/posts\/117061\/revisions"}],"predecessor-version":[{"id":135950,"href":"https:\/\/www.primor.eu\/blog\/wp-json\/wp\/v2\/posts\/117061\/revisions\/135950"}],"wp:featuredmedia":[{"embeddable":true,"href":"https:\/\/www.primor.eu\/blog\/wp-json\/wp\/v2\/media\/117065"}],"wp:attachment":[{"href":"https:\/\/www.primor.eu\/blog\/wp-json\/wp\/v2\/media?parent=117061"}],"wp:term":[{"taxonomy":"category","embeddable":true,"href":"https:\/\/www.primor.eu\/blog\/wp-json\/wp\/v2\/categories?post=117061"},{"taxonomy":"post_tag","embeddable":true,"href":"https:\/\/www.primor.eu\/blog\/wp-json\/wp\/v2\/tags?post=117061"}],"curies":[{"name":"wp","href":"https:\/\/api.w.org\/{rel}","templated":true}]}}