{"id":117057,"date":"2024-11-16T06:43:28","date_gmt":"2024-11-16T06:43:28","guid":{"rendered":"https:\/\/www.primor.eu\/blog\/?p=117057"},"modified":"2024-11-15T06:48:03","modified_gmt":"2024-11-15T06:48:03","slug":"contraste-facial","status":"publish","type":"post","link":"https:\/\/www.primor.eu\/blog\/contraste-facial\/","title":{"rendered":"Te explicamos la \u00faltima tendencia de TikTok: qu\u00e9 es el contraste facial y qu\u00e9 tipos hay"},"content":{"rendered":"\n<p>Es posible que hayas o\u00eddo hablar de \u00e9l. El <strong>contraste facial<\/strong> es la \u00faltima <strong>tendencia en TikTok <\/strong>que se centra en <strong>destacar<\/strong> ciertos rasgos del rostro mediante el uso de t\u00e9cnicas de maquillaje, peinados o accesorios para crear un contraste visual llamativo. Este concepto juega con la idea de resaltar los puntos clave del rostro para atraer la atenci\u00f3n hacia ellos, logrando un efecto armonioso o dram\u00e1tico seg\u00fan el estilo elegido. Te contamos en este art\u00edculo de Primor en qu\u00e9 consiste el contraste facial, sus principales tipos, y lo m\u00e1s importante: por qu\u00e9 se ha hecho viral.&nbsp;<\/p>\n\n\n\n<h2 class=\"wp-block-heading\">\u00bfQu\u00e9 es el contraste facial?<\/h2>\n\n\n\n<p>El contraste facial es la combinaci\u00f3n de tonos, texturas y elementos que crean un efecto visual definido en el rostro a trav\u00e9s de:<\/p>\n\n\n\n<ul class=\"wp-block-list\">\n<li><strong>Maquillaje<\/strong>. Es decir, usar colores claros y oscuros para definir o resaltar ciertas \u00e1reas.<\/li>\n\n\n\n<li><strong>Peinados<\/strong>. Optar por estilos que enmarquen el rostro o que contrasten con el tono de <strong>piel<\/strong>.<\/li>\n\n\n\n<li>Accesorios. Pendientes, gafas o diademas que aporten un toque de contraste.<\/li>\n<\/ul>\n\n\n\n<p>La idea es jugar con luces y sombras, colores complementarios y texturas para resaltar la estructura facial o enfatizar los rasgos favoritos de cada persona.<\/p>\n\n\n\n<h2 class=\"wp-block-heading\">Tipos de contraste facial<\/h2>\n\n\n\n<h3 class=\"wp-block-heading\">Contraste natural<\/h3>\n\n\n\n<p>Consiste en resaltar los rasgos de forma sutil, manteniendo un look natural pero con definici\u00f3n. Es ideal para looks de d\u00eda, reuniones informales o personas que prefieren un maquillaje discreto.<\/p>\n\n\n\n<ul class=\"wp-block-list\">\n<li><strong>C\u00f3mo se hace:<\/strong>\n<ul class=\"wp-block-list\">\n<li>Usa un contorno suave para definir los p\u00f3mulos y la mand\u00edbula.<\/li>\n\n\n\n<li>Aplica iluminador en puntos clave como el arco de las cejas, el puente de la nariz y los p\u00f3mulos.<\/li>\n\n\n\n<li>Usa tonos neutros o c\u00e1lidos en los ojos y labios que complementen el tono de piel.<\/li>\n<\/ul>\n<\/li>\n<\/ul>\n\n\n\n<h3 class=\"wp-block-heading\">Contraste dram\u00e1tico<\/h3>\n\n\n\n<p>Consiste en crear un impacto visual fuerte mediante colores intensos y definiciones marcadas: ideal para salidas nocturnas, eventos especiales o sesiones de fotos.<\/p>\n\n\n\n<ul class=\"wp-block-list\">\n<li><strong>C\u00f3mo se hace:<\/strong>\n<ul class=\"wp-block-list\">\n<li>Realza los ojos con un delineado gr\u00e1fico o sombras oscuras (como el cl\u00e1sico smokey eye).<\/li>\n\n\n\n<li>Usa un labial oscuro o vibrante que contraste con el tono de piel.<\/li>\n\n\n\n<li>Aplica un contorno m\u00e1s definido y un iluminador intenso.<\/li>\n<\/ul>\n<\/li>\n<\/ul>\n\n\n\n<h3 class=\"wp-block-heading\">Contraste de color<\/h3>\n\n\n\n<p>Consiste en jugar con colores opuestos o complementarios para realzar el rostro. Es ideal para personas que disfrutan de looks creativos y expresivos.<\/p>\n\n\n\n<ul class=\"wp-block-list\">\n<li><strong>C\u00f3mo se hace:<\/strong>\n<ul class=\"wp-block-list\">\n<li>Usa sombras en tonos llamativos como azules, verdes o rosas para destacar los ojos.<\/li>\n\n\n\n<li>Elige rubores o labiales que contrasten con el tono de piel o cabello (ejemplo: tonos corales en pieles fr\u00edas o burdeos en pieles c\u00e1lidas).<\/li>\n\n\n\n<li>Considera el color de los accesorios y ropa para complementar el contraste.<\/li>\n<\/ul>\n<\/li>\n<\/ul>\n\n\n\n<h3 class=\"wp-block-heading\">Contaste minimalista<\/h3>\n\n\n\n<p>Consiste en resaltar un solo elemento del rostro mientras se mantiene el resto en tonos neutros. Es ideal para looks sofisticados y elegantes.<\/p>\n\n\n\n<ul class=\"wp-block-list\">\n<li><strong>C\u00f3mo se hace:<\/strong>\n<ul class=\"wp-block-list\">\n<li>Acent\u00faa los labios con un color vibrante mientras dejas el resto del maquillaje suave y natural.<\/li>\n\n\n\n<li>Enfoca la atenci\u00f3n en los ojos con un delineado llamativo, manteniendo la piel y los labios en tonos nude.<\/li>\n<\/ul>\n<\/li>\n<\/ul>\n\n\n\n<h3 class=\"wp-block-heading\">Contraste facial con peinado<\/h3>\n\n\n\n<p>Consiste en usar el cabello para enmarcar y crear contraste con el rostro. Es ideal para complementar el maquillaje y resaltar ciertos \u00e1ngulos faciales.<\/p>\n\n\n\n<ul class=\"wp-block-list\">\n<li><strong>C\u00f3mo lograrlo:<\/strong>\n<ul class=\"wp-block-list\">\n<li>Peinados lisos y pegados con un maquillaje suave para resaltar la estructura \u00f3sea.<\/li>\n\n\n\n<li>Ondas voluminosas o cabello rizado con maquillaje definido en los ojos o labios.<\/li>\n\n\n\n<li>Mechas de colores o accesorios como horquillas y pa\u00f1uelos para a\u00f1adir un punto focal.<\/li>\n<\/ul>\n<\/li>\n<\/ul>\n\n\n\n<h2 class=\"wp-block-heading\">\u00bfPor qu\u00e9 se ha hecho viral?<\/h2>\n\n\n\n<p>Porque permite a cada persona personalizar su estilo, destacando lo que m\u00e1s le gusta de su rostro. Adem\u00e1s, todas sabemos que los videos tutoriales y las transformaciones visuales son extremadamente atractivos en TikTok.&nbsp;<\/p>\n\n\n<div class=\"kk-star-ratings kksr-auto kksr-align-center kksr-valign-bottom\"\n    data-payload='{&quot;align&quot;:&quot;center&quot;,&quot;id&quot;:&quot;117057&quot;,&quot;slug&quot;:&quot;default&quot;,&quot;valign&quot;:&quot;bottom&quot;,&quot;ignore&quot;:&quot;&quot;,&quot;reference&quot;:&quot;auto&quot;,&quot;class&quot;:&quot;&quot;,&quot;count&quot;:&quot;0&quot;,&quot;legendonly&quot;:&quot;&quot;,&quot;readonly&quot;:&quot;&quot;,&quot;score&quot;:&quot;0&quot;,&quot;starsonly&quot;:&quot;&quot;,&quot;best&quot;:&quot;5&quot;,&quot;gap&quot;:&quot;5&quot;,&quot;greet&quot;:&quot;Valora este art\u00edculo&quot;,&quot;legend&quot;:&quot;0\\\/5 - (0 votos)&quot;,&quot;size&quot;:&quot;24&quot;,&quot;title&quot;:&quot;Te explicamos la \u00faltima tendencia de TikTok: qu\u00e9 es el contraste facial y qu\u00e9 tipos hay&quot;,&quot;width&quot;:&quot;0&quot;,&quot;_legend&quot;:&quot;{score}\\\/{best} - ({count} {votes})&quot;,&quot;font_factor&quot;:&quot;1.25&quot;}'>\n            \n<div class=\"kksr-stars\">\n    \n<div class=\"kksr-stars-inactive\">\n            <div class=\"kksr-star\" data-star=\"1\" style=\"padding-right: 5px\">\n            \n\n<div class=\"kksr-icon\" style=\"width: 24px; height: 24px;\"><\/div>\n        <\/div>\n            <div class=\"kksr-star\" data-star=\"2\" style=\"padding-right: 5px\">\n            \n\n<div class=\"kksr-icon\" style=\"width: 24px; height: 24px;\"><\/div>\n        <\/div>\n            <div class=\"kksr-star\" data-star=\"3\" style=\"padding-right: 5px\">\n            \n\n<div class=\"kksr-icon\" style=\"width: 24px; height: 24px;\"><\/div>\n        <\/div>\n            <div class=\"kksr-star\" data-star=\"4\" style=\"padding-right: 5px\">\n            \n\n<div class=\"kksr-icon\" style=\"width: 24px; height: 24px;\"><\/div>\n        <\/div>\n            <div class=\"kksr-star\" data-star=\"5\" style=\"padding-right: 5px\">\n            \n\n<div class=\"kksr-icon\" style=\"width: 24px; height: 24px;\"><\/div>\n        <\/div>\n    <\/div>\n    \n<div class=\"kksr-stars-active\" style=\"width: 0px;\">\n            <div class=\"kksr-star\" style=\"padding-right: 5px\">\n            \n\n<div class=\"kksr-icon\" style=\"width: 24px; height: 24px;\"><\/div>\n        <\/div>\n            <div class=\"kksr-star\" style=\"padding-right: 5px\">\n            \n\n<div class=\"kksr-icon\" style=\"width: 24px; height: 24px;\"><\/div>\n        <\/div>\n            <div class=\"kksr-star\" style=\"padding-right: 5px\">\n            \n\n<div class=\"kksr-icon\" style=\"width: 24px; height: 24px;\"><\/div>\n        <\/div>\n            <div class=\"kksr-star\" style=\"padding-right: 5px\">\n            \n\n<div class=\"kksr-icon\" style=\"width: 24px; height: 24px;\"><\/div>\n        <\/div>\n            <div class=\"kksr-star\" style=\"padding-right: 5px\">\n            \n\n<div class=\"kksr-icon\" style=\"width: 24px; height: 24px;\"><\/div>\n        <\/div>\n    <\/div>\n<\/div>\n                \n\n<div class=\"kksr-legend\" style=\"font-size: 19.2px;\">\n            <span class=\"kksr-muted\">Valora este art\u00edculo<\/span>\n    <\/div>\n    <\/div>\n","protected":false},"excerpt":{"rendered":"<p>Es posible que hayas o\u00eddo hablar de \u00e9l. El contraste facial es la \u00faltima tendencia en TikTok que se centra en destacar ciertos rasgos del rostro mediante el uso de t\u00e9cnicas de maquillaje, peinados o accesorios para crear un contraste visual llamativo. Este concepto juega con la idea de resaltar los puntos clave del rostro [&hellip;]<\/p>\n","protected":false},"author":14,"featured_media":117066,"comment_status":"closed","ping_status":"closed","sticky":false,"template":"","format":"standard","meta":{"jnews-multi-image_gallery":[],"jnews_single_post":{"format":"standard"},"jnews_primary_category":[],"jnews_social_meta":[],"jnews_override_counter":[],"footnotes":""},"categories":[6316],"tags":[],"class_list":["post-117057","post","type-post","status-publish","format-standard","has-post-thumbnail","hentry","category-beauty-viral"],"_links":{"self":[{"href":"https:\/\/www.primor.eu\/blog\/wp-json\/wp\/v2\/posts\/117057","targetHints":{"allow":["GET"]}}],"collection":[{"href":"https:\/\/www.primor.eu\/blog\/wp-json\/wp\/v2\/posts"}],"about":[{"href":"https:\/\/www.primor.eu\/blog\/wp-json\/wp\/v2\/types\/post"}],"author":[{"embeddable":true,"href":"https:\/\/www.primor.eu\/blog\/wp-json\/wp\/v2\/users\/14"}],"replies":[{"embeddable":true,"href":"https:\/\/www.primor.eu\/blog\/wp-json\/wp\/v2\/comments?post=117057"}],"version-history":[{"count":1,"href":"https:\/\/www.primor.eu\/blog\/wp-json\/wp\/v2\/posts\/117057\/revisions"}],"predecessor-version":[{"id":117071,"href":"https:\/\/www.primor.eu\/blog\/wp-json\/wp\/v2\/posts\/117057\/revisions\/117071"}],"wp:featuredmedia":[{"embeddable":true,"href":"https:\/\/www.primor.eu\/blog\/wp-json\/wp\/v2\/media\/117066"}],"wp:attachment":[{"href":"https:\/\/www.primor.eu\/blog\/wp-json\/wp\/v2\/media?parent=117057"}],"wp:term":[{"taxonomy":"category","embeddable":true,"href":"https:\/\/www.primor.eu\/blog\/wp-json\/wp\/v2\/categories?post=117057"},{"taxonomy":"post_tag","embeddable":true,"href":"https:\/\/www.primor.eu\/blog\/wp-json\/wp\/v2\/tags?post=117057"}],"curies":[{"name":"wp","href":"https:\/\/api.w.org\/{rel}","templated":true}]}}