{"id":116753,"date":"2025-07-16T13:25:54","date_gmt":"2025-07-16T13:25:54","guid":{"rendered":"https:\/\/www.primor.eu\/blog\/?p=116753"},"modified":"2025-07-16T13:25:56","modified_gmt":"2025-07-16T13:25:56","slug":"tratamientos-peluqueria-casa","status":"publish","type":"post","link":"https:\/\/www.primor.eu\/blog\/tratamientos-peluqueria-casa\/","title":{"rendered":"Los 4 tratamientos de peluquer\u00eda que te podr\u00e1s hacer en casa (y todo lo que necesitas)"},"content":{"rendered":"\n<p>El hecho de poder hacerte <strong><a href=\"https:\/\/www.primor.eu\/blog\/mejores-productos-profesionales-cabello-dia-de-la-madre\/?srsltid=AfmBOop464DAtiI1gUXAK_gAsQ9XJzindMxz5p-Yc26UcQFFpqMb8Bb3\" data-type=\"link\" data-id=\"https:\/\/www.primor.eu\/blog\/mejores-productos-profesionales-cabello-dia-de-la-madre\/?srsltid=AfmBOop464DAtiI1gUXAK_gAsQ9XJzindMxz5p-Yc26UcQFFpqMb8Bb3\">tratamientos de peluquer\u00eda<\/a><\/strong> en <strong>casa<\/strong>, es un lujo. Hoy en d\u00eda puedes encontrar en internet y en las tiendas f\u00edsicas, tratamientos de calidad de peluquer\u00eda que puedes hacerte en casa. Hoy vamos a ver algunos de los mejores que est\u00e1n <strong>disponibles en Primor<\/strong>.&nbsp;<\/p>\n\n\n\n<p>\u00a1No te cortes y empieza a tratar tu pelo como si estuvieras en el sal\u00f3n, en casa! Ahorrar\u00e1s dinero, tiempo y ganar\u00e1s la satisfacci\u00f3n de estar cuidando tu cabello t\u00fa misma con los mejores productos.<\/p>\n\n\n\n<h2 class=\"wp-block-heading\">Hazte tratamientos de peluquer\u00eda en casa con estos productos de Primor<\/h2>\n\n\n        <product-table class=\"pr-slider\">\r\n            <product-headers class=\"grid-table-rows\">\r\n                <div>Foto<\/div>\r\n                <div>Producto<\/div>\r\n                <div>Marca<\/div>\r\n                <div>Valoraciones<\/div>\r\n                <div>Precio<\/div>\r\n            <\/product-headers>\r\n\r\n            <product-list>\r\n                                    <a href=\"https:\/\/www.primor.eu\/es_es\/kativa-alisado-brasileno-para-cabellos-rubios-vegano-10656.html\" class=\"product-item grid-table-rows\" target=\"_blank\">\r\n                        <div>\r\n                            <img decoding=\"async\" class=\"product-img\" width=\"80px\" height=\"80px\" src=\"https:\/\/cdn2.primor.eu\/media\/catalog\/product\/cache\/8d3aba296f7a18b5251ee30fa5db42b2\/7\/7\/7750075066397_ba0a.jpg\" alt=\"Alisado Brasile\u00f1o para Cabellos Rubios Vegano\">\r\n                        <\/div>\r\n\r\n                        <!-- Contenido de producto  -->\r\n                        <div>\r\n                            <div class=\"product-position\">\r\n                                #1 Top Ventas                            <\/div>\r\n\r\n                            <h2>\r\n                                Alisado Brasile\u00f1o para Cabellos Rubios Vegano                            <\/h2>\r\n                        <\/div>\r\n\r\n                        <!-- Imagen y\/o nombre de la marca -->\r\n                        <div>\r\n                                                            <img decoding=\"async\" width=\"70\" src=\"https:\/\/www.primor.eu\/media\/catalog\/category\/logo_kativa_1.jpg\" alt=\"\">\r\n                                                    <\/div>\r\n\r\n                        <!-- Puntuaci\u00f3n del producto  -->\r\n                        <div class=\"rating\">\r\n                                                            <div class=\"rate\" style=\"--p:92;\"><\/div>\r\n                                <b>4.6\/5<\/b>\r\n                                <div class=\"rate-stars\">\r\n                                                                            <div\r\n                                            class=\"rate-star  \">\r\n                                        <\/div>\r\n                                                                            <div\r\n                                            class=\"rate-star  \">\r\n                                        <\/div>\r\n                                                                            <div\r\n                                            class=\"rate-star  \">\r\n                                        <\/div>\r\n                                                                            <div\r\n                                            class=\"rate-star  \">\r\n                                        <\/div>\r\n                                                                            <div\r\n                                            class=\"rate-star  \">\r\n                                        <\/div>\r\n                                                                    <\/div>\r\n                                                    <\/div>\r\n\r\n                        <!-- Bot\u00f3n de producto  -->\r\n                        <div>\r\n                            <span class=\"price-claim\">\r\n                                VER PRECIO                            <\/span>\r\n                        <\/div>\r\n                    <\/a>\r\n                                    <a href=\"https:\/\/www.primor.eu\/es_es\/wella-professionals-color-fresh-mask-color-temporal-113063.html?#755=40315\" class=\"product-item grid-table-rows\" target=\"_blank\">\r\n                        <div>\r\n                            <img decoding=\"async\" class=\"product-img\" width=\"80px\" height=\"80px\" src=\"https:\/\/cdn2.primor.eu\/media\/catalog\/product\/cache\/8d3aba296f7a18b5251ee30fa5db42b2\/2\/C\/2CA04455_1_188f.jpg\" alt=\"Color Fresh Mask Color Temporal\">\r\n                        <\/div>\r\n\r\n                        <!-- Contenido de producto  -->\r\n                        <div>\r\n                            <div class=\"product-position\">\r\n                                #2                            <\/div>\r\n\r\n                            <h2>\r\n                                Color Fresh Mask Color Temporal                            <\/h2>\r\n                        <\/div>\r\n\r\n                        <!-- Imagen y\/o nombre de la marca -->\r\n                        <div>\r\n                                                            <img decoding=\"async\" width=\"70\" src=\"https:\/\/www.primor.eu\/media\/catalog\/category\/JPG_HighRes-WELLAProfessionals_200Clogo_2023_1.jpg\" alt=\"Wella Professionals\">\r\n                                                    <\/div>\r\n\r\n                        <!-- Puntuaci\u00f3n del producto  -->\r\n                        <div class=\"rating\">\r\n                                                            <div class=\"rate\" style=\"--p:90;\"><\/div>\r\n                                <b>4.5\/5<\/b>\r\n                                <div class=\"rate-stars\">\r\n                                                                            <div\r\n                                            class=\"rate-star  \">\r\n                                        <\/div>\r\n                                                                            <div\r\n                                            class=\"rate-star  \">\r\n                                        <\/div>\r\n                                                                            <div\r\n                                            class=\"rate-star  \">\r\n                                        <\/div>\r\n                                                                            <div\r\n                                            class=\"rate-star  \">\r\n                                        <\/div>\r\n                                                                            <div\r\n                                            class=\"rate-star  middle\">\r\n                                        <\/div>\r\n                                                                    <\/div>\r\n                                                    <\/div>\r\n\r\n                        <!-- Bot\u00f3n de producto  -->\r\n                        <div>\r\n                            <span class=\"price-claim\">\r\n                                VER PRECIO                            <\/span>\r\n                        <\/div>\r\n                    <\/a>\r\n                                    <a href=\"https:\/\/www.primor.eu\/es_es\/l-oreal-professionnel-vitamino-color-spray-tratamiento-10-en-1-con-resveratrol-10163.html\" class=\"product-item grid-table-rows\" target=\"_blank\">\r\n                        <div>\r\n                            <img decoding=\"async\" class=\"product-img\" width=\"80px\" height=\"80px\" src=\"https:\/\/cdn2.primor.eu\/media\/catalog\/product\/cache\/8d3aba296f7a18b5251ee30fa5db42b2\/M\/A\/MAIN__14__ec3b.jpg\" alt=\"Vitamino Color Spray Tratamiento 10 en 1 con Resveratrol\">\r\n                        <\/div>\r\n\r\n                        <!-- Contenido de producto  -->\r\n                        <div>\r\n                            <div class=\"product-position\">\r\n                                #3                            <\/div>\r\n\r\n                            <h2>\r\n                                Vitamino Color Spray Tratamiento 10 en 1 con Resveratrol                            <\/h2>\r\n                        <\/div>\r\n\r\n                        <!-- Imagen y\/o nombre de la marca -->\r\n                        <div>\r\n                                                            <img decoding=\"async\" width=\"70\" src=\"https:\/\/www.primor.eu\/media\/catalog\/category\/loreal.png\" alt=\"\">\r\n                                                    <\/div>\r\n\r\n                        <!-- Puntuaci\u00f3n del producto  -->\r\n                        <div class=\"rating\">\r\n                                                            <div class=\"rate\" style=\"--p:98;\"><\/div>\r\n                                <b>4.9\/5<\/b>\r\n                                <div class=\"rate-stars\">\r\n                                                                            <div\r\n                                            class=\"rate-star  \">\r\n                                        <\/div>\r\n                                                                            <div\r\n                                            class=\"rate-star  \">\r\n                                        <\/div>\r\n                                                                            <div\r\n                                            class=\"rate-star  \">\r\n                                        <\/div>\r\n                                                                            <div\r\n                                            class=\"rate-star  \">\r\n                                        <\/div>\r\n                                                                            <div\r\n                                            class=\"rate-star  \">\r\n                                        <\/div>\r\n                                                                    <\/div>\r\n                                                    <\/div>\r\n\r\n                        <!-- Bot\u00f3n de producto  -->\r\n                        <div>\r\n                            <span class=\"price-claim\">\r\n                                VER PRECIO                            <\/span>\r\n                        <\/div>\r\n                    <\/a>\r\n                                    <a href=\"https:\/\/www.primor.eu\/es_es\/redken-all-soft-crema-tratamiento-cabellos-secos-10286.html\" class=\"product-item grid-table-rows\" target=\"_blank\">\r\n                        <div>\r\n                            <img decoding=\"async\" class=\"product-img\" width=\"80px\" height=\"80px\" src=\"https:\/\/cdn2.primor.eu\/media\/catalog\/product\/cache\/8d3aba296f7a18b5251ee30fa5db42b2\/2\/C\/2CA04410_1_1fb5.jpg\" alt=\"All Soft Crema Tratamiento Cabellos Secos\">\r\n                        <\/div>\r\n\r\n                        <!-- Contenido de producto  -->\r\n                        <div>\r\n                            <div class=\"product-position\">\r\n                                #4                            <\/div>\r\n\r\n                            <h2>\r\n                                All Soft Crema Tratamiento Cabellos Secos                            <\/h2>\r\n                        <\/div>\r\n\r\n                        <!-- Imagen y\/o nombre de la marca -->\r\n                        <div>\r\n                                                            <img decoding=\"async\" width=\"70\" src=\"https:\/\/www.primor.eu\/media\/catalog\/category\/41531.jpg\" alt=\"\">\r\n                                                    <\/div>\r\n\r\n                        <!-- Puntuaci\u00f3n del producto  -->\r\n                        <div class=\"rating\">\r\n                                                            <div class=\"rate\" style=\"--p:100;\"><\/div>\r\n                                <b>5\/5<\/b>\r\n                                <div class=\"rate-stars\">\r\n                                                                            <div\r\n                                            class=\"rate-star  \">\r\n                                        <\/div>\r\n                                                                            <div\r\n                                            class=\"rate-star  \">\r\n                                        <\/div>\r\n                                                                            <div\r\n                                            class=\"rate-star  \">\r\n                                        <\/div>\r\n                                                                            <div\r\n                                            class=\"rate-star  \">\r\n                                        <\/div>\r\n                                                                            <div\r\n                                            class=\"rate-star  \">\r\n                                        <\/div>\r\n                                                                    <\/div>\r\n                                                    <\/div>\r\n\r\n                        <!-- Bot\u00f3n de producto  -->\r\n                        <div>\r\n                            <span class=\"price-claim\">\r\n                                VER PRECIO                            <\/span>\r\n                        <\/div>\r\n                    <\/a>\r\n                            <\/product-list>\r\n        <\/product-table>\r\n\r\n        \n\n\n\n<p>En Primor tenemos marcas de peluquer\u00eda profesional que tienen productos enfocados a tratar diferentes problemas en el cabello. O, simplemente a cuidarlo y mejorarlo. Estos son los 5 mejores:<\/p>\n\n\n\n<h3 class=\"wp-block-heading\">Alisado Brasile\u00f1o para Cabellos Rubios Vegano de Kativa<\/h3>\n\n\n\n<p>Tratamiento de alisado dom\u00e9stico con la eficacia de un tratamiento de sal\u00f3n. Con Kativa Alisado Brasile\u00f1o, lograr\u00e1s un alisado de nivel profesional en tu propio hogar a un costo accesible. Este tratamiento de alisado para melenas rubias te\u00f1idas protege el tono del cabello mientras el aceite de oliva lo mantiene liso y brillante. Principales beneficios:<\/p>\n\n\n\n<ul class=\"wp-block-list\">\n<li>Suaviza cabellos con rizos, ondas, volumen y frizz.<\/li>\n\n\n\n<li>Restaura la resistencia, luminosidad, hidrataci\u00f3n y suavidad del cabello.<\/li>\n\n\n\n<li>Efecto de sal\u00f3n profesional por hasta 12 semanas.<\/li>\n\n\n\n<li>Reduce el volumen y el frizz.<\/li>\n\n\n\n<li>Libre de formol, guanidina y emisiones nocivas, apto para veganos<\/li>\n\n\n\n<li>Incluye protecci\u00f3n t\u00e9rmica y memoria de calor: el alisado se fortalece con el uso de secador.<\/li>\n<\/ul>\n\n\n\n<p>El pack est\u00e1 compuesto por:<\/p>\n\n\n\n<ul class=\"wp-block-list\">\n<li>Champ\u00fa Pre-Tratamiento 15 ml.<\/li>\n\n\n\n<li>M\u00e1scara Alisado 150 ml.<\/li>\n\n\n\n<li>Champ\u00fa Post 30 ml.<\/li>\n\n\n\n<li>Acondicionador 30 ml.<\/li>\n<\/ul>\n\n\n    <a class='product' target='_blank' href='https:\/\/www.primor.eu\/es_es\/kativa-alisado-brasileno-para-cabellos-rubios-vegano-10656.html'>\r\n        <img loading='async' src='https:\/\/cdn2.primor.eu\/media\/catalog\/product\/cache\/8d3aba296f7a18b5251ee30fa5db42b2\/7\/7\/7750075066397_ba0a.jpg' alt='COMPRAR AHORA'>\r\n            <div class=\"claim\">\r\n                COMPRAR AHORA            <\/div>\r\n        <\/a>\r\n    \n\n\n\n<h3 class=\"wp-block-heading\">Color Fresh Mask Color Temporal de Wella<\/h3>\n\n\n\n<p>Este producto combina un tinte semipermanente con un tratamiento acondicionador profundo. El color se va desvaneciendo de manera gradual, mientras que los ingredientes nutritivos de la f\u00f3rmula dejan el cabello suave e hidratado, sin necesidad de un acondicionador adicional. Este tratamiento de brillo para el cabello est\u00e1 pensado para usarse semanalmente, con resultados visibles en solo 10 minutos y un desvanecimiento progresivo.<\/p>\n\n\n\n<p>Enriquecida con aceite de aguacate, la Mascarilla Color Fresh de Wella est\u00e1 libre de siliconas y de ingredientes de origen animal. Ideal para prepararse para un evento especial, festival o vacaciones, tambi\u00e9n es un regalo perfecto para amantes de la belleza. Est\u00e1 disponible en varios colores, incluido el rosa intenso.<\/p>\n\n\n    <a class='product' target='_blank' href='https:\/\/www.primor.eu\/es_es\/wella-professionals-color-fresh-mask-color-temporal-113063.html?#755=40315'>\r\n        <img loading='async' src='https:\/\/cdn2.primor.eu\/media\/catalog\/product\/cache\/8d3aba296f7a18b5251ee30fa5db42b2\/2\/C\/2CA04455_1_188f.jpg' alt='COMPRAR AHORA'>\r\n            <div class=\"claim\">\r\n                COMPRAR AHORA            <\/div>\r\n        <\/a>\r\n    \n\n\n\n<h3 class=\"wp-block-heading\">Vitamino Color Spray Tratamiento 10 en 1 con Resveratrol de L\u2019Or\u00e9al Professionnel&nbsp;<\/h3>\n\n\n\n<p>Spray perfeccionador multiusos infusionado con potentes antioxidantes. Este innovador producto no solo protege el cabello coloreado, sino que tambi\u00e9n brinda una exquisita combinaci\u00f3n de brillo, suavidad, cuerpo y homogeneidad, con la ventaja adicional de una protecci\u00f3n antirrotura. Su f\u00f3rmula avanzada facilita el desenredado y el secado, eliminando el temido encrespamiento. Eleva tu experiencia capilar a un nivel superior, logrando un cabello radiante y protegido del desgaste del color.&nbsp;<\/p>\n\n\n\n<p>Principales beneficios:<\/p>\n\n\n\n<ul class=\"wp-block-list\">\n<li>Protecci\u00f3n contra el calor hasta 230\u00baC\/450\u00baF.<\/li>\n\n\n\n<li>Brillo.<\/li>\n\n\n\n<li>Suavidad.<\/li>\n\n\n\n<li>Suavidad de la fibra capilar.<\/li>\n\n\n\n<li>Desenredado.<\/li>\n\n\n\n<li>Facilita el secado del cabello.<\/li>\n\n\n\n<li>Hidrataci\u00f3n.<\/li>\n\n\n\n<li>Anti-rotura.<\/li>\n\n\n\n<li>Anti-puntas abiertas.<\/li>\n\n\n\n<li>Anti-encrespamiento.<\/li>\n<\/ul>\n\n\n    <a class='product' target='_blank' href='https:\/\/www.primor.eu\/es_es\/l-oreal-professionnel-vitamino-color-spray-tratamiento-10-en-1-con-resveratrol-10163.html'>\r\n        <img loading='async' src='https:\/\/cdn2.primor.eu\/media\/catalog\/product\/cache\/8d3aba296f7a18b5251ee30fa5db42b2\/M\/A\/MAIN__14__ec3b.jpg' alt='COMPRAR AHORA'>\r\n            <div class=\"claim\">\r\n                COMPRAR AHORA            <\/div>\r\n        <\/a>\r\n    \n\n\n\n<h3 class=\"wp-block-heading\">All Soft Crema Tratamiento Cabellos Secos de Redken<\/h3>\n\n\n\n<p>Esta mascarilla hidratante y antiencrespamiento est\u00e1 especialmente formulada para revitalizar y restaurar la vitalidad de tu cabello seco y fr\u00e1gil. Proporciona una intensa hidrataci\u00f3n que ayuda a combatir los efectos del cabello seco, al mismo tiempo que controla el encrespamiento, para que puedas lucir un cabello radiante y manejable.<\/p>\n\n\n\n<p>Con su poderosa combinaci\u00f3n de ingredientes, esta mascarilla no solo fortalece tu cabello, sino que tambi\u00e9n le brinda una nutrici\u00f3n m\u00e1xima, mejorando su manejabilidad, movimiento y brillo.<\/p>\n\n\n    <a class='product' target='_blank' href='https:\/\/www.primor.eu\/es_es\/redken-all-soft-crema-tratamiento-cabellos-secos-10286.html'>\r\n        <img loading='async' src='https:\/\/cdn2.primor.eu\/media\/catalog\/product\/cache\/8d3aba296f7a18b5251ee30fa5db42b2\/2\/C\/2CA04410_1_1fb5.jpg' alt='COMPRAR AHORA'>\r\n            <div class=\"claim\">\r\n                COMPRAR AHORA            <\/div>\r\n        <\/a>\r\n    \n\n\n<div class=\"kk-star-ratings kksr-auto kksr-align-center kksr-valign-bottom\"\n    data-payload='{&quot;align&quot;:&quot;center&quot;,&quot;id&quot;:&quot;116753&quot;,&quot;slug&quot;:&quot;default&quot;,&quot;valign&quot;:&quot;bottom&quot;,&quot;ignore&quot;:&quot;&quot;,&quot;reference&quot;:&quot;auto&quot;,&quot;class&quot;:&quot;&quot;,&quot;count&quot;:&quot;5&quot;,&quot;legendonly&quot;:&quot;&quot;,&quot;readonly&quot;:&quot;&quot;,&quot;score&quot;:&quot;4.4&quot;,&quot;starsonly&quot;:&quot;&quot;,&quot;best&quot;:&quot;5&quot;,&quot;gap&quot;:&quot;5&quot;,&quot;greet&quot;:&quot;Valora este art\u00edculo&quot;,&quot;legend&quot;:&quot;4.4\\\/5 - (5 votos)&quot;,&quot;size&quot;:&quot;24&quot;,&quot;title&quot;:&quot;Los 4 tratamientos de peluquer\u00eda que te podr\u00e1s hacer en casa (y todo lo que necesitas)&quot;,&quot;width&quot;:&quot;125.1&quot;,&quot;_legend&quot;:&quot;{score}\\\/{best} - ({count} {votes})&quot;,&quot;font_factor&quot;:&quot;1.25&quot;}'>\n            \n<div class=\"kksr-stars\">\n    \n<div class=\"kksr-stars-inactive\">\n            <div class=\"kksr-star\" data-star=\"1\" style=\"padding-right: 5px\">\n            \n\n<div class=\"kksr-icon\" style=\"width: 24px; height: 24px;\"><\/div>\n        <\/div>\n            <div class=\"kksr-star\" data-star=\"2\" style=\"padding-right: 5px\">\n            \n\n<div class=\"kksr-icon\" style=\"width: 24px; height: 24px;\"><\/div>\n        <\/div>\n            <div class=\"kksr-star\" data-star=\"3\" style=\"padding-right: 5px\">\n            \n\n<div class=\"kksr-icon\" style=\"width: 24px; height: 24px;\"><\/div>\n        <\/div>\n            <div class=\"kksr-star\" data-star=\"4\" style=\"padding-right: 5px\">\n            \n\n<div class=\"kksr-icon\" style=\"width: 24px; height: 24px;\"><\/div>\n        <\/div>\n            <div class=\"kksr-star\" data-star=\"5\" style=\"padding-right: 5px\">\n            \n\n<div class=\"kksr-icon\" style=\"width: 24px; height: 24px;\"><\/div>\n        <\/div>\n    <\/div>\n    \n<div class=\"kksr-stars-active\" style=\"width: 125.1px;\">\n            <div class=\"kksr-star\" style=\"padding-right: 5px\">\n            \n\n<div class=\"kksr-icon\" style=\"width: 24px; height: 24px;\"><\/div>\n        <\/div>\n            <div class=\"kksr-star\" style=\"padding-right: 5px\">\n            \n\n<div class=\"kksr-icon\" style=\"width: 24px; height: 24px;\"><\/div>\n        <\/div>\n            <div class=\"kksr-star\" style=\"padding-right: 5px\">\n            \n\n<div class=\"kksr-icon\" style=\"width: 24px; height: 24px;\"><\/div>\n        <\/div>\n            <div class=\"kksr-star\" style=\"padding-right: 5px\">\n            \n\n<div class=\"kksr-icon\" style=\"width: 24px; height: 24px;\"><\/div>\n        <\/div>\n            <div class=\"kksr-star\" style=\"padding-right: 5px\">\n            \n\n<div class=\"kksr-icon\" style=\"width: 24px; height: 24px;\"><\/div>\n        <\/div>\n    <\/div>\n<\/div>\n                \n\n<div class=\"kksr-legend\" style=\"font-size: 19.2px;\">\n            4.4\/5 - (5 votos)    <\/div>\n    <\/div>\n","protected":false},"excerpt":{"rendered":"<p>El hecho de poder hacerte tratamientos de peluquer\u00eda en casa, es un lujo. Hoy en d\u00eda puedes encontrar en internet y en las tiendas f\u00edsicas, tratamientos de calidad de peluquer\u00eda que puedes hacerte en casa. Hoy vamos a ver algunos de los mejores que est\u00e1n disponibles en Primor.&nbsp; \u00a1No te cortes y empieza a tratar [&hellip;]<\/p>\n","protected":false},"author":14,"featured_media":116758,"comment_status":"closed","ping_status":"closed","sticky":false,"template":"","format":"standard","meta":{"jnews-multi-image_gallery":[],"jnews_single_post":{"format":"standard"},"jnews_primary_category":[],"jnews_social_meta":[],"jnews_override_counter":[],"footnotes":""},"categories":[35],"tags":[],"class_list":["post-116753","post","type-post","status-publish","format-standard","has-post-thumbnail","hentry","category-cabello"],"_links":{"self":[{"href":"https:\/\/www.primor.eu\/blog\/wp-json\/wp\/v2\/posts\/116753","targetHints":{"allow":["GET"]}}],"collection":[{"href":"https:\/\/www.primor.eu\/blog\/wp-json\/wp\/v2\/posts"}],"about":[{"href":"https:\/\/www.primor.eu\/blog\/wp-json\/wp\/v2\/types\/post"}],"author":[{"embeddable":true,"href":"https:\/\/www.primor.eu\/blog\/wp-json\/wp\/v2\/users\/14"}],"replies":[{"embeddable":true,"href":"https:\/\/www.primor.eu\/blog\/wp-json\/wp\/v2\/comments?post=116753"}],"version-history":[{"count":2,"href":"https:\/\/www.primor.eu\/blog\/wp-json\/wp\/v2\/posts\/116753\/revisions"}],"predecessor-version":[{"id":129556,"href":"https:\/\/www.primor.eu\/blog\/wp-json\/wp\/v2\/posts\/116753\/revisions\/129556"}],"wp:featuredmedia":[{"embeddable":true,"href":"https:\/\/www.primor.eu\/blog\/wp-json\/wp\/v2\/media\/116758"}],"wp:attachment":[{"href":"https:\/\/www.primor.eu\/blog\/wp-json\/wp\/v2\/media?parent=116753"}],"wp:term":[{"taxonomy":"category","embeddable":true,"href":"https:\/\/www.primor.eu\/blog\/wp-json\/wp\/v2\/categories?post=116753"},{"taxonomy":"post_tag","embeddable":true,"href":"https:\/\/www.primor.eu\/blog\/wp-json\/wp\/v2\/tags?post=116753"}],"curies":[{"name":"wp","href":"https:\/\/api.w.org\/{rel}","templated":true}]}}