{"id":116743,"date":"2025-10-08T12:23:32","date_gmt":"2025-10-08T12:23:32","guid":{"rendered":"https:\/\/www.primor.eu\/blog\/?p=116743"},"modified":"2025-10-08T12:23:33","modified_gmt":"2025-10-08T12:23:33","slug":"injertos-pelo","status":"publish","type":"post","link":"https:\/\/www.primor.eu\/blog\/injertos-pelo\/","title":{"rendered":"Lo que debes saber si te quieres hacer injertos de pelo"},"content":{"rendered":"\n<p>Una decisi\u00f3n como hacerse <strong>injertos de <a href=\"https:\/\/www.primor.eu\/blog\/mejores-champus-anticaida-cabello\/?srsltid=AfmBOooFzx8cVzvRT9fTWsI82rz4faqpRyTRu9i5S8KLnmmJG_d8HD80\" data-type=\"link\" data-id=\"https:\/\/www.primor.eu\/blog\/mejores-champus-anticaida-cabello\/?srsltid=AfmBOooFzx8cVzvRT9fTWsI82rz4faqpRyTRu9i5S8KLnmmJG_d8HD80\">pelo<\/a><\/strong>, no se deber\u00eda tomar a la ligera. Por eso, si est\u00e1s pensando en esta posibilidad porque tienes alopecia y est\u00e1s acomplejado, es importante que tengas en cuenta algunos factores.\u00a0<\/p>\n\n\n\n<p>En primer lugar, es importante que, si se ha tomado esta decisi\u00f3n, <strong>se conozca<\/strong> bien el <strong>proceso<\/strong> que requieren los injertos de pelo. Tanto c\u00f3mo es la operaci\u00f3n en s\u00ed, como el proceso previo y los cuidados posteriores.&nbsp;<\/p>\n\n\n\n<p>Por un lado, es bueno tener en cuenta que los injertos de pelo no quedan igual en todo el mundo que se los hace. Tambi\u00e9n que tienen una durabilidad y que no siempre tienen porqu\u00e9 ser de por vida. Hoy en Primor, vemos en profundidad todas estas cuestiones.<\/p>\n\n\n\n<h2 class=\"wp-block-heading\">D\u00f3nde se hacen los injertos de pelo<\/h2>\n\n\n\n<p>Lo primero que es bueno que sepas es d\u00f3nde se hacen los injertos de pelo. El pelo en la cabeza crece <strong>en los fol\u00edculos<\/strong>, por lo que es aqu\u00ed donde se realizan los injertos de pelo. Pero, \u00bfsolamente se injerta un pelo por fol\u00edculo? La respuesta es que no. Y es que por cada fol\u00edculo, puede haber de tres a cuatro pelos. De hecho, en algunos casos incluso pueden ser m\u00e1s.&nbsp;<\/p>\n\n\n\n<h2 class=\"wp-block-heading\">C\u00f3mo se hacen los injertos de pelo<\/h2>\n\n\n\n<p>Esta puede ser la siguiente pregunta que te est\u00e1s haciendo. Una vez que sabes d\u00f3nde se injerta el cabello, es importante que sepas <strong>de d\u00f3nde <\/strong>se va a <strong>extraer<\/strong>. Las unidades foliculares que hemos visto anteriormente y en las que puede haber de dos a m\u00e1s cabellos, es de donde se extraen los pelos para el injerto en otras zonas.&nbsp;<\/p>\n\n\n\n<p>Por ello, es necesario que el paciente tenga pelo para poder hacer el injerto en las zonas <strong>donde menos tiene<\/strong>. Por ello, vamos a ver despu\u00e9s los cuidados que son necesarios cuando te vas a someter a injertos de pelo, no solamente despu\u00e9s de la intervenci\u00f3n, sino tambi\u00e9n antes.&nbsp;<\/p>\n\n\n\n<h2 class=\"wp-block-heading\">Cuidados antes de hacerte injertos de pelo<\/h2>\n\n\n\n<p>Vamos a ver cu\u00e1les son los <strong>cuidados <\/strong>necesarios antes de someterse a injertos de pelo. Evidentemente, si ya se ha decidido que se va a llevar a cabo el tratamiento, lo mejor es que la persona que va a llevarlo a cabo, ya que es la profesional, sea quien dicte las indicaciones a este respecto. No obstante, vamos a ver cu\u00e1les son algunas de las m\u00e1s comunes para que sepas m\u00e1s sobre el proceso.<\/p>\n\n\n\n<p>En primer lugar, los profesionales de este sector suelen recomendar desde tratamientos para antes de la intervenci\u00f3n, como formas de lavarse el cabello para <strong>cuidar su calidad<\/strong>. Tambi\u00e9n es bueno comer saludable los d\u00edas previos a la intervenci\u00f3n.&nbsp;<\/p>\n\n\n\n<h2 class=\"wp-block-heading\">Cuidados despu\u00e9s de hacerte injertos de pelo<\/h2>\n\n\n\n<p>Otro momento muy importante es el periodo posterior a haberse hecho injertos de pelo. Durante este, es muy importante llevar a cabo unos cuidados espec\u00edficos que el profesional en cuesti\u00f3n suele tambi\u00e9n mandar al paciente. Entre estos est\u00e1n los<strong> tratamientos t\u00f3picos<\/strong>, e incluso, <strong>medicamentos orales<\/strong> para evitar que se den infecciones despu\u00e9s de la intervenci\u00f3n de injertos de pelo.&nbsp;<\/p>\n\n\n\n<p>Tambi\u00e9n es crucial evitar la exposici\u00f3n al sol, beber abundante agua y comer saludable. Otra de las consignas es olvidar el tabaco y el alcohol durante el postoperatorio.&nbsp;<\/p>\n\n\n\n<h2 class=\"wp-block-heading\">Cu\u00e1nto duran los injertos de pelo<\/h2>\n\n\n\n<p>Esta es otra de las preguntas importantes si est\u00e1s pensando si llevar a cabo este tratamiento. Puede haber quienes piensen que los injertos de pelo son de por vida, sin embargo esto no es as\u00ed.&nbsp;<\/p>\n\n\n\n<p>Seg\u00fan la cl\u00ednica especialista, Im Clinic, los injertos de pelo<strong> duran 20 a\u00f1os <\/strong>o m\u00e1s, una vez que se ha integrado la intervenci\u00f3n y el cabello se ha fijado correctamente. No obstante, la duraci\u00f3n puede variar, seg\u00fan indican, dependiendo del n\u00famero de unidades foliculares a trasplantar. Del mismo modo, la viabilidad del tratamiento depende de los fol\u00edculos capilares de las personas que se someten a \u00e9l y los resultados tambi\u00e9n.&nbsp;<\/p>\n\n\n<div class=\"kk-star-ratings kksr-auto kksr-align-center kksr-valign-bottom\"\n    data-payload='{&quot;align&quot;:&quot;center&quot;,&quot;id&quot;:&quot;116743&quot;,&quot;slug&quot;:&quot;default&quot;,&quot;valign&quot;:&quot;bottom&quot;,&quot;ignore&quot;:&quot;&quot;,&quot;reference&quot;:&quot;auto&quot;,&quot;class&quot;:&quot;&quot;,&quot;count&quot;:&quot;0&quot;,&quot;legendonly&quot;:&quot;&quot;,&quot;readonly&quot;:&quot;&quot;,&quot;score&quot;:&quot;0&quot;,&quot;starsonly&quot;:&quot;&quot;,&quot;best&quot;:&quot;5&quot;,&quot;gap&quot;:&quot;5&quot;,&quot;greet&quot;:&quot;Valora este art\u00edculo&quot;,&quot;legend&quot;:&quot;0\\\/5 - (0 votos)&quot;,&quot;size&quot;:&quot;24&quot;,&quot;title&quot;:&quot;Lo que debes saber si te quieres hacer injertos de pelo&quot;,&quot;width&quot;:&quot;0&quot;,&quot;_legend&quot;:&quot;{score}\\\/{best} - ({count} {votes})&quot;,&quot;font_factor&quot;:&quot;1.25&quot;}'>\n            \n<div class=\"kksr-stars\">\n    \n<div class=\"kksr-stars-inactive\">\n            <div class=\"kksr-star\" data-star=\"1\" style=\"padding-right: 5px\">\n            \n\n<div class=\"kksr-icon\" style=\"width: 24px; height: 24px;\"><\/div>\n        <\/div>\n            <div class=\"kksr-star\" data-star=\"2\" style=\"padding-right: 5px\">\n            \n\n<div class=\"kksr-icon\" style=\"width: 24px; height: 24px;\"><\/div>\n        <\/div>\n            <div class=\"kksr-star\" data-star=\"3\" style=\"padding-right: 5px\">\n            \n\n<div class=\"kksr-icon\" style=\"width: 24px; height: 24px;\"><\/div>\n        <\/div>\n            <div class=\"kksr-star\" data-star=\"4\" style=\"padding-right: 5px\">\n            \n\n<div class=\"kksr-icon\" style=\"width: 24px; height: 24px;\"><\/div>\n        <\/div>\n            <div class=\"kksr-star\" data-star=\"5\" style=\"padding-right: 5px\">\n            \n\n<div class=\"kksr-icon\" style=\"width: 24px; height: 24px;\"><\/div>\n        <\/div>\n    <\/div>\n    \n<div class=\"kksr-stars-active\" style=\"width: 0px;\">\n            <div class=\"kksr-star\" style=\"padding-right: 5px\">\n            \n\n<div class=\"kksr-icon\" style=\"width: 24px; height: 24px;\"><\/div>\n        <\/div>\n            <div class=\"kksr-star\" style=\"padding-right: 5px\">\n            \n\n<div class=\"kksr-icon\" style=\"width: 24px; height: 24px;\"><\/div>\n        <\/div>\n            <div class=\"kksr-star\" style=\"padding-right: 5px\">\n            \n\n<div class=\"kksr-icon\" style=\"width: 24px; height: 24px;\"><\/div>\n        <\/div>\n            <div class=\"kksr-star\" style=\"padding-right: 5px\">\n            \n\n<div class=\"kksr-icon\" style=\"width: 24px; height: 24px;\"><\/div>\n        <\/div>\n            <div class=\"kksr-star\" style=\"padding-right: 5px\">\n            \n\n<div class=\"kksr-icon\" style=\"width: 24px; height: 24px;\"><\/div>\n        <\/div>\n    <\/div>\n<\/div>\n                \n\n<div class=\"kksr-legend\" style=\"font-size: 19.2px;\">\n            <span class=\"kksr-muted\">Valora este art\u00edculo<\/span>\n    <\/div>\n    <\/div>\n","protected":false},"excerpt":{"rendered":"<p>Una decisi\u00f3n como hacerse injertos de pelo, no se deber\u00eda tomar a la ligera. Por eso, si est\u00e1s pensando en esta posibilidad porque tienes alopecia y est\u00e1s acomplejado, es importante que tengas en cuenta algunos factores.\u00a0 En primer lugar, es importante que, si se ha tomado esta decisi\u00f3n, se conozca bien el proceso que requieren [&hellip;]<\/p>\n","protected":false},"author":30,"featured_media":116744,"comment_status":"closed","ping_status":"closed","sticky":false,"template":"","format":"standard","meta":{"jnews-multi-image_gallery":[],"jnews_single_post":{"format":"standard"},"jnews_primary_category":[],"jnews_social_meta":[],"jnews_override_counter":[],"footnotes":""},"categories":[35],"tags":[],"class_list":["post-116743","post","type-post","status-publish","format-standard","has-post-thumbnail","hentry","category-cabello"],"_links":{"self":[{"href":"https:\/\/www.primor.eu\/blog\/wp-json\/wp\/v2\/posts\/116743","targetHints":{"allow":["GET"]}}],"collection":[{"href":"https:\/\/www.primor.eu\/blog\/wp-json\/wp\/v2\/posts"}],"about":[{"href":"https:\/\/www.primor.eu\/blog\/wp-json\/wp\/v2\/types\/post"}],"author":[{"embeddable":true,"href":"https:\/\/www.primor.eu\/blog\/wp-json\/wp\/v2\/users\/30"}],"replies":[{"embeddable":true,"href":"https:\/\/www.primor.eu\/blog\/wp-json\/wp\/v2\/comments?post=116743"}],"version-history":[{"count":2,"href":"https:\/\/www.primor.eu\/blog\/wp-json\/wp\/v2\/posts\/116743\/revisions"}],"predecessor-version":[{"id":133014,"href":"https:\/\/www.primor.eu\/blog\/wp-json\/wp\/v2\/posts\/116743\/revisions\/133014"}],"wp:featuredmedia":[{"embeddable":true,"href":"https:\/\/www.primor.eu\/blog\/wp-json\/wp\/v2\/media\/116744"}],"wp:attachment":[{"href":"https:\/\/www.primor.eu\/blog\/wp-json\/wp\/v2\/media?parent=116743"}],"wp:term":[{"taxonomy":"category","embeddable":true,"href":"https:\/\/www.primor.eu\/blog\/wp-json\/wp\/v2\/categories?post=116743"},{"taxonomy":"post_tag","embeddable":true,"href":"https:\/\/www.primor.eu\/blog\/wp-json\/wp\/v2\/tags?post=116743"}],"curies":[{"name":"wp","href":"https:\/\/api.w.org\/{rel}","templated":true}]}}