{"id":116682,"date":"2024-11-09T14:00:00","date_gmt":"2024-11-09T14:00:00","guid":{"rendered":"https:\/\/www.primor.eu\/blog\/?p=116682"},"modified":"2024-11-06T14:08:58","modified_gmt":"2024-11-06T14:08:58","slug":"corte-pelo-carre","status":"publish","type":"post","link":"https:\/\/www.primor.eu\/blog\/corte-pelo-carre\/","title":{"rendered":"La nueva tendencia es el corte de pelo carr\u00e9"},"content":{"rendered":"\n<p>En Primor somos amantes de las <strong>nuevas tendencias<\/strong>. Este mes venimos con el <strong>corte de <a href=\"https:\/\/www.primor.eu\/blog\/tipos-tratamientos-cabello\/\" data-type=\"link\" data-id=\"https:\/\/www.primor.eu\/blog\/tipos-tratamientos-cabello\/\">pelo <\/a>carr\u00e9 <\/strong>y te contamos todo sobre esta tendencia de belleza que arrasa tanto en los salones, como en las revistas m\u00e1s glamurosas de moda y belleza.\u00a0<\/p>\n\n\n\n<p>Como siempre decimos, lo m\u00e1s importante a la hora de seguir una tendencia como el corte de pelo carr\u00e9, es que la hagas tuya. Tener<strong> personalidad<\/strong> y elegir <strong>variantes <\/strong>que te sienten bien es importante. Lo es, porque lo m\u00e1s atractivo es ser fiel a una misma. Y, seguir una tendencia, no quiere decir huir de tu sello personal. Hoy en Primor vemos qu\u00e9 es el corte de pelo carr\u00e9, los beneficios de elegirlo y qu\u00e9 tipos de corte de pelo se pueden elegir.&nbsp;<\/p>\n\n\n\n<h2 class=\"wp-block-heading\">Qu\u00e9 es el corte de pelo carr\u00e9<\/h2>\n\n\n\n<p>Antes de comenzar a ver los beneficios y los cortes de pelo carr\u00e9 que puedes elegir, vamos a ver las caracter\u00edsticas de este corte. En primer lugar, podr\u00edamos decir que el corte de pelo carr\u00e9 es lo m\u00e1s<strong> parecido<\/strong> a un <strong>bob cl\u00e1sico<\/strong>. Hay <strong>variantes<\/strong> de bob m\u00e1s rectas y m\u00e1s redondas. El corte de pelo carr\u00e9 se asemeja m\u00e1s bien a las<strong> rectas y estructuradas.<\/strong><\/p>\n\n\n\n<p>La palabra carr\u00e9 quiere decir cuadrado en franc\u00e9s, por lo que con esta pista ya te puedes hacer una idea de c\u00f3mo es el corte. Esta variante del bob, tiene este toque pulido que tanta sofisticaci\u00f3n aporta a cualquier look. Al ser un cl\u00e1sico, es perfecto para<strong> cualquier edad<\/strong> y estilo con el que combinar.&nbsp;<\/p>\n\n\n\n<h2 class=\"wp-block-heading\">Beneficios del corte de pelo carr\u00e9<\/h2>\n\n\n\n<p>Ahora que hemos visto cu\u00e1l es el corte de pelo carr\u00e9 y cu\u00e1les son sus distintivos frente a algunos bobs, vamos a ver cu\u00e1les son los beneficios y ventajas de elegirlo.<\/p>\n\n\n\n<ul class=\"wp-block-list\">\n<li><strong>Es f\u00e1cil de mantener<\/strong>: si damos con un corte de pelo que sea elegante, que case con cualquier look y que, adem\u00e1s, sea f\u00e1cil de mantener, hemos dado con la piedra filosofal de la belleza. Pues este ser\u00eda el caso del corte de pelo carr\u00e9. Se puede llevar liso, pero para aquellas que tengan ondas o el pelo rizado, esto no llevar\u00e1 mucho tiempo ya que es corto. Pero, adem\u00e1s, este corte de pelo queda tambi\u00e9n genial con ondas o con un poco m\u00e1s de volumen, lo que a\u00fan facilita m\u00e1s las cosas para las que tienen este tipo de cabello.\u00a0<\/li>\n\n\n\n<li><strong>Enmarca el rostro<\/strong>: y aporta un toque de personalidad por ello, marcando las facciones. Resalta algunos rasgos faciales y en muchos casos, aporta expresividad y un toque juvenil.\u00a0<\/li>\n\n\n\n<li><strong>Es elegante<\/strong>: el corte de pelo carr\u00e9 es minimalista y elegante. Por ello, es perfecto tanto para combinarlo con un look lady sofisticado y hasta con el look m\u00e1s casual al mismo tiempo.\u00a0<\/li>\n\n\n\n<li><strong>Es un cl\u00e1sico<\/strong>: por lo que no pasa de moda y sienta bien con muchos outfits y maquillajes.\u00a0<\/li>\n\n\n\n<li><strong>Es vers\u00e1til<\/strong>: porque como hemos dicho, sienta bien con muchos looks diferentes y a mujeres de todas las edades.\u00a0<\/li>\n<\/ul>\n\n\n\n<h2 class=\"wp-block-heading\">Formas de llevar el corte de pelo carr\u00e9<\/h2>\n\n\n\n<p>Ahora que ya hemos visto c\u00f3mo es el corte de pelo carr\u00e9 y cu\u00e1les son los beneficios de elegirlo como estilo de belleza esta temporada, vamos a ver cu\u00e1les son las variantes que hay disponibles.<\/p>\n\n\n\n<ul class=\"wp-block-list\">\n<li><strong>Cl\u00e1sico<\/strong>: es decir, a la altura de la mand\u00edbula y recto. Las puntas en esta variante suelen ir peinadas hacia dentro como en los bobs cl\u00e1sicos.\u00a0<\/li>\n\n\n\n<li><strong>Largo<\/strong>: existe una versi\u00f3n m\u00e1s larga del corte de pelo carr\u00e9, al igual que ocurre con el long bob. Esta llega hasta los hombros, por lo que es una buena elecci\u00f3n si llevas melena y te da miedo arriesgarte a cortarte tanto como para llevar un corte de pelo carr\u00e9 cl\u00e1sico. Tambi\u00e9n es perfecto si tienes el pelo rizado o demasiado volumen y quieres que tu melena tenga peso.<\/li>\n\n\n\n<li><strong>Despeinado<\/strong>: para un acabado m\u00e1s natural, casual y juvenil.<\/li>\n\n\n\n<li><strong>Con flequillo<\/strong>: para conseguir un toque m\u00e1s retro y sofisticado.<\/li>\n<\/ul>\n\n\n<div class=\"kk-star-ratings kksr-auto kksr-align-center kksr-valign-bottom\"\n    data-payload='{&quot;align&quot;:&quot;center&quot;,&quot;id&quot;:&quot;116682&quot;,&quot;slug&quot;:&quot;default&quot;,&quot;valign&quot;:&quot;bottom&quot;,&quot;ignore&quot;:&quot;&quot;,&quot;reference&quot;:&quot;auto&quot;,&quot;class&quot;:&quot;&quot;,&quot;count&quot;:&quot;0&quot;,&quot;legendonly&quot;:&quot;&quot;,&quot;readonly&quot;:&quot;&quot;,&quot;score&quot;:&quot;0&quot;,&quot;starsonly&quot;:&quot;&quot;,&quot;best&quot;:&quot;5&quot;,&quot;gap&quot;:&quot;5&quot;,&quot;greet&quot;:&quot;Valora este art\u00edculo&quot;,&quot;legend&quot;:&quot;0\\\/5 - (0 votos)&quot;,&quot;size&quot;:&quot;24&quot;,&quot;title&quot;:&quot;La nueva tendencia es el corte de pelo carr\u00e9&quot;,&quot;width&quot;:&quot;0&quot;,&quot;_legend&quot;:&quot;{score}\\\/{best} - ({count} {votes})&quot;,&quot;font_factor&quot;:&quot;1.25&quot;}'>\n            \n<div class=\"kksr-stars\">\n    \n<div class=\"kksr-stars-inactive\">\n            <div class=\"kksr-star\" data-star=\"1\" style=\"padding-right: 5px\">\n            \n\n<div class=\"kksr-icon\" style=\"width: 24px; height: 24px;\"><\/div>\n        <\/div>\n            <div class=\"kksr-star\" data-star=\"2\" style=\"padding-right: 5px\">\n            \n\n<div class=\"kksr-icon\" style=\"width: 24px; height: 24px;\"><\/div>\n        <\/div>\n            <div class=\"kksr-star\" data-star=\"3\" style=\"padding-right: 5px\">\n            \n\n<div class=\"kksr-icon\" style=\"width: 24px; height: 24px;\"><\/div>\n        <\/div>\n            <div class=\"kksr-star\" data-star=\"4\" style=\"padding-right: 5px\">\n            \n\n<div class=\"kksr-icon\" style=\"width: 24px; height: 24px;\"><\/div>\n        <\/div>\n            <div class=\"kksr-star\" data-star=\"5\" style=\"padding-right: 5px\">\n            \n\n<div class=\"kksr-icon\" style=\"width: 24px; height: 24px;\"><\/div>\n        <\/div>\n    <\/div>\n    \n<div class=\"kksr-stars-active\" style=\"width: 0px;\">\n            <div class=\"kksr-star\" style=\"padding-right: 5px\">\n            \n\n<div class=\"kksr-icon\" style=\"width: 24px; height: 24px;\"><\/div>\n        <\/div>\n            <div class=\"kksr-star\" style=\"padding-right: 5px\">\n            \n\n<div class=\"kksr-icon\" style=\"width: 24px; height: 24px;\"><\/div>\n        <\/div>\n            <div class=\"kksr-star\" style=\"padding-right: 5px\">\n            \n\n<div class=\"kksr-icon\" style=\"width: 24px; height: 24px;\"><\/div>\n        <\/div>\n            <div class=\"kksr-star\" style=\"padding-right: 5px\">\n            \n\n<div class=\"kksr-icon\" style=\"width: 24px; height: 24px;\"><\/div>\n        <\/div>\n            <div class=\"kksr-star\" style=\"padding-right: 5px\">\n            \n\n<div class=\"kksr-icon\" style=\"width: 24px; height: 24px;\"><\/div>\n        <\/div>\n    <\/div>\n<\/div>\n                \n\n<div class=\"kksr-legend\" style=\"font-size: 19.2px;\">\n            <span class=\"kksr-muted\">Valora este art\u00edculo<\/span>\n    <\/div>\n    <\/div>\n","protected":false},"excerpt":{"rendered":"<p>En Primor somos amantes de las nuevas tendencias. Este mes venimos con el corte de pelo carr\u00e9 y te contamos todo sobre esta tendencia de belleza que arrasa tanto en los salones, como en las revistas m\u00e1s glamurosas de moda y belleza.\u00a0 Como siempre decimos, lo m\u00e1s importante a la hora de seguir una tendencia [&hellip;]<\/p>\n","protected":false},"author":30,"featured_media":116684,"comment_status":"closed","ping_status":"closed","sticky":false,"template":"","format":"standard","meta":{"jnews-multi-image_gallery":[],"jnews_single_post":{"format":"standard"},"jnews_primary_category":[],"jnews_social_meta":[],"jnews_override_counter":[],"footnotes":""},"categories":[35],"tags":[],"class_list":["post-116682","post","type-post","status-publish","format-standard","has-post-thumbnail","hentry","category-cabello"],"_links":{"self":[{"href":"https:\/\/www.primor.eu\/blog\/wp-json\/wp\/v2\/posts\/116682","targetHints":{"allow":["GET"]}}],"collection":[{"href":"https:\/\/www.primor.eu\/blog\/wp-json\/wp\/v2\/posts"}],"about":[{"href":"https:\/\/www.primor.eu\/blog\/wp-json\/wp\/v2\/types\/post"}],"author":[{"embeddable":true,"href":"https:\/\/www.primor.eu\/blog\/wp-json\/wp\/v2\/users\/30"}],"replies":[{"embeddable":true,"href":"https:\/\/www.primor.eu\/blog\/wp-json\/wp\/v2\/comments?post=116682"}],"version-history":[{"count":1,"href":"https:\/\/www.primor.eu\/blog\/wp-json\/wp\/v2\/posts\/116682\/revisions"}],"predecessor-version":[{"id":116685,"href":"https:\/\/www.primor.eu\/blog\/wp-json\/wp\/v2\/posts\/116682\/revisions\/116685"}],"wp:featuredmedia":[{"embeddable":true,"href":"https:\/\/www.primor.eu\/blog\/wp-json\/wp\/v2\/media\/116684"}],"wp:attachment":[{"href":"https:\/\/www.primor.eu\/blog\/wp-json\/wp\/v2\/media?parent=116682"}],"wp:term":[{"taxonomy":"category","embeddable":true,"href":"https:\/\/www.primor.eu\/blog\/wp-json\/wp\/v2\/categories?post=116682"},{"taxonomy":"post_tag","embeddable":true,"href":"https:\/\/www.primor.eu\/blog\/wp-json\/wp\/v2\/tags?post=116682"}],"curies":[{"name":"wp","href":"https:\/\/api.w.org\/{rel}","templated":true}]}}