{"id":116562,"date":"2025-11-06T13:53:40","date_gmt":"2025-11-06T13:53:40","guid":{"rendered":"https:\/\/www.primor.eu\/blog\/?p=116562"},"modified":"2026-07-21T15:19:27","modified_gmt":"2026-07-21T15:19:27","slug":"inflammaging-envejecimiento","status":"publish","type":"post","link":"https:\/\/www.primor.eu\/blog\/inflammaging-envejecimiento\/","title":{"rendered":"Inflammaging: qu\u00e9 es y c\u00f3mo acelera el envejecimiento"},"content":{"rendered":"\n<p class=\"wp-block-paragraph\">El t\u00e9rmino inflammaging no es nuevo, y esta <strong><a href=\"https:\/\/www.primor.eu\/blog\/signos-inflamacion-cronica\/\" data-type=\"link\" data-id=\"https:\/\/www.primor.eu\/blog\/signos-inflamacion-cronica\/\">inflamaci\u00f3n cr\u00f3nica<\/a> de bajo grado<\/strong> que se acumula con la edad, acelera el proceso de <strong><a href=\"https:\/\/www.primor.eu\/es_es\/antiarrugas-y-antiedad-lujo\" data-type=\"link\" data-id=\"https:\/\/www.primor.eu\/es_es\/antiarrugas-y-antiedad-lujo\">envejecimiento<\/a><\/strong>. As\u00ed que s\u00ed, desgraciadamente el inflammaging y el envejecimiento est\u00e1n relacionados. En este art\u00edculo de Primor te contamos por qu\u00e9 ocurre y c\u00f3mo puedes evitar el da\u00f1o celular que origina las arrugas.<\/p>\n\n\n\n<h2 class=\"wp-block-heading\">Inflammaging: por qu\u00e9 aparece<\/h2>\n\n\n\n<p class=\"wp-block-paragraph\">Como en cualquier patolog\u00eda, por una combinaci\u00f3n de varios factores internos y externos que afectan a nuestro cuerpo, tales como:<\/p>\n\n\n\n<ul class=\"wp-block-list\">\n<li><strong>Acumulaci\u00f3n de da\u00f1o celular.<\/strong> Nuestras c\u00e9lulas est\u00e1n expuestas a estr\u00e9s oxidativo y a otros agentes da\u00f1inos (como los radicales libres) que degradan sus componentes y estructuras. Cuando las c\u00e9lulas se da\u00f1an o mueren, el cuerpo responde con una inflamaci\u00f3n que, si persiste, puede perpetuar un estado inflamatorio a nivel sist\u00e9mico.<\/li>\n\n\n\n<li><strong>Mala respuesta inmunol\u00f3gica. <\/strong>A medida que envejecemos, el sistema inmunol\u00f3gico se vuelve menos eficiente. Aunque ya no responde de manera \u00f3ptima a infecciones y heridas, genera una inflamaci\u00f3n residual. Esta inflamaci\u00f3n cr\u00f3nica de bajo grado, aunque no siempre evidente, afecta tejidos y c\u00e9lulas, promoviendo su envejecimiento.<\/li>\n\n\n\n<li><strong>Factores externos<\/strong> como el estr\u00e9s, una dieta alta en alimentos procesados y az\u00facares, la exposici\u00f3n a contaminantes ambientales y la falta de ejercicio contribuyen a incrementar la inflamaci\u00f3n en el cuerpo, lo que a su vez intensifica el inflammaging.<\/li>\n\n\n\n<li><strong>Senescencia celular.<\/strong> Con el tiempo, algunas c\u00e9lulas dejan de dividirse y acumulan da\u00f1o. Estas c\u00e9lulas viejas liberan se\u00f1ales inflamatorias y generan m\u00e1s inflamaci\u00f3n en el entorno celular, acelerando el deterioro de los tejidos.<\/li>\n<\/ul>\n\n\n\n<h2 class=\"wp-block-heading\">C\u00f3mo se acelera el inflammaging&nbsp;<\/h2>\n\n\n\n<ul class=\"wp-block-list\">\n<li><strong><a href=\"https:\/\/www.primor.eu\/es_es\/antiarrugas-y-antiedad-lujo\" data-type=\"link\" data-id=\"https:\/\/www.primor.eu\/es_es\/antiarrugas-y-antiedad-lujo\">Da\u00f1o celular <\/a>continuo<\/strong>. La inflamaci\u00f3n cr\u00f3nica genera compuestos proinflamatorios que da\u00f1an directamente el ADN, las prote\u00ednas y las membranas celulares. Con el tiempo, el da\u00f1o compromete la integridad y funcionalidad de los tejidos, acelerando el envejecimiento de la piel, los \u00f3rganos y otros sistemas.<\/li>\n\n\n\n<li><strong>Aumento del estr\u00e9s oxidativo<\/strong> que provoca un desgaste prematuro en los tejidos.<\/li>\n\n\n\n<li><strong>Impacto en \u00f3rganos y sistemas<\/strong>, especialmente a \u00f3rganos que tienen una alta carga de trabajo y de renovaci\u00f3n celular, como el coraz\u00f3n, el h\u00edgado, los ri\u00f1ones y la piel.&nbsp;<\/li>\n\n\n\n<li><strong>Afecta a la piel y el cabello<\/strong>, acelerando la aparici\u00f3n temprana de arrugas, flacidez y manchas.<\/li>\n<\/ul>\n\n\n\n<h2 class=\"wp-block-heading\">C\u00f3mo combatirlo<\/h2>\n\n\n\n<h3 class=\"wp-block-heading\">Llevar una dieta antiinflamatoria<\/h3>\n\n\n\n<ul class=\"wp-block-list\">\n<li><strong>Consumir alimentos ricos en antioxidantes<\/strong>. Las frutas y verduras de colores vivos, como los ar\u00e1ndanos, zanahorias, espinacas, y br\u00f3coli, son ricas en antioxidantes que combaten el estr\u00e9s oxidativo.<\/li>\n\n\n\n<li><strong>Grasas saludables<\/strong>. Opta por grasas saludables, como las que se encuentran en el aceite de oliva, aguacates, y pescado graso (como el salm\u00f3n), ricos en \u00e1cidos grasos omega-3 con propiedades antiinflamatorias.<\/li>\n\n\n\n<li><strong>Limitar az\u00facares y carbohidratos refinados<\/strong>. El az\u00facar y los carbohidratos de r\u00e1pida absorci\u00f3n aumentan la inflamaci\u00f3n y contribuyen al estr\u00e9s oxidativo.<\/li>\n\n\n\n<li><strong>Incluir especias antiinflamatorias<\/strong> como la c\u00farcuma, jengibre y canela tienen propiedades antiinflamatorias naturales y son f\u00e1ciles de incorporar en la dieta.<\/li>\n<\/ul>\n\n\n\n<h3 class=\"wp-block-heading\">Haz ejercicio regular<\/h3>\n\n\n\n<ul class=\"wp-block-list\">\n<li><strong>Ejercicio aer\u00f3bico y de fuerza<\/strong>. Ambos tipos de ejercicio ayudan a reducir la inflamaci\u00f3n cr\u00f3nica y mejoran la funci\u00f3n inmunol\u00f3gica. Las actividades aer\u00f3bicas (como caminar, correr, nadar) son especialmente beneficiosas para la salud cardiovascular, mientras que el entrenamiento de fuerza ayuda a preservar la masa muscular, que tiende a disminuir con la edad.<\/li>\n\n\n\n<li><strong>Evitar el ejercicio excesivo<\/strong>. Aunque el ejercicio es beneficioso, el sobreentrenamiento puede llevar al efecto contrario, aumentando el estr\u00e9s oxidativo y la inflamaci\u00f3n.<\/li>\n<\/ul>\n\n\n\n<h3 class=\"wp-block-heading\">En el sue\u00f1o est\u00e1 todo<\/h3>\n\n\n\n<p class=\"wp-block-paragraph\">La falta de sue\u00f1o aumenta el nivel de cortisol (la hormona del estr\u00e9s) y la inflamaci\u00f3n en el cuerpo. Dormir al menos 7-8 horas ayuda a reducir estos efectos. Establecer horarios regulares y crear un ambiente adecuado para dormir facilita un descanso reparador, esencial para mantener el sistema inmunol\u00f3gico balanceado.<\/p>\n\n\n\n<h3 class=\"wp-block-heading\">Control del estr\u00e9s<\/h3>\n\n\n\n<p class=\"wp-block-paragraph\">La meditaci\u00f3n, el mindfulness, el yoga y la respiraci\u00f3n profunda son efectivos para reducir el estr\u00e9s, que de otra manera eleva la inflamaci\u00f3n en el cuerpo.<\/p>\n\n\n\n<h2 class=\"wp-block-heading\">Dos productos para el regular el inflammaging\u00a0<\/h2>\n\n\n\n<h3 class=\"wp-block-heading\">Jelly Extender Doble de Moi<\/h3>\n\n\n\n<p class=\"wp-block-paragraph\">Banda de resistencia multifuncional que permite fortalecer las piernas, los brazos, la espalda y los gl\u00fateos, gracias a su material de caucho termopl\u00e1stico que se adapta a cada ejercicio, volviendo a su forma original.<\/p>\n\n\n\n<p class=\"wp-block-paragraph\">Perfecto para entrenamiento de fuerza, resistencia y elasticidad.<\/p>\n\n\n\n<p class=\"wp-block-paragraph\">MOI* Jelly Extender Doble mide 45cm aprox (sin extender).<\/p>\n\n\n    <a class='product' target='_blank' href='https:\/\/www.primor.eu\/es_es\/moi-jelly-extender-doble-20819.html'>\r\n        <img loading='async' src='https:\/\/cdn2.primor.eu\/media\/catalog\/product\/cache\/8d3aba296f7a18b5251ee30fa5db42b2\/6\/V\/6VA23885_1_250d.jpg' alt='COMPRAR AHORA'>\r\n            <div class=\"claim\">\r\n                COMPRAR AHORA            <\/div>\r\n        <\/a>\r\n    \n\n\n<h3 class=\"wp-block-heading\">Col\u00e1geno Plus Huesos y Articulaciones de B.Green<\/h3>\n\n\n\n<p class=\"wp-block-paragraph\">Un complemento alimenticio formulado con col\u00e1geno, membrana de huevo, \u00e1cido hialur\u00f3nico, magnesio y vitamina C.<\/p>\n\n\n\n<p class=\"wp-block-paragraph\">B.GREEN Col\u00e1geno Plus Huesos y Articulaciones est\u00e1 dise\u00f1ado para contribuir a la regeneraci\u00f3n de las articulaciones y mejorar la flexibilidad articular. Cada dosis de B.GREEN Col\u00e1geno Plus Huesos y Articulaciones aporta los componentes necesarios para fortalecer y recuperar las articulaciones, reducir los dolores articulares y favorecer la movilidad general.<\/p>\n\n\n\n<p class=\"wp-block-paragraph\">B.GREEN garantiza la calidad de Col\u00e1geno Plus Huesos y Articulaciones, asegurando que cada c\u00e1psula cumpla con los est\u00e1ndares de la marca. Adem\u00e1s, B.GREEN Col\u00e1geno Plus Huesos y Articulaciones contribuye al mantenimiento del cabello, la piel y las u\u00f1as, integrando sus beneficios de manera pr\u00e1ctica en la rutina diaria.<\/p>\n\n\n    <a class='product' target='_blank' href='https:\/\/www.primor.eu\/es_es\/b-green-colageno-plus-4619.html'>\r\n        <img loading='async' src='https:\/\/cdn2.primor.eu\/media\/catalog\/product\/cache\/8d3aba296f7a18b5251ee30fa5db42b2\/E\/A\/EAN_8436046982123_Col__geno_plus_bcf1.png' alt='COMPRAR AHORA'>\r\n            <div class=\"claim\">\r\n                COMPRAR AHORA            <\/div>\r\n        <\/a>\r\n    \n\n<div class=\"kk-star-ratings kksr-auto kksr-align-center kksr-valign-bottom\"\n    data-payload='{&quot;align&quot;:&quot;center&quot;,&quot;id&quot;:&quot;116562&quot;,&quot;slug&quot;:&quot;default&quot;,&quot;valign&quot;:&quot;bottom&quot;,&quot;ignore&quot;:&quot;&quot;,&quot;reference&quot;:&quot;auto&quot;,&quot;class&quot;:&quot;&quot;,&quot;count&quot;:&quot;0&quot;,&quot;legendonly&quot;:&quot;&quot;,&quot;readonly&quot;:&quot;&quot;,&quot;score&quot;:&quot;0&quot;,&quot;starsonly&quot;:&quot;&quot;,&quot;best&quot;:&quot;5&quot;,&quot;gap&quot;:&quot;5&quot;,&quot;greet&quot;:&quot;Valora este art\u00edculo&quot;,&quot;legend&quot;:&quot;0\\\/5 - (0 votos)&quot;,&quot;size&quot;:&quot;24&quot;,&quot;title&quot;:&quot;Inflammaging: qu\u00e9 es y c\u00f3mo acelera el envejecimiento&quot;,&quot;width&quot;:&quot;0&quot;,&quot;_legend&quot;:&quot;{score}\\\/{best} - ({count} {votes})&quot;,&quot;font_factor&quot;:&quot;1.25&quot;}'>\n            \n<div class=\"kksr-stars\">\n    \n<div class=\"kksr-stars-inactive\">\n            <div class=\"kksr-star\" data-star=\"1\" style=\"padding-right: 5px\">\n            \n\n<div class=\"kksr-icon\" style=\"width: 24px; height: 24px;\"><\/div>\n        <\/div>\n            <div class=\"kksr-star\" data-star=\"2\" style=\"padding-right: 5px\">\n            \n\n<div class=\"kksr-icon\" style=\"width: 24px; height: 24px;\"><\/div>\n        <\/div>\n            <div class=\"kksr-star\" data-star=\"3\" style=\"padding-right: 5px\">\n            \n\n<div class=\"kksr-icon\" style=\"width: 24px; height: 24px;\"><\/div>\n        <\/div>\n            <div class=\"kksr-star\" data-star=\"4\" style=\"padding-right: 5px\">\n            \n\n<div class=\"kksr-icon\" style=\"width: 24px; height: 24px;\"><\/div>\n        <\/div>\n            <div class=\"kksr-star\" data-star=\"5\" style=\"padding-right: 5px\">\n            \n\n<div class=\"kksr-icon\" style=\"width: 24px; height: 24px;\"><\/div>\n        <\/div>\n    <\/div>\n    \n<div class=\"kksr-stars-active\" style=\"width: 0px;\">\n            <div class=\"kksr-star\" style=\"padding-right: 5px\">\n            \n\n<div class=\"kksr-icon\" style=\"width: 24px; height: 24px;\"><\/div>\n        <\/div>\n            <div class=\"kksr-star\" style=\"padding-right: 5px\">\n            \n\n<div class=\"kksr-icon\" style=\"width: 24px; height: 24px;\"><\/div>\n        <\/div>\n            <div class=\"kksr-star\" style=\"padding-right: 5px\">\n            \n\n<div class=\"kksr-icon\" style=\"width: 24px; height: 24px;\"><\/div>\n        <\/div>\n            <div class=\"kksr-star\" style=\"padding-right: 5px\">\n            \n\n<div class=\"kksr-icon\" style=\"width: 24px; height: 24px;\"><\/div>\n        <\/div>\n            <div class=\"kksr-star\" style=\"padding-right: 5px\">\n            \n\n<div class=\"kksr-icon\" style=\"width: 24px; height: 24px;\"><\/div>\n        <\/div>\n    <\/div>\n<\/div>\n                \n\n<div class=\"kksr-legend\" style=\"font-size: 19.2px;\">\n            <span class=\"kksr-muted\">Valora este art\u00edculo<\/span>\n    <\/div>\n    <\/div>\n","protected":false},"excerpt":{"rendered":"<p>El t\u00e9rmino inflammaging no es nuevo, y esta inflamaci\u00f3n cr\u00f3nica de bajo grado que se acumula con la edad, acelera el proceso de envejecimiento. As\u00ed que s\u00ed, desgraciadamente el inflammaging y el envejecimiento est\u00e1n relacionados. En este art\u00edculo de Primor te contamos por qu\u00e9 ocurre y c\u00f3mo puedes evitar el da\u00f1o celular que origina las [&hellip;]<\/p>\n","protected":false},"author":14,"featured_media":116545,"comment_status":"closed","ping_status":"closed","sticky":false,"template":"","format":"standard","meta":{"jnews-multi-image_gallery":[],"jnews_single_post":{"format":"standard"},"jnews_primary_category":[],"jnews_social_meta":[],"jnews_override_counter":[],"footnotes":""},"categories":[6303],"tags":[],"class_list":["post-116562","post","type-post","status-publish","format-standard","has-post-thumbnail","hentry","category-trucos-de-belleza"],"_links":{"self":[{"href":"https:\/\/www.primor.eu\/blog\/wp-json\/wp\/v2\/posts\/116562","targetHints":{"allow":["GET"]}}],"collection":[{"href":"https:\/\/www.primor.eu\/blog\/wp-json\/wp\/v2\/posts"}],"about":[{"href":"https:\/\/www.primor.eu\/blog\/wp-json\/wp\/v2\/types\/post"}],"author":[{"embeddable":true,"href":"https:\/\/www.primor.eu\/blog\/wp-json\/wp\/v2\/users\/14"}],"replies":[{"embeddable":true,"href":"https:\/\/www.primor.eu\/blog\/wp-json\/wp\/v2\/comments?post=116562"}],"version-history":[{"count":3,"href":"https:\/\/www.primor.eu\/blog\/wp-json\/wp\/v2\/posts\/116562\/revisions"}],"predecessor-version":[{"id":145970,"href":"https:\/\/www.primor.eu\/blog\/wp-json\/wp\/v2\/posts\/116562\/revisions\/145970"}],"wp:featuredmedia":[{"embeddable":true,"href":"https:\/\/www.primor.eu\/blog\/wp-json\/wp\/v2\/media\/116545"}],"wp:attachment":[{"href":"https:\/\/www.primor.eu\/blog\/wp-json\/wp\/v2\/media?parent=116562"}],"wp:term":[{"taxonomy":"category","embeddable":true,"href":"https:\/\/www.primor.eu\/blog\/wp-json\/wp\/v2\/categories?post=116562"},{"taxonomy":"post_tag","embeddable":true,"href":"https:\/\/www.primor.eu\/blog\/wp-json\/wp\/v2\/tags?post=116562"}],"curies":[{"name":"wp","href":"https:\/\/api.w.org\/{rel}","templated":true}]}}