{"id":116131,"date":"2025-05-09T06:27:52","date_gmt":"2025-05-09T06:27:52","guid":{"rendered":"https:\/\/www.primor.eu\/blog\/?p=116131"},"modified":"2025-10-24T12:38:15","modified_gmt":"2025-10-24T12:38:15","slug":"mejores-peinados-serie-miercoles","status":"publish","type":"post","link":"https:\/\/www.primor.eu\/blog\/mejores-peinados-serie-miercoles\/","title":{"rendered":"Insp\u00edrate con los 4 mejores peinados de la serie Mi\u00e9rcoles: son f\u00e1ciles y bonitos"},"content":{"rendered":"\n<p>Los <strong>peinados <\/strong>de la serie <strong>Mi\u00e9rcoles <\/strong>son geniales para una fiesta como <a href=\"https:\/\/www.primor.eu\/blog\/maquillaje-para-halloween\/\" data-type=\"link\" data-id=\"https:\/\/www.primor.eu\/blog\/maquillaje-para-halloween\/?srsltid=AfmBOorUYNS9-9QTENSknBZulLh6GeuFKIOHQNCliR5d57kJB4cr2Cuz\">Halloween<\/a>. Sobre todo algunas de las protagonistas de la serie, que son siniestros y perfectos para celebrar esta noche de los muertos.<\/p>\n\n\n\n<p>Una de las ventajas de elegir peinados de Mi\u00e9rcoles para <strong><a href=\"https:\/\/www.primor.eu\/es_es\/maquillaje-halloween\">Halloween<\/a> <\/strong>es que son geniales para esta celebraci\u00f3n, pero que a la vez son elegantes. Algunos de ellos tienen ese toque retro y elegante de las melenas rubias que tanto marc\u00f3 una \u00e9poca y toda su est\u00e9tica femenina.\u00a0<\/p>\n\n\n\n<p>Otros, como los de <strong>Mi\u00e9rcoles o Morticia<\/strong>, son cl\u00e1sicos con los que muchas personas est\u00e1n conectadas de alg\u00fan modo y que les hacen viajar a otra \u00e9poca. Esto hace que los peinados de la serie Mi\u00e9rcoles ofrezcan una variedad donde elegir, que hace que cada una pueda escoger lo que m\u00e1s va con su personalidad.&nbsp;<\/p>\n\n\n\n<h2 class=\"wp-block-heading\">Los 4 mejores peinados de la serie Mi\u00e9rcoles<\/h2>\n\n\n\n<p>Si est\u00e1s pensando en imitar los peinados de la serie Mi\u00e9rcoles, hemos tra\u00eddo los cuatro que m\u00e1s nos gustan en Primor. Lo hemos hecho as\u00ed porque nos parece que son los <strong>personajes<\/strong> <strong>protagonistas<\/strong> y <strong>secundarios<\/strong> m\u00e1s importantes. Pero no solo por eso.<\/p>\n\n\n\n<p>Tambi\u00e9n hemos elegido estos cuatro peinados porque pensamos que dentro de esta selecci\u00f3n, hay espacio para todos los gustos. Tanto para esas <strong>melenas oscuras<\/strong> y largas, como para las que prefieren esos <strong>tonos platinos<\/strong> y melenas o mo\u00f1os que son de lo m\u00e1s <strong>chic<\/strong>, \u00a1empezamos!<\/p>\n\n\n\n<h3 class=\"wp-block-heading\">Las trenzas de Mi\u00e9rcoles Addams<\/h3>\n\n\n\n<figure class=\"wp-block-image size-full\"><img decoding=\"async\" width=\"720\" height=\"900\" src=\"https:\/\/www.primor.eu\/blog\/wp-content\/uploads\/2024\/10\/1-8.jpg\" alt=\"\" class=\"wp-image-116132\" srcset=\"https:\/\/www.primor.eu\/blog\/wp-content\/uploads\/2024\/10\/1-8.jpg 720w, https:\/\/www.primor.eu\/blog\/wp-content\/uploads\/2024\/10\/1-8-240x300.jpg 240w\" sizes=\"(max-width: 720px) 100vw, 720px\" \/><\/figure>\n\n\n\n<p>Fuente Instagram: @netflixes<\/p>\n\n\n\n<p>Estas trenzas son todo un cl\u00e1sico. Pocas son las personas que no conocen a la Familia Addams y reconocen a Mi\u00e9rcoles por sus trenzas. Y, de hecho, si quienes lo hac\u00edan necesitaban tener ya una edad para ello, con la serie remake tambi\u00e9n las m\u00e1s j\u00f3venes tienen identificada a Mi\u00e9rcoles.<\/p>\n\n\n\n<p>Es sencillo imitar estas trenzas y, como vemos en esta foto, no es ni siquiera necesario tener el flequillo que tiene la protagonista de la serie. Sin flequillo y con un atuendo similar al de ella, puede ser suficiente para conseguir un atuendo similar.&nbsp;<\/p>\n\n\n\n<h3 class=\"wp-block-heading\">La melena de Morticia Addams<\/h3>\n\n\n\n<figure class=\"wp-block-image size-full\"><img decoding=\"async\" width=\"720\" height=\"900\" src=\"https:\/\/www.primor.eu\/blog\/wp-content\/uploads\/2024\/10\/2-8.jpg\" alt=\"\" class=\"wp-image-116133\" srcset=\"https:\/\/www.primor.eu\/blog\/wp-content\/uploads\/2024\/10\/2-8.jpg 720w, https:\/\/www.primor.eu\/blog\/wp-content\/uploads\/2024\/10\/2-8-240x300.jpg 240w\" sizes=\"(max-width: 720px) 100vw, 720px\" \/><\/figure>\n\n\n\n<p>Fuente Instagram: @netflixes<\/p>\n\n\n\n<p>Otro de los cl\u00e1sicos entre los peinados de la serie Mi\u00e9rcoles que no pasan de moda y que son fieles en el remake es la melena infinita y negro intenso de Morticia. La madre de Mi\u00e9rcoles sigue luciendo esta larga melena que hoy en d\u00eda llevan muchas brujitas modernas de la new age. Para imitar este peinado, aparte de llevar el pelo muy largo y te\u00f1ido de riguroso nego o hacerse con una peluca de estas caracter\u00edsticas, es necesaria paciencia y plancha.<\/p>\n\n\n\n<p>Si tienes el pelo liso ser\u00e1 muy sencillo para ti. Sin embargo, si lo tienes ondulado o rizado, la tarea ser\u00e1 un poco m\u00e1s compleja y necesitar\u00e1s de productos espec\u00edficos para que no se arruine el alisado si el d\u00eda se pone lluvioso o h\u00famedo.<\/p>\n\n\n\n<h3 class=\"wp-block-heading\">El mo\u00f1o retro de la directora de la Academia Nevermore<\/h3>\n\n\n\n<figure class=\"wp-block-image size-full\"><img decoding=\"async\" width=\"720\" height=\"900\" src=\"https:\/\/www.primor.eu\/blog\/wp-content\/uploads\/2024\/10\/3-9.jpg\" alt=\"\" class=\"wp-image-116134\" srcset=\"https:\/\/www.primor.eu\/blog\/wp-content\/uploads\/2024\/10\/3-9.jpg 720w, https:\/\/www.primor.eu\/blog\/wp-content\/uploads\/2024\/10\/3-9-240x300.jpg 240w\" sizes=\"(max-width: 720px) 100vw, 720px\" \/><\/figure>\n\n\n\n<p>Fuente Instagram: @netflixes<\/p>\n\n\n\n<p>El mo\u00f1o de este personaje nos encanta. Tiene toda la elegancia del estilo retro y, a la vez, todo ese misterio de personajes herm\u00e9ticos como este que parece que no evolucionan con los a\u00f1os. Y es que esos personajes que parecen no evolucionar, parecen a la vez esconder siempre algo. Este mo\u00f1o se logra f\u00e1cil con un recogido alto, un flequillo hacia el lado y hacia atr\u00e1s y, \u00a1mucha laca!<\/p>\n\n\n\n<h3 class=\"wp-block-heading\">La melena rubia de Enid Sinclair<\/h3>\n\n\n\n<figure class=\"wp-block-image size-large is-resized\"><img decoding=\"async\" width=\"822\" height=\"1024\" src=\"https:\/\/www.primor.eu\/blog\/wp-content\/uploads\/2024\/10\/4-8-822x1024.jpg\" alt=\"\" class=\"wp-image-116135\" style=\"width:722px;height:auto\" srcset=\"https:\/\/www.primor.eu\/blog\/wp-content\/uploads\/2024\/10\/4-8-822x1024.jpg 822w, https:\/\/www.primor.eu\/blog\/wp-content\/uploads\/2024\/10\/4-8-241x300.jpg 241w, https:\/\/www.primor.eu\/blog\/wp-content\/uploads\/2024\/10\/4-8-768x957.jpg 768w, https:\/\/www.primor.eu\/blog\/wp-content\/uploads\/2024\/10\/4-8-750x935.jpg 750w, https:\/\/www.primor.eu\/blog\/wp-content\/uploads\/2024\/10\/4-8.jpg 1080w\" sizes=\"(max-width: 822px) 100vw, 822px\" \/><\/figure>\n\n\n\n<p>Fuente Instagram: @eniddsinclair<\/p>\n\n\n\n<p>El \u00faltimo de los peinados de la serie Mi\u00e9rcoles que nos encanta es la melena ondulada y con tanto flow de Enid. Es sencilla de conseguir si tienes el pelo cortado a media melena. Solo necesitar\u00e1s darle volumen y conseguir unas ondas con un poco de espuma o unas planchas.&nbsp;<\/p>\n\n\n<div class=\"kk-star-ratings kksr-auto kksr-align-center kksr-valign-bottom\"\n    data-payload='{&quot;align&quot;:&quot;center&quot;,&quot;id&quot;:&quot;116131&quot;,&quot;slug&quot;:&quot;default&quot;,&quot;valign&quot;:&quot;bottom&quot;,&quot;ignore&quot;:&quot;&quot;,&quot;reference&quot;:&quot;auto&quot;,&quot;class&quot;:&quot;&quot;,&quot;count&quot;:&quot;1&quot;,&quot;legendonly&quot;:&quot;&quot;,&quot;readonly&quot;:&quot;&quot;,&quot;score&quot;:&quot;5&quot;,&quot;starsonly&quot;:&quot;&quot;,&quot;best&quot;:&quot;5&quot;,&quot;gap&quot;:&quot;5&quot;,&quot;greet&quot;:&quot;Valora este art\u00edculo&quot;,&quot;legend&quot;:&quot;5\\\/5 - (1 voto)&quot;,&quot;size&quot;:&quot;24&quot;,&quot;title&quot;:&quot;Insp\u00edrate con los 4 mejores peinados de la serie Mi\u00e9rcoles: son f\u00e1ciles y bonitos&quot;,&quot;width&quot;:&quot;142.5&quot;,&quot;_legend&quot;:&quot;{score}\\\/{best} - ({count} {votes})&quot;,&quot;font_factor&quot;:&quot;1.25&quot;}'>\n            \n<div class=\"kksr-stars\">\n    \n<div class=\"kksr-stars-inactive\">\n            <div class=\"kksr-star\" data-star=\"1\" style=\"padding-right: 5px\">\n            \n\n<div class=\"kksr-icon\" style=\"width: 24px; height: 24px;\"><\/div>\n        <\/div>\n            <div class=\"kksr-star\" data-star=\"2\" style=\"padding-right: 5px\">\n            \n\n<div class=\"kksr-icon\" style=\"width: 24px; height: 24px;\"><\/div>\n        <\/div>\n            <div class=\"kksr-star\" data-star=\"3\" style=\"padding-right: 5px\">\n            \n\n<div class=\"kksr-icon\" style=\"width: 24px; height: 24px;\"><\/div>\n        <\/div>\n            <div class=\"kksr-star\" data-star=\"4\" style=\"padding-right: 5px\">\n            \n\n<div class=\"kksr-icon\" style=\"width: 24px; height: 24px;\"><\/div>\n        <\/div>\n            <div class=\"kksr-star\" data-star=\"5\" style=\"padding-right: 5px\">\n            \n\n<div class=\"kksr-icon\" style=\"width: 24px; height: 24px;\"><\/div>\n        <\/div>\n    <\/div>\n    \n<div class=\"kksr-stars-active\" style=\"width: 142.5px;\">\n            <div class=\"kksr-star\" style=\"padding-right: 5px\">\n            \n\n<div class=\"kksr-icon\" style=\"width: 24px; height: 24px;\"><\/div>\n        <\/div>\n            <div class=\"kksr-star\" style=\"padding-right: 5px\">\n            \n\n<div class=\"kksr-icon\" style=\"width: 24px; height: 24px;\"><\/div>\n        <\/div>\n            <div class=\"kksr-star\" style=\"padding-right: 5px\">\n            \n\n<div class=\"kksr-icon\" style=\"width: 24px; height: 24px;\"><\/div>\n        <\/div>\n            <div class=\"kksr-star\" style=\"padding-right: 5px\">\n            \n\n<div class=\"kksr-icon\" style=\"width: 24px; height: 24px;\"><\/div>\n        <\/div>\n            <div class=\"kksr-star\" style=\"padding-right: 5px\">\n            \n\n<div class=\"kksr-icon\" style=\"width: 24px; height: 24px;\"><\/div>\n        <\/div>\n    <\/div>\n<\/div>\n                \n\n<div class=\"kksr-legend\" style=\"font-size: 19.2px;\">\n            5\/5 - (1 voto)    <\/div>\n    <\/div>\n","protected":false},"excerpt":{"rendered":"<p>Los peinados de la serie Mi\u00e9rcoles son geniales para una fiesta como Halloween. Sobre todo algunas de las protagonistas de la serie, que son siniestros y perfectos para celebrar esta noche de los muertos. Una de las ventajas de elegir peinados de Mi\u00e9rcoles para Halloween es que son geniales para esta celebraci\u00f3n, pero que a [&hellip;]<\/p>\n","protected":false},"author":14,"featured_media":116136,"comment_status":"closed","ping_status":"closed","sticky":false,"template":"","format":"standard","meta":{"jnews-multi-image_gallery":[],"jnews_single_post":{"format":"standard"},"jnews_primary_category":[],"jnews_social_meta":[],"jnews_override_counter":[],"footnotes":""},"categories":[35,6322],"tags":[],"class_list":["post-116131","post","type-post","status-publish","format-standard","has-post-thumbnail","hentry","category-cabello","category-halloween"],"_links":{"self":[{"href":"https:\/\/www.primor.eu\/blog\/wp-json\/wp\/v2\/posts\/116131","targetHints":{"allow":["GET"]}}],"collection":[{"href":"https:\/\/www.primor.eu\/blog\/wp-json\/wp\/v2\/posts"}],"about":[{"href":"https:\/\/www.primor.eu\/blog\/wp-json\/wp\/v2\/types\/post"}],"author":[{"embeddable":true,"href":"https:\/\/www.primor.eu\/blog\/wp-json\/wp\/v2\/users\/14"}],"replies":[{"embeddable":true,"href":"https:\/\/www.primor.eu\/blog\/wp-json\/wp\/v2\/comments?post=116131"}],"version-history":[{"count":3,"href":"https:\/\/www.primor.eu\/blog\/wp-json\/wp\/v2\/posts\/116131\/revisions"}],"predecessor-version":[{"id":133835,"href":"https:\/\/www.primor.eu\/blog\/wp-json\/wp\/v2\/posts\/116131\/revisions\/133835"}],"wp:featuredmedia":[{"embeddable":true,"href":"https:\/\/www.primor.eu\/blog\/wp-json\/wp\/v2\/media\/116136"}],"wp:attachment":[{"href":"https:\/\/www.primor.eu\/blog\/wp-json\/wp\/v2\/media?parent=116131"}],"wp:term":[{"taxonomy":"category","embeddable":true,"href":"https:\/\/www.primor.eu\/blog\/wp-json\/wp\/v2\/categories?post=116131"},{"taxonomy":"post_tag","embeddable":true,"href":"https:\/\/www.primor.eu\/blog\/wp-json\/wp\/v2\/tags?post=116131"}],"curies":[{"name":"wp","href":"https:\/\/api.w.org\/{rel}","templated":true}]}}