{"id":115600,"date":"2026-02-16T04:59:00","date_gmt":"2026-02-16T04:59:00","guid":{"rendered":"https:\/\/www.primor.eu\/blog\/?p=115600"},"modified":"2026-02-16T04:59:01","modified_gmt":"2026-02-16T04:59:01","slug":"suplementos-esenciales-primor","status":"publish","type":"post","link":"https:\/\/www.primor.eu\/blog\/suplementos-esenciales-primor\/","title":{"rendered":"Los mejores suplementos para fortalecer tu sistema inmune en 2026"},"content":{"rendered":"\n<p>Con la llegada del <strong><a href=\"https:\/\/www.primor.eu\/blog\/salud-mental-invierno\/\" data-type=\"link\" data-id=\"https:\/\/www.primor.eu\/blog\/salud-mental-invierno\/\">cambio de estaci\u00f3n<\/a><\/strong>, nuestro cuerpo se enfrenta a nuevos desaf\u00edos. Las temperaturas y los d\u00edas cambian y los resfriados est\u00e1n a la vuelta de la esquina, pero, \u00bfy si te dij\u00e9ramos que puedes preparar tu cuerpo para estos cambios y utilizar<a href=\"https:\/\/www.primor.eu\/es_es\/suplementos-vitaminas-y-minerales-parafarmacia\" data-type=\"link\" data-id=\"https:\/\/www.primor.eu\/es_es\/suplementos-vitaminas-y-minerales-parafarmacia\"> suplementos<\/a> para el sistema inmune para enfrentar esta temporada con fuerza?\u00a0<\/p>\n\n\n\n<h2 class=\"wp-block-heading\">\u00bfPor qu\u00e9 nuestro cuerpo necesita un impulso durante estos meses?<\/h2>\n\n\n\n<p>El cambio de estaci\u00f3n supone un reto para nuestro sistema inmunol\u00f3gico y nuestros niveles de energ\u00eda. Por un lado, los cambios de temperatura pueden irritar nuestras v\u00edas respiratorias. Por otro, las variaciones en la cantidad de luz solar afectan nuestra producci\u00f3n de <a href=\"https:\/\/www.primor.eu\/es_es\/vive-calcio-con-vitaminas-d-y-k-120219.html\" data-type=\"link\" data-id=\"https:\/\/www.primor.eu\/es_es\/vive-calcio-con-vitaminas-d-y-k-120219.html\">vitamina D<\/a> y pueden alterar nuestros ritmos circadianos y de energ\u00eda.<\/p>\n\n\n\n<p>Por ello que nuestro cuerpo necesite un impulso extra para hacer frente a estos desaf\u00edos. Aqu\u00ed es donde los suplementos para el cambio de estaci\u00f3n entran en escena, ofreciendo un apoyo extra justo cuando m\u00e1s lo necesitamos.<\/p>\n\n\n\n<h2 class=\"wp-block-heading\">Suplementos clave para fortalecer tus defensas<\/h2>\n\n\n        <product-table class=\"pr-slider\">\r\n            <product-headers class=\"grid-table-rows\">\r\n                <div>Foto<\/div>\r\n                <div>Producto<\/div>\r\n                <div>Marca<\/div>\r\n                <div>Valoraciones<\/div>\r\n                <div>Precio<\/div>\r\n            <\/product-headers>\r\n\r\n            <product-list>\r\n                                    <a href=\"https:\/\/www.primor.eu\/es_es\/vittalissima-curcuma-silicio-capsulas-4851.html\" class=\"product-item grid-table-rows\" target=\"_blank\">\r\n                        <div>\r\n                            <img decoding=\"async\" class=\"product-img\" width=\"80px\" height=\"80px\" src=\"https:\/\/cdn2.primor.eu\/media\/catalog\/product\/cache\/8d3aba296f7a18b5251ee30fa5db42b2\/6\/X\/6XS10189_1_c7a9.jpg\" alt=\"C\u00farcuma - Silicio C\u00e1psulas\">\r\n                        <\/div>\r\n\r\n                        <!-- Contenido de producto  -->\r\n                        <div>\r\n                            <div class=\"product-position\">\r\n                                #1 Top Ventas                            <\/div>\r\n\r\n                            <h2>\r\n                                C\u00farcuma - Silicio C\u00e1psulas                            <\/h2>\r\n                        <\/div>\r\n\r\n                        <!-- Imagen y\/o nombre de la marca -->\r\n                        <div>\r\n                                                            <img decoding=\"async\" width=\"70\" src=\"https:\/\/www.primor.eu\/media\/catalog\/category\/Vittal_ssima.jpg\" alt=\"\">\r\n                                                    <\/div>\r\n\r\n                        <!-- Puntuaci\u00f3n del producto  -->\r\n                        <div class=\"rating\">\r\n                                                            <div class=\"rate\" style=\"--p:94;\"><\/div>\r\n                                <b>4.7\/5<\/b>\r\n                                <div class=\"rate-stars\">\r\n                                                                            <div\r\n                                            class=\"rate-star  \">\r\n                                        <\/div>\r\n                                                                            <div\r\n                                            class=\"rate-star  \">\r\n                                        <\/div>\r\n                                                                            <div\r\n                                            class=\"rate-star  \">\r\n                                        <\/div>\r\n                                                                            <div\r\n                                            class=\"rate-star  \">\r\n                                        <\/div>\r\n                                                                            <div\r\n                                            class=\"rate-star  \">\r\n                                        <\/div>\r\n                                                                    <\/div>\r\n                                                    <\/div>\r\n\r\n                        <!-- Bot\u00f3n de producto  -->\r\n                        <div>\r\n                            <span class=\"price-claim\">\r\n                                VER PRECIO                            <\/span>\r\n                        <\/div>\r\n                    <\/a>\r\n                                    <a href=\"https:\/\/www.primor.eu\/es_es\/vittalissima-maca-vitalidad-energia-capsulas-4850.html\" class=\"product-item grid-table-rows\" target=\"_blank\">\r\n                        <div>\r\n                            <img decoding=\"async\" class=\"product-img\" width=\"80px\" height=\"80px\" src=\"https:\/\/cdn2.primor.eu\/media\/catalog\/product\/cache\/8d3aba296f7a18b5251ee30fa5db42b2\/6\/X\/6XS09657_1_39be.jpg\" alt=\"Maca Vitalidad - Energ\u00eda C\u00e1psulas\">\r\n                        <\/div>\r\n\r\n                        <!-- Contenido de producto  -->\r\n                        <div>\r\n                            <div class=\"product-position\">\r\n                                #2                            <\/div>\r\n\r\n                            <h2>\r\n                                Maca Vitalidad - Energ\u00eda C\u00e1psulas                            <\/h2>\r\n                        <\/div>\r\n\r\n                        <!-- Imagen y\/o nombre de la marca -->\r\n                        <div>\r\n                                                            <img decoding=\"async\" width=\"70\" src=\"https:\/\/www.primor.eu\/media\/catalog\/category\/Vittal_ssima.jpg\" alt=\"\">\r\n                                                    <\/div>\r\n\r\n                        <!-- Puntuaci\u00f3n del producto  -->\r\n                        <div class=\"rating\">\r\n                                                            <div class=\"rate\" style=\"--p:96;\"><\/div>\r\n                                <b>4.8\/5<\/b>\r\n                                <div class=\"rate-stars\">\r\n                                                                            <div\r\n                                            class=\"rate-star  \">\r\n                                        <\/div>\r\n                                                                            <div\r\n                                            class=\"rate-star  \">\r\n                                        <\/div>\r\n                                                                            <div\r\n                                            class=\"rate-star  \">\r\n                                        <\/div>\r\n                                                                            <div\r\n                                            class=\"rate-star  \">\r\n                                        <\/div>\r\n                                                                            <div\r\n                                            class=\"rate-star  \">\r\n                                        <\/div>\r\n                                                                    <\/div>\r\n                                                    <\/div>\r\n\r\n                        <!-- Bot\u00f3n de producto  -->\r\n                        <div>\r\n                            <span class=\"price-claim\">\r\n                                VER PRECIO                            <\/span>\r\n                        <\/div>\r\n                    <\/a>\r\n                                    <a href=\"https:\/\/www.primor.eu\/es_es\/vittalissima-magnesio-vitamina-c-capsulas-4853.html\" class=\"product-item grid-table-rows\" target=\"_blank\">\r\n                        <div>\r\n                            <img decoding=\"async\" class=\"product-img\" width=\"80px\" height=\"80px\" src=\"https:\/\/cdn2.primor.eu\/media\/catalog\/product\/cache\/8d3aba296f7a18b5251ee30fa5db42b2\/6\/X\/6XS10191_1_f298.jpg\" alt=\"Magnesio - Vitamina C C\u00e1psulas\">\r\n                        <\/div>\r\n\r\n                        <!-- Contenido de producto  -->\r\n                        <div>\r\n                            <div class=\"product-position\">\r\n                                #3                            <\/div>\r\n\r\n                            <h2>\r\n                                Magnesio - Vitamina C C\u00e1psulas                            <\/h2>\r\n                        <\/div>\r\n\r\n                        <!-- Imagen y\/o nombre de la marca -->\r\n                        <div>\r\n                                                            <img decoding=\"async\" width=\"70\" src=\"https:\/\/www.primor.eu\/media\/catalog\/category\/Vittal_ssima.jpg\" alt=\"\">\r\n                                                    <\/div>\r\n\r\n                        <!-- Puntuaci\u00f3n del producto  -->\r\n                        <div class=\"rating\">\r\n                                                            <div class=\"rate\" style=\"--p:80;\"><\/div>\r\n                                <b>4\/5<\/b>\r\n                                <div class=\"rate-stars\">\r\n                                                                            <div\r\n                                            class=\"rate-star  \">\r\n                                        <\/div>\r\n                                                                            <div\r\n                                            class=\"rate-star  \">\r\n                                        <\/div>\r\n                                                                            <div\r\n                                            class=\"rate-star  \">\r\n                                        <\/div>\r\n                                                                            <div\r\n                                            class=\"rate-star  \">\r\n                                        <\/div>\r\n                                                                            <div\r\n                                            class=\"rate-star disable \">\r\n                                        <\/div>\r\n                                                                    <\/div>\r\n                                                    <\/div>\r\n\r\n                        <!-- Bot\u00f3n de producto  -->\r\n                        <div>\r\n                            <span class=\"price-claim\">\r\n                                VER PRECIO                            <\/span>\r\n                        <\/div>\r\n                    <\/a>\r\n                                    <a href=\"https:\/\/www.primor.eu\/es_es\/vittalissima-vitaminas-capsulas-4766.html\" class=\"product-item grid-table-rows\" target=\"_blank\">\r\n                        <div>\r\n                            <img decoding=\"async\" class=\"product-img\" width=\"80px\" height=\"80px\" src=\"https:\/\/cdn2.primor.eu\/media\/catalog\/product\/cache\/8d3aba296f7a18b5251ee30fa5db42b2\/6\/X\/6XS07927_1_ec8e.jpg\" alt=\"Vitaminas C\u00e1psulas\">\r\n                        <\/div>\r\n\r\n                        <!-- Contenido de producto  -->\r\n                        <div>\r\n                            <div class=\"product-position\">\r\n                                #4                            <\/div>\r\n\r\n                            <h2>\r\n                                Vitaminas C\u00e1psulas                            <\/h2>\r\n                        <\/div>\r\n\r\n                        <!-- Imagen y\/o nombre de la marca -->\r\n                        <div>\r\n                                                            <img decoding=\"async\" width=\"70\" src=\"https:\/\/www.primor.eu\/media\/catalog\/category\/Vittal_ssima.jpg\" alt=\"\">\r\n                                                    <\/div>\r\n\r\n                        <!-- Puntuaci\u00f3n del producto  -->\r\n                        <div class=\"rating\">\r\n                                                            <div class=\"rate\" style=\"--p:90;\"><\/div>\r\n                                <b>4.5\/5<\/b>\r\n                                <div class=\"rate-stars\">\r\n                                                                            <div\r\n                                            class=\"rate-star  \">\r\n                                        <\/div>\r\n                                                                            <div\r\n                                            class=\"rate-star  \">\r\n                                        <\/div>\r\n                                                                            <div\r\n                                            class=\"rate-star  \">\r\n                                        <\/div>\r\n                                                                            <div\r\n                                            class=\"rate-star  \">\r\n                                        <\/div>\r\n                                                                            <div\r\n                                            class=\"rate-star  middle\">\r\n                                        <\/div>\r\n                                                                    <\/div>\r\n                                                    <\/div>\r\n\r\n                        <!-- Bot\u00f3n de producto  -->\r\n                        <div>\r\n                            <span class=\"price-claim\">\r\n                                VER PRECIO                            <\/span>\r\n                        <\/div>\r\n                    <\/a>\r\n                                    <a href=\"https:\/\/www.primor.eu\/es_es\/vittalissima-propolis-capsulas-4764.html\" class=\"product-item grid-table-rows\" target=\"_blank\">\r\n                        <div>\r\n                            <img decoding=\"async\" class=\"product-img\" width=\"80px\" height=\"80px\" src=\"https:\/\/cdn2.primor.eu\/media\/catalog\/product\/cache\/8d3aba296f7a18b5251ee30fa5db42b2\/6\/X\/6XS07925_1_6bc9.jpg\" alt=\"Propolis C\u00e1psulas\">\r\n                        <\/div>\r\n\r\n                        <!-- Contenido de producto  -->\r\n                        <div>\r\n                            <div class=\"product-position\">\r\n                                #5                            <\/div>\r\n\r\n                            <h2>\r\n                                Propolis C\u00e1psulas                            <\/h2>\r\n                        <\/div>\r\n\r\n                        <!-- Imagen y\/o nombre de la marca -->\r\n                        <div>\r\n                                                            <img decoding=\"async\" width=\"70\" src=\"https:\/\/www.primor.eu\/media\/catalog\/category\/Vittal_ssima.jpg\" alt=\"\">\r\n                                                    <\/div>\r\n\r\n                        <!-- Puntuaci\u00f3n del producto  -->\r\n                        <div class=\"rating\">\r\n                                                            <div class=\"rate\" style=\"--p:86;\"><\/div>\r\n                                <b>4.3\/5<\/b>\r\n                                <div class=\"rate-stars\">\r\n                                                                            <div\r\n                                            class=\"rate-star  \">\r\n                                        <\/div>\r\n                                                                            <div\r\n                                            class=\"rate-star  \">\r\n                                        <\/div>\r\n                                                                            <div\r\n                                            class=\"rate-star  \">\r\n                                        <\/div>\r\n                                                                            <div\r\n                                            class=\"rate-star  \">\r\n                                        <\/div>\r\n                                                                            <div\r\n                                            class=\"rate-star  \">\r\n                                        <\/div>\r\n                                                                    <\/div>\r\n                                                    <\/div>\r\n\r\n                        <!-- Bot\u00f3n de producto  -->\r\n                        <div>\r\n                            <span class=\"price-claim\">\r\n                                VER PRECIO                            <\/span>\r\n                        <\/div>\r\n                    <\/a>\r\n                            <\/product-list>\r\n        <\/product-table>\r\n\r\n        \n\n\n\n<h3 class=\"wp-block-heading\">C\u00farcuma con Silicio: El d\u00fao antioxidante<\/h3>\n\n\n\n<p>La c\u00farcuma, conocida como un suplemento antiinflamatorio y antioxidante, se combina con el silicio para crear un poderoso aliado contra el cansancio invernal. Esta combinaci\u00f3n no solo ayuda a combatir la inflamaci\u00f3n, sino que tambi\u00e9n refuerza nuestras defensas naturales.<\/p>\n\n\n    <a class='product' target='_blank' href='https:\/\/www.primor.eu\/es_es\/vittalissima-curcuma-silicio-capsulas-4851.html'>\r\n        <img loading='async' src='https:\/\/cdn2.primor.eu\/media\/catalog\/product\/cache\/8d3aba296f7a18b5251ee30fa5db42b2\/6\/X\/6XS10189_1_c7a9.jpg' alt='COMPRAR AHORA'>\r\n            <div class=\"claim\">\r\n                COMPRAR AHORA            <\/div>\r\n        <\/a>\r\n    \n\n\n\n<h3 class=\"wp-block-heading\">Maca: El impulso de energ\u00eda natural<\/h3>\n\n\n\n<p>Originaria de los Andes peruanos, la maca es un suplemento para aumentar la energ\u00eda y la resistencia. Es especialmente \u00fatil en invierno cuando nuestros niveles de energ\u00eda tienden a bajar. Un plus de vitalidad para enfrentar los d\u00edas m\u00e1s fr\u00edos.<\/p>\n\n\n    <a class='product' target='_blank' href='https:\/\/www.primor.eu\/es_es\/vittalissima-maca-vitalidad-energia-capsulas-4850.html'>\r\n        <img loading='async' src='https:\/\/cdn2.primor.eu\/media\/catalog\/product\/cache\/8d3aba296f7a18b5251ee30fa5db42b2\/6\/X\/6XS09657_1_39be.jpg' alt='COMPRAR AHORA'>\r\n            <div class=\"claim\">\r\n                COMPRAR AHORA            <\/div>\r\n        <\/a>\r\n    \n\n\n\n<h3 class=\"wp-block-heading\">Magnesio + Vitamina C: La combinaci\u00f3n perfecta<\/h3>\n\n\n\n<p>El magnesio es esencial para combatir la fatiga, mientras que la vitamina C es famosa por reforzar las defensas. Juntos, forman un d\u00fao imbatible. La vitamina C mejora la absorci\u00f3n del magnesio, potenciando sus beneficios por lo que este suplemento para aumentar la energ\u00eda y la salud durante los meses de invierno es clave.<\/p>\n\n\n    <a class='product' target='_blank' href='https:\/\/www.primor.eu\/es_es\/vittalissima-magnesio-vitamina-c-capsulas-4853.html'>\r\n        <img loading='async' src='https:\/\/cdn2.primor.eu\/media\/catalog\/product\/cache\/8d3aba296f7a18b5251ee30fa5db42b2\/6\/X\/6XS10191_1_f298.jpg' alt='COMPRAR AHORA'>\r\n            <div class=\"claim\">\r\n                COMPRAR AHORA            <\/div>\r\n        <\/a>\r\n    \n\n\n\n<h3 class=\"wp-block-heading\">Multivitam\u00ednico: Tu escudo diario<\/h3>\n\n\n\n<p>El mejor multivitam\u00ednico debe proporcionar un conjunto equilibrado de nutrientes esenciales para el sistema inmune. Con vitaminas A, C, y D, entre otras, este suplemento es clave para mantener las defensas fuertes. Adem\u00e1s, ayuda a mantener los niveles de energ\u00eda, algo muy necesario en los d\u00edas cortos de invierno.<\/p>\n\n\n    <a class='product' target='_blank' href='https:\/\/www.primor.eu\/es_es\/vittalissima-vitaminas-capsulas-4766.html'>\r\n        <img loading='async' src='https:\/\/cdn2.primor.eu\/media\/catalog\/product\/cache\/8d3aba296f7a18b5251ee30fa5db42b2\/6\/X\/6XS07927_1_ec8e.jpg' alt='COMPRAR AHORA'>\r\n            <div class=\"claim\">\r\n                COMPRAR AHORA            <\/div>\r\n        <\/a>\r\n    \n\n\n\n<h3 class=\"wp-block-heading\">Pr\u00f3polis: El guardi\u00e1n natural<\/h3>\n\n\n\n<p>Conocido por sus propiedades antibacterianas y antivirales, el pr\u00f3polis es un aliado natural contra las infecciones respiratorias. Tambi\u00e9n es un remedio contra el dolor de garganta, tan com\u00fan en esta \u00e9poca. Un aut\u00e9ntico escudo protector para tu sistema respiratorio.<\/p>\n\n\n    <a class='product' target='_blank' href='https:\/\/www.primor.eu\/es_es\/vittalissima-propolis-capsulas-4764.html'>\r\n        <img loading='async' src='https:\/\/cdn2.primor.eu\/media\/catalog\/product\/cache\/8d3aba296f7a18b5251ee30fa5db42b2\/6\/X\/6XS07925_1_6bc9.jpg' alt='COMPRAR AHORA'>\r\n            <div class=\"claim\">\r\n                COMPRAR AHORA            <\/div>\r\n        <\/a>\r\n    \n\n\n\n<h2 class=\"wp-block-heading\">C\u00f3mo incorporar suplementos a tu rutina diaria<\/h2>\n\n\n\n<p>Tomar suplementos no tiene por qu\u00e9 ser complicado. Aqu\u00ed van algunos consejos:<\/p>\n\n\n\n<ul class=\"wp-block-list\">\n<li>Establece una rutina: Toma tus suplementos a la misma hora cada d\u00eda.<\/li>\n\n\n\n<li>Comb\u00ednalos con tus comidas: Algunos suplementos se absorben mejor con alimentos.<\/li>\n\n\n\n<li>No te excedas: M\u00e1s no siempre es mejor. Sigue las recomendaciones de dosificaci\u00f3n.<\/li>\n\n\n\n<li>S\u00e9 constante: Los beneficios se notan con el uso regular a lo largo del tiempo.<\/li>\n<\/ul>\n\n\n\n<h2 class=\"wp-block-heading\">El poder de los buenos h\u00e1bitos: Combinando tus suplementos con un estilo de vida saludable<\/h2>\n\n\n\n<p>Los suplementos son excelentes aliados, pero no olvides que tu estilo de vida juega un papel crucial en tu salud. Incorpora estos h\u00e1bitos para potenciar tu sistema inmune:<\/p>\n\n\n\n<ul class=\"wp-block-list\">\n<li>Sigue una dieta equilibrada que contenga fruta, verdura, prote\u00edna y grasas saludables.<\/li>\n\n\n\n<li>Mant\u00e9n unos h\u00e1bitos de sue\u00f1o regulares y busca dormir lo suficiente.<\/li>\n\n\n\n<li>Haz ejercicio regularmente.<\/li>\n\n\n\n<li>Mant\u00e9n una buena hidrataci\u00f3n.<\/li>\n\n\n\n<li>Procura reducir el estr\u00e9s todo lo posible.<\/li>\n<\/ul>\n\n\n\n<p>Preparar tu cuerpo para el invierno no tiene por qu\u00e9 ser una batalla perdida. Con los suplementos adecuados y buenos h\u00e1bitos, puedes fortalecer tus defensas y enfrentar la temporada fr\u00eda con energ\u00eda y vitalidad. No dejes que el fr\u00edo te detenga; \u00a1toma el control de tu salud este invierno!<\/p>\n\n\n<div class=\"kk-star-ratings kksr-auto kksr-align-center kksr-valign-bottom\"\n    data-payload='{&quot;align&quot;:&quot;center&quot;,&quot;id&quot;:&quot;115600&quot;,&quot;slug&quot;:&quot;default&quot;,&quot;valign&quot;:&quot;bottom&quot;,&quot;ignore&quot;:&quot;&quot;,&quot;reference&quot;:&quot;auto&quot;,&quot;class&quot;:&quot;&quot;,&quot;count&quot;:&quot;0&quot;,&quot;legendonly&quot;:&quot;&quot;,&quot;readonly&quot;:&quot;&quot;,&quot;score&quot;:&quot;0&quot;,&quot;starsonly&quot;:&quot;&quot;,&quot;best&quot;:&quot;5&quot;,&quot;gap&quot;:&quot;5&quot;,&quot;greet&quot;:&quot;Valora este art\u00edculo&quot;,&quot;legend&quot;:&quot;0\\\/5 - (0 votos)&quot;,&quot;size&quot;:&quot;24&quot;,&quot;title&quot;:&quot;Los mejores suplementos para fortalecer tu sistema inmune en 2026&quot;,&quot;width&quot;:&quot;0&quot;,&quot;_legend&quot;:&quot;{score}\\\/{best} - ({count} {votes})&quot;,&quot;font_factor&quot;:&quot;1.25&quot;}'>\n            \n<div class=\"kksr-stars\">\n    \n<div class=\"kksr-stars-inactive\">\n            <div class=\"kksr-star\" data-star=\"1\" style=\"padding-right: 5px\">\n            \n\n<div class=\"kksr-icon\" style=\"width: 24px; height: 24px;\"><\/div>\n        <\/div>\n            <div class=\"kksr-star\" data-star=\"2\" style=\"padding-right: 5px\">\n            \n\n<div class=\"kksr-icon\" style=\"width: 24px; height: 24px;\"><\/div>\n        <\/div>\n            <div class=\"kksr-star\" data-star=\"3\" style=\"padding-right: 5px\">\n            \n\n<div class=\"kksr-icon\" style=\"width: 24px; height: 24px;\"><\/div>\n        <\/div>\n            <div class=\"kksr-star\" data-star=\"4\" style=\"padding-right: 5px\">\n            \n\n<div class=\"kksr-icon\" style=\"width: 24px; height: 24px;\"><\/div>\n        <\/div>\n            <div class=\"kksr-star\" data-star=\"5\" style=\"padding-right: 5px\">\n            \n\n<div class=\"kksr-icon\" style=\"width: 24px; height: 24px;\"><\/div>\n        <\/div>\n    <\/div>\n    \n<div class=\"kksr-stars-active\" style=\"width: 0px;\">\n            <div class=\"kksr-star\" style=\"padding-right: 5px\">\n            \n\n<div class=\"kksr-icon\" style=\"width: 24px; height: 24px;\"><\/div>\n        <\/div>\n            <div class=\"kksr-star\" style=\"padding-right: 5px\">\n            \n\n<div class=\"kksr-icon\" style=\"width: 24px; height: 24px;\"><\/div>\n        <\/div>\n            <div class=\"kksr-star\" style=\"padding-right: 5px\">\n            \n\n<div class=\"kksr-icon\" style=\"width: 24px; height: 24px;\"><\/div>\n        <\/div>\n            <div class=\"kksr-star\" style=\"padding-right: 5px\">\n            \n\n<div class=\"kksr-icon\" style=\"width: 24px; height: 24px;\"><\/div>\n        <\/div>\n            <div class=\"kksr-star\" style=\"padding-right: 5px\">\n            \n\n<div class=\"kksr-icon\" style=\"width: 24px; height: 24px;\"><\/div>\n        <\/div>\n    <\/div>\n<\/div>\n                \n\n<div class=\"kksr-legend\" style=\"font-size: 19.2px;\">\n            <span class=\"kksr-muted\">Valora este art\u00edculo<\/span>\n    <\/div>\n    <\/div>\n","protected":false},"excerpt":{"rendered":"<p>Con la llegada del cambio de estaci\u00f3n, nuestro cuerpo se enfrenta a nuevos desaf\u00edos. Las temperaturas y los d\u00edas cambian y los resfriados est\u00e1n a la vuelta de la esquina, pero, \u00bfy si te dij\u00e9ramos que puedes preparar tu cuerpo para estos cambios y utilizar suplementos para el sistema inmune para enfrentar esta temporada con [&hellip;]<\/p>\n","protected":false},"author":14,"featured_media":115610,"comment_status":"closed","ping_status":"closed","sticky":false,"template":"","format":"standard","meta":{"jnews-multi-image_gallery":[],"jnews_single_post":{"format":"standard"},"jnews_primary_category":[],"jnews_social_meta":[],"jnews_override_counter":[],"footnotes":""},"categories":[26],"tags":[],"class_list":["post-115600","post","type-post","status-publish","format-standard","has-post-thumbnail","hentry","category-noticias-beauty"],"_links":{"self":[{"href":"https:\/\/www.primor.eu\/blog\/wp-json\/wp\/v2\/posts\/115600","targetHints":{"allow":["GET"]}}],"collection":[{"href":"https:\/\/www.primor.eu\/blog\/wp-json\/wp\/v2\/posts"}],"about":[{"href":"https:\/\/www.primor.eu\/blog\/wp-json\/wp\/v2\/types\/post"}],"author":[{"embeddable":true,"href":"https:\/\/www.primor.eu\/blog\/wp-json\/wp\/v2\/users\/14"}],"replies":[{"embeddable":true,"href":"https:\/\/www.primor.eu\/blog\/wp-json\/wp\/v2\/comments?post=115600"}],"version-history":[{"count":3,"href":"https:\/\/www.primor.eu\/blog\/wp-json\/wp\/v2\/posts\/115600\/revisions"}],"predecessor-version":[{"id":139282,"href":"https:\/\/www.primor.eu\/blog\/wp-json\/wp\/v2\/posts\/115600\/revisions\/139282"}],"wp:featuredmedia":[{"embeddable":true,"href":"https:\/\/www.primor.eu\/blog\/wp-json\/wp\/v2\/media\/115610"}],"wp:attachment":[{"href":"https:\/\/www.primor.eu\/blog\/wp-json\/wp\/v2\/media?parent=115600"}],"wp:term":[{"taxonomy":"category","embeddable":true,"href":"https:\/\/www.primor.eu\/blog\/wp-json\/wp\/v2\/categories?post=115600"},{"taxonomy":"post_tag","embeddable":true,"href":"https:\/\/www.primor.eu\/blog\/wp-json\/wp\/v2\/tags?post=115600"}],"curies":[{"name":"wp","href":"https:\/\/api.w.org\/{rel}","templated":true}]}}