{"id":114500,"date":"2024-10-23T13:25:08","date_gmt":"2024-10-23T13:25:08","guid":{"rendered":"https:\/\/www.primor.eu\/blog\/?p=114500"},"modified":"2025-10-16T10:27:05","modified_gmt":"2025-10-16T10:27:05","slug":"mejores-kits-faciales-hombres","status":"publish","type":"post","link":"https:\/\/www.primor.eu\/blog\/mejores-kits-faciales-hombres\/","title":{"rendered":"Especial hombres: los 5 mejores kits de cuidado facial"},"content":{"rendered":"\n<p>\u00bfQuieres empezar una rutina que est\u00e9 a la altura de tus necesidades? Nunca es tarde y un secreto (a voces): el <strong>cuidado facial<\/strong>, sumado a los buenos h\u00e1bitos, es lo que <strong>har\u00e1 que no envejezcas con el paso de los a\u00f1os<\/strong>. Para ayudarte, en este art\u00edculo de Primor te contamos cu\u00e1les son los <strong>mejores kit <a href=\"https:\/\/www.primor.eu\/es_es\/cosmetica-para-hombre\" data-type=\"link\" data-id=\"https:\/\/www.primor.eu\/es_es\/cosmetica-para-hombre\">faciales de hombres<\/a><\/strong> para que escojas aquel que encaje m\u00e1s con tu tipo de piel y tus necesidades cut\u00e1neas. \u00a1Vamos all\u00e1!<\/p>\n\n\n\n<h2 class=\"wp-block-heading\">\u00bfPor qu\u00e9 los kits de hombres son diferentes a los de las mujeres?<\/h2>\n\n\n\n<p>Ten en cuenta que <strong>la piel de los hombres<\/strong> es <strong>diferente<\/strong> a la de las mujeres, principalmente en la cantidad de gl\u00e1ndulas seb\u00e1ceas, siendo esta mayor. En l\u00edneas generales, su piel es m\u00e1s <strong>gruesa, porosa y firme<\/strong>. Los signos de la edad en las pieles masculinas aparecen de forma m\u00e1s tard\u00eda pero, una vez aparecen, estos<strong> act\u00faan con mayor rapidez<\/strong>. Es por eso que la cosm\u00e9tica masculina es imprescindible.<\/p>\n\n\n\n<h2 class=\"wp-block-heading\">Mejores kits faciales para hombres de 2025<\/h2>\n\n\n        <product-table class=\"pr-slider\">\r\n            <product-headers class=\"grid-table-rows\">\r\n                <div>Foto<\/div>\r\n                <div>Producto<\/div>\r\n                <div>Marca<\/div>\r\n                <div>Valoraciones<\/div>\r\n                <div>Precio<\/div>\r\n            <\/product-headers>\r\n\r\n            <product-list>\r\n                                    <a href=\"https:\/\/www.primor.eu\/es_es\/biotherm-cofre-force-supreme-antiedad-y-desodorante-para-hombres-94865.html\" class=\"product-item grid-table-rows\" target=\"_blank\">\r\n                        <div>\r\n                            <img decoding=\"async\" class=\"product-img\" width=\"80px\" height=\"80px\" src=\"https:\/\/cdn2.primor.eu\/media\/catalog\/product\/cache\/8d3aba296f7a18b5251ee30fa5db42b2\/8\/4\/8431240412469_1_36b7.jpg\" alt=\"Cofre Force Supreme Antiedad y Desodorante para Hombres\">\r\n                        <\/div>\r\n\r\n                        <!-- Contenido de producto  -->\r\n                        <div>\r\n                            <div class=\"product-position\">\r\n                                #1 Top Ventas                            <\/div>\r\n\r\n                            <h2>\r\n                                Cofre Force Supreme Antiedad y Desodorante para Hombres                            <\/h2>\r\n                        <\/div>\r\n\r\n                        <!-- Imagen y\/o nombre de la marca -->\r\n                        <div>\r\n                                                            <img decoding=\"async\" width=\"70\" src=\"https:\/\/www.primor.eu\/media\/catalog\/category\/biotherm.png\" alt=\"\">\r\n                                                    <\/div>\r\n\r\n                        <!-- Puntuaci\u00f3n del producto  -->\r\n                        <div class=\"rating\">\r\n                                                            <div class=\"rate\" style=\"--p:100;\"><\/div>\r\n                                <b>5\/5<\/b>\r\n                                <div class=\"rate-stars\">\r\n                                                                            <div\r\n                                            class=\"rate-star  \">\r\n                                        <\/div>\r\n                                                                            <div\r\n                                            class=\"rate-star  \">\r\n                                        <\/div>\r\n                                                                            <div\r\n                                            class=\"rate-star  \">\r\n                                        <\/div>\r\n                                                                            <div\r\n                                            class=\"rate-star  \">\r\n                                        <\/div>\r\n                                                                            <div\r\n                                            class=\"rate-star  \">\r\n                                        <\/div>\r\n                                                                    <\/div>\r\n                                                    <\/div>\r\n\r\n                        <!-- Bot\u00f3n de producto  -->\r\n                        <div>\r\n                            <span class=\"price-claim\">\r\n                                VER PRECIO                            <\/span>\r\n                        <\/div>\r\n                    <\/a>\r\n                                    <a href=\"https:\/\/www.primor.eu\/es_es\/dior-sauvage-kit-ritual-de-tratamiento-122105.html\" class=\"product-item grid-table-rows\" target=\"_blank\">\r\n                        <div>\r\n                            <img decoding=\"async\" class=\"product-img\" width=\"80px\" height=\"80px\" src=\"https:\/\/cdn2.primor.eu\/media\/catalog\/product\/cache\/8d3aba296f7a18b5251ee30fa5db42b2\/3\/3\/3348901749244_c7f8.jpg\" alt=\"Sauvage Kit Ritual de Tratamiento\">\r\n                        <\/div>\r\n\r\n                        <!-- Contenido de producto  -->\r\n                        <div>\r\n                            <div class=\"product-position\">\r\n                                #2                            <\/div>\r\n\r\n                            <h2>\r\n                                Sauvage Kit Ritual de Tratamiento                            <\/h2>\r\n                        <\/div>\r\n\r\n                        <!-- Imagen y\/o nombre de la marca -->\r\n                        <div>\r\n                                                            <p class=\"brand-name\"><b><\/b><\/p>\r\n                                                    <\/div>\r\n\r\n                        <!-- Puntuaci\u00f3n del producto  -->\r\n                        <div class=\"rating\">\r\n                                                            <div class=\"rate\" style=\"--p:80;\"><\/div>\r\n                                <b>4\/5<\/b>\r\n                                <div class=\"rate-stars\">\r\n                                                                            <div\r\n                                            class=\"rate-star  \">\r\n                                        <\/div>\r\n                                                                            <div\r\n                                            class=\"rate-star  \">\r\n                                        <\/div>\r\n                                                                            <div\r\n                                            class=\"rate-star  \">\r\n                                        <\/div>\r\n                                                                            <div\r\n                                            class=\"rate-star  \">\r\n                                        <\/div>\r\n                                                                            <div\r\n                                            class=\"rate-star disable \">\r\n                                        <\/div>\r\n                                                                    <\/div>\r\n                                                    <\/div>\r\n\r\n                        <!-- Bot\u00f3n de producto  -->\r\n                        <div>\r\n                            <span class=\"price-claim\">\r\n                                VER PRECIO                            <\/span>\r\n                        <\/div>\r\n                    <\/a>\r\n                                    <a href=\"https:\/\/www.primor.eu\/es_es\/the-ordinary-the-clear-set-89334.html\" class=\"product-item grid-table-rows\" target=\"_blank\">\r\n                        <div>\r\n                            <img decoding=\"async\" class=\"product-img\" width=\"80px\" height=\"80px\" src=\"https:\/\/cdn2.primor.eu\/media\/catalog\/product\/cache\/8d3aba296f7a18b5251ee30fa5db42b2\/7\/6\/769915233230_4_38a7.jpg\" alt=\"The Clear Set\">\r\n                        <\/div>\r\n\r\n                        <!-- Contenido de producto  -->\r\n                        <div>\r\n                            <div class=\"product-position\">\r\n                                #3                            <\/div>\r\n\r\n                            <h2>\r\n                                The Clear Set                            <\/h2>\r\n                        <\/div>\r\n\r\n                        <!-- Imagen y\/o nombre de la marca -->\r\n                        <div>\r\n                                                            <img decoding=\"async\" width=\"70\" src=\"https:\/\/www.primor.eu\/media\/catalog\/category\/The_Ordinary.png\" alt=\"\">\r\n                                                    <\/div>\r\n\r\n                        <!-- Puntuaci\u00f3n del producto  -->\r\n                        <div class=\"rating\">\r\n                                                            <div class=\"rate\" style=\"--p:96;\"><\/div>\r\n                                <b>4.8\/5<\/b>\r\n                                <div class=\"rate-stars\">\r\n                                                                            <div\r\n                                            class=\"rate-star  \">\r\n                                        <\/div>\r\n                                                                            <div\r\n                                            class=\"rate-star  \">\r\n                                        <\/div>\r\n                                                                            <div\r\n                                            class=\"rate-star  \">\r\n                                        <\/div>\r\n                                                                            <div\r\n                                            class=\"rate-star  \">\r\n                                        <\/div>\r\n                                                                            <div\r\n                                            class=\"rate-star  \">\r\n                                        <\/div>\r\n                                                                    <\/div>\r\n                                                    <\/div>\r\n\r\n                        <!-- Bot\u00f3n de producto  -->\r\n                        <div>\r\n                            <span class=\"price-claim\">\r\n                                VER PRECIO                            <\/span>\r\n                        <\/div>\r\n                    <\/a>\r\n                                    <a href=\"https:\/\/www.primor.eu\/es_es\/nivea-pack-cuidado-antiedad-y-antimanchas-power-para-hombres-132891.html\" class=\"product-item grid-table-rows\" target=\"_blank\">\r\n                        <div>\r\n                            <img decoding=\"async\" class=\"product-img\" width=\"80px\" height=\"80px\" src=\"https:\/\/cdn2.primor.eu\/media\/catalog\/product\/cache\/8d3aba296f7a18b5251ee30fa5db42b2\/8\/4\/8412300054683_0231.jpg\" alt=\"Pack Cuidado Antiedad y Antimanchas Power para Hombres\">\r\n                        <\/div>\r\n\r\n                        <!-- Contenido de producto  -->\r\n                        <div>\r\n                            <div class=\"product-position\">\r\n                                #4                            <\/div>\r\n\r\n                            <h2>\r\n                                Pack Cuidado Antiedad y Antimanchas Power para Hombres                            <\/h2>\r\n                        <\/div>\r\n\r\n                        <!-- Imagen y\/o nombre de la marca -->\r\n                        <div>\r\n                                                            <img decoding=\"async\" width=\"70\" src=\"https:\/\/www.primor.eu\/media\/catalog\/category\/nivea.png\" alt=\"\">\r\n                                                    <\/div>\r\n\r\n                        <!-- Puntuaci\u00f3n del producto  -->\r\n                        <div class=\"rating\">\r\n                                                            <div class=\"rate\" style=\"--p:86;\"><\/div>\r\n                                <b>4.3\/5<\/b>\r\n                                <div class=\"rate-stars\">\r\n                                                                            <div\r\n                                            class=\"rate-star  \">\r\n                                        <\/div>\r\n                                                                            <div\r\n                                            class=\"rate-star  \">\r\n                                        <\/div>\r\n                                                                            <div\r\n                                            class=\"rate-star  \">\r\n                                        <\/div>\r\n                                                                            <div\r\n                                            class=\"rate-star  \">\r\n                                        <\/div>\r\n                                                                            <div\r\n                                            class=\"rate-star  \">\r\n                                        <\/div>\r\n                                                                    <\/div>\r\n                                                    <\/div>\r\n\r\n                        <!-- Bot\u00f3n de producto  -->\r\n                        <div>\r\n                            <span class=\"price-claim\">\r\n                                VER PRECIO                            <\/span>\r\n                        <\/div>\r\n                    <\/a>\r\n                                    <a href=\"https:\/\/www.primor.eu\/es_es\/acnemy-zitminis-kit-para-pieles-con-tendencia-acneica-16897.html\" class=\"product-item grid-table-rows\" target=\"_blank\">\r\n                        <div>\r\n                            <img decoding=\"async\" class=\"product-img\" width=\"80px\" height=\"80px\" src=\"https:\/\/cdn2.primor.eu\/media\/catalog\/product\/cache\/8d3aba296f7a18b5251ee30fa5db42b2\/0\/T\/0TF21006_1_6d9a.jpg\" alt=\"Zitminis Kit para Pieles con Tendencia Acn\u00e9ica\">\r\n                        <\/div>\r\n\r\n                        <!-- Contenido de producto  -->\r\n                        <div>\r\n                            <div class=\"product-position\">\r\n                                #5                            <\/div>\r\n\r\n                            <h2>\r\n                                Zitminis Kit para Pieles con Tendencia Acn\u00e9ica                            <\/h2>\r\n                        <\/div>\r\n\r\n                        <!-- Imagen y\/o nombre de la marca -->\r\n                        <div>\r\n                                                            <img decoding=\"async\" width=\"70\" src=\"https:\/\/www.primor.eu\/media\/catalog\/category\/Acnemy.png\" alt=\"\">\r\n                                                    <\/div>\r\n\r\n                        <!-- Puntuaci\u00f3n del producto  -->\r\n                        <div class=\"rating\">\r\n                                                            <div class=\"rate\" style=\"--p:82;\"><\/div>\r\n                                <b>4.1\/5<\/b>\r\n                                <div class=\"rate-stars\">\r\n                                                                            <div\r\n                                            class=\"rate-star  \">\r\n                                        <\/div>\r\n                                                                            <div\r\n                                            class=\"rate-star  \">\r\n                                        <\/div>\r\n                                                                            <div\r\n                                            class=\"rate-star  \">\r\n                                        <\/div>\r\n                                                                            <div\r\n                                            class=\"rate-star  \">\r\n                                        <\/div>\r\n                                                                            <div\r\n                                            class=\"rate-star  \">\r\n                                        <\/div>\r\n                                                                    <\/div>\r\n                                                    <\/div>\r\n\r\n                        <!-- Bot\u00f3n de producto  -->\r\n                        <div>\r\n                            <span class=\"price-claim\">\r\n                                VER PRECIO                            <\/span>\r\n                        <\/div>\r\n                    <\/a>\r\n                            <\/product-list>\r\n        <\/product-table>\r\n\r\n        \n\n\n\n<h3 class=\"wp-block-heading\">Cofre Force Supreme Limpieza y Antiedad para Hombres de Biotherm<\/h3>\n\n\n\n<p>Vuelve a aparecer el nombre, pero de verdad que merece la pena:<\/p>\n\n\n\n<ul class=\"wp-block-list\">\n<li><strong>Force Supreme Cream<\/strong>: una crema antiedad para hombres que combate los signos del envejecimiento, como arrugas, falta de firmeza y tono apagado. D\u00eda tras d\u00eda, la piel luce m\u00e1s joven, firme y renovada.<\/li>\n\n\n\n<li><strong>Force Supreme Cleanser:<\/strong> un limpiador facial cremoso y espumoso para hombres que elimina asperezas, dejando la piel suave, confortable y refinada. Gracias a las micropart\u00edculas exfoliantes, alga azul y extracto de brotes de cedro, limpia en profundidad y suaviza la piel al instante.<\/li>\n\n\n\n<li><strong>Basics Line Shaving Gel<\/strong>: una espuma de afeitar densamente rica con propiedades anti-irritaci\u00f3n y anti-enrojecimiento, para facilitar el comienzo del d\u00eda con un afeitado c\u00f3modo.<\/li>\n<\/ul>\n\n\n    <a class='product' target='_blank' href='https:\/\/www.primor.eu\/es_es\/biotherm-cofre-force-supreme-limpieza-y-antiedad-para-hombres-94864.html'>\r\n        <img loading='async' src='https:\/\/cdn2.primor.eu\/media\/catalog\/product\/cache\/8d3aba296f7a18b5251ee30fa5db42b2\/3\/6\/3614274190564_c3d2.jpg' alt='COMPRAR AHORA'>\r\n            <div class=\"claim\">\r\n                COMPRAR AHORA            <\/div>\r\n        <\/a>\r\n    \n\n\n\n<h3 class=\"wp-block-heading\">Sauvage Kit Ritual de Tratamiento de Dior<\/h3>\n\n\n\n<p>En el primer paso de la\u00a0<strong>rutina de cuidado facial masculino<\/strong>, el\u00a0<strong>limpiador Sauvage,\u00a0<\/strong>45 ml, purifica la piel sin resecar, eliminando el exceso de sebo gracias a su f\u00f3rmula enriquecida con carb\u00f3n negro de origen natural. El segundo paso, la\u00a0<strong>loci\u00f3n Sauvage de DIOR<\/strong>, 45 ml, energiza la piel y combate los signos de fatiga, dejando la piel m\u00e1s fresca y calmada despu\u00e9s del afeitado. Su extracto de cactus aporta una sensaci\u00f3n de confort. El tercer paso, el\u00a0<strong>s\u00e9rum Sauvage de DIOR<\/strong>, 45 ml, hidrata la piel durante 100 horas y ayuda a reducir los primeros signos de la edad. Con aceite de cactus, refuerza la barrera cut\u00e1nea, dejando la piel revitalizada.<\/p>\n\n\n    <a class='product' target='_blank' href='https:\/\/www.primor.eu\/es_es\/dior-sauvage-kit-ritual-de-tratamiento-122105.html'>\r\n        <img loading='async' src='https:\/\/cdn2.primor.eu\/media\/catalog\/product\/cache\/8d3aba296f7a18b5251ee30fa5db42b2\/3\/3\/3348901749244_c7f8.jpg' alt='COMPRAR AHORA'>\r\n            <div class=\"claim\">\r\n                COMPRAR AHORA            <\/div>\r\n        <\/a>\r\n    \n\n\n\n<h3 class=\"wp-block-heading\">The Clear Set de The Ordinary<\/h3>\n\n\n\n<p>\u00a0El set tambi\u00e9n contiene el Salicylic Acid 2% Solution, un s\u00e9rum a base de agua elaborado con una concentraci\u00f3n \u00f3ptima de \u00e1cido salic\u00edlico que act\u00faa sobre las irregularidades de la textura a la vez que elimina las c\u00e9lulas muertas de la piel que pueden obstruir los poros. Este s\u00e9rum es ideal para adolescentes y adultos con piel propensa a las imperfecciones. Favorece la exfoliaci\u00f3n para reducir la congesti\u00f3n, dando paso a una piel m\u00e1s clara y luminosa.<br><\/p>\n\n\n    <a class='product' target='_blank' href='https:\/\/www.primor.eu\/es_es\/the-ordinary-the-clear-set-89334.html'>\r\n        <img loading='async' src='https:\/\/cdn2.primor.eu\/media\/catalog\/product\/cache\/8d3aba296f7a18b5251ee30fa5db42b2\/7\/6\/769915233230_4_38a7.jpg' alt='COMPRAR AHORA'>\r\n            <div class=\"claim\">\r\n                COMPRAR AHORA            <\/div>\r\n        <\/a>\r\n    \n\n\n\n<h3 class=\"wp-block-heading\">Pack Cuidado Antiedad y Antimanchas Power para Hombres de Nivea<\/h3>\n\n\n\n<p>Este s\u00e9rum combina\u00a0<strong>\u00c1cido Hialur\u00f3nico\u00a0<\/strong>con el ingrediente antimanchas patentado\u00a0<strong>Luminous630\u00ae\u00a0<\/strong>para ofrecer reducci\u00f3n avanzada de manchas y efecto antiedad. Reduce el tama\u00f1o y la intensidad de las manchas, incluidas las relacionadas con la edad. Con uso regular, la piel se ve m\u00e1s joven en solo\u00a0<strong>2 semanas<\/strong>. Recomendado para hombres que buscan un tratamiento eficaz para reducir y prevenir manchas en el rostro.<\/p>\n\n\n\n<p>Crema de d\u00eda que combina\u00a0<strong>\u00c1cido Hialur\u00f3nico\u00a0<\/strong>con\u00a0<strong>Luminous630\u00ae,\u00a0<\/strong>ofreciendo protecci\u00f3n solar FP30 y efecto antiedad. Reduce manchas existentes, previene su aparici\u00f3n y unifica el tono de la piel, logrando un rostro de aspecto m\u00e1s joven en\u00a0<strong>4 semanas<\/strong>. Se recomienda aplicar diariamente sobre la piel limpia y, para una protecci\u00f3n \u00f3ptima, reaplicar durante el d\u00eda. Para mejores resultados, usar en combinaci\u00f3n con\u00a0<strong>NIVEA MEN Power S\u00e9rum Antiedad.<\/strong><br><\/p>\n\n\n    <a class='product' target='_blank' href='https:\/\/www.primor.eu\/es_es\/nivea-pack-cuidado-antiedad-y-antimanchas-power-para-hombres-132891.html'>\r\n        <img loading='async' src='https:\/\/cdn2.primor.eu\/media\/catalog\/product\/cache\/8d3aba296f7a18b5251ee30fa5db42b2\/8\/4\/8412300054683_0231.jpg' alt='COMPRAR AHORA'>\r\n            <div class=\"claim\">\r\n                COMPRAR AHORA            <\/div>\r\n        <\/a>\r\n    \n\n\n\n<h3 class=\"wp-block-heading\">Zitminis Kit para Pieles con Tendencia Acn\u00e9ica de Acnemy<\/h3>\n\n\n\n<p>El pack perfecto para probar los productos o conseguir tus favoritos en tama\u00f1o viaje y llevarlos all\u00e1 donde vayas.<\/p>\n\n\n\n<p>Ingredientes clave:<\/p>\n\n\n\n<ul class=\"wp-block-list\">\n<li>\u00c1cido salic\u00edlico: Exfoliante qu\u00edmico (BHA) que previene la aparici\u00f3n de nuevas espinillas.<\/li>\n\n\n\n<li>\u00c1cido glic\u00f3lico: Exfoliante qu\u00edmico (AHA) unifica el tono de la piel.<\/li>\n\n\n\n<li>Niacinamida: Restaura la piel y aten\u00faa las manchas.<\/li>\n\n\n\n<li>Quora Noni: Protege y reequilibra el microbioma de la piel.<\/li>\n\n\n\n<li>Zinc PCA: Calma la piel y ayuda a controlar el exceso de sebo.<\/li>\n<\/ul>\n\n\n\n<p>\u00b7 Cruelty free \u00b7 Vegano \u00b7 No comedogenico \u00b7 Oil Free \u00b7 Sin parabenos \u00b7 Sin sulfatos \u00b7 Sin fragancias<\/p>\n\n\n    <a class='product' target='_blank' href='https:\/\/www.primor.eu\/es_es\/acnemy-zitminis-kit-para-pieles-con-tendencia-acneica-16897.html'>\r\n        <img loading='async' src='https:\/\/cdn2.primor.eu\/media\/catalog\/product\/cache\/8d3aba296f7a18b5251ee30fa5db42b2\/0\/T\/0TF21006_1_6d9a.jpg' alt='COMPRAR AHORA'>\r\n            <div class=\"claim\">\r\n                COMPRAR AHORA            <\/div>\r\n        <\/a>\r\n    \n\n\n<div class=\"kk-star-ratings kksr-auto kksr-align-center kksr-valign-bottom\"\n    data-payload='{&quot;align&quot;:&quot;center&quot;,&quot;id&quot;:&quot;114500&quot;,&quot;slug&quot;:&quot;default&quot;,&quot;valign&quot;:&quot;bottom&quot;,&quot;ignore&quot;:&quot;&quot;,&quot;reference&quot;:&quot;auto&quot;,&quot;class&quot;:&quot;&quot;,&quot;count&quot;:&quot;0&quot;,&quot;legendonly&quot;:&quot;&quot;,&quot;readonly&quot;:&quot;&quot;,&quot;score&quot;:&quot;0&quot;,&quot;starsonly&quot;:&quot;&quot;,&quot;best&quot;:&quot;5&quot;,&quot;gap&quot;:&quot;5&quot;,&quot;greet&quot;:&quot;Valora este art\u00edculo&quot;,&quot;legend&quot;:&quot;0\\\/5 - (0 votos)&quot;,&quot;size&quot;:&quot;24&quot;,&quot;title&quot;:&quot;Especial hombres: los 5 mejores kits de cuidado facial&quot;,&quot;width&quot;:&quot;0&quot;,&quot;_legend&quot;:&quot;{score}\\\/{best} - ({count} {votes})&quot;,&quot;font_factor&quot;:&quot;1.25&quot;}'>\n            \n<div class=\"kksr-stars\">\n    \n<div class=\"kksr-stars-inactive\">\n            <div class=\"kksr-star\" data-star=\"1\" style=\"padding-right: 5px\">\n            \n\n<div class=\"kksr-icon\" style=\"width: 24px; height: 24px;\"><\/div>\n        <\/div>\n            <div class=\"kksr-star\" data-star=\"2\" style=\"padding-right: 5px\">\n            \n\n<div class=\"kksr-icon\" style=\"width: 24px; height: 24px;\"><\/div>\n        <\/div>\n            <div class=\"kksr-star\" data-star=\"3\" style=\"padding-right: 5px\">\n            \n\n<div class=\"kksr-icon\" style=\"width: 24px; height: 24px;\"><\/div>\n        <\/div>\n            <div class=\"kksr-star\" data-star=\"4\" style=\"padding-right: 5px\">\n            \n\n<div class=\"kksr-icon\" style=\"width: 24px; height: 24px;\"><\/div>\n        <\/div>\n            <div class=\"kksr-star\" data-star=\"5\" style=\"padding-right: 5px\">\n            \n\n<div class=\"kksr-icon\" style=\"width: 24px; height: 24px;\"><\/div>\n        <\/div>\n    <\/div>\n    \n<div class=\"kksr-stars-active\" style=\"width: 0px;\">\n            <div class=\"kksr-star\" style=\"padding-right: 5px\">\n            \n\n<div class=\"kksr-icon\" style=\"width: 24px; height: 24px;\"><\/div>\n        <\/div>\n            <div class=\"kksr-star\" style=\"padding-right: 5px\">\n            \n\n<div class=\"kksr-icon\" style=\"width: 24px; height: 24px;\"><\/div>\n        <\/div>\n            <div class=\"kksr-star\" style=\"padding-right: 5px\">\n            \n\n<div class=\"kksr-icon\" style=\"width: 24px; height: 24px;\"><\/div>\n        <\/div>\n            <div class=\"kksr-star\" style=\"padding-right: 5px\">\n            \n\n<div class=\"kksr-icon\" style=\"width: 24px; height: 24px;\"><\/div>\n        <\/div>\n            <div class=\"kksr-star\" style=\"padding-right: 5px\">\n            \n\n<div class=\"kksr-icon\" style=\"width: 24px; height: 24px;\"><\/div>\n        <\/div>\n    <\/div>\n<\/div>\n                \n\n<div class=\"kksr-legend\" style=\"font-size: 19.2px;\">\n            <span class=\"kksr-muted\">Valora este art\u00edculo<\/span>\n    <\/div>\n    <\/div>\n","protected":false},"excerpt":{"rendered":"<p>\u00bfQuieres empezar una rutina que est\u00e9 a la altura de tus necesidades? Nunca es tarde y un secreto (a voces): el cuidado facial, sumado a los buenos h\u00e1bitos, es lo que har\u00e1 que no envejezcas con el paso de los a\u00f1os. Para ayudarte, en este art\u00edculo de Primor te contamos cu\u00e1les son los mejores kit [&hellip;]<\/p>\n","protected":false},"author":14,"featured_media":114524,"comment_status":"closed","ping_status":"closed","sticky":false,"template":"","format":"standard","meta":{"jnews-multi-image_gallery":[],"jnews_single_post":{"subtitle":"","format":"standard","video":"","gallery":"","source_name":"","source_url":"","via_name":"","via_url":"","override_template":"0","override":[{"template":"1","single_blog_custom":"","parallax":"1","fullscreen":"1","layout":"right-sidebar","sidebar":"home-2","second_sidebar":"default-sidebar","sticky_sidebar":"0","share_position":"float","share_float_style":"share-monocrhome","show_share_counter":"0","show_view_counter":"0","show_featured":"1","show_post_meta":"1","show_post_author":"0","show_post_author_image":"1","show_post_date":"1","post_date_format":"default","post_date_format_custom":"Y\/m\/d","show_post_category":"1","show_post_reading_time":"0","post_reading_time_wpm":"300","show_zoom_button":"0","zoom_button_out_step":"2","zoom_button_in_step":"3","show_post_tag":"0","show_prev_next_post":"0","show_popup_post":"0","number_popup_post":"2","show_author_box":"0","show_post_related":"0","show_inline_post_related":"1"}],"override_image_size":"0","image_override":[{"single_post_thumbnail_size":"no-crop","single_post_gallery_size":"crop-500"}],"trending_post":"0","trending_post_position":"meta","trending_post_label":"Trending","sponsored_post":"0","sponsored_post_label":"Sponsored by","sponsored_post_name":"","sponsored_post_url":"","sponsored_post_logo_enable":"0","sponsored_post_logo":"","sponsored_post_desc":"","disable_ad":"0"},"jnews_primary_category":{"id":"","hide":""},"jnews_social_meta":{"fb_title":"","fb_description":"","fb_image":"","twitter_title":"","twitter_description":"","twitter_image":""},"jnews_override_counter":{"override_view_counter":"0","view_counter_number":"0","override_share_counter":"0","share_counter_number":"0","override_like_counter":"0","like_counter_number":"0","override_dislike_counter":"0","dislike_counter_number":"0"},"footnotes":""},"categories":[6311],"tags":[],"class_list":["post-114500","post","type-post","status-publish","format-standard","has-post-thumbnail","hentry","category-hombres"],"_links":{"self":[{"href":"https:\/\/www.primor.eu\/blog\/wp-json\/wp\/v2\/posts\/114500","targetHints":{"allow":["GET"]}}],"collection":[{"href":"https:\/\/www.primor.eu\/blog\/wp-json\/wp\/v2\/posts"}],"about":[{"href":"https:\/\/www.primor.eu\/blog\/wp-json\/wp\/v2\/types\/post"}],"author":[{"embeddable":true,"href":"https:\/\/www.primor.eu\/blog\/wp-json\/wp\/v2\/users\/14"}],"replies":[{"embeddable":true,"href":"https:\/\/www.primor.eu\/blog\/wp-json\/wp\/v2\/comments?post=114500"}],"version-history":[{"count":2,"href":"https:\/\/www.primor.eu\/blog\/wp-json\/wp\/v2\/posts\/114500\/revisions"}],"predecessor-version":[{"id":133370,"href":"https:\/\/www.primor.eu\/blog\/wp-json\/wp\/v2\/posts\/114500\/revisions\/133370"}],"wp:featuredmedia":[{"embeddable":true,"href":"https:\/\/www.primor.eu\/blog\/wp-json\/wp\/v2\/media\/114524"}],"wp:attachment":[{"href":"https:\/\/www.primor.eu\/blog\/wp-json\/wp\/v2\/media?parent=114500"}],"wp:term":[{"taxonomy":"category","embeddable":true,"href":"https:\/\/www.primor.eu\/blog\/wp-json\/wp\/v2\/categories?post=114500"},{"taxonomy":"post_tag","embeddable":true,"href":"https:\/\/www.primor.eu\/blog\/wp-json\/wp\/v2\/tags?post=114500"}],"curies":[{"name":"wp","href":"https:\/\/api.w.org\/{rel}","templated":true}]}}