{"id":114243,"date":"2024-10-03T10:57:49","date_gmt":"2024-10-03T10:57:49","guid":{"rendered":"https:\/\/www.primor.eu\/blog\/?p=114243"},"modified":"2024-10-03T11:57:37","modified_gmt":"2024-10-03T11:57:37","slug":"causas-ulceras-tratamiento","status":"publish","type":"post","link":"https:\/\/www.primor.eu\/blog\/causas-ulceras-tratamiento\/","title":{"rendered":"Motivos y causas por las que pueden salirte \u00falceras (y c\u00f3mo tratarlas)"},"content":{"rendered":"\n<p>\u00bfTe ha salido una \u00falcera o tienes miedo de que te salga una? Ver\u00e1s, las <strong>\u00falceras<\/strong>, especialmente las <strong>\u00falceras bucales<\/strong> o <strong>aftas<\/strong>, son lesiones peque\u00f1as, redondas o ovaladas, que aparecen en la boca, generalmente en la parte interna de las mejillas, labios, enc\u00edas o lengua. Estas llagas pueden ser muy molestas e incluso dolorosas. En este art\u00edculo de Primor, te explicamos los <strong>motivos<\/strong> m\u00e1s comunes por los que pueden aparecer \u00falceras y algunas <strong>formas de tratarlas<\/strong>.<\/p>\n\n\n\n<h2 class=\"wp-block-heading\">Por qu\u00e9 me salen \u00falceras bucales<\/h2>\n\n\n\n<ul class=\"wp-block-list\">\n<li><strong>Estr\u00e9s y ansiedad<\/strong>. No es algo que te pille de sorpresa. El estr\u00e9s emocional o f\u00edsico debilitan el sistema inmunol\u00f3gico, lo que facilita la aparici\u00f3n de aftas.<\/li>\n\n\n\n<li><strong>Lesiones en la boca<\/strong>. Morderte accidentalmente la mejilla o lengua, cepillarte los dientes de forma agresiva o usar brackets suelen provocar peque\u00f1as heridas que derivan en \u00falceras.<\/li>\n\n\n\n<li><strong>Alimentos irritantes<\/strong>, (como c\u00edtricos, tomate o pi\u00f1a), picantes o salados irritan la mucosa oral y provocan \u00falceras.<\/li>\n\n\n\n<li><strong>Deficiencia de nutrientes<\/strong>. La falta de vitaminas y minerales, especialmente hierro, zinc, vitamina B12 o \u00e1cido f\u00f3lico, aumenta la predisposici\u00f3n a tener \u00falceras.<\/li>\n\n\n\n<li><strong>Cambios hormonales<\/strong>. Muchas mujeres reportan un aumento de \u00falceras bucales durante el ciclo menstrual debido a las fluctuaciones hormonales.<\/li>\n\n\n\n<li><strong>Infecciones virales<\/strong>. Algunas infecciones virales, como el virus del herpes simple, pueden causar \u00falceras en la boca. En estos casos, suelen aparecer varias llagas peque\u00f1as.<\/li>\n\n\n\n<li><strong>Reacciones al\u00e9rgicas<\/strong>. Las alergias a ciertos alimentos, aditivos o incluso productos de higiene bucal tambi\u00e9n pueden causar aftas en personas sensibles.<\/li>\n\n\n\n<li><strong>Enfermedades autoinmunes<\/strong>, como la enfermedad de Crohn, el lupus o el s\u00edndrome de Beh\u00e7et est\u00e1n asociadas con la aparici\u00f3n frecuente de \u00falceras bucales.<\/li>\n\n\n\n<li><strong>Medicamentos<\/strong>, como los antiinflamatorios no esteroides (AINEs), betabloqueadores o tratamientos de quimioterapia, tienden a aumentar el riesgo de \u00falceras.<\/li>\n\n\n\n<li><strong>Tabaquismo y alcohol<\/strong>. El tabaco y el alcohol son irritantes que pueden desencadenar la aparici\u00f3n de \u00falceras, ya que irritan la mucosa oral.<\/li>\n\n\n\n<li><strong>Problemas digestivos,<\/strong> como la celiaqu\u00eda o la colitis ulcerosa, pueden tener una mayor predisposici\u00f3n a desarrollar aftas.<\/li>\n<\/ul>\n\n\n\n<h2 class=\"wp-block-heading\">C\u00f3mo trato las \u00falceras<\/h2>\n\n\n\n<p>Depende. Y depende de la causa y de la severidad del caso en concreto.<\/p>\n\n\n\n<h3 class=\"wp-block-heading\">Tratamientos caseros y cuidados b\u00e1sicos<\/h3>\n\n\n\n<ul class=\"wp-block-list\">\n<li><strong>Enjuagues con agua salada o bicarbonato<\/strong>. Ayudan a desinfectar la zona y reducen la inflamaci\u00f3n.<\/li>\n\n\n\n<li><strong>Evitar alimentos irritantes<\/strong>. Durante el brote de \u00falceras, es mejor evitar alimentos picantes, \u00e1cidos o duros que puedan empeorar la irritaci\u00f3n.<\/li>\n\n\n\n<li><strong>Hidrataci\u00f3n<\/strong>. Mantener la boca hidratada bebiendo agua o utilizando enjuagues bucales sin alcohol.<\/li>\n\n\n\n<li><strong>Productos de venta libre.<\/strong> Existen geles o enjuagues bucales especiales con propiedades analg\u00e9sicas y antiinflamatorias que pueden aliviar el dolor y acelerar la curaci\u00f3n (por ejemplo, con benzoca\u00edna o \u00e1cido hialur\u00f3nico).<\/li>\n<\/ul>\n\n\n\n<h3 class=\"wp-block-heading\">Mejor prevenir que curar<\/h3>\n\n\n\n<ul class=\"wp-block-list\">\n<li><strong>Mejora tu higiene bucal<\/strong>. Cepilla los dientes suavemente y usa hilo dental para evitar el da\u00f1o a los tejidos de la boca.<\/li>\n\n\n\n<li><strong>Evitar el estr\u00e9s<\/strong>. No es f\u00e1cil, lo sabemos, pero practicar t\u00e9cnicas de relajaci\u00f3n como el yoga, la meditaci\u00f3n o el ejercicio regular puede ayudar a prevenir la aparici\u00f3n de \u00falceras causadas por el estr\u00e9s.<\/li>\n\n\n\n<li><strong>Proteger las lesiones en la boca<\/strong>. Si usas brackets, puedes pedir a tu ortodoncista que te proporcione cera ortod\u00f3ntica para cubrir los bordes afilados que pueden causar rozaduras.<\/li>\n\n\n\n<li><strong>Alimentaci\u00f3n equilibrada<\/strong>. Aseg\u00farate de que tu dieta tenga suficientes vitaminas y minerales, especialmente vitamina B12, hierro y \u00e1cido f\u00f3lico.<\/li>\n<\/ul>\n\n\n<div class=\"kk-star-ratings kksr-auto kksr-align-center kksr-valign-bottom\"\n    data-payload='{&quot;align&quot;:&quot;center&quot;,&quot;id&quot;:&quot;114243&quot;,&quot;slug&quot;:&quot;default&quot;,&quot;valign&quot;:&quot;bottom&quot;,&quot;ignore&quot;:&quot;&quot;,&quot;reference&quot;:&quot;auto&quot;,&quot;class&quot;:&quot;&quot;,&quot;count&quot;:&quot;0&quot;,&quot;legendonly&quot;:&quot;&quot;,&quot;readonly&quot;:&quot;&quot;,&quot;score&quot;:&quot;0&quot;,&quot;starsonly&quot;:&quot;&quot;,&quot;best&quot;:&quot;5&quot;,&quot;gap&quot;:&quot;5&quot;,&quot;greet&quot;:&quot;Valora este art\u00edculo&quot;,&quot;legend&quot;:&quot;0\\\/5 - (0 votos)&quot;,&quot;size&quot;:&quot;24&quot;,&quot;title&quot;:&quot;Motivos y causas por las que pueden salirte \u00falceras (y c\u00f3mo tratarlas)&quot;,&quot;width&quot;:&quot;0&quot;,&quot;_legend&quot;:&quot;{score}\\\/{best} - ({count} {votes})&quot;,&quot;font_factor&quot;:&quot;1.25&quot;}'>\n            \n<div class=\"kksr-stars\">\n    \n<div class=\"kksr-stars-inactive\">\n            <div class=\"kksr-star\" data-star=\"1\" style=\"padding-right: 5px\">\n            \n\n<div class=\"kksr-icon\" style=\"width: 24px; height: 24px;\"><\/div>\n        <\/div>\n            <div class=\"kksr-star\" data-star=\"2\" style=\"padding-right: 5px\">\n            \n\n<div class=\"kksr-icon\" style=\"width: 24px; height: 24px;\"><\/div>\n        <\/div>\n            <div class=\"kksr-star\" data-star=\"3\" style=\"padding-right: 5px\">\n            \n\n<div class=\"kksr-icon\" style=\"width: 24px; height: 24px;\"><\/div>\n        <\/div>\n            <div class=\"kksr-star\" data-star=\"4\" style=\"padding-right: 5px\">\n            \n\n<div class=\"kksr-icon\" style=\"width: 24px; height: 24px;\"><\/div>\n        <\/div>\n            <div class=\"kksr-star\" data-star=\"5\" style=\"padding-right: 5px\">\n            \n\n<div class=\"kksr-icon\" style=\"width: 24px; height: 24px;\"><\/div>\n        <\/div>\n    <\/div>\n    \n<div class=\"kksr-stars-active\" style=\"width: 0px;\">\n            <div class=\"kksr-star\" style=\"padding-right: 5px\">\n            \n\n<div class=\"kksr-icon\" style=\"width: 24px; height: 24px;\"><\/div>\n        <\/div>\n            <div class=\"kksr-star\" style=\"padding-right: 5px\">\n            \n\n<div class=\"kksr-icon\" style=\"width: 24px; height: 24px;\"><\/div>\n        <\/div>\n            <div class=\"kksr-star\" style=\"padding-right: 5px\">\n            \n\n<div class=\"kksr-icon\" style=\"width: 24px; height: 24px;\"><\/div>\n        <\/div>\n            <div class=\"kksr-star\" style=\"padding-right: 5px\">\n            \n\n<div class=\"kksr-icon\" style=\"width: 24px; height: 24px;\"><\/div>\n        <\/div>\n            <div class=\"kksr-star\" style=\"padding-right: 5px\">\n            \n\n<div class=\"kksr-icon\" style=\"width: 24px; height: 24px;\"><\/div>\n        <\/div>\n    <\/div>\n<\/div>\n                \n\n<div class=\"kksr-legend\" style=\"font-size: 19.2px;\">\n            <span class=\"kksr-muted\">Valora este art\u00edculo<\/span>\n    <\/div>\n    <\/div>\n","protected":false},"excerpt":{"rendered":"<p>\u00bfTe ha salido una \u00falcera o tienes miedo de que te salga una? Ver\u00e1s, las \u00falceras, especialmente las \u00falceras bucales o aftas, son lesiones peque\u00f1as, redondas o ovaladas, que aparecen en la boca, generalmente en la parte interna de las mejillas, labios, enc\u00edas o lengua. Estas llagas pueden ser muy molestas e incluso dolorosas. En [&hellip;]<\/p>\n","protected":false},"author":14,"featured_media":114709,"comment_status":"closed","ping_status":"closed","sticky":false,"template":"","format":"standard","meta":{"jnews-multi-image_gallery":[],"jnews_single_post":{"subtitle":"","format":"standard","video":"","gallery":"","source_name":"","source_url":"","via_name":"","via_url":"","override_template":"0","override":[{"template":"1","single_blog_custom":"","parallax":"1","fullscreen":"1","layout":"right-sidebar","sidebar":"home-2","second_sidebar":"default-sidebar","sticky_sidebar":"0","share_position":"float","share_float_style":"share-monocrhome","show_share_counter":"0","show_view_counter":"0","show_featured":"1","show_post_meta":"1","show_post_author":"0","show_post_author_image":"1","show_post_date":"1","post_date_format":"default","post_date_format_custom":"Y\/m\/d","show_post_category":"1","show_post_reading_time":"0","post_reading_time_wpm":"300","show_zoom_button":"0","zoom_button_out_step":"2","zoom_button_in_step":"3","show_post_tag":"0","show_prev_next_post":"0","show_popup_post":"0","number_popup_post":"2","show_author_box":"0","show_post_related":"0","show_inline_post_related":"1"}],"override_image_size":"0","image_override":[{"single_post_thumbnail_size":"no-crop","single_post_gallery_size":"crop-500"}],"trending_post":"0","trending_post_position":"meta","trending_post_label":"Trending","sponsored_post":"0","sponsored_post_label":"Sponsored by","sponsored_post_name":"","sponsored_post_url":"","sponsored_post_logo_enable":"0","sponsored_post_logo":"","sponsored_post_desc":"","disable_ad":"0"},"jnews_primary_category":{"id":"","hide":""},"jnews_social_meta":{"fb_title":"","fb_description":"","fb_image":"","twitter_title":"","twitter_description":"","twitter_image":""},"jnews_override_counter":{"override_view_counter":"0","view_counter_number":"0","override_share_counter":"0","share_counter_number":"0","override_like_counter":"0","like_counter_number":"0","override_dislike_counter":"0","dislike_counter_number":"0"},"footnotes":""},"categories":[6299],"tags":[],"class_list":["post-114243","post","type-post","status-publish","format-standard","has-post-thumbnail","hentry","category-bienestar"],"_links":{"self":[{"href":"https:\/\/www.primor.eu\/blog\/wp-json\/wp\/v2\/posts\/114243","targetHints":{"allow":["GET"]}}],"collection":[{"href":"https:\/\/www.primor.eu\/blog\/wp-json\/wp\/v2\/posts"}],"about":[{"href":"https:\/\/www.primor.eu\/blog\/wp-json\/wp\/v2\/types\/post"}],"author":[{"embeddable":true,"href":"https:\/\/www.primor.eu\/blog\/wp-json\/wp\/v2\/users\/14"}],"replies":[{"embeddable":true,"href":"https:\/\/www.primor.eu\/blog\/wp-json\/wp\/v2\/comments?post=114243"}],"version-history":[{"count":1,"href":"https:\/\/www.primor.eu\/blog\/wp-json\/wp\/v2\/posts\/114243\/revisions"}],"predecessor-version":[{"id":114262,"href":"https:\/\/www.primor.eu\/blog\/wp-json\/wp\/v2\/posts\/114243\/revisions\/114262"}],"wp:featuredmedia":[{"embeddable":true,"href":"https:\/\/www.primor.eu\/blog\/wp-json\/wp\/v2\/media\/114709"}],"wp:attachment":[{"href":"https:\/\/www.primor.eu\/blog\/wp-json\/wp\/v2\/media?parent=114243"}],"wp:term":[{"taxonomy":"category","embeddable":true,"href":"https:\/\/www.primor.eu\/blog\/wp-json\/wp\/v2\/categories?post=114243"},{"taxonomy":"post_tag","embeddable":true,"href":"https:\/\/www.primor.eu\/blog\/wp-json\/wp\/v2\/tags?post=114243"}],"curies":[{"name":"wp","href":"https:\/\/api.w.org\/{rel}","templated":true}]}}