{"id":114171,"date":"2025-09-27T14:06:25","date_gmt":"2025-09-27T14:06:25","guid":{"rendered":"https:\/\/www.primor.eu\/blog\/?p=114171"},"modified":"2025-09-27T14:06:26","modified_gmt":"2025-09-27T14:06:26","slug":"tendencias-cortes-pelo-hombres-mas-50","status":"publish","type":"post","link":"https:\/\/www.primor.eu\/blog\/tendencias-cortes-pelo-hombres-mas-50\/","title":{"rendered":"5 cortes de pelo que ser\u00e1n tendencia en oto\u00f1o para hombres de m\u00e1s de 50"},"content":{"rendered":"\n<p>Las <strong>tendencias<\/strong> en <strong><a href=\"https:\/\/www.primor.eu\/blog\/mejores-cortes-pelo-hombre\/?srsltid=AfmBOoq4EGCZ6IPAQi6SQl0SY1X_ElpMJnZVJpsOykzxduXuRjqw1Lj6\" data-type=\"link\" data-id=\"https:\/\/www.primor.eu\/blog\/mejores-cortes-pelo-hombre\/?srsltid=AfmBOoq4EGCZ6IPAQi6SQl0SY1X_ElpMJnZVJpsOykzxduXuRjqw1Lj6\">cortes de pelo <\/a><\/strong>para hombre de <strong>50 <\/strong>este <strong>oto\u00f1o<\/strong> ya est\u00e1n aqu\u00ed. No hay nada m\u00e1s irresistible para un hombre de 50 a\u00f1os que un corte de pelo cl\u00e1sico, con personalidad y elegante. Y, tambi\u00e9n, a muchos hombres de esta edad que prefieren un estilo casual o juvenil, les quedan bien cortes de pelo que lucen hombres m\u00e1s j\u00f3venes. Y es que, \u00a1los 50 son los nuevos 40!<\/p>\n\n\n\n<p>Es incre\u00edble ver c\u00f3mo se mantienen algunos hombres de 50 a\u00f1os. Por ello, en cuanto a las tendencias en cortes de pelo para hombre de 50 vamos a traer tanto<strong> opciones juveniles <\/strong>como opciones m\u00e1s<strong> cl\u00e1sicas<\/strong>.<\/p>\n\n\n\n<h2 class=\"wp-block-heading\">Cortes de pelo para hombre de 50: los mejores<\/h2>\n\n\n\n<p>Las opciones de cortes de pelo de hombre para 50 son varias. Como hemos dicho, hay hombres de 50 a\u00f1os que lucen unas<strong> estupendas canas<\/strong>. Esto queda ideal tanto con cortes juveniles, a los que dan un aspecto maduro y <strong>desenfadado <\/strong>al mismo tiempo, como con cortes m\u00e1s cl\u00e1sicos. Hoy en Primor traemos tanto opciones modernas como elegantes y cl\u00e1sicas para cortes de pelo para hombre de 50:<\/p>\n\n\n\n<h3 class=\"wp-block-heading\">Corte de pelo pixie<\/h3>\n\n\n\n<figure class=\"wp-block-image size-large\"><img decoding=\"async\" width=\"819\" height=\"1024\" src=\"https:\/\/www.primor.eu\/blog\/wp-content\/uploads\/2024\/09\/1-14-819x1024.jpg\" alt=\"\" class=\"wp-image-114178\" srcset=\"https:\/\/www.primor.eu\/blog\/wp-content\/uploads\/2024\/09\/1-14-819x1024.jpg 819w, https:\/\/www.primor.eu\/blog\/wp-content\/uploads\/2024\/09\/1-14-240x300.jpg 240w, https:\/\/www.primor.eu\/blog\/wp-content\/uploads\/2024\/09\/1-14-768x960.jpg 768w, https:\/\/www.primor.eu\/blog\/wp-content\/uploads\/2024\/09\/1-14-750x938.jpg 750w, https:\/\/www.primor.eu\/blog\/wp-content\/uploads\/2024\/09\/1-14.jpg 1080w\" sizes=\"(max-width: 819px) 100vw, 819px\" \/><\/figure>\n\n\n\n<p>Fuente Instagram: @otavioprofessional<\/p>\n\n\n\n<p>El corte de pelo pixie tiene un toque desenfadado, moderno y recuerda a esas crestas y cortes radicales que ve\u00edamos en los a\u00f1os 70. Este corte lleva meses siendo tendencia tanto para hombres como para mujeres. Es perfecto para esos hombres de 50 a\u00f1os que tienen un esp\u00edritu juvenil y llevan un look casual normalmente.<\/p>\n\n\n\n<h3 class=\"wp-block-heading\">Corte de pelo pompadour<\/h3>\n\n\n\n<figure class=\"wp-block-image size-large\"><img decoding=\"async\" width=\"819\" height=\"1024\" src=\"https:\/\/www.primor.eu\/blog\/wp-content\/uploads\/2024\/09\/2-14-819x1024.jpg\" alt=\"\" class=\"wp-image-114180\" srcset=\"https:\/\/www.primor.eu\/blog\/wp-content\/uploads\/2024\/09\/2-14-819x1024.jpg 819w, https:\/\/www.primor.eu\/blog\/wp-content\/uploads\/2024\/09\/2-14-240x300.jpg 240w, https:\/\/www.primor.eu\/blog\/wp-content\/uploads\/2024\/09\/2-14-768x960.jpg 768w, https:\/\/www.primor.eu\/blog\/wp-content\/uploads\/2024\/09\/2-14-750x938.jpg 750w, https:\/\/www.primor.eu\/blog\/wp-content\/uploads\/2024\/09\/2-14.jpg 1080w\" sizes=\"(max-width: 819px) 100vw, 819px\" \/><\/figure>\n\n\n\n<p>Fuente Instagram: @walkonthewildsidewithsea<\/p>\n\n\n\n<p>El corte de pelo pompadour es un estilo de lo m\u00e1s cl\u00e1sico. El look vintage o retro es sin duda para aquellos hombres con mucha personalidad. Aunque es perfecto para hombres de 50 a\u00f1os, cada vez lo lucen m\u00e1s chicos de menor edad. En Primor nos encantan estos looks, ya que sea con el outfit que sea, plasman sin duda una huella de identidad.<\/p>\n\n\n\n<h3 class=\"wp-block-heading\">Corte de pelo high fade<\/h3>\n\n\n\n<figure class=\"wp-block-image size-large is-resized\"><img decoding=\"async\" width=\"971\" height=\"1024\" src=\"https:\/\/www.primor.eu\/blog\/wp-content\/uploads\/2024\/09\/3-15-971x1024.jpg\" alt=\"\" class=\"wp-image-114181\" style=\"width:820px;height:auto\" srcset=\"https:\/\/www.primor.eu\/blog\/wp-content\/uploads\/2024\/09\/3-15-971x1024.jpg 971w, https:\/\/www.primor.eu\/blog\/wp-content\/uploads\/2024\/09\/3-15-284x300.jpg 284w, https:\/\/www.primor.eu\/blog\/wp-content\/uploads\/2024\/09\/3-15-768x810.jpg 768w, https:\/\/www.primor.eu\/blog\/wp-content\/uploads\/2024\/09\/3-15-750x791.jpg 750w, https:\/\/www.primor.eu\/blog\/wp-content\/uploads\/2024\/09\/3-15.jpg 1080w\" sizes=\"(max-width: 971px) 100vw, 971px\" \/><\/figure>\n\n\n\n<p>Fuente Instagram: @sami_barbershop<\/p>\n\n\n\n<p>El high fade le da un toque muy actual a cualquier look. Se ha puesto sobre todo de moda desde que el trap y sus est\u00e9ticas urbanas han tomado las ciudades y casi todos los rincones del mundo. Nos gusta porque es tendencia, pero tambi\u00e9n porque aporta un toque de fuerza y personalidad a quienes lo escogen como corte de pelo. Es perfecto para los hombres de 50 que prefieren seguir las \u00faltimas tendencias o los que se identifican con este estilo urbano y tan caracter\u00edstico.&nbsp;<\/p>\n\n\n\n<h3 class=\"wp-block-heading\">Corte de pelo quiff<\/h3>\n\n\n\n<figure class=\"wp-block-image size-large\"><img decoding=\"async\" width=\"819\" height=\"1024\" src=\"https:\/\/www.primor.eu\/blog\/wp-content\/uploads\/2024\/09\/4-14-819x1024.jpg\" alt=\"\" class=\"wp-image-114182\" srcset=\"https:\/\/www.primor.eu\/blog\/wp-content\/uploads\/2024\/09\/4-14-819x1024.jpg 819w, https:\/\/www.primor.eu\/blog\/wp-content\/uploads\/2024\/09\/4-14-240x300.jpg 240w, https:\/\/www.primor.eu\/blog\/wp-content\/uploads\/2024\/09\/4-14-768x960.jpg 768w, https:\/\/www.primor.eu\/blog\/wp-content\/uploads\/2024\/09\/4-14-750x938.jpg 750w, https:\/\/www.primor.eu\/blog\/wp-content\/uploads\/2024\/09\/4-14.jpg 1080w\" sizes=\"(max-width: 819px) 100vw, 819px\" \/><\/figure>\n\n\n\n<p>Fuente Instagram: @glennnewbrook<\/p>\n\n\n\n<p>Y pasamos a otro corte de pelo que es tendencia y que es una opci\u00f3n ideal para hombres de 50 a\u00f1os. El quiff. Otro corte cl\u00e1sico donde los haya que se sigue haciendo con tijera y que junto con el pompadour, es de lo m\u00e1s solicitado en barber\u00edas. Este corte de pelo queda genial con barba, con bigote, pero tambi\u00e9n con un rostro imberbe.&nbsp;<\/p>\n\n\n\n<p>Lo bueno de este tipo de cortes es que, al igual que ocurre con las prendas cl\u00e1sicas de ropa, se convierten en una apuesta segura. Lo cl\u00e1sico nunca pasa de moda. Esto es un <em>must<\/em> que toda persona amante de la moda, la belleza y la est\u00e9tica tiene en cuenta.&nbsp;<\/p>\n\n\n\n<h3 class=\"wp-block-heading\">Corte de pelo rapado<\/h3>\n\n\n\n<figure class=\"wp-block-image size-large is-resized\"><img decoding=\"async\" width=\"1024\" height=\"1024\" src=\"https:\/\/www.primor.eu\/blog\/wp-content\/uploads\/2024\/09\/5-12-1024x1024.jpg\" alt=\"\" class=\"wp-image-114183\" style=\"width:826px;height:auto\" srcset=\"https:\/\/www.primor.eu\/blog\/wp-content\/uploads\/2024\/09\/5-12-1024x1024.jpg 1024w, https:\/\/www.primor.eu\/blog\/wp-content\/uploads\/2024\/09\/5-12-300x300.jpg 300w, https:\/\/www.primor.eu\/blog\/wp-content\/uploads\/2024\/09\/5-12-150x150.jpg 150w, https:\/\/www.primor.eu\/blog\/wp-content\/uploads\/2024\/09\/5-12-768x768.jpg 768w, https:\/\/www.primor.eu\/blog\/wp-content\/uploads\/2024\/09\/5-12-75x75.jpg 75w, https:\/\/www.primor.eu\/blog\/wp-content\/uploads\/2024\/09\/5-12-350x350.jpg 350w, https:\/\/www.primor.eu\/blog\/wp-content\/uploads\/2024\/09\/5-12-750x750.jpg 750w, https:\/\/www.primor.eu\/blog\/wp-content\/uploads\/2024\/09\/5-12.jpg 1080w\" sizes=\"(max-width: 1024px) 100vw, 1024px\" \/><\/figure>\n\n\n\n<p>Fuente Instagram: @trebolcash<\/p>\n\n\n\n<p>Si eres de los que prefieren un corte de pelo c\u00f3modo y que tampoco pasa de moda, este rapado puede ser una opci\u00f3n genial para ti. Es perfecto para combinarlo con estilos urbanos. Si eres uno de esos hombres que se sienten c\u00f3modos con unos vaqueros y una sudadera o, incluso con un ch\u00e1ndal, este rapado es genial para ti. Eso s\u00ed, eso no quita que tambi\u00e9n le d\u00e9 un toque muy especial a otros looks menos casual o que, \u00a1quede genial con traje! El rapado da un aspecto limpio y masculino a cualquier hombre de 50 a\u00f1os.\u00a0<\/p>\n\n\n<div class=\"kk-star-ratings kksr-auto kksr-align-center kksr-valign-bottom\"\n    data-payload='{&quot;align&quot;:&quot;center&quot;,&quot;id&quot;:&quot;114171&quot;,&quot;slug&quot;:&quot;default&quot;,&quot;valign&quot;:&quot;bottom&quot;,&quot;ignore&quot;:&quot;&quot;,&quot;reference&quot;:&quot;auto&quot;,&quot;class&quot;:&quot;&quot;,&quot;count&quot;:&quot;2&quot;,&quot;legendonly&quot;:&quot;&quot;,&quot;readonly&quot;:&quot;&quot;,&quot;score&quot;:&quot;4.5&quot;,&quot;starsonly&quot;:&quot;&quot;,&quot;best&quot;:&quot;5&quot;,&quot;gap&quot;:&quot;5&quot;,&quot;greet&quot;:&quot;Valora este art\u00edculo&quot;,&quot;legend&quot;:&quot;4.5\\\/5 - (2 votos)&quot;,&quot;size&quot;:&quot;24&quot;,&quot;title&quot;:&quot;5 cortes de pelo que ser\u00e1n tendencia en oto\u00f1o para hombres de m\u00e1s de 50&quot;,&quot;width&quot;:&quot;128&quot;,&quot;_legend&quot;:&quot;{score}\\\/{best} - ({count} {votes})&quot;,&quot;font_factor&quot;:&quot;1.25&quot;}'>\n            \n<div class=\"kksr-stars\">\n    \n<div class=\"kksr-stars-inactive\">\n            <div class=\"kksr-star\" data-star=\"1\" style=\"padding-right: 5px\">\n            \n\n<div class=\"kksr-icon\" style=\"width: 24px; height: 24px;\"><\/div>\n        <\/div>\n            <div class=\"kksr-star\" data-star=\"2\" style=\"padding-right: 5px\">\n            \n\n<div class=\"kksr-icon\" style=\"width: 24px; height: 24px;\"><\/div>\n        <\/div>\n            <div class=\"kksr-star\" data-star=\"3\" style=\"padding-right: 5px\">\n            \n\n<div class=\"kksr-icon\" style=\"width: 24px; height: 24px;\"><\/div>\n        <\/div>\n            <div class=\"kksr-star\" data-star=\"4\" style=\"padding-right: 5px\">\n            \n\n<div class=\"kksr-icon\" style=\"width: 24px; height: 24px;\"><\/div>\n        <\/div>\n            <div class=\"kksr-star\" data-star=\"5\" style=\"padding-right: 5px\">\n            \n\n<div class=\"kksr-icon\" style=\"width: 24px; height: 24px;\"><\/div>\n        <\/div>\n    <\/div>\n    \n<div class=\"kksr-stars-active\" style=\"width: 128px;\">\n            <div class=\"kksr-star\" style=\"padding-right: 5px\">\n            \n\n<div class=\"kksr-icon\" style=\"width: 24px; height: 24px;\"><\/div>\n        <\/div>\n            <div class=\"kksr-star\" style=\"padding-right: 5px\">\n            \n\n<div class=\"kksr-icon\" style=\"width: 24px; height: 24px;\"><\/div>\n        <\/div>\n            <div class=\"kksr-star\" style=\"padding-right: 5px\">\n            \n\n<div class=\"kksr-icon\" style=\"width: 24px; height: 24px;\"><\/div>\n        <\/div>\n            <div class=\"kksr-star\" style=\"padding-right: 5px\">\n            \n\n<div class=\"kksr-icon\" style=\"width: 24px; height: 24px;\"><\/div>\n        <\/div>\n            <div class=\"kksr-star\" style=\"padding-right: 5px\">\n            \n\n<div class=\"kksr-icon\" style=\"width: 24px; height: 24px;\"><\/div>\n        <\/div>\n    <\/div>\n<\/div>\n                \n\n<div class=\"kksr-legend\" style=\"font-size: 19.2px;\">\n            4.5\/5 - (2 votos)    <\/div>\n    <\/div>\n","protected":false},"excerpt":{"rendered":"<p>Las tendencias en cortes de pelo para hombre de 50 este oto\u00f1o ya est\u00e1n aqu\u00ed. No hay nada m\u00e1s irresistible para un hombre de 50 a\u00f1os que un corte de pelo cl\u00e1sico, con personalidad y elegante. Y, tambi\u00e9n, a muchos hombres de esta edad que prefieren un estilo casual o juvenil, les quedan bien cortes [&hellip;]<\/p>\n","protected":false},"author":30,"featured_media":114176,"comment_status":"closed","ping_status":"closed","sticky":false,"template":"","format":"standard","meta":{"jnews-multi-image_gallery":[],"jnews_single_post":{"subtitle":"","format":"standard","video":"","gallery":"","source_name":"","source_url":"","via_name":"","via_url":"","override_template":"0","override":[{"template":"1","single_blog_custom":"","parallax":"1","fullscreen":"1","layout":"right-sidebar","sidebar":"home-2","second_sidebar":"default-sidebar","sticky_sidebar":"0","share_position":"float","share_float_style":"share-monocrhome","show_share_counter":"0","show_view_counter":"0","show_featured":"1","show_post_meta":"1","show_post_author":"0","show_post_author_image":"1","show_post_date":"1","post_date_format":"default","post_date_format_custom":"Y\/m\/d","show_post_category":"1","show_post_reading_time":"0","post_reading_time_wpm":"300","show_zoom_button":"0","zoom_button_out_step":"2","zoom_button_in_step":"3","show_post_tag":"0","show_prev_next_post":"0","show_popup_post":"0","number_popup_post":"2","show_author_box":"0","show_post_related":"0","show_inline_post_related":"1"}],"override_image_size":"0","image_override":[{"single_post_thumbnail_size":"no-crop","single_post_gallery_size":"crop-500"}],"trending_post":"0","trending_post_position":"meta","trending_post_label":"Trending","sponsored_post":"0","sponsored_post_label":"Sponsored by","sponsored_post_name":"","sponsored_post_url":"","sponsored_post_logo_enable":"0","sponsored_post_logo":"","sponsored_post_desc":"","disable_ad":"0"},"jnews_primary_category":{"id":"","hide":""},"jnews_social_meta":{"fb_title":"","fb_description":"","fb_image":"","twitter_title":"","twitter_description":"","twitter_image":""},"jnews_override_counter":{"override_view_counter":"0","view_counter_number":"0","override_share_counter":"0","share_counter_number":"0","override_like_counter":"0","like_counter_number":"0","override_dislike_counter":"0","dislike_counter_number":"0"},"footnotes":""},"categories":[35],"tags":[],"class_list":["post-114171","post","type-post","status-publish","format-standard","has-post-thumbnail","hentry","category-cabello"],"_links":{"self":[{"href":"https:\/\/www.primor.eu\/blog\/wp-json\/wp\/v2\/posts\/114171","targetHints":{"allow":["GET"]}}],"collection":[{"href":"https:\/\/www.primor.eu\/blog\/wp-json\/wp\/v2\/posts"}],"about":[{"href":"https:\/\/www.primor.eu\/blog\/wp-json\/wp\/v2\/types\/post"}],"author":[{"embeddable":true,"href":"https:\/\/www.primor.eu\/blog\/wp-json\/wp\/v2\/users\/30"}],"replies":[{"embeddable":true,"href":"https:\/\/www.primor.eu\/blog\/wp-json\/wp\/v2\/comments?post=114171"}],"version-history":[{"count":3,"href":"https:\/\/www.primor.eu\/blog\/wp-json\/wp\/v2\/posts\/114171\/revisions"}],"predecessor-version":[{"id":132581,"href":"https:\/\/www.primor.eu\/blog\/wp-json\/wp\/v2\/posts\/114171\/revisions\/132581"}],"wp:featuredmedia":[{"embeddable":true,"href":"https:\/\/www.primor.eu\/blog\/wp-json\/wp\/v2\/media\/114176"}],"wp:attachment":[{"href":"https:\/\/www.primor.eu\/blog\/wp-json\/wp\/v2\/media?parent=114171"}],"wp:term":[{"taxonomy":"category","embeddable":true,"href":"https:\/\/www.primor.eu\/blog\/wp-json\/wp\/v2\/categories?post=114171"},{"taxonomy":"post_tag","embeddable":true,"href":"https:\/\/www.primor.eu\/blog\/wp-json\/wp\/v2\/tags?post=114171"}],"curies":[{"name":"wp","href":"https:\/\/api.w.org\/{rel}","templated":true}]}}