{"id":113653,"date":"2025-09-27T14:04:10","date_gmt":"2025-09-27T14:04:10","guid":{"rendered":"https:\/\/www.primor.eu\/blog\/?p=113653"},"modified":"2026-01-29T08:59:18","modified_gmt":"2026-01-29T08:59:18","slug":"colores-tendencia-manicura-otono","status":"publish","type":"post","link":"https:\/\/www.primor.eu\/blog\/colores-tendencia-manicura-otono\/","title":{"rendered":"5 colores que ser\u00e1n tendencia en tu manicura para oto\u00f1o 2026"},"content":{"rendered":"\n<p>La <strong>tendencia en colores<\/strong> de <strong><a href=\"https:\/\/www.primor.eu\/blog\/tendencias-unas\/\" data-type=\"link\" data-id=\"https:\/\/www.primor.eu\/blog\/tendencias-unas\/?srsltid=AfmBOoqbrCbWhk1BzbrAOrXOgjYGJWw-8XEBfqe7i-31NRSalf4zElvc\">manicura<\/a><\/strong> para <strong>oto\u00f1o <\/strong>ya est\u00e1 corriendo por las redes. Pero, aunque todas miremos las redes sociales en busca de inspiraci\u00f3n cuando queremos hacernos la manicura, lo mejor es que las ordenemos y hagamos una s\u00faper lista de los colores que ser\u00e1n tendencia esta temporada.\u00a0<\/p>\n\n\n\n<p>Solo podemos adelantar que en cuesti\u00f3n de colores y tendencias, no hay muchos cambios con respecto a los \u00faltimos meses, pero s\u00ed entran algunos colores m\u00e1s acordes con la temporada oto\u00f1al que quiz\u00e1s no hemos estado viendo durante el verano.<\/p>\n\n\n\n<p>Evidentemente, al igual que ocurre con las paletas de colores que usamos en la ropa y para los colores de maquillaje, la tendencia en colores de manicura para oto\u00f1o integra algunos de esos <strong>tonos c\u00e1lidos<\/strong> tan <strong>oto\u00f1ales<\/strong>, \u00a1Dale color a tus <a href=\"https:\/\/www.primor.eu\/es_es\/unas\">u\u00f1as<\/a>!<\/p>\n\n\n\n<h3 class=\"wp-block-heading\">U\u00f1as latte en caf\u00e9<\/h3>\n\n\n\n<figure class=\"wp-block-image size-large is-resized\"><img decoding=\"async\" width=\"1024\" height=\"1024\" src=\"https:\/\/www.primor.eu\/blog\/wp-content\/uploads\/2024\/09\/1-11-1024x1024.jpg\" alt=\"\" class=\"wp-image-113656\" style=\"width:819px;height:auto\" srcset=\"https:\/\/www.primor.eu\/blog\/wp-content\/uploads\/2024\/09\/1-11-1024x1024.jpg 1024w, https:\/\/www.primor.eu\/blog\/wp-content\/uploads\/2024\/09\/1-11-300x300.jpg 300w, https:\/\/www.primor.eu\/blog\/wp-content\/uploads\/2024\/09\/1-11-150x150.jpg 150w, https:\/\/www.primor.eu\/blog\/wp-content\/uploads\/2024\/09\/1-11-768x768.jpg 768w, https:\/\/www.primor.eu\/blog\/wp-content\/uploads\/2024\/09\/1-11-75x75.jpg 75w, https:\/\/www.primor.eu\/blog\/wp-content\/uploads\/2024\/09\/1-11-350x350.jpg 350w, https:\/\/www.primor.eu\/blog\/wp-content\/uploads\/2024\/09\/1-11-750x750.jpg 750w, https:\/\/www.primor.eu\/blog\/wp-content\/uploads\/2024\/09\/1-11.jpg 1080w\" sizes=\"(max-width: 1024px) 100vw, 1024px\" \/><\/figure>\n\n\n\n<p>Fuente Instagram:@annhouseofnails1<\/p>\n\n\n\n<p>Llevamos ya bastante tiempo viendo las redes sociales llenas de tonos latte. Esta tendencia de u\u00f1as comprende varias tonalidades, sin embargo, seg\u00fan la estaci\u00f3n del a\u00f1o que escojamos podemos variar los tonos de nuestras latte.&nbsp;<\/p>\n\n\n\n<p>Mientras en primavera o en verano nos pueden apetecer tonos m\u00e1s claros para nuestras u\u00f1as latte, as\u00ed como nos puede apetecer un t\u00e9 latte clarito y con mucho hielo, en oto\u00f1o la cosa cambia. El oto\u00f1o pide calidez, tanto en el caso de tomarnos un buen caf\u00e9 calentito como en el de nuestras u\u00f1as latte,&nbsp; \u00bfqu\u00e9 mejor para recibir el oto\u00f1o que esta tendencia de u\u00f1as latte en color caf\u00e9 que va a ser una de las m\u00e1s demandadas en los salones?<\/p>\n\n\n\n<h3 class=\"wp-block-heading\">U\u00f1as metalizadas y perladas<\/h3>\n\n\n\n<figure class=\"wp-block-image size-large is-resized\"><img decoding=\"async\" width=\"1024\" height=\"1024\" src=\"https:\/\/www.primor.eu\/blog\/wp-content\/uploads\/2024\/09\/2-11-1024x1024.jpg\" alt=\"\" class=\"wp-image-113657\" style=\"width:817px;height:auto\" srcset=\"https:\/\/www.primor.eu\/blog\/wp-content\/uploads\/2024\/09\/2-11-1024x1024.jpg 1024w, https:\/\/www.primor.eu\/blog\/wp-content\/uploads\/2024\/09\/2-11-300x300.jpg 300w, https:\/\/www.primor.eu\/blog\/wp-content\/uploads\/2024\/09\/2-11-150x150.jpg 150w, https:\/\/www.primor.eu\/blog\/wp-content\/uploads\/2024\/09\/2-11-768x768.jpg 768w, https:\/\/www.primor.eu\/blog\/wp-content\/uploads\/2024\/09\/2-11-75x75.jpg 75w, https:\/\/www.primor.eu\/blog\/wp-content\/uploads\/2024\/09\/2-11-350x350.jpg 350w, https:\/\/www.primor.eu\/blog\/wp-content\/uploads\/2024\/09\/2-11-750x750.jpg 750w, https:\/\/www.primor.eu\/blog\/wp-content\/uploads\/2024\/09\/2-11.jpg 1080w\" sizes=\"(max-width: 1024px) 100vw, 1024px\" \/><\/figure>\n\n\n\n<p>Fuente Instagram:@voyatenersuerte<\/p>\n\n\n\n<p>Si lo que quieres es comenzar en oto\u00f1o con buen pie, \u00a1l\u00e1nzate a los colores metalizados! Con un toque festivo, elegante y atrevido esta manicura es perfecta y est\u00e1 en el top de las que veremos este oto\u00f1o. Puedes elegirlas plateadas, doradas, en tonos lat\u00f3n o bronce y tambi\u00e9n con ese brillo tan peculiar que tienen las perlas\u2026<\/p>\n\n\n\n<h3 class=\"wp-block-heading\">Manicura francesa&nbsp;<\/h3>\n\n\n\n<figure class=\"wp-block-image size-large\"><img decoding=\"async\" width=\"819\" height=\"1024\" src=\"https:\/\/www.primor.eu\/blog\/wp-content\/uploads\/2024\/09\/3-12-819x1024.jpg\" alt=\"\" class=\"wp-image-113658\" srcset=\"https:\/\/www.primor.eu\/blog\/wp-content\/uploads\/2024\/09\/3-12-819x1024.jpg 819w, https:\/\/www.primor.eu\/blog\/wp-content\/uploads\/2024\/09\/3-12-240x300.jpg 240w, https:\/\/www.primor.eu\/blog\/wp-content\/uploads\/2024\/09\/3-12-768x960.jpg 768w, https:\/\/www.primor.eu\/blog\/wp-content\/uploads\/2024\/09\/3-12-750x938.jpg 750w, https:\/\/www.primor.eu\/blog\/wp-content\/uploads\/2024\/09\/3-12.jpg 1080w\" sizes=\"(max-width: 819px) 100vw, 819px\" \/><\/figure>\n\n\n\n<p>Fuente Instagram:@elpetitsalobymayte<\/p>\n\n\n\n<p>La manicura francesa es un must para algunas. Si no eres de seguir las modas, pero quieres saber las manicuras que ser\u00e1n tendencia este oto\u00f1o 2026 est\u00e1s de suerte porque podr\u00e1s seguir luciendo tu impecable y sencilla francesa. Lo mejor de esta manicura es que queda ideal con las u\u00f1as cortas, que es c\u00f3moda para seg\u00fan qu\u00e9 trabajos y tareas en las que utilizamos mucho las manos.&nbsp;<\/p>\n\n\n\n<h3 class=\"wp-block-heading\">U\u00f1as baby boomer<\/h3>\n\n\n\n<figure class=\"wp-block-image size-large\"><img decoding=\"async\" width=\"819\" height=\"1024\" src=\"https:\/\/www.primor.eu\/blog\/wp-content\/uploads\/2024\/09\/4-11-819x1024.jpg\" alt=\"\" class=\"wp-image-113659\" srcset=\"https:\/\/www.primor.eu\/blog\/wp-content\/uploads\/2024\/09\/4-11-819x1024.jpg 819w, https:\/\/www.primor.eu\/blog\/wp-content\/uploads\/2024\/09\/4-11-240x300.jpg 240w, https:\/\/www.primor.eu\/blog\/wp-content\/uploads\/2024\/09\/4-11-768x960.jpg 768w, https:\/\/www.primor.eu\/blog\/wp-content\/uploads\/2024\/09\/4-11-750x938.jpg 750w, https:\/\/www.primor.eu\/blog\/wp-content\/uploads\/2024\/09\/4-11.jpg 1080w\" sizes=\"(max-width: 819px) 100vw, 819px\" \/><\/figure>\n\n\n\n<p>Fuente Instagram:@nails_yr20<\/p>\n\n\n\n<p>Las baby boomer tambi\u00e9n seguir\u00e1n siendo tendencia este oto\u00f1o. Esta original variaci\u00f3n de la manicura francesa que difumina la l\u00ednea entre ambos colores de la manicura francesa, sigue rompiendo las redes sociales y siendo muy demandada en los salones. Y es que las baby boomer, venimos pisando fuerte\u2026&nbsp;<\/p>\n\n\n\n<p>Es genial si lo que te van son los tonos muy claros o imperceptibles y puedes elegir tonos con un rosado m\u00e1s elevado que la manicura francesa cl\u00e1sica, ya que esta tendencia acoge un poco m\u00e1s a la creatividad.&nbsp;<\/p>\n\n\n\n<h3 class=\"wp-block-heading\">U\u00f1as tortoise nails<\/h3>\n\n\n\n<figure class=\"wp-block-image size-large\"><img decoding=\"async\" width=\"823\" height=\"1024\" src=\"https:\/\/www.primor.eu\/blog\/wp-content\/uploads\/2024\/09\/5-10-823x1024.jpg\" alt=\"\" class=\"wp-image-113660\" srcset=\"https:\/\/www.primor.eu\/blog\/wp-content\/uploads\/2024\/09\/5-10-823x1024.jpg 823w, https:\/\/www.primor.eu\/blog\/wp-content\/uploads\/2024\/09\/5-10-241x300.jpg 241w, https:\/\/www.primor.eu\/blog\/wp-content\/uploads\/2024\/09\/5-10-768x955.jpg 768w, https:\/\/www.primor.eu\/blog\/wp-content\/uploads\/2024\/09\/5-10-750x933.jpg 750w, https:\/\/www.primor.eu\/blog\/wp-content\/uploads\/2024\/09\/5-10.jpg 1080w\" sizes=\"(max-width: 823px) 100vw, 823px\" \/><\/figure>\n\n\n\n<p>Fuente Instagram:@resaltaaqp<\/p>\n\n\n\n<p>Pero la tendencia que m\u00e1s nos gusta en Primor para tus manicuras este oto\u00f1o 2026 de las que van a tomar las calles, las oficinas y todo lugar p\u00fablico y privado que se precie son las tortoise nails.&nbsp;<\/p>\n\n\n\n<p>Este estampado que es un cl\u00e1sico y que hemos visto millones de veces en glamorosas gafas, joyas, accesorios de todo tipo y hasta algunos bolsos o zapatos, \u00a1ahora tambi\u00e9n es tendencia en las u\u00f1as! La verdad es que nada m\u00e1s verlas dan ganas de coger cita en el sal\u00f3n lo antes posible. Sin duda, si quieres algo distinto de verdad y elegante al mismo tiempo, prueba con esta nueva tendencia este oto\u00f1o.&nbsp;<\/p>\n\n\n<div class=\"kk-star-ratings kksr-auto kksr-align-center kksr-valign-bottom\"\n    data-payload='{&quot;align&quot;:&quot;center&quot;,&quot;id&quot;:&quot;113653&quot;,&quot;slug&quot;:&quot;default&quot;,&quot;valign&quot;:&quot;bottom&quot;,&quot;ignore&quot;:&quot;&quot;,&quot;reference&quot;:&quot;auto&quot;,&quot;class&quot;:&quot;&quot;,&quot;count&quot;:&quot;1&quot;,&quot;legendonly&quot;:&quot;&quot;,&quot;readonly&quot;:&quot;&quot;,&quot;score&quot;:&quot;5&quot;,&quot;starsonly&quot;:&quot;&quot;,&quot;best&quot;:&quot;5&quot;,&quot;gap&quot;:&quot;5&quot;,&quot;greet&quot;:&quot;Valora este art\u00edculo&quot;,&quot;legend&quot;:&quot;5\\\/5 - (1 voto)&quot;,&quot;size&quot;:&quot;24&quot;,&quot;title&quot;:&quot;5 colores que ser\u00e1n tendencia en tu manicura para oto\u00f1o 2026&quot;,&quot;width&quot;:&quot;142.5&quot;,&quot;_legend&quot;:&quot;{score}\\\/{best} - ({count} {votes})&quot;,&quot;font_factor&quot;:&quot;1.25&quot;}'>\n            \n<div class=\"kksr-stars\">\n    \n<div class=\"kksr-stars-inactive\">\n            <div class=\"kksr-star\" data-star=\"1\" style=\"padding-right: 5px\">\n            \n\n<div class=\"kksr-icon\" style=\"width: 24px; height: 24px;\"><\/div>\n        <\/div>\n            <div class=\"kksr-star\" data-star=\"2\" style=\"padding-right: 5px\">\n            \n\n<div class=\"kksr-icon\" style=\"width: 24px; height: 24px;\"><\/div>\n        <\/div>\n            <div class=\"kksr-star\" data-star=\"3\" style=\"padding-right: 5px\">\n            \n\n<div class=\"kksr-icon\" style=\"width: 24px; height: 24px;\"><\/div>\n        <\/div>\n            <div class=\"kksr-star\" data-star=\"4\" style=\"padding-right: 5px\">\n            \n\n<div class=\"kksr-icon\" style=\"width: 24px; height: 24px;\"><\/div>\n        <\/div>\n            <div class=\"kksr-star\" data-star=\"5\" style=\"padding-right: 5px\">\n            \n\n<div class=\"kksr-icon\" style=\"width: 24px; height: 24px;\"><\/div>\n        <\/div>\n    <\/div>\n    \n<div class=\"kksr-stars-active\" style=\"width: 142.5px;\">\n            <div class=\"kksr-star\" style=\"padding-right: 5px\">\n            \n\n<div class=\"kksr-icon\" style=\"width: 24px; height: 24px;\"><\/div>\n        <\/div>\n            <div class=\"kksr-star\" style=\"padding-right: 5px\">\n            \n\n<div class=\"kksr-icon\" style=\"width: 24px; height: 24px;\"><\/div>\n        <\/div>\n            <div class=\"kksr-star\" style=\"padding-right: 5px\">\n            \n\n<div class=\"kksr-icon\" style=\"width: 24px; height: 24px;\"><\/div>\n        <\/div>\n            <div class=\"kksr-star\" style=\"padding-right: 5px\">\n            \n\n<div class=\"kksr-icon\" style=\"width: 24px; height: 24px;\"><\/div>\n        <\/div>\n            <div class=\"kksr-star\" style=\"padding-right: 5px\">\n            \n\n<div class=\"kksr-icon\" style=\"width: 24px; height: 24px;\"><\/div>\n        <\/div>\n    <\/div>\n<\/div>\n                \n\n<div class=\"kksr-legend\" style=\"font-size: 19.2px;\">\n            5\/5 - (1 voto)    <\/div>\n    <\/div>\n","protected":false},"excerpt":{"rendered":"<p>La tendencia en colores de manicura para oto\u00f1o ya est\u00e1 corriendo por las redes. Pero, aunque todas miremos las redes sociales en busca de inspiraci\u00f3n cuando queremos hacernos la manicura, lo mejor es que las ordenemos y hagamos una s\u00faper lista de los colores que ser\u00e1n tendencia esta temporada.\u00a0 Solo podemos adelantar que en cuesti\u00f3n [&hellip;]<\/p>\n","protected":false},"author":30,"featured_media":113654,"comment_status":"closed","ping_status":"closed","sticky":false,"template":"","format":"standard","meta":{"jnews-multi-image_gallery":[],"jnews_single_post":{"subtitle":"","format":"standard","video":"","gallery":"","source_name":"","source_url":"","via_name":"","via_url":"","override_template":"0","override":[{"template":"1","single_blog_custom":"","parallax":"1","fullscreen":"1","layout":"right-sidebar","sidebar":"home-2","second_sidebar":"default-sidebar","sticky_sidebar":"0","share_position":"float","share_float_style":"share-monocrhome","show_share_counter":"0","show_view_counter":"0","show_featured":"1","show_post_meta":"1","show_post_author":"0","show_post_author_image":"1","show_post_date":"1","post_date_format":"default","post_date_format_custom":"Y\/m\/d","show_post_category":"1","show_post_reading_time":"0","post_reading_time_wpm":"300","show_zoom_button":"0","zoom_button_out_step":"2","zoom_button_in_step":"3","show_post_tag":"0","show_prev_next_post":"0","show_popup_post":"0","number_popup_post":"2","show_author_box":"0","show_post_related":"0","show_inline_post_related":"1"}],"override_image_size":"0","image_override":[{"single_post_thumbnail_size":"no-crop","single_post_gallery_size":"crop-500"}],"trending_post":"0","trending_post_position":"meta","trending_post_label":"Trending","sponsored_post":"0","sponsored_post_label":"Sponsored by","sponsored_post_name":"","sponsored_post_url":"","sponsored_post_logo_enable":"0","sponsored_post_logo":"","sponsored_post_desc":"","disable_ad":"0"},"jnews_primary_category":{"id":"","hide":""},"jnews_social_meta":{"fb_title":"","fb_description":"","fb_image":"","twitter_title":"","twitter_description":"","twitter_image":""},"jnews_override_counter":{"override_view_counter":"0","view_counter_number":"0","override_share_counter":"0","share_counter_number":"0","override_like_counter":"0","like_counter_number":"0","override_dislike_counter":"0","dislike_counter_number":"0"},"footnotes":""},"categories":[1831],"tags":[],"class_list":["post-113653","post","type-post","status-publish","format-standard","has-post-thumbnail","hentry","category-manicuras"],"_links":{"self":[{"href":"https:\/\/www.primor.eu\/blog\/wp-json\/wp\/v2\/posts\/113653","targetHints":{"allow":["GET"]}}],"collection":[{"href":"https:\/\/www.primor.eu\/blog\/wp-json\/wp\/v2\/posts"}],"about":[{"href":"https:\/\/www.primor.eu\/blog\/wp-json\/wp\/v2\/types\/post"}],"author":[{"embeddable":true,"href":"https:\/\/www.primor.eu\/blog\/wp-json\/wp\/v2\/users\/30"}],"replies":[{"embeddable":true,"href":"https:\/\/www.primor.eu\/blog\/wp-json\/wp\/v2\/comments?post=113653"}],"version-history":[{"count":6,"href":"https:\/\/www.primor.eu\/blog\/wp-json\/wp\/v2\/posts\/113653\/revisions"}],"predecessor-version":[{"id":138406,"href":"https:\/\/www.primor.eu\/blog\/wp-json\/wp\/v2\/posts\/113653\/revisions\/138406"}],"wp:featuredmedia":[{"embeddable":true,"href":"https:\/\/www.primor.eu\/blog\/wp-json\/wp\/v2\/media\/113654"}],"wp:attachment":[{"href":"https:\/\/www.primor.eu\/blog\/wp-json\/wp\/v2\/media?parent=113653"}],"wp:term":[{"taxonomy":"category","embeddable":true,"href":"https:\/\/www.primor.eu\/blog\/wp-json\/wp\/v2\/categories?post=113653"},{"taxonomy":"post_tag","embeddable":true,"href":"https:\/\/www.primor.eu\/blog\/wp-json\/wp\/v2\/tags?post=113653"}],"curies":[{"name":"wp","href":"https:\/\/api.w.org\/{rel}","templated":true}]}}