{"id":113435,"date":"2024-09-21T12:00:00","date_gmt":"2024-09-21T12:00:00","guid":{"rendered":"https:\/\/www.primor.eu\/blog\/?p=113435"},"modified":"2025-09-12T11:03:08","modified_gmt":"2025-09-12T11:03:08","slug":"mejores-tintes-barba-bigote","status":"publish","type":"post","link":"https:\/\/www.primor.eu\/blog\/mejores-tintes-barba-bigote\/","title":{"rendered":"Los 5 mejores productos de tinte para la barba y el bigote"},"content":{"rendered":"\n<p>El<strong> tinte <\/strong>para la<strong> <a href=\"https:\/\/www.primor.eu\/blog\/tendencias-barba-otono\/?srsltid=AfmBOoo29w7I18AfkqtcrYK8XQTAbX3jgNR6Y8YeLp90hjdVIVU0NGlm\" data-type=\"link\" data-id=\"https:\/\/www.primor.eu\/blog\/tendencias-barba-otono\/?srsltid=AfmBOoo29w7I18AfkqtcrYK8XQTAbX3jgNR6Y8YeLp90hjdVIVU0NGlm\">barba <\/a><\/strong>es algo que se ha extendido mucho en los \u00faltimos tiempos. Hay que tener en cuenta que los hombres cada vez cuidan m\u00e1s su imagen y, sobre todo los que prefieren te\u00f1ir las <strong>canas de su cabello<\/strong>, pueden buscar lo mismo con la barba. Es cierto que el efecto que provoca un cabello sin canas conviviendo con una barba cana, puede resultar para algunos hombres extra\u00f1o.&nbsp;<\/p>\n\n\n\n<p>Es por eso que existen varias opciones en el mercado de tinte para la barba y en Primor tenemos algunas de las mejores. Vamos a ver cu\u00e1les son los mejores productos de tinte para la barba y las razones por las que un hombre puede tomar esta decisi\u00f3n.<\/p>\n\n\n\n<h2 class=\"wp-block-heading\">Tinte para la barba: razones para escoger uno<\/h2>\n\n\n\n<p>Como hemos dicho, en ocasiones puede ser que elegir un tinte para la barba venga determinado por tener el cabello te\u00f1ido. Sin embargo, puede haber otras razones que impulsen a esta acci\u00f3n que no sean esa necesariamente. Son estas:<\/p>\n\n\n\n<ul class=\"wp-block-list\">\n<li><strong>Conseguir un aspecto m\u00e1s juvenil<\/strong>: la primera de las razones por las que un hombre decide usar un tinte para la barba puede ser el de conseguir un aspecto m\u00e1s joven. Al igual que las mujeres cuando ti\u00f1en sus canas.&nbsp;<\/li>\n\n\n\n<li><strong>Cambiar de tono de cabello<\/strong>: que se quiera experimentar con otro tono de cabello y, por ende, igualar el de la barba o el bigote tambi\u00e9n es una opci\u00f3n m\u00e1s que v\u00e1lida para escoger un tinte para la barba.<\/li>\n\n\n\n<li><strong>Conseguir el mismo tono que en el cabello<\/strong>: es importante que se cumpla este punto para algunos hombres. El hecho de que se tengan canas en la barba o el bigote y no en el cabello no siempre tiene que ser resultado de haber te\u00f1ido el cabello. En ocasiones las canas pueden salir solamente en la barba o el bigote.<\/li>\n<\/ul>\n\n\n\n<h2 class=\"wp-block-heading\">Los mejores productos de tinte para la barba est\u00e1n en Primor&nbsp;<\/h2>\n\n\n        <product-table class=\"pr-slider\">\r\n            <product-headers class=\"grid-table-rows\">\r\n                <div>Foto<\/div>\r\n                <div>Producto<\/div>\r\n                <div>Marca<\/div>\r\n                <div>Valoraciones<\/div>\r\n                <div>Precio<\/div>\r\n            <\/product-headers>\r\n\r\n            <product-list>\r\n                                    <a href=\"https:\/\/www.primor.eu\/es_es\/just-for-men-colorante-en-champu-para-hombres-113104.html?#755=40334\" class=\"product-item grid-table-rows\" target=\"_blank\">\r\n                        <div>\r\n                            <img decoding=\"async\" class=\"product-img\" width=\"80px\" height=\"80px\" src=\"https:\/\/cdn2.primor.eu\/media\/catalog\/product\/cache\/8d3aba296f7a18b5251ee30fa5db42b2\/6\/X\/6XS12411_1_440a.jpg\" alt=\"Colorante en Champ\u00fa para Hombres\">\r\n                        <\/div>\r\n\r\n                        <!-- Contenido de producto  -->\r\n                        <div>\r\n                            <div class=\"product-position\">\r\n                                #1 Top Ventas                            <\/div>\r\n\r\n                            <h2>\r\n                                Colorante en Champ\u00fa para Hombres                            <\/h2>\r\n                        <\/div>\r\n\r\n                        <!-- Imagen y\/o nombre de la marca -->\r\n                        <div>\r\n                                                            <img decoding=\"async\" width=\"70\" src=\"https:\/\/www.primor.eu\/media\/catalog\/category\/just_for_men.jpg\" alt=\"Just For Men\">\r\n                                                    <\/div>\r\n\r\n                        <!-- Puntuaci\u00f3n del producto  -->\r\n                        <div class=\"rating\">\r\n                                                            <div class=\"rate\" style=\"--p:86;\"><\/div>\r\n                                <b>4.3\/5<\/b>\r\n                                <div class=\"rate-stars\">\r\n                                                                            <div\r\n                                            class=\"rate-star  \">\r\n                                        <\/div>\r\n                                                                            <div\r\n                                            class=\"rate-star  \">\r\n                                        <\/div>\r\n                                                                            <div\r\n                                            class=\"rate-star  \">\r\n                                        <\/div>\r\n                                                                            <div\r\n                                            class=\"rate-star  \">\r\n                                        <\/div>\r\n                                                                            <div\r\n                                            class=\"rate-star  \">\r\n                                        <\/div>\r\n                                                                    <\/div>\r\n                                                    <\/div>\r\n\r\n                        <!-- Bot\u00f3n de producto  -->\r\n                        <div>\r\n                            <span class=\"price-claim\">\r\n                                VER PRECIO                            <\/span>\r\n                        <\/div>\r\n                    <\/a>\r\n                                    <a href=\"https:\/\/www.primor.eu\/es_es\/revlon-revlonissimo-45-days-2en1-105590.html?#863=67346\" class=\"product-item grid-table-rows\" target=\"_blank\">\r\n                        <div>\r\n                            <img decoding=\"async\" class=\"product-img\" width=\"80px\" height=\"80px\" src=\"https:\/\/cdn2.primor.eu\/media\/catalog\/product\/cache\/8d3aba296f7a18b5251ee30fa5db42b2\/2\/C\/2CC01775_1_ec32.jpg\" alt=\"Revlonissimo 45 Days 2en1\">\r\n                        <\/div>\r\n\r\n                        <!-- Contenido de producto  -->\r\n                        <div>\r\n                            <div class=\"product-position\">\r\n                                #2                            <\/div>\r\n\r\n                            <h2>\r\n                                Revlonissimo 45 Days 2en1                            <\/h2>\r\n                        <\/div>\r\n\r\n                        <!-- Imagen y\/o nombre de la marca -->\r\n                        <div>\r\n                                                            <img decoding=\"async\" width=\"70\" src=\"https:\/\/www.primor.eu\/media\/catalog\/category\/403.jpg\" alt=\"Revlon\">\r\n                                                    <\/div>\r\n\r\n                        <!-- Puntuaci\u00f3n del producto  -->\r\n                        <div class=\"rating\">\r\n                                                            <div class=\"rate\" style=\"--p:90;\"><\/div>\r\n                                <b>4.5\/5<\/b>\r\n                                <div class=\"rate-stars\">\r\n                                                                            <div\r\n                                            class=\"rate-star  \">\r\n                                        <\/div>\r\n                                                                            <div\r\n                                            class=\"rate-star  \">\r\n                                        <\/div>\r\n                                                                            <div\r\n                                            class=\"rate-star  \">\r\n                                        <\/div>\r\n                                                                            <div\r\n                                            class=\"rate-star  \">\r\n                                        <\/div>\r\n                                                                            <div\r\n                                            class=\"rate-star  middle\">\r\n                                        <\/div>\r\n                                                                    <\/div>\r\n                                                    <\/div>\r\n\r\n                        <!-- Bot\u00f3n de producto  -->\r\n                        <div>\r\n                            <span class=\"price-claim\">\r\n                                VER PRECIO                            <\/span>\r\n                        <\/div>\r\n                    <\/a>\r\n                                    <a href=\"https:\/\/www.primor.eu\/es_es\/dr-jackson-antidot-5-0-pomada-barba-bigote-119698.html\" class=\"product-item grid-table-rows\" target=\"_blank\">\r\n                        <div>\r\n                            <img decoding=\"async\" class=\"product-img\" width=\"80px\" height=\"80px\" src=\"https:\/\/cdn2.primor.eu\/media\/catalog\/product\/cache\/8d3aba296f7a18b5251ee30fa5db42b2\/A\/N\/ANTIDOT_5.0_BEARD_POMADE___50_ML_6ba8.jpg\" alt=\"Pomada Barba - Bigote Antidot 5.0 Beard - Moustache Pomade\">\r\n                        <\/div>\r\n\r\n                        <!-- Contenido de producto  -->\r\n                        <div>\r\n                            <div class=\"product-position\">\r\n                                #3                            <\/div>\r\n\r\n                            <h2>\r\n                                Pomada Barba - Bigote Antidot 5.0 Beard - Moustache Pomade                            <\/h2>\r\n                        <\/div>\r\n\r\n                        <!-- Imagen y\/o nombre de la marca -->\r\n                        <div>\r\n                                                            <img decoding=\"async\" width=\"70\" src=\"https:\/\/www.primor.eu\/media\/catalog\/category\/Dr._Jackson.png\" alt=\"\">\r\n                                                    <\/div>\r\n\r\n                        <!-- Puntuaci\u00f3n del producto  -->\r\n                        <div class=\"rating\">\r\n                                                            <div class=\"rate\" style=\"--p:100;\"><\/div>\r\n                                <b>5\/5<\/b>\r\n                                <div class=\"rate-stars\">\r\n                                                                            <div\r\n                                            class=\"rate-star  \">\r\n                                        <\/div>\r\n                                                                            <div\r\n                                            class=\"rate-star  \">\r\n                                        <\/div>\r\n                                                                            <div\r\n                                            class=\"rate-star  \">\r\n                                        <\/div>\r\n                                                                            <div\r\n                                            class=\"rate-star  \">\r\n                                        <\/div>\r\n                                                                            <div\r\n                                            class=\"rate-star  \">\r\n                                        <\/div>\r\n                                                                    <\/div>\r\n                                                    <\/div>\r\n\r\n                        <!-- Bot\u00f3n de producto  -->\r\n                        <div>\r\n                            <span class=\"price-claim\">\r\n                                VER PRECIO                            <\/span>\r\n                        <\/div>\r\n                    <\/a>\r\n                                    <a href=\"https:\/\/www.primor.eu\/es_es\/american-crew-acondicionador-para-barba-beard-serum-4573.html\" class=\"product-item grid-table-rows\" target=\"_blank\">\r\n                        <div>\r\n                            <img decoding=\"async\" class=\"product-img\" width=\"80px\" height=\"80px\" src=\"https:\/\/cdn2.primor.eu\/media\/catalog\/product\/cache\/8d3aba296f7a18b5251ee30fa5db42b2\/0\/T\/0TM01086_1_794b.jpg\" alt=\"Acondicionador para Barba Beard Serum\">\r\n                        <\/div>\r\n\r\n                        <!-- Contenido de producto  -->\r\n                        <div>\r\n                            <div class=\"product-position\">\r\n                                #4                            <\/div>\r\n\r\n                            <h2>\r\n                                Acondicionador para Barba Beard Serum                            <\/h2>\r\n                        <\/div>\r\n\r\n                        <!-- Imagen y\/o nombre de la marca -->\r\n                        <div>\r\n                                                            <img decoding=\"async\" width=\"70\" src=\"https:\/\/www.primor.eu\/media\/catalog\/category\/AMERICAN_CREW.jpg\" alt=\"\">\r\n                                                    <\/div>\r\n\r\n                        <!-- Puntuaci\u00f3n del producto  -->\r\n                        <div class=\"rating\">\r\n                                                            <div class=\"rate\" style=\"--p:100;\"><\/div>\r\n                                <b>5\/5<\/b>\r\n                                <div class=\"rate-stars\">\r\n                                                                            <div\r\n                                            class=\"rate-star  \">\r\n                                        <\/div>\r\n                                                                            <div\r\n                                            class=\"rate-star  \">\r\n                                        <\/div>\r\n                                                                            <div\r\n                                            class=\"rate-star  \">\r\n                                        <\/div>\r\n                                                                            <div\r\n                                            class=\"rate-star  \">\r\n                                        <\/div>\r\n                                                                            <div\r\n                                            class=\"rate-star  \">\r\n                                        <\/div>\r\n                                                                    <\/div>\r\n                                                    <\/div>\r\n\r\n                        <!-- Bot\u00f3n de producto  -->\r\n                        <div>\r\n                            <span class=\"price-claim\">\r\n                                VER PRECIO                            <\/span>\r\n                        <\/div>\r\n                    <\/a>\r\n                                    <a href=\"https:\/\/www.primor.eu\/es_es\/mister-groomer-champu-cabeza-barba-y-bigote-84101.html\" class=\"product-item grid-table-rows\" target=\"_blank\">\r\n                        <div>\r\n                            <img decoding=\"async\" class=\"product-img\" width=\"80px\" height=\"80px\" src=\"https:\/\/cdn2.primor.eu\/media\/catalog\/product\/cache\/8d3aba296f7a18b5251ee30fa5db42b2\/s\/h\/shampoo_c6a5.jpg\" alt=\"Champ\u00fa Cabeza, Barba y Bigote\">\r\n                        <\/div>\r\n\r\n                        <!-- Contenido de producto  -->\r\n                        <div>\r\n                            <div class=\"product-position\">\r\n                                #5                            <\/div>\r\n\r\n                            <h2>\r\n                                Champ\u00fa Cabeza, Barba y Bigote                            <\/h2>\r\n                        <\/div>\r\n\r\n                        <!-- Imagen y\/o nombre de la marca -->\r\n                        <div>\r\n                                                            <p class=\"brand-name\"><b><\/b><\/p>\r\n                                                    <\/div>\r\n\r\n                        <!-- Puntuaci\u00f3n del producto  -->\r\n                        <div class=\"rating\">\r\n                                                            <div class=\"rate\" style=\"--p:100;\"><\/div>\r\n                                <b>5\/5<\/b>\r\n                                <div class=\"rate-stars\">\r\n                                                                            <div\r\n                                            class=\"rate-star  \">\r\n                                        <\/div>\r\n                                                                            <div\r\n                                            class=\"rate-star  \">\r\n                                        <\/div>\r\n                                                                            <div\r\n                                            class=\"rate-star  \">\r\n                                        <\/div>\r\n                                                                            <div\r\n                                            class=\"rate-star  \">\r\n                                        <\/div>\r\n                                                                            <div\r\n                                            class=\"rate-star  \">\r\n                                        <\/div>\r\n                                                                    <\/div>\r\n                                                    <\/div>\r\n\r\n                        <!-- Bot\u00f3n de producto  -->\r\n                        <div>\r\n                            <span class=\"price-claim\">\r\n                                VER PRECIO                            <\/span>\r\n                        <\/div>\r\n                    <\/a>\r\n                            <\/product-list>\r\n        <\/product-table>\r\n\r\n        \n\n\n\n<h3 class=\"wp-block-heading\">Colorante en Champ\u00fa para Hombres de Just For Men<\/h3>\n\n\n\n<p>Es la soluci\u00f3n ideal para la coloraci\u00f3n del cabello masculino. Este colorante en champ\u00fa est\u00e1 dise\u00f1ado para eliminar el 100% de las canas de manera efectiva y r\u00e1pida. Con JUST FOR MEN Colorante en Champ\u00fa, puedes disfrutar de una cobertura completa de las canas en tan solo 5 minutos, mientras te duchas.<\/p>\n\n\n\n<p>Este colorante en champ\u00fa es suave para el cabello y no contiene amoniaco, lo que garantiza un tratamiento delicado que act\u00faa solo sobre las canas. Ofrece una coloraci\u00f3n discreta y natural, ideal para hombres que buscan un acabado sin complicaciones y efectivo. Aprovecha los beneficios de este colorante en champ\u00fa para mantener un color de cabello uniforme y sin canas.<\/p>\n\n\n    <a class='product' target='_blank' href='https:\/\/www.primor.eu\/es_es\/just-for-men-colorante-en-champu-para-hombres-113104.html?#755=40334'>\r\n        <img loading='async' src='https:\/\/cdn2.primor.eu\/media\/catalog\/product\/cache\/8d3aba296f7a18b5251ee30fa5db42b2\/6\/X\/6XS12411_1_440a.jpg' alt='COMPRAR AHORA'>\r\n            <div class=\"claim\">\r\n                COMPRAR AHORA            <\/div>\r\n        <\/a>\r\n    \n\n\n<h3 class=\"wp-block-heading\">Revlonissimo 45 Days 2en1 de Revlon<\/h3>\n\n\n\n<p>Revlon Hair nos presenta su nueva gama de Champ\u00fa y Acondicionador 2en1 con una f\u00f3rmula espec\u00edfica para cada tono de cabello.<\/p>\n\n\n\n<p>\u00bfPor qu\u00e9 usar un champ\u00fa que desgasta tu color, pudiendo usar uno que lo favorece? Revlon Hair nos presenta su nueva gama de Champ\u00fa y Acondicionador 2en1 Revlonissimo 45 Days con una f\u00f3rmula espec\u00edfica para cada tono de cabello. En un solo paso, el color se mantiene vibrante y el cabello nutrido y sedoso.<\/p>\n\n\n\n<p>Su f\u00f3rmula nutre e hidrata el cabello combatiendo la sequedad y fragilidad caracter\u00edstica de los cabellos tratados. Consigue los resultados de un champ\u00fa acondicionador, m\u00e1s un tratamiento de protecci\u00f3n del color en cada aplicaci\u00f3n. Crea un escudo protector que mantiene el color vibrante hasta la pr\u00f3xima coloraci\u00f3n y cuida el cabello mientras mantiene su intensidad y cromaticidad. Sin sulfatos.&nbsp; Caracter\u00edsticas:<\/p>\n\n\n\n<ul class=\"wp-block-list\">\n<li>Color protegido.&nbsp;<\/li>\n\n\n\n<li>Ultrabrillo.&nbsp;<\/li>\n\n\n\n<li>Antioxidante.&nbsp;<\/li>\n\n\n\n<li>Filtros UV.&nbsp;<\/li>\n\n\n\n<li>Protecci\u00f3n t\u00e9rmica.&nbsp;<\/li>\n\n\n\n<li>Sin sulfatos.<\/li>\n<\/ul>\n\n\n    <a class='product' target='_blank' href='https:\/\/www.primor.eu\/es_es\/revlon-revlonissimo-45-days-2en1-105590.html?#863=67346'>\r\n        <img loading='async' src='https:\/\/cdn2.primor.eu\/media\/catalog\/product\/cache\/8d3aba296f7a18b5251ee30fa5db42b2\/2\/C\/2CC01775_1_ec32.jpg' alt='COMPRAR AHORA'>\r\n            <div class=\"claim\">\r\n                COMPRAR AHORA            <\/div>\r\n        <\/a>\r\n    \n\n\n<h3 class=\"wp-block-heading\">Pomada Barba &amp; Bigote Antidot 5.0 Beard &amp; Moustache Pomade de Dr Jackson<\/h3>\n\n\n\n<p>Est\u00e1 formulada con extracto natural de cera de abeja, ideal para texturizar y dar forma a la barba y el bigote.<\/p>\n\n\n\n<p>Esta pomada para barba y bigote proporciona un acabado natural y controlado, permitiendo moldear el vello facial con facilidad.<\/p>\n\n\n\n<p>Antidot 5.0 Beard &amp; Moustache Pomade de DR JACKSON es perfecto para quienes buscan mantener su barba y bigote con un estilo definido y suave.<\/p>\n\n\n    <a class='product' target='_blank' href='https:\/\/www.primor.eu\/es_es\/dr-jackson-antidot-5-0-pomada-barba-bigote-119698.html'>\r\n        <img loading='async' src='https:\/\/cdn2.primor.eu\/media\/catalog\/product\/cache\/8d3aba296f7a18b5251ee30fa5db42b2\/A\/N\/ANTIDOT_5.0_BEARD_POMADE___50_ML_6ba8.jpg' alt='COMPRAR AHORA'>\r\n            <div class=\"claim\">\r\n                COMPRAR AHORA            <\/div>\r\n        <\/a>\r\n    \n\n\n<h3 class=\"wp-block-heading\">Acondicionador para Barba Beard Serum de American Crew<\/h3>\n\n\n\n<p>Una f\u00f3rmula a base de aceite especialmente dise\u00f1ada para el cuidado de la barba, con aceites beneficiosos que acondicionan instant\u00e1neamente y mantienen la barba suave y bien arreglada.<\/p>\n\n\n\n<p>F\u00f3rmula ligera y de r\u00e1pida absorci\u00f3n.<\/p>\n\n\n\n<p>Sus ingredientes nutren, regeneran y proporcionan propiedades protectoras para una apariencia saludable, dejan la barba brillante y ofrecen beneficios acondicionadores para una sensaci\u00f3n suave y sedosa.<\/p>\n\n\n    <a class='product' target='_blank' href='https:\/\/www.primor.eu\/es_es\/american-crew-acondicionador-para-barba-beard-serum-4573.html'>\r\n        <img loading='async' src='https:\/\/cdn2.primor.eu\/media\/catalog\/product\/cache\/8d3aba296f7a18b5251ee30fa5db42b2\/0\/T\/0TM01086_1_794b.jpg' alt='COMPRAR AHORA'>\r\n            <div class=\"claim\">\r\n                COMPRAR AHORA            <\/div>\r\n        <\/a>\r\n    \n\n\n<h3 class=\"wp-block-heading\">Champ\u00fa Cabeza, Barba y Bigote de Mister Groomer<\/h3>\n\n\n\n<p>Champ\u00fa para el cabello de la cabeza, la barba y el bigote. Indicado para lavar la cabeza, deja la barba y el bigote suaves e hidratados.<\/p>\n\n\n\n<p>F\u00f3rmula innovadora con complejo de carb\u00f3n activado, extracto de menta y lim\u00f3n. . El carb\u00f3n activo elimina la suciedad y absorbe el exceso de sebo. El extracto de menta refresca. El extracto de lim\u00f3n proporciona una sensaci\u00f3n de frescor y limpieza.<\/p>\n\n\n\n<p>La f\u00f3rmula no contiene siliconas. Apto para veganos. Apto para todo tipo de cabello. Para uso diario<\/p>\n\n\n    <a class='product' target='_blank' href='https:\/\/www.primor.eu\/es_es\/mister-groomer-champu-cabeza-barba-y-bigote-84101.html'>\r\n        <img loading='async' src='https:\/\/cdn2.primor.eu\/media\/catalog\/product\/cache\/8d3aba296f7a18b5251ee30fa5db42b2\/s\/h\/shampoo_c6a5.jpg' alt='COMPRAR AHORA'>\r\n            <div class=\"claim\">\r\n                COMPRAR AHORA            <\/div>\r\n        <\/a>\r\n    \n\n<div class=\"kk-star-ratings kksr-auto kksr-align-center kksr-valign-bottom\"\n    data-payload='{&quot;align&quot;:&quot;center&quot;,&quot;id&quot;:&quot;113435&quot;,&quot;slug&quot;:&quot;default&quot;,&quot;valign&quot;:&quot;bottom&quot;,&quot;ignore&quot;:&quot;&quot;,&quot;reference&quot;:&quot;auto&quot;,&quot;class&quot;:&quot;&quot;,&quot;count&quot;:&quot;0&quot;,&quot;legendonly&quot;:&quot;&quot;,&quot;readonly&quot;:&quot;&quot;,&quot;score&quot;:&quot;0&quot;,&quot;starsonly&quot;:&quot;&quot;,&quot;best&quot;:&quot;5&quot;,&quot;gap&quot;:&quot;5&quot;,&quot;greet&quot;:&quot;Valora este art\u00edculo&quot;,&quot;legend&quot;:&quot;0\\\/5 - (0 votos)&quot;,&quot;size&quot;:&quot;24&quot;,&quot;title&quot;:&quot;Los 5 mejores productos de tinte para la barba y el bigote&quot;,&quot;width&quot;:&quot;0&quot;,&quot;_legend&quot;:&quot;{score}\\\/{best} - ({count} {votes})&quot;,&quot;font_factor&quot;:&quot;1.25&quot;}'>\n            \n<div class=\"kksr-stars\">\n    \n<div class=\"kksr-stars-inactive\">\n            <div class=\"kksr-star\" data-star=\"1\" style=\"padding-right: 5px\">\n            \n\n<div class=\"kksr-icon\" style=\"width: 24px; height: 24px;\"><\/div>\n        <\/div>\n            <div class=\"kksr-star\" data-star=\"2\" style=\"padding-right: 5px\">\n            \n\n<div class=\"kksr-icon\" style=\"width: 24px; height: 24px;\"><\/div>\n        <\/div>\n            <div class=\"kksr-star\" data-star=\"3\" style=\"padding-right: 5px\">\n            \n\n<div class=\"kksr-icon\" style=\"width: 24px; height: 24px;\"><\/div>\n        <\/div>\n            <div class=\"kksr-star\" data-star=\"4\" style=\"padding-right: 5px\">\n            \n\n<div class=\"kksr-icon\" style=\"width: 24px; height: 24px;\"><\/div>\n        <\/div>\n            <div class=\"kksr-star\" data-star=\"5\" style=\"padding-right: 5px\">\n            \n\n<div class=\"kksr-icon\" style=\"width: 24px; height: 24px;\"><\/div>\n        <\/div>\n    <\/div>\n    \n<div class=\"kksr-stars-active\" style=\"width: 0px;\">\n            <div class=\"kksr-star\" style=\"padding-right: 5px\">\n            \n\n<div class=\"kksr-icon\" style=\"width: 24px; height: 24px;\"><\/div>\n        <\/div>\n            <div class=\"kksr-star\" style=\"padding-right: 5px\">\n            \n\n<div class=\"kksr-icon\" style=\"width: 24px; height: 24px;\"><\/div>\n        <\/div>\n            <div class=\"kksr-star\" style=\"padding-right: 5px\">\n            \n\n<div class=\"kksr-icon\" style=\"width: 24px; height: 24px;\"><\/div>\n        <\/div>\n            <div class=\"kksr-star\" style=\"padding-right: 5px\">\n            \n\n<div class=\"kksr-icon\" style=\"width: 24px; height: 24px;\"><\/div>\n        <\/div>\n            <div class=\"kksr-star\" style=\"padding-right: 5px\">\n            \n\n<div class=\"kksr-icon\" style=\"width: 24px; height: 24px;\"><\/div>\n        <\/div>\n    <\/div>\n<\/div>\n                \n\n<div class=\"kksr-legend\" style=\"font-size: 19.2px;\">\n            <span class=\"kksr-muted\">Valora este art\u00edculo<\/span>\n    <\/div>\n    <\/div>\n","protected":false},"excerpt":{"rendered":"<p>El tinte para la barba es algo que se ha extendido mucho en los \u00faltimos tiempos. Hay que tener en cuenta que los hombres cada vez cuidan m\u00e1s su imagen y, sobre todo los que prefieren te\u00f1ir las canas de su cabello, pueden buscar lo mismo con la barba. Es cierto que el efecto que [&hellip;]<\/p>\n","protected":false},"author":30,"featured_media":113436,"comment_status":"closed","ping_status":"closed","sticky":false,"template":"","format":"standard","meta":{"jnews-multi-image_gallery":[],"jnews_single_post":{"subtitle":"","format":"standard","video":"","gallery":"","source_name":"","source_url":"","via_name":"","via_url":"","override_template":"0","override":[{"template":"1","single_blog_custom":"","parallax":"1","fullscreen":"1","layout":"right-sidebar","sidebar":"home-2","second_sidebar":"default-sidebar","sticky_sidebar":"0","share_position":"float","share_float_style":"share-monocrhome","show_share_counter":"0","show_view_counter":"0","show_featured":"1","show_post_meta":"1","show_post_author":"0","show_post_author_image":"1","show_post_date":"1","post_date_format":"default","post_date_format_custom":"Y\/m\/d","show_post_category":"1","show_post_reading_time":"0","post_reading_time_wpm":"300","show_zoom_button":"0","zoom_button_out_step":"2","zoom_button_in_step":"3","show_post_tag":"0","show_prev_next_post":"0","show_popup_post":"0","number_popup_post":"2","show_author_box":"0","show_post_related":"0","show_inline_post_related":"1"}],"override_image_size":"0","image_override":[{"single_post_thumbnail_size":"no-crop","single_post_gallery_size":"crop-500"}],"trending_post":"0","trending_post_position":"meta","trending_post_label":"Trending","sponsored_post":"0","sponsored_post_label":"Sponsored by","sponsored_post_name":"","sponsored_post_url":"","sponsored_post_logo_enable":"0","sponsored_post_logo":"","sponsored_post_desc":"","disable_ad":"0"},"jnews_primary_category":{"id":"","hide":""},"jnews_social_meta":{"fb_title":"","fb_description":"","fb_image":"","twitter_title":"","twitter_description":"","twitter_image":""},"jnews_override_counter":{"override_view_counter":"0","view_counter_number":"0","override_share_counter":"0","share_counter_number":"0","override_like_counter":"0","like_counter_number":"0","override_dislike_counter":"0","dislike_counter_number":"0"},"footnotes":""},"categories":[6311],"tags":[],"class_list":["post-113435","post","type-post","status-publish","format-standard","has-post-thumbnail","hentry","category-hombres"],"_links":{"self":[{"href":"https:\/\/www.primor.eu\/blog\/wp-json\/wp\/v2\/posts\/113435","targetHints":{"allow":["GET"]}}],"collection":[{"href":"https:\/\/www.primor.eu\/blog\/wp-json\/wp\/v2\/posts"}],"about":[{"href":"https:\/\/www.primor.eu\/blog\/wp-json\/wp\/v2\/types\/post"}],"author":[{"embeddable":true,"href":"https:\/\/www.primor.eu\/blog\/wp-json\/wp\/v2\/users\/30"}],"replies":[{"embeddable":true,"href":"https:\/\/www.primor.eu\/blog\/wp-json\/wp\/v2\/comments?post=113435"}],"version-history":[{"count":2,"href":"https:\/\/www.primor.eu\/blog\/wp-json\/wp\/v2\/posts\/113435\/revisions"}],"predecessor-version":[{"id":132071,"href":"https:\/\/www.primor.eu\/blog\/wp-json\/wp\/v2\/posts\/113435\/revisions\/132071"}],"wp:featuredmedia":[{"embeddable":true,"href":"https:\/\/www.primor.eu\/blog\/wp-json\/wp\/v2\/media\/113436"}],"wp:attachment":[{"href":"https:\/\/www.primor.eu\/blog\/wp-json\/wp\/v2\/media?parent=113435"}],"wp:term":[{"taxonomy":"category","embeddable":true,"href":"https:\/\/www.primor.eu\/blog\/wp-json\/wp\/v2\/categories?post=113435"},{"taxonomy":"post_tag","embeddable":true,"href":"https:\/\/www.primor.eu\/blog\/wp-json\/wp\/v2\/tags?post=113435"}],"curies":[{"name":"wp","href":"https:\/\/api.w.org\/{rel}","templated":true}]}}