{"id":112273,"date":"2024-09-26T09:17:49","date_gmt":"2024-09-26T09:17:49","guid":{"rendered":"https:\/\/www.primor.eu\/blog\/?p=112273"},"modified":"2024-09-02T09:25:52","modified_gmt":"2024-09-02T09:25:52","slug":"como-elegir-acondicionador","status":"publish","type":"post","link":"https:\/\/www.primor.eu\/blog\/como-elegir-acondicionador\/","title":{"rendered":"Todo lo que debes tener en cuenta a la hora de elegir un acondicionador"},"content":{"rendered":"\n<p>Saber elegir el acondicionador adecuado es esencial para mantener tu cabello saludable y manejable. Pero no siempre es algo <strong>f\u00e1cil<\/strong>. Ante esta ardua tarea, los expertos nos dan los mejores trucos que explican muy f\u00e1cilmente <strong>c\u00f3mo elegir el acondicionador<\/strong> que mejor le vaya a tu melena.\u00a0<\/p>\n\n\n\n<h2 class=\"wp-block-heading\">C\u00f3mo elegir acondicionador<\/h2>\n\n\n\n<h3 class=\"wp-block-heading\">Identifica tu tipo de cabello<\/h3>\n\n\n\n<p>No todos los cabellos tienen las mismas necesidades, eso es algo que sabemos bien. Por lo que, el primer paso es identificar qu\u00e9 tipo de pelo tienes:<\/p>\n\n\n\n<ul class=\"wp-block-list\">\n<li><strong>Cabello seco o da\u00f1ado. <\/strong>Necesitas un acondicionador altamente hidratante, con ingredientes como manteca de karit\u00e9, aceite de arg\u00e1n, aceite de coco o queratina.<\/li>\n\n\n\n<li><strong>Cabello <\/strong><a href=\"https:\/\/www.primor.eu\/blog\/pelo-graso-trucos-productos\/?srsltid=AfmBOooEdnuAW5or5eDstetK0_MuiPxn7vtlqopOIlIBOMES72iiZU7c\"><strong>graso<\/strong><\/a><strong>.<\/strong> Opta por un acondicionador ligero o sin siliconas, que hidrate sin dejar residuos pesados. Apl\u00edcalo solo en las puntas.<\/li>\n\n\n\n<li><strong>Cabello normal.<\/strong> Un acondicionador equilibrado con ingredientes suaves es ideal para mantener la hidrataci\u00f3n sin sobrecargarlo.<\/li>\n\n\n\n<li><strong>Cabello <\/strong><a href=\"https:\/\/www.primor.eu\/blog\/productos-para-pelo-rizado\/?srsltid=AfmBOopMHkMs54pYgz7_XVbfGLUbPnlZrD9usPGKpY9HT0atyhQudXIh\"><strong>rizado<\/strong><\/a><strong> o texturizado<\/strong>. Busca acondicionadores con humectantes intensos como aceites naturales y glicerina, que definan los rizos y controlen el frizz.<\/li>\n\n\n\n<li><strong>Cabello <\/strong><a href=\"https:\/\/www.primor.eu\/blog\/dar-volumen-en-el-pelo-fino\/?srsltid=AfmBOooa7CNEeMScQE7rzzmEdgLmld9A9sGyd0Paq_c8Q-z2PpgorIE-\"><strong>fino<\/strong><\/a><strong>. <\/strong>Usa un acondicionador ligero que aporte volumen, evitando ingredientes pesados que puedan apelmazar tu cabello.<\/li>\n<\/ul>\n\n\n\n<h3 class=\"wp-block-heading\">Cu\u00e1l es el estado de tu cabello<\/h3>\n\n\n\n<p>En qu\u00e9 punto se encuentre es importante, ya que, en funci\u00f3n a ello, necesitar\u00e1s un tipo de cuidado u otro:<\/p>\n\n\n\n<ul class=\"wp-block-list\">\n<li><strong>Da\u00f1o por calor o coloraci\u00f3n. <\/strong>Busca un acondicionador reparador con prote\u00ednas como la queratina o ingredientes que protejan el color, como los antioxidantes y los filtros UV.<\/li>\n\n\n\n<li><strong>Cabello quebradizo<\/strong>. Un acondicionador fortificante con biotina, col\u00e1geno o prote\u00ednas puede ayudar a fortalecer el cabello y prevenir la rotura.<\/li>\n<\/ul>\n\n\n\n<h3 class=\"wp-block-heading\">Los ingredientes son lo m\u00e1s importante<\/h3>\n\n\n\n<p><strong>Evita sulfatos y parabenos.<\/strong> Estos ingredientes pueden ser demasiado agresivos para el cabello, especialmente si es sensible o est\u00e1 da\u00f1ado, y <strong>opta por productos naturales.<\/strong> Ingredientes naturales como aloe vera, aceites vegetales y extractos de plantas pueden ser m\u00e1s suaves y beneficiosos para el cabello.<\/p>\n\n\n\n<h3 class=\"wp-block-heading\">Qu\u00e9 andas buscando<\/h3>\n\n\n\n<p>No todas buscamos lo mismo en nuestros acondicionadores:<\/p>\n\n\n\n<ul class=\"wp-block-list\">\n<li><strong>Volumen<\/strong>. Si buscas m\u00e1s volumen, opta por un acondicionador dise\u00f1ado para dar cuerpo al cabello sin apelmazarlo.<\/li>\n\n\n\n<li><strong>Brillo<\/strong>. Si deseas un cabello m\u00e1s brillante, elige un acondicionador que incluya ingredientes como aceites ligeros o prote\u00ednas de seda.<\/li>\n\n\n\n<li><strong>Desenredar<\/strong>. Si tienes problemas con los nudos, busca un acondicionador con agentes desenredantes que faciliten el peinado.<\/li>\n<\/ul>\n\n\n\n<h3 class=\"wp-block-heading\">Textura del acondicionador&nbsp;<\/h3>\n\n\n\n<p>Para gustos\u2026 Colores, y si puedes elegir, pues mejor que mejor.&nbsp;<\/p>\n\n\n\n<ul class=\"wp-block-list\">\n<li><strong>Cremoso y espeso. <\/strong>Ideal para cabello seco, grueso o rizado, ya que aporta una hidrataci\u00f3n m\u00e1s profunda.<\/li>\n\n\n\n<li><strong>Ligero y fluido. <\/strong>Mejor para cabello fino o graso, ya que hidrata sin sobrecargar el cabello.<\/li>\n<\/ul>\n\n\n<div class=\"kk-star-ratings kksr-auto kksr-align-center kksr-valign-bottom\"\n    data-payload='{&quot;align&quot;:&quot;center&quot;,&quot;id&quot;:&quot;112273&quot;,&quot;slug&quot;:&quot;default&quot;,&quot;valign&quot;:&quot;bottom&quot;,&quot;ignore&quot;:&quot;&quot;,&quot;reference&quot;:&quot;auto&quot;,&quot;class&quot;:&quot;&quot;,&quot;count&quot;:&quot;0&quot;,&quot;legendonly&quot;:&quot;&quot;,&quot;readonly&quot;:&quot;&quot;,&quot;score&quot;:&quot;0&quot;,&quot;starsonly&quot;:&quot;&quot;,&quot;best&quot;:&quot;5&quot;,&quot;gap&quot;:&quot;5&quot;,&quot;greet&quot;:&quot;Valora este art\u00edculo&quot;,&quot;legend&quot;:&quot;0\\\/5 - (0 votos)&quot;,&quot;size&quot;:&quot;24&quot;,&quot;title&quot;:&quot;Todo lo que debes tener en cuenta a la hora de elegir un acondicionador&quot;,&quot;width&quot;:&quot;0&quot;,&quot;_legend&quot;:&quot;{score}\\\/{best} - ({count} {votes})&quot;,&quot;font_factor&quot;:&quot;1.25&quot;}'>\n            \n<div class=\"kksr-stars\">\n    \n<div class=\"kksr-stars-inactive\">\n            <div class=\"kksr-star\" data-star=\"1\" style=\"padding-right: 5px\">\n            \n\n<div class=\"kksr-icon\" style=\"width: 24px; height: 24px;\"><\/div>\n        <\/div>\n            <div class=\"kksr-star\" data-star=\"2\" style=\"padding-right: 5px\">\n            \n\n<div class=\"kksr-icon\" style=\"width: 24px; height: 24px;\"><\/div>\n        <\/div>\n            <div class=\"kksr-star\" data-star=\"3\" style=\"padding-right: 5px\">\n            \n\n<div class=\"kksr-icon\" style=\"width: 24px; height: 24px;\"><\/div>\n        <\/div>\n            <div class=\"kksr-star\" data-star=\"4\" style=\"padding-right: 5px\">\n            \n\n<div class=\"kksr-icon\" style=\"width: 24px; height: 24px;\"><\/div>\n        <\/div>\n            <div class=\"kksr-star\" data-star=\"5\" style=\"padding-right: 5px\">\n            \n\n<div class=\"kksr-icon\" style=\"width: 24px; height: 24px;\"><\/div>\n        <\/div>\n    <\/div>\n    \n<div class=\"kksr-stars-active\" style=\"width: 0px;\">\n            <div class=\"kksr-star\" style=\"padding-right: 5px\">\n            \n\n<div class=\"kksr-icon\" style=\"width: 24px; height: 24px;\"><\/div>\n        <\/div>\n            <div class=\"kksr-star\" style=\"padding-right: 5px\">\n            \n\n<div class=\"kksr-icon\" style=\"width: 24px; height: 24px;\"><\/div>\n        <\/div>\n            <div class=\"kksr-star\" style=\"padding-right: 5px\">\n            \n\n<div class=\"kksr-icon\" style=\"width: 24px; height: 24px;\"><\/div>\n        <\/div>\n            <div class=\"kksr-star\" style=\"padding-right: 5px\">\n            \n\n<div class=\"kksr-icon\" style=\"width: 24px; height: 24px;\"><\/div>\n        <\/div>\n            <div class=\"kksr-star\" style=\"padding-right: 5px\">\n            \n\n<div class=\"kksr-icon\" style=\"width: 24px; height: 24px;\"><\/div>\n        <\/div>\n    <\/div>\n<\/div>\n                \n\n<div class=\"kksr-legend\" style=\"font-size: 19.2px;\">\n            <span class=\"kksr-muted\">Valora este art\u00edculo<\/span>\n    <\/div>\n    <\/div>\n","protected":false},"excerpt":{"rendered":"<p>Saber elegir el acondicionador adecuado es esencial para mantener tu cabello saludable y manejable. Pero no siempre es algo f\u00e1cil. Ante esta ardua tarea, los expertos nos dan los mejores trucos que explican muy f\u00e1cilmente c\u00f3mo elegir el acondicionador que mejor le vaya a tu melena.\u00a0 C\u00f3mo elegir acondicionador Identifica tu tipo de cabello No [&hellip;]<\/p>\n","protected":false},"author":14,"featured_media":112285,"comment_status":"closed","ping_status":"closed","sticky":false,"template":"","format":"standard","meta":{"jnews-multi-image_gallery":[],"jnews_single_post":{"subtitle":"","format":"standard","video":"","gallery":"","source_name":"","source_url":"","via_name":"","via_url":"","override_template":"0","override":[{"template":"1","single_blog_custom":"","parallax":"1","fullscreen":"1","layout":"right-sidebar","sidebar":"home-2","second_sidebar":"default-sidebar","sticky_sidebar":"0","share_position":"float","share_float_style":"share-monocrhome","show_share_counter":"0","show_view_counter":"0","show_featured":"1","show_post_meta":"1","show_post_author":"0","show_post_author_image":"1","show_post_date":"1","post_date_format":"default","post_date_format_custom":"Y\/m\/d","show_post_category":"1","show_post_reading_time":"0","post_reading_time_wpm":"300","show_zoom_button":"0","zoom_button_out_step":"2","zoom_button_in_step":"3","show_post_tag":"0","show_prev_next_post":"0","show_popup_post":"0","number_popup_post":"2","show_author_box":"0","show_post_related":"0","show_inline_post_related":"1"}],"override_image_size":"0","image_override":[{"single_post_thumbnail_size":"no-crop","single_post_gallery_size":"crop-500"}],"trending_post":"0","trending_post_position":"meta","trending_post_label":"Trending","sponsored_post":"0","sponsored_post_label":"Sponsored by","sponsored_post_name":"","sponsored_post_url":"","sponsored_post_logo_enable":"0","sponsored_post_logo":"","sponsored_post_desc":"","disable_ad":"0"},"jnews_primary_category":{"id":"","hide":""},"jnews_social_meta":{"fb_title":"","fb_description":"","fb_image":"","twitter_title":"","twitter_description":"","twitter_image":""},"jnews_override_counter":{"override_view_counter":"0","view_counter_number":"0","override_share_counter":"0","share_counter_number":"0","override_like_counter":"0","like_counter_number":"0","override_dislike_counter":"0","dislike_counter_number":"0"},"footnotes":""},"categories":[35],"tags":[],"class_list":["post-112273","post","type-post","status-publish","format-standard","has-post-thumbnail","hentry","category-cabello"],"_links":{"self":[{"href":"https:\/\/www.primor.eu\/blog\/wp-json\/wp\/v2\/posts\/112273","targetHints":{"allow":["GET"]}}],"collection":[{"href":"https:\/\/www.primor.eu\/blog\/wp-json\/wp\/v2\/posts"}],"about":[{"href":"https:\/\/www.primor.eu\/blog\/wp-json\/wp\/v2\/types\/post"}],"author":[{"embeddable":true,"href":"https:\/\/www.primor.eu\/blog\/wp-json\/wp\/v2\/users\/14"}],"replies":[{"embeddable":true,"href":"https:\/\/www.primor.eu\/blog\/wp-json\/wp\/v2\/comments?post=112273"}],"version-history":[{"count":1,"href":"https:\/\/www.primor.eu\/blog\/wp-json\/wp\/v2\/posts\/112273\/revisions"}],"predecessor-version":[{"id":112321,"href":"https:\/\/www.primor.eu\/blog\/wp-json\/wp\/v2\/posts\/112273\/revisions\/112321"}],"wp:featuredmedia":[{"embeddable":true,"href":"https:\/\/www.primor.eu\/blog\/wp-json\/wp\/v2\/media\/112285"}],"wp:attachment":[{"href":"https:\/\/www.primor.eu\/blog\/wp-json\/wp\/v2\/media?parent=112273"}],"wp:term":[{"taxonomy":"category","embeddable":true,"href":"https:\/\/www.primor.eu\/blog\/wp-json\/wp\/v2\/categories?post=112273"},{"taxonomy":"post_tag","embeddable":true,"href":"https:\/\/www.primor.eu\/blog\/wp-json\/wp\/v2\/tags?post=112273"}],"curies":[{"name":"wp","href":"https:\/\/api.w.org\/{rel}","templated":true}]}}