{"id":112220,"date":"2025-09-27T14:13:55","date_gmt":"2025-09-27T14:13:55","guid":{"rendered":"https:\/\/www.primor.eu\/blog\/?p=112220"},"modified":"2026-01-29T08:59:17","modified_gmt":"2026-01-29T08:59:17","slug":"tendencias-cosmetica-hombres-otono","status":"publish","type":"post","link":"https:\/\/www.primor.eu\/blog\/tendencias-cosmetica-hombres-otono\/","title":{"rendered":"Los hombres tambi\u00e9n se cuidan: tendencias en cosm\u00e9tica para oto\u00f1o 2026"},"content":{"rendered":"\n<p>En 2026, las t<strong>endencias en cosm\u00e9tica de oto\u00f1o para hombres<\/strong> se centran en varios aspectos <strong>clave<\/strong> que reflejan tanto la evoluci\u00f3n de la industria como sus necesidades espec\u00edficas Te contamos todo lo que debes saber y c\u00f3mo integrarlas de forma natural, sin mayor preocupaci\u00f3n.&nbsp;<\/p>\n\n\n\n<h2 class=\"wp-block-heading\">Tendencias en cosm\u00e9tica de oto\u00f1o para hombres<\/h2>\n\n\n\n<ol class=\"wp-block-list\">\n<li><strong>Sostenibilidad y productos respetuosos con el medio ambiente<\/strong>. La demanda de productos sostenibles y eco-amigables sigue creciendo. Los hombres buscan cosm\u00e9ticos que no solo sean efectivos, sino que tambi\u00e9n est\u00e9n alineados con valores ecol\u00f3gicos. Esto incluye el uso de ingredientes naturales y envases reciclables.<\/li>\n\n\n\n<li><strong>Cuidado de la piel multifuncional<\/strong>. La simplicidad es clave en el cuidado masculino. Los hombres prefieren productos que ofrezcan m\u00faltiples beneficios en uno solo, como hidratantes que tambi\u00e9n funcionen como aftershave o sueros que combinen propiedades antienvejecimiento y antioxidantes.<\/li>\n\n\n\n<li><strong>Enfoque en la tecnolog\u00eda y la ciencia<\/strong>. Los hombres est\u00e1n m\u00e1s interesados en productos respaldados por la ciencia y la tecnolog\u00eda. Esto incluye el uso de ingredientes avanzados como el retinol y el bakuchiol, que ofrecen resultados visibles en el cuidado de la piel con menos riesgo de irritaci\u00f3n.<\/li>\n\n\n\n<li><strong>Rutinas minimalistas<\/strong>. La tendencia hacia rutinas de cuidado simplificadas y efectivas sigue siendo fuerte. Los hombres buscan productos que puedan integrar f\u00e1cilmente en su d\u00eda a d\u00eda sin necesidad de una rutina extensa.<\/li>\n\n\n\n<li><strong>Cuidado capilar avanzado<\/strong>. Con la preocupaci\u00f3n creciente por la salud capilar, los hombres est\u00e1n optando por productos innovadores que promuevan el crecimiento y la fortaleza del cabello. Esto incluye champ\u00fas en polvo y cepillos de calor que ofrecen reparaciones profundas y efectos duraderos\u200b.<\/li>\n<\/ol>\n\n\n\n<h2 class=\"wp-block-heading\">Los mejores productos para cubrir las tendencias en cosm\u00e9tica de oto\u00f1o para hombres<\/h2>\n\n\n        <product-table class=\"pr-slider\">\r\n            <product-headers class=\"grid-table-rows\">\r\n                <div>Foto<\/div>\r\n                <div>Producto<\/div>\r\n                <div>Marca<\/div>\r\n                <div>Valoraciones<\/div>\r\n                <div>Precio<\/div>\r\n            <\/product-headers>\r\n\r\n            <product-list>\r\n                                    <a href=\"https:\/\/www.primor.eu\/es_es\/kiehl-s-facial-fuel-energizing-moisture-gel-hidratante-energizante-17354.html\" class=\"product-item grid-table-rows\" target=\"_blank\">\r\n                        <div>\r\n                            <img decoding=\"async\" class=\"product-img\" width=\"80px\" height=\"80px\" src=\"https:\/\/www.primor.eu\/blog\/wp-content\/uploads\/2024\/09\/0TM01381_1_58cc.jpg\" alt=\"Kiehl's Facial Fuel Energizing Moisture Gel Hidratante Energizante\">\r\n                        <\/div>\r\n\r\n                        <!-- Contenido de producto  -->\r\n                        <div>\r\n                            <div class=\"product-position\">\r\n                                #1 Top Ventas                            <\/div>\r\n\r\n                            <h2>\r\n                                Kiehl's Facial Fuel Energizing Moisture Gel Hidratante Energizante                            <\/h2>\r\n                        <\/div>\r\n\r\n                        <!-- Imagen y\/o nombre de la marca -->\r\n                        <div>\r\n                                                            <img decoding=\"async\" width=\"70\" src=\"https:\/\/www.primor.eu\/blog\/wp-content\/uploads\/2023\/09\/kiehls.png\" alt=\"85515\">\r\n                                                    <\/div>\r\n\r\n                        <!-- Puntuaci\u00f3n del producto  -->\r\n                        <div class=\"rating\">\r\n                                                            <div class=\"rate\" style=\"--p:100;\"><\/div>\r\n                                <b>5\/5<\/b>\r\n                                <div class=\"rate-stars\">\r\n                                                                            <div\r\n                                            class=\"rate-star  \">\r\n                                        <\/div>\r\n                                                                            <div\r\n                                            class=\"rate-star  \">\r\n                                        <\/div>\r\n                                                                            <div\r\n                                            class=\"rate-star  \">\r\n                                        <\/div>\r\n                                                                            <div\r\n                                            class=\"rate-star  \">\r\n                                        <\/div>\r\n                                                                            <div\r\n                                            class=\"rate-star  \">\r\n                                        <\/div>\r\n                                                                    <\/div>\r\n                                                    <\/div>\r\n\r\n                        <!-- Bot\u00f3n de producto  -->\r\n                        <div>\r\n                            <span class=\"price-claim\">\r\n                                VER PRECIO                            <\/span>\r\n                        <\/div>\r\n                    <\/a>\r\n                                    <a href=\"https:\/\/www.primor.eu\/es_es\/clinique-clinique-for-men-hidratante-en-locion-15037.html\" class=\"product-item grid-table-rows\" target=\"_blank\">\r\n                        <div>\r\n                            <img decoding=\"async\" class=\"product-img\" width=\"80px\" height=\"80px\" src=\"https:\/\/www.primor.eu\/blog\/wp-content\/uploads\/2024\/09\/0TF09220_1_149c.jpg\" alt=\"Clinique Clinique For Men Hidratante en Loci\u00f3n\">\r\n                        <\/div>\r\n\r\n                        <!-- Contenido de producto  -->\r\n                        <div>\r\n                            <div class=\"product-position\">\r\n                                #2                            <\/div>\r\n\r\n                            <h2>\r\n                                Clinique Clinique For Men Hidratante en Loci\u00f3n                            <\/h2>\r\n                        <\/div>\r\n\r\n                        <!-- Imagen y\/o nombre de la marca -->\r\n                        <div>\r\n                                                            <img decoding=\"async\" width=\"70\" src=\"https:\/\/www.primor.eu\/blog\/wp-content\/uploads\/2023\/09\/clinique.png\" alt=\"85294\">\r\n                                                    <\/div>\r\n\r\n                        <!-- Puntuaci\u00f3n del producto  -->\r\n                        <div class=\"rating\">\r\n                                                            <div class=\"rate\" style=\"--p:96;\"><\/div>\r\n                                <b>4.8\/5<\/b>\r\n                                <div class=\"rate-stars\">\r\n                                                                            <div\r\n                                            class=\"rate-star  \">\r\n                                        <\/div>\r\n                                                                            <div\r\n                                            class=\"rate-star  \">\r\n                                        <\/div>\r\n                                                                            <div\r\n                                            class=\"rate-star  \">\r\n                                        <\/div>\r\n                                                                            <div\r\n                                            class=\"rate-star  \">\r\n                                        <\/div>\r\n                                                                            <div\r\n                                            class=\"rate-star  \">\r\n                                        <\/div>\r\n                                                                    <\/div>\r\n                                                    <\/div>\r\n\r\n                        <!-- Bot\u00f3n de producto  -->\r\n                        <div>\r\n                            <span class=\"price-claim\">\r\n                                VER PRECIO                            <\/span>\r\n                        <\/div>\r\n                    <\/a>\r\n                            <\/product-list>\r\n        <\/product-table>\r\n\r\n        \n\n\n\n<h3 class=\"wp-block-heading\">Khiel\u2019s Facial Fuel Energizing Moisture Gel&nbsp;<\/h3>\n\n\n\n<p>Es la opci\u00f3n perfecta de mascarilla facial para hombres, una crema no grasa y revitalizante con extracto de casta\u00f1a. Enriquecida con vitaminas esenciales como la C y la E, esta crema hidratante despierta la piel cansada y apagada, proporcionando una apariencia saludable y llena de energ\u00eda.<\/p>\n\n\n\n<p>La f\u00f3rmula \u00fanica de esta mascarilla facial para hombres incluye extracto de casta\u00f1a y soja, elementos clave que revitalizan y energizan la piel masculina. Experimenta los beneficios de una piel reabastecida de energ\u00eda y revitalizada con cada aplicaci\u00f3n.<\/p>\n\n\n    <a class='product' target='_blank' href='https:\/\/www.primor.eu\/es_es\/kiehl-s-facial-fuel-energizing-moisture-gel-hidratante-energizante-17354.html'>\r\n        <img loading='async' src='https:\/\/cdn2.primor.eu\/media\/catalog\/product\/cache\/8d3aba296f7a18b5251ee30fa5db42b2\/0\/T\/0TM01381_1_58cc.jpg' alt='COMPRAR AHORA'>\r\n            <div class=\"claim\">\r\n                COMPRAR AHORA            <\/div>\r\n        <\/a>\r\n    \n\n\n\n<h3 class=\"wp-block-heading\">Clinique For Men Hidratante en Loci\u00f3n&nbsp;<\/h3>\n\n\n\n<p>Con una f\u00f3rmula ligera y sin aceite, se absorbe f\u00e1cilmente sin dejar residuos, brindando una hidrataci\u00f3n equilibrada. Enriquecida con glicerina e hialuronato de sodio, esta loci\u00f3n ayuda a mantener niveles \u00f3ptimos de hidrataci\u00f3n durante todo el d\u00eda. Adem\u00e1s, la f\u00f3rmula cuenta con extracto de girasol, extracto de cebada y pepino, que contribuyen al fortalecimiento de la piel.<\/p>\n\n\n    <a class='product' target='_blank' href='https:\/\/www.primor.eu\/es_es\/clinique-clinique-for-men-hidratante-en-locion-15037.html'>\r\n        <img loading='async' src='https:\/\/cdn2.primor.eu\/media\/catalog\/product\/cache\/8d3aba296f7a18b5251ee30fa5db42b2\/0\/T\/0TF09220_1_149c.jpg' alt='COMPRAR AHORA'>\r\n            <div class=\"claim\">\r\n                COMPRAR AHORA            <\/div>\r\n        <\/a>\r\n    \n\n\n<div class=\"kk-star-ratings kksr-auto kksr-align-center kksr-valign-bottom\"\n    data-payload='{&quot;align&quot;:&quot;center&quot;,&quot;id&quot;:&quot;112220&quot;,&quot;slug&quot;:&quot;default&quot;,&quot;valign&quot;:&quot;bottom&quot;,&quot;ignore&quot;:&quot;&quot;,&quot;reference&quot;:&quot;auto&quot;,&quot;class&quot;:&quot;&quot;,&quot;count&quot;:&quot;1&quot;,&quot;legendonly&quot;:&quot;&quot;,&quot;readonly&quot;:&quot;&quot;,&quot;score&quot;:&quot;5&quot;,&quot;starsonly&quot;:&quot;&quot;,&quot;best&quot;:&quot;5&quot;,&quot;gap&quot;:&quot;5&quot;,&quot;greet&quot;:&quot;Valora este art\u00edculo&quot;,&quot;legend&quot;:&quot;5\\\/5 - (1 voto)&quot;,&quot;size&quot;:&quot;24&quot;,&quot;title&quot;:&quot;Los hombres tambi\u00e9n se cuidan: tendencias en cosm\u00e9tica para oto\u00f1o 2026&quot;,&quot;width&quot;:&quot;142.5&quot;,&quot;_legend&quot;:&quot;{score}\\\/{best} - ({count} {votes})&quot;,&quot;font_factor&quot;:&quot;1.25&quot;}'>\n            \n<div class=\"kksr-stars\">\n    \n<div class=\"kksr-stars-inactive\">\n            <div class=\"kksr-star\" data-star=\"1\" style=\"padding-right: 5px\">\n            \n\n<div class=\"kksr-icon\" style=\"width: 24px; height: 24px;\"><\/div>\n        <\/div>\n            <div class=\"kksr-star\" data-star=\"2\" style=\"padding-right: 5px\">\n            \n\n<div class=\"kksr-icon\" style=\"width: 24px; height: 24px;\"><\/div>\n        <\/div>\n            <div class=\"kksr-star\" data-star=\"3\" style=\"padding-right: 5px\">\n            \n\n<div class=\"kksr-icon\" style=\"width: 24px; height: 24px;\"><\/div>\n        <\/div>\n            <div class=\"kksr-star\" data-star=\"4\" style=\"padding-right: 5px\">\n            \n\n<div class=\"kksr-icon\" style=\"width: 24px; height: 24px;\"><\/div>\n        <\/div>\n            <div class=\"kksr-star\" data-star=\"5\" style=\"padding-right: 5px\">\n            \n\n<div class=\"kksr-icon\" style=\"width: 24px; height: 24px;\"><\/div>\n        <\/div>\n    <\/div>\n    \n<div class=\"kksr-stars-active\" style=\"width: 142.5px;\">\n            <div class=\"kksr-star\" style=\"padding-right: 5px\">\n            \n\n<div class=\"kksr-icon\" style=\"width: 24px; height: 24px;\"><\/div>\n        <\/div>\n            <div class=\"kksr-star\" style=\"padding-right: 5px\">\n            \n\n<div class=\"kksr-icon\" style=\"width: 24px; height: 24px;\"><\/div>\n        <\/div>\n            <div class=\"kksr-star\" style=\"padding-right: 5px\">\n            \n\n<div class=\"kksr-icon\" style=\"width: 24px; height: 24px;\"><\/div>\n        <\/div>\n            <div class=\"kksr-star\" style=\"padding-right: 5px\">\n            \n\n<div class=\"kksr-icon\" style=\"width: 24px; height: 24px;\"><\/div>\n        <\/div>\n            <div class=\"kksr-star\" style=\"padding-right: 5px\">\n            \n\n<div class=\"kksr-icon\" style=\"width: 24px; height: 24px;\"><\/div>\n        <\/div>\n    <\/div>\n<\/div>\n                \n\n<div class=\"kksr-legend\" style=\"font-size: 19.2px;\">\n            5\/5 - (1 voto)    <\/div>\n    <\/div>\n","protected":false},"excerpt":{"rendered":"<p>En 2026, las tendencias en cosm\u00e9tica de oto\u00f1o para hombres se centran en varios aspectos clave que reflejan tanto la evoluci\u00f3n de la industria como sus necesidades espec\u00edficas Te contamos todo lo que debes saber y c\u00f3mo integrarlas de forma natural, sin mayor preocupaci\u00f3n.&nbsp; Tendencias en cosm\u00e9tica de oto\u00f1o para hombres Los mejores productos para [&hellip;]<\/p>\n","protected":false},"author":14,"featured_media":112230,"comment_status":"closed","ping_status":"closed","sticky":false,"template":"","format":"standard","meta":{"jnews-multi-image_gallery":[],"jnews_single_post":{"subtitle":"","format":"standard","video":"","gallery":"","source_name":"","source_url":"","via_name":"","via_url":"","override_template":"0","override":[{"template":"1","single_blog_custom":"","parallax":"1","fullscreen":"1","layout":"right-sidebar","sidebar":"home-2","second_sidebar":"default-sidebar","sticky_sidebar":"0","share_position":"float","share_float_style":"share-monocrhome","show_share_counter":"0","show_view_counter":"0","show_featured":"1","show_post_meta":"1","show_post_author":"0","show_post_author_image":"1","show_post_date":"1","post_date_format":"default","post_date_format_custom":"Y\/m\/d","show_post_category":"1","show_post_reading_time":"0","post_reading_time_wpm":"300","show_zoom_button":"0","zoom_button_out_step":"2","zoom_button_in_step":"3","show_post_tag":"0","show_prev_next_post":"0","show_popup_post":"0","number_popup_post":"2","show_author_box":"0","show_post_related":"0","show_inline_post_related":"1"}],"override_image_size":"0","image_override":[{"single_post_thumbnail_size":"no-crop","single_post_gallery_size":"crop-500"}],"trending_post":"0","trending_post_position":"meta","trending_post_label":"Trending","sponsored_post":"0","sponsored_post_label":"Sponsored by","sponsored_post_name":"","sponsored_post_url":"","sponsored_post_logo_enable":"0","sponsored_post_logo":"","sponsored_post_desc":"","disable_ad":"0"},"jnews_primary_category":{"id":"","hide":""},"jnews_social_meta":{"fb_title":"","fb_description":"","fb_image":"","twitter_title":"","twitter_description":"","twitter_image":""},"jnews_override_counter":{"override_view_counter":"0","view_counter_number":"0","override_share_counter":"0","share_counter_number":"0","override_like_counter":"0","like_counter_number":"0","override_dislike_counter":"0","dislike_counter_number":"0"},"footnotes":""},"categories":[6311],"tags":[],"class_list":["post-112220","post","type-post","status-publish","format-standard","has-post-thumbnail","hentry","category-hombres"],"_links":{"self":[{"href":"https:\/\/www.primor.eu\/blog\/wp-json\/wp\/v2\/posts\/112220","targetHints":{"allow":["GET"]}}],"collection":[{"href":"https:\/\/www.primor.eu\/blog\/wp-json\/wp\/v2\/posts"}],"about":[{"href":"https:\/\/www.primor.eu\/blog\/wp-json\/wp\/v2\/types\/post"}],"author":[{"embeddable":true,"href":"https:\/\/www.primor.eu\/blog\/wp-json\/wp\/v2\/users\/14"}],"replies":[{"embeddable":true,"href":"https:\/\/www.primor.eu\/blog\/wp-json\/wp\/v2\/comments?post=112220"}],"version-history":[{"count":4,"href":"https:\/\/www.primor.eu\/blog\/wp-json\/wp\/v2\/posts\/112220\/revisions"}],"predecessor-version":[{"id":138404,"href":"https:\/\/www.primor.eu\/blog\/wp-json\/wp\/v2\/posts\/112220\/revisions\/138404"}],"wp:featuredmedia":[{"embeddable":true,"href":"https:\/\/www.primor.eu\/blog\/wp-json\/wp\/v2\/media\/112230"}],"wp:attachment":[{"href":"https:\/\/www.primor.eu\/blog\/wp-json\/wp\/v2\/media?parent=112220"}],"wp:term":[{"taxonomy":"category","embeddable":true,"href":"https:\/\/www.primor.eu\/blog\/wp-json\/wp\/v2\/categories?post=112220"},{"taxonomy":"post_tag","embeddable":true,"href":"https:\/\/www.primor.eu\/blog\/wp-json\/wp\/v2\/tags?post=112220"}],"curies":[{"name":"wp","href":"https:\/\/api.w.org\/{rel}","templated":true}]}}