{"id":111972,"date":"2025-08-27T10:23:49","date_gmt":"2025-08-27T10:23:49","guid":{"rendered":"https:\/\/www.primor.eu\/blog\/?p=111972"},"modified":"2025-09-23T10:29:16","modified_gmt":"2025-09-23T10:29:16","slug":"mejor-rutina-cuidado-facial-otono","status":"publish","type":"post","link":"https:\/\/www.primor.eu\/blog\/mejor-rutina-cuidado-facial-otono\/","title":{"rendered":"La rutina de cuidado facial definitiva para este oto\u00f1o"},"content":{"rendered":"\n<p>El <strong><a href=\"https:\/\/www.primor.eu\/es_es\/mid-season-sale\">oto\u00f1o<\/a><\/strong> es un momento ideal para ajustar tu <strong>rutina de cuidado facial<\/strong>, ya que la piel puede haber sufrido los efectos del verano y est\u00e1 prepar\u00e1ndose para el clima m\u00e1s fr\u00edo. No obstante, los pasos pueden cambiar ligeramente, es por eso que te contamos cu\u00e1l es el paso a paso de la mejor <strong>rutina de cuidado facial de oto\u00f1o<\/strong> para que presumas de una piel resplandeciente.<\/p>\n\n\n\n<h2 class=\"wp-block-heading\">Paso a paso de la mejor rutina de cuidado facial en oto\u00f1o<\/h2>\n\n\n\n<h3 class=\"wp-block-heading\">1\/ Que la limpieza sea suave<\/h3>\n\n\n\n<p>Usa un limpiador suave que no reseque la piel y opta por f\u00f3rmulas hidratantes como geles o leches limpiadoras. Nuestro consejo es que limpies tu rostro dos veces al d\u00eda (ma\u00f1ana y noche) para eliminar las impurezas y el exceso de sebo sin despojar a la piel de sus aceites naturales.<\/p>\n\n\n\n<h3 class=\"wp-block-heading\">2\/ Exfolia con cuidado y de forma moderada<\/h3>\n\n\n\n<p>Utiliza un exfoliante suave con \u00e1cidos alfa-hidroxi\u00e1cidos (AHA) o beta-hidroxi\u00e1cidos (BHA) para eliminar las c\u00e9lulas muertas y mejorar la textura de la piel. Te recomendamos que lo hagas 1-2 veces por semana, seg\u00fan tu tipo de piel, para evitar irritaciones.<\/p>\n\n\n\n<h3 class=\"wp-block-heading\">3\/ Hidrataci\u00f3n Intensa<\/h3>\n\n\n\n<p>Cambia a una crema hidratante m\u00e1s rica y emoliente que pueda retener la humedad. Ingredientes como <a href=\"https:\/\/www.primor.eu\/blog\/acido-hialuronico-que-es-para-que-sirve\/?srsltid=AfmBOor_qmDi_ul9SFDo1idcXjyIlQJNIDtk35o9H54CqykeNk9jQtI0\">\u00e1cido hialur\u00f3nico<\/a>, glicerina y ceramidas son ideales. En cuanto a la frecuencia, aplica la crema hidratante despu\u00e9s de la limpieza, tanto en la ma\u00f1ana como en la noche.<\/p>\n\n\n\n<h3 class=\"wp-block-heading\">4\/ Usa s\u00e9rums antioxidantes<\/h3>\n\n\n\n<p>Incorpora un <a href=\"https:\/\/www.primor.eu\/blog\/mejores-serums-con-vitamina-c\/?srsltid=AfmBOopgC46CqsOwUn-zPCu7t5CZPxajjNcIAxtu6E-dYxgVOK47QitT\">s\u00e9rum con vitamina C<\/a> o antioxidantes para combatir el da\u00f1o solar residual y preparar la piel para el invierno. Util\u00edzalo por la ma\u00f1ana antes de la crema hidratante.<\/p>\n\n\n\n<h3 class=\"wp-block-heading\">5\/ Protecci\u00f3n solar siempre<\/h3>\n\n\n\n<p>Aunque los d\u00edas son m\u00e1s cortos, el protector solar sigue siendo esencial. Usa un protector solar de amplio espectro SPF 30 o superior, y apl\u00edcalo cada ma\u00f1ana y reaplica si pasas mucho tiempo al aire libre.<\/p>\n\n\n\n<h3 class=\"wp-block-heading\">6\/ En cuanto a tu rutina de noche\u2026<\/h3>\n\n\n\n<p>Considera usar un s\u00e9rum o crema nocturna con retinol o p\u00e9ptidos para la regeneraci\u00f3n celular y la reparaci\u00f3n de la piel mientras duermes. El consejo de los expertos es que lo apliques 2-3 veces por semana, y ajusta seg\u00fan la tolerancia de tu piel.<\/p>\n\n\n\n<h3 class=\"wp-block-heading\">7\/ Cuida el contorno de ojos<\/h3>\n\n\n\n<p>\u00bfC\u00f3mo? Con un contorno de ojos que hidrate y prevenga las l\u00edneas finas, preferiblemente con ingredientes como cafe\u00edna o p\u00e9ptidos. \u00dasalo ma\u00f1ana y noche para mantener esta delicada \u00e1rea hidratada.<\/p>\n\n\n\n<h3 class=\"wp-block-heading\">8\/ Usa mascarillas nutritivas<\/h3>\n\n\n\n<p>Se convertir\u00e1n en tu mejor aliado. Incorpora mascarillas hidratantes o calmantes con ingredientes como aloe vera, miel o aceites naturales 1-2 veces por semana para dar un impulso extra de hidrataci\u00f3n.<\/p>\n\n\n\n<h3 class=\"wp-block-heading\">9\/ Cuidado de labios<\/h3>\n\n\n\n<p>Cuidar de tus labios ha de ser un trabajo diario. Usa un b\u00e1lsamo labial nutritivo que contenga <a href=\"https:\/\/www.primor.eu\/blog\/manteca-de-karite-propiedades\/?srsltid=AfmBOopKPo1u-Yl-TuE59a2Soo6cIBTDiJF7mdx20v_JXTYDY_1MLxHr\">manteca de karit\u00e9<\/a>, aceite de coco o cera de abejas para evitar la sequedad y agrietamiento.<\/p>\n\n\n\n<h3 class=\"wp-block-heading\">10\/ Somos lo que comemos<\/h3>\n\n\n\n<p>Te lo hemos dicho siempre. As\u00ed que, aseg\u00farate de mantener una dieta rica en antioxidantes y beber suficiente agua para ayudar a tu piel desde adentro.<\/p>\n\n\n\n<h2 class=\"wp-block-heading\">Los mejores productos para una rutina facial de oto\u00f1o<\/h2>\n\n\n        <product-table class=\"pr-slider\">\r\n            <product-headers class=\"grid-table-rows\">\r\n                <div>Foto<\/div>\r\n                <div>Producto<\/div>\r\n                <div>Marca<\/div>\r\n                <div>Valoraciones<\/div>\r\n                <div>Precio<\/div>\r\n            <\/product-headers>\r\n\r\n            <product-list>\r\n                                    <a href=\"https:\/\/www.primor.eu\/es_es\/bella-aurora-splendor-serum-antioxidante-70253.html\" class=\"product-item grid-table-rows\" target=\"_blank\">\r\n                        <div>\r\n                            <img decoding=\"async\" class=\"product-img\" width=\"80px\" height=\"80px\" src=\"https:\/\/cdn2.primor.eu\/media\/catalog\/product\/cache\/8d3aba296f7a18b5251ee30fa5db42b2\/0\/T\/0TF23173_1_67fa.jpg\" alt=\"Splendor Serum Antioxidante\">\r\n                        <\/div>\r\n\r\n                        <!-- Contenido de producto  -->\r\n                        <div>\r\n                            <div class=\"product-position\">\r\n                                #1 Top Ventas                            <\/div>\r\n\r\n                            <h2>\r\n                                Splendor Serum Antioxidante                            <\/h2>\r\n                        <\/div>\r\n\r\n                        <!-- Imagen y\/o nombre de la marca -->\r\n                        <div>\r\n                                                            <img decoding=\"async\" width=\"70\" src=\"https:\/\/www.primor.eu\/media\/catalog\/category\/BELLA_AURORA.jpg\" alt=\"\">\r\n                                                    <\/div>\r\n\r\n                        <!-- Puntuaci\u00f3n del producto  -->\r\n                        <div class=\"rating\">\r\n                                                            <div class=\"rate\" style=\"--p:98;\"><\/div>\r\n                                <b>4.9\/5<\/b>\r\n                                <div class=\"rate-stars\">\r\n                                                                            <div\r\n                                            class=\"rate-star  \">\r\n                                        <\/div>\r\n                                                                            <div\r\n                                            class=\"rate-star  \">\r\n                                        <\/div>\r\n                                                                            <div\r\n                                            class=\"rate-star  \">\r\n                                        <\/div>\r\n                                                                            <div\r\n                                            class=\"rate-star  \">\r\n                                        <\/div>\r\n                                                                            <div\r\n                                            class=\"rate-star  \">\r\n                                        <\/div>\r\n                                                                    <\/div>\r\n                                                    <\/div>\r\n\r\n                        <!-- Bot\u00f3n de producto  -->\r\n                        <div>\r\n                            <span class=\"price-claim\">\r\n                                VER PRECIO                            <\/span>\r\n                        <\/div>\r\n                    <\/a>\r\n                                    <a href=\"https:\/\/www.primor.eu\/es_es\/nivea-2-en-1-primer-serum-uv-diario-proteccion-facial-spf50-121307.html\" class=\"product-item grid-table-rows\" target=\"_blank\">\r\n                        <div>\r\n                            <img decoding=\"async\" class=\"product-img\" width=\"80px\" height=\"80px\" src=\"https:\/\/cdn2.primor.eu\/media\/catalog\/product\/cache\/8d3aba296f7a18b5251ee30fa5db42b2\/4\/0\/4006000129587_9eae.jpeg\" alt=\"2 en 1 Primer Serum UV Diario Protecci\u00f3n Facial SPF50+\">\r\n                        <\/div>\r\n\r\n                        <!-- Contenido de producto  -->\r\n                        <div>\r\n                            <div class=\"product-position\">\r\n                                #2                            <\/div>\r\n\r\n                            <h2>\r\n                                2 en 1 Primer Serum UV Diario Protecci\u00f3n Facial SPF50+                            <\/h2>\r\n                        <\/div>\r\n\r\n                        <!-- Imagen y\/o nombre de la marca -->\r\n                        <div>\r\n                                                            <img decoding=\"async\" width=\"70\" src=\"https:\/\/www.primor.eu\/media\/catalog\/category\/nivea.png\" alt=\"\">\r\n                                                    <\/div>\r\n\r\n                        <!-- Puntuaci\u00f3n del producto  -->\r\n                        <div class=\"rating\">\r\n                                                            <div class=\"rate\" style=\"--p:92;\"><\/div>\r\n                                <b>4.6\/5<\/b>\r\n                                <div class=\"rate-stars\">\r\n                                                                            <div\r\n                                            class=\"rate-star  \">\r\n                                        <\/div>\r\n                                                                            <div\r\n                                            class=\"rate-star  \">\r\n                                        <\/div>\r\n                                                                            <div\r\n                                            class=\"rate-star  \">\r\n                                        <\/div>\r\n                                                                            <div\r\n                                            class=\"rate-star  \">\r\n                                        <\/div>\r\n                                                                            <div\r\n                                            class=\"rate-star  \">\r\n                                        <\/div>\r\n                                                                    <\/div>\r\n                                                    <\/div>\r\n\r\n                        <!-- Bot\u00f3n de producto  -->\r\n                        <div>\r\n                            <span class=\"price-claim\">\r\n                                VER PRECIO                            <\/span>\r\n                        <\/div>\r\n                    <\/a>\r\n                                    <a href=\"https:\/\/www.primor.eu\/es_es\/ziaja-manteca-de-cacao-balsamo-labial-35776.html\" class=\"product-item grid-table-rows\" target=\"_blank\">\r\n                        <div>\r\n                            <img decoding=\"async\" class=\"product-img\" width=\"80px\" height=\"80px\" src=\"https:\/\/cdn2.primor.eu\/media\/catalog\/product\/cache\/8d3aba296f7a18b5251ee30fa5db42b2\/6\/X\/6XS08368_1_8422.jpg\" alt=\"Manteca de Cacao b\u00e1lsamo labial\">\r\n                        <\/div>\r\n\r\n                        <!-- Contenido de producto  -->\r\n                        <div>\r\n                            <div class=\"product-position\">\r\n                                #3                            <\/div>\r\n\r\n                            <h2>\r\n                                Manteca de Cacao b\u00e1lsamo labial                            <\/h2>\r\n                        <\/div>\r\n\r\n                        <!-- Imagen y\/o nombre de la marca -->\r\n                        <div>\r\n                                                            <img decoding=\"async\" width=\"70\" src=\"https:\/\/www.primor.eu\/media\/catalog\/category\/logo_ZIAJA.png\" alt=\"\">\r\n                                                    <\/div>\r\n\r\n                        <!-- Puntuaci\u00f3n del producto  -->\r\n                        <div class=\"rating\">\r\n                                                            <div class=\"rate\" style=\"--p:86;\"><\/div>\r\n                                <b>4.3\/5<\/b>\r\n                                <div class=\"rate-stars\">\r\n                                                                            <div\r\n                                            class=\"rate-star  \">\r\n                                        <\/div>\r\n                                                                            <div\r\n                                            class=\"rate-star  \">\r\n                                        <\/div>\r\n                                                                            <div\r\n                                            class=\"rate-star  \">\r\n                                        <\/div>\r\n                                                                            <div\r\n                                            class=\"rate-star  \">\r\n                                        <\/div>\r\n                                                                            <div\r\n                                            class=\"rate-star  \">\r\n                                        <\/div>\r\n                                                                    <\/div>\r\n                                                    <\/div>\r\n\r\n                        <!-- Bot\u00f3n de producto  -->\r\n                        <div>\r\n                            <span class=\"price-claim\">\r\n                                VER PRECIO                            <\/span>\r\n                        <\/div>\r\n                    <\/a>\r\n                                    <a href=\"https:\/\/www.primor.eu\/es_es\/the-saem-mascarilla-facial-de-arroz-16781.html\" class=\"product-item grid-table-rows\" target=\"_blank\">\r\n                        <div>\r\n                            <img decoding=\"async\" class=\"product-img\" width=\"80px\" height=\"80px\" src=\"https:\/\/cdn2.primor.eu\/media\/catalog\/product\/cache\/8d3aba296f7a18b5251ee30fa5db42b2\/0\/T\/0TF20853_1_072c.jpg\" alt=\"Mascarilla Facial de Arroz\">\r\n                        <\/div>\r\n\r\n                        <!-- Contenido de producto  -->\r\n                        <div>\r\n                            <div class=\"product-position\">\r\n                                #4                            <\/div>\r\n\r\n                            <h2>\r\n                                Mascarilla Facial de Arroz                            <\/h2>\r\n                        <\/div>\r\n\r\n                        <!-- Imagen y\/o nombre de la marca -->\r\n                        <div>\r\n                                                            <img decoding=\"async\" width=\"70\" src=\"https:\/\/www.primor.eu\/media\/catalog\/category\/The_Saem.jpg\" alt=\"\">\r\n                                                    <\/div>\r\n\r\n                        <!-- Puntuaci\u00f3n del producto  -->\r\n                        <div class=\"rating\">\r\n                                                            <div class=\"rate\" style=\"--p:98;\"><\/div>\r\n                                <b>4.9\/5<\/b>\r\n                                <div class=\"rate-stars\">\r\n                                                                            <div\r\n                                            class=\"rate-star  \">\r\n                                        <\/div>\r\n                                                                            <div\r\n                                            class=\"rate-star  \">\r\n                                        <\/div>\r\n                                                                            <div\r\n                                            class=\"rate-star  \">\r\n                                        <\/div>\r\n                                                                            <div\r\n                                            class=\"rate-star  \">\r\n                                        <\/div>\r\n                                                                            <div\r\n                                            class=\"rate-star  \">\r\n                                        <\/div>\r\n                                                                    <\/div>\r\n                                                    <\/div>\r\n\r\n                        <!-- Bot\u00f3n de producto  -->\r\n                        <div>\r\n                            <span class=\"price-claim\">\r\n                                VER PRECIO                            <\/span>\r\n                        <\/div>\r\n                    <\/a>\r\n                                    <a href=\"https:\/\/www.primor.eu\/es_es\/cerave-crema-reparadora-contorno-de-ojos-15828.html\" class=\"product-item grid-table-rows\" target=\"_blank\">\r\n                        <div>\r\n                            <img decoding=\"async\" class=\"product-img\" width=\"80px\" height=\"80px\" src=\"https:\/\/cdn2.primor.eu\/media\/catalog\/product\/cache\/8d3aba296f7a18b5251ee30fa5db42b2\/3\/3\/3337875597272_ae79.jpg\" alt=\"Crema Reparadora Contorno de Ojos\">\r\n                        <\/div>\r\n\r\n                        <!-- Contenido de producto  -->\r\n                        <div>\r\n                            <div class=\"product-position\">\r\n                                #5                            <\/div>\r\n\r\n                            <h2>\r\n                                Crema Reparadora Contorno de Ojos                            <\/h2>\r\n                        <\/div>\r\n\r\n                        <!-- Imagen y\/o nombre de la marca -->\r\n                        <div>\r\n                                                            <img decoding=\"async\" width=\"70\" src=\"https:\/\/www.primor.eu\/media\/catalog\/category\/Cerave.jpg\" alt=\"\">\r\n                                                    <\/div>\r\n\r\n                        <!-- Puntuaci\u00f3n del producto  -->\r\n                        <div class=\"rating\">\r\n                                                            <div class=\"rate\" style=\"--p:92;\"><\/div>\r\n                                <b>4.6\/5<\/b>\r\n                                <div class=\"rate-stars\">\r\n                                                                            <div\r\n                                            class=\"rate-star  \">\r\n                                        <\/div>\r\n                                                                            <div\r\n                                            class=\"rate-star  \">\r\n                                        <\/div>\r\n                                                                            <div\r\n                                            class=\"rate-star  \">\r\n                                        <\/div>\r\n                                                                            <div\r\n                                            class=\"rate-star  \">\r\n                                        <\/div>\r\n                                                                            <div\r\n                                            class=\"rate-star  \">\r\n                                        <\/div>\r\n                                                                    <\/div>\r\n                                                    <\/div>\r\n\r\n                        <!-- Bot\u00f3n de producto  -->\r\n                        <div>\r\n                            <span class=\"price-claim\">\r\n                                VER PRECIO                            <\/span>\r\n                        <\/div>\r\n                    <\/a>\r\n                            <\/product-list>\r\n        <\/product-table>\r\n\r\n        \n\n\n\n<h3 class=\"wp-block-heading\">Splendor Serum Antioxidante de Bella Aurora<\/h3>\n\n\n\n<p>Es ideal para iluminar la piel, reducir las arrugas y lineas de expresi\u00f3n. Su f\u00f3rmula contiene Vitamina C que ayuda a aclarar y a unificar la piel, adem\u00e1s de mantener la piel hidratada.<\/p>\n\n\n    <a class='product' target='_blank' href='https:\/\/www.primor.eu\/es_es\/bella-aurora-splendor-serum-antioxidante-70253.html'>\r\n        <img loading='async' src='https:\/\/cdn2.primor.eu\/media\/catalog\/product\/cache\/8d3aba296f7a18b5251ee30fa5db42b2\/0\/T\/0TF23173_1_67fa.jpg' alt='COMPRAR AHORA'>\r\n            <div class=\"claim\">\r\n                COMPRAR AHORA            <\/div>\r\n        <\/a>\r\n    \n\n\n<h3 class=\"wp-block-heading\">2 en 1 Primer Serum UV Diario Protecci\u00f3n Facial SPF50+ de Nivea<\/h3>\n\n\n\n<p>Ha sido especialmente formulado para proteger y suavizar la piel del rostro en segundos, proporcionando una alta protecci\u00f3n inmediata contra los da\u00f1os causados por los rayos UV, tanto a corto como a largo plazo, y previniendo el envejecimiento prematuro de la piel.<\/p>\n\n\n    <a class='product' target='_blank' href='https:\/\/www.primor.eu\/es_es\/nivea-2-en-1-primer-serum-uv-diario-proteccion-facial-spf50-121307.html'>\r\n        <img loading='async' src='https:\/\/cdn2.primor.eu\/media\/catalog\/product\/cache\/8d3aba296f7a18b5251ee30fa5db42b2\/4\/0\/4006000129587_9eae.jpeg' alt='COMPRAR AHORA'>\r\n            <div class=\"claim\">\r\n                COMPRAR AHORA            <\/div>\r\n        <\/a>\r\n    \n\n\n<h3 class=\"wp-block-heading\">B\u00e1lsamo Labial con Manteca de Cacao\u00a0de Ziaja<\/h3>\n\n\n\n<p>El <strong>b\u00e1lsamo labial de Ziaja<\/strong> est\u00e1 dise\u00f1ado para hidratar y regenerar los labios secos y agrietados. Formulado con <strong>manteca de cacao, aceite de canola, lanolina y vitamina E<\/strong>, proporciona nutrici\u00f3n intensiva, ayudando a mantener los labios suaves, protegidos y visiblemente saludables.<\/p>\n\n\n\n<p>Apto para todo tipo de pieles, su f\u00f3rmula <strong>sin conservantes<\/strong> aporta un brillo delicado sin sensaci\u00f3n pegajosa. Ideal para el uso diario, especialmente en estaciones fr\u00edas o secas, este b\u00e1lsamo es una opci\u00f3n sencilla, efectiva y asequible para el cuidado labial.<\/p>\n\n\n    <a class='product' target='_blank' href='https:\/\/www.primor.eu\/es_es\/ziaja-manteca-de-cacao-balsamo-labial-35776.html'>\r\n        <img loading='async' src='https:\/\/cdn2.primor.eu\/media\/catalog\/product\/cache\/8d3aba296f7a18b5251ee30fa5db42b2\/6\/X\/6XS08368_1_8422.jpg' alt='COMPRAR AHORA'>\r\n            <div class=\"claim\">\r\n                COMPRAR AHORA            <\/div>\r\n        <\/a>\r\n    \n\n\n<h3 class=\"wp-block-heading\">Natural Rice Mask Sheet de The Saem <\/h3>\n\n\n\n<p>La <strong>mascarilla facial de arroz de The Saem<\/strong> es un tratamiento hidratante y restaurador dise\u00f1ado para devolverle luminosidad y suavidad a la piel. Enriquecida con <strong>extracto de arroz<\/strong>, esta mascarilla favorece la regeneraci\u00f3n celular, ayudando a reparar da\u00f1os y mejorar visiblemente la textura cut\u00e1nea.<\/p>\n\n\n\n<p>Su uso regular ayuda a conseguir una piel m\u00e1s tersa, hidratada y uniforme. Se recomienda aplicar despu\u00e9s de la limpieza y el t\u00f3nico, dej\u00e1ndola actuar de 15 a 20 minutos. El excedente puede masajearse para una mejor absorci\u00f3n, dejando la piel calmada, suave y revitalizada.<\/p>\n\n\n    <a class='product' target='_blank' href='https:\/\/www.primor.eu\/es_es\/the-saem-mascarilla-facial-de-arroz-16781.html'>\r\n        <img loading='async' src='https:\/\/cdn2.primor.eu\/media\/catalog\/product\/cache\/8d3aba296f7a18b5251ee30fa5db42b2\/0\/T\/0TF20853_1_072c.jpg' alt='COMPRAR AHORA'>\r\n            <div class=\"claim\">\r\n                COMPRAR AHORA            <\/div>\r\n        <\/a>\r\n    \n\n\n<h3 class=\"wp-block-heading\">Crema Reparadora Contorno de Ojos de Cerave<\/h3>\n\n\n\n<p>La <strong>Crema Reparadora Contorno de Ojos de CeraVe<\/strong> est\u00e1 formulada para hidratar, proteger y reforzar la barrera cut\u00e1nea en la zona ocular, reduciendo la apariencia de ojeras y bolsas. Su f\u00f3rmula contiene <strong>tres ceramidas esenciales y \u00e1cido hialur\u00f3nico<\/strong>, ingredientes clave para restaurar y mantener la hidrataci\u00f3n natural de la piel.<\/p>\n\n\n    <a class='product' target='_blank' href='https:\/\/www.primor.eu\/es_es\/cerave-crema-reparadora-contorno-de-ojos-15828.html'>\r\n        <img loading='async' src='https:\/\/cdn2.primor.eu\/media\/catalog\/product\/cache\/8d3aba296f7a18b5251ee30fa5db42b2\/3\/3\/3337875597272_ae79.jpg' alt='COMPRAR AHORA'>\r\n            <div class=\"claim\">\r\n                COMPRAR AHORA            <\/div>\r\n        <\/a>\r\n    \n\n\n<p>De textura ligera y r\u00e1pida absorci\u00f3n, no contiene perfume y ha sido desarrollada con dermat\u00f3logos. Es adecuada para pieles sensibles y ha sido <strong>testada oftalmol\u00f3gicamente<\/strong>. Su acci\u00f3n calmante e hidratante proporciona un contorno de ojos m\u00e1s suave, luminoso y visiblemente saludable.<\/p>\n\n\n\n<h3 class=\"wp-block-heading\">Age Perfect Crema Facial de Noche Nutrici\u00f3n Intensa de L'Or\u00e9al Par\u00eds <\/h3>\n\n\n\n<p>La crema de noche <strong>Age Perfect Nutrici\u00f3n Intensa<\/strong> de L'Or\u00e9al Par\u00eds est\u00e1 formulada para pieles maduras, secas o desnutridas. Su f\u00f3rmula rica con <strong>Miel de Manuka<\/strong> y <strong>Calcio B5<\/strong> ayuda a restaurar la barrera cut\u00e1nea, nutriendo profundamente y reforzando la estructura de la piel.<\/p>\n\n\n\n<p>Gracias a su acci\u00f3n <strong>anti-sequedad y anti-descolgamiento<\/strong>, mejora la firmeza y densidad de la piel durante la noche. Su textura envolvente proporciona confort inmediato y ayuda a recuperar un aspecto m\u00e1s uniforme, terso y revitalizado tras el descanso nocturno.<\/p>\n\n\n    <a class='product' target='_blank' href='https:\/\/www.primor.eu\/es_es\/l-oreal-paris-age-perfect-crema-facial-de-noche-nutricion-intensa-15412.html'>\r\n        <img loading='async' src='https:\/\/cdn2.primor.eu\/media\/catalog\/product\/cache\/8d3aba296f7a18b5251ee30fa5db42b2\/0\/T\/0TF16288_1_fca1.jpg' alt='COMPRAR AHORA'>\r\n            <div class=\"claim\">\r\n                COMPRAR AHORA            <\/div>\r\n        <\/a>\r\n    \n\n\n<h3 class=\"wp-block-heading\">S\u00e9rum \u00c1cido Hialur\u00f3nico Centella Asi\u00e1tica de Beauty Drops<\/h3>\n\n\n\n<p>La combinaci\u00f3n de la centella asi\u00e1tica y el \u00e1cido hialur\u00f3nico potencia el efecto hidratante de este \u00faltimo, contribuyendo a la prevenci\u00f3n de arrugas y flacidez, as\u00ed como los s\u00edntomas de la edad al favorecer la producci\u00f3n de col\u00e1geno que se ve reducida en nuestra piel con el paso del tiempo.<\/p>\n\n\n    <a class='product' target='_blank' href='https:\/\/www.primor.eu\/es_es\/beauty-drops-serum-acido-hialuronico-centella-asiatica-98593.html'>\r\n        <img loading='async' src='https:\/\/cdn2.primor.eu\/media\/catalog\/product\/cache\/8d3aba296f7a18b5251ee30fa5db42b2\/s\/e\/serums_30ml_removebg_preview_e303.png' alt='COMPRAR AHORA'>\r\n            <div class=\"claim\">\r\n                COMPRAR AHORA            <\/div>\r\n        <\/a>\r\n    \n\n\n<h3 class=\"wp-block-heading\">Radiance S\u00e9rum Facial con \u00c1cido Hialur\u00f3nico y Centella Asi\u00e1tica de Arganour<\/h3>\n\n\n\n<p>Radiance es un s\u00e9rum facial 100% natural que es imprescindible en tu rutina de cuidado de la piel tanto de d\u00eda como de noche. Es el secreto de belleza mejor guardado para rejuvenecer el rostro gracias a las propiedades del \u00e1cido hialur\u00f3nico y la centella asi\u00e1tica.<\/p>\n\n\n\n<p>Su exclusiva f\u00f3rmula contiene una alta concentraci\u00f3n de \u00e1cido hialur\u00f3nico y centella asi\u00e1tica:<\/p>\n\n\n\n<p><strong>\u00c1cido Hialur\u00f3nico:<\/strong> con 4 pesos moleculares diferentes en una concentraci\u00f3n total de 1,5%, penetra profundamente, alcanzando las 5 capas de la epidermis. Aumenta los niveles de \u00e1cido hialur\u00f3nico en la piel, redensifica, reduce visiblemente las l\u00edneas de expresi\u00f3n, y mejora la apariencia y textura de la piel.<\/p>\n\n\n\n<p><strong>Centella Asi\u00e1tica:<\/strong> evita que el \u00e1cido hialur\u00f3nico se degrade con el tiempo. Adem\u00e1s, calma y repara la piel.<\/p>\n\n\n    <a class='product' target='_blank' href='https:\/\/www.primor.eu\/es_es\/arganour-radiance-serum-facial-con-acido-hialuronico-y-centella-asiatica-60448.html'>\r\n        <img loading='async' src='https:\/\/cdn2.primor.eu\/media\/catalog\/product\/cache\/8d3aba296f7a18b5251ee30fa5db42b2\/8\/4\/8435438600782_bd9c.png' alt='COMPRAR AHORA'>\r\n            <div class=\"claim\">\r\n                COMPRAR AHORA            <\/div>\r\n        <\/a>\r\n    \n\n<div class=\"kk-star-ratings kksr-auto kksr-align-center kksr-valign-bottom\"\n    data-payload='{&quot;align&quot;:&quot;center&quot;,&quot;id&quot;:&quot;111972&quot;,&quot;slug&quot;:&quot;default&quot;,&quot;valign&quot;:&quot;bottom&quot;,&quot;ignore&quot;:&quot;&quot;,&quot;reference&quot;:&quot;auto&quot;,&quot;class&quot;:&quot;&quot;,&quot;count&quot;:&quot;5&quot;,&quot;legendonly&quot;:&quot;&quot;,&quot;readonly&quot;:&quot;&quot;,&quot;score&quot;:&quot;3.4&quot;,&quot;starsonly&quot;:&quot;&quot;,&quot;best&quot;:&quot;5&quot;,&quot;gap&quot;:&quot;5&quot;,&quot;greet&quot;:&quot;Valora este art\u00edculo&quot;,&quot;legend&quot;:&quot;3.4\\\/5 - (5 votos)&quot;,&quot;size&quot;:&quot;24&quot;,&quot;title&quot;:&quot;La rutina de cuidado facial definitiva para este oto\u00f1o&quot;,&quot;width&quot;:&quot;96.1&quot;,&quot;_legend&quot;:&quot;{score}\\\/{best} - ({count} {votes})&quot;,&quot;font_factor&quot;:&quot;1.25&quot;}'>\n            \n<div class=\"kksr-stars\">\n    \n<div class=\"kksr-stars-inactive\">\n            <div class=\"kksr-star\" data-star=\"1\" style=\"padding-right: 5px\">\n            \n\n<div class=\"kksr-icon\" style=\"width: 24px; height: 24px;\"><\/div>\n        <\/div>\n            <div class=\"kksr-star\" data-star=\"2\" style=\"padding-right: 5px\">\n            \n\n<div class=\"kksr-icon\" style=\"width: 24px; height: 24px;\"><\/div>\n        <\/div>\n            <div class=\"kksr-star\" data-star=\"3\" style=\"padding-right: 5px\">\n            \n\n<div class=\"kksr-icon\" style=\"width: 24px; height: 24px;\"><\/div>\n        <\/div>\n            <div class=\"kksr-star\" data-star=\"4\" style=\"padding-right: 5px\">\n            \n\n<div class=\"kksr-icon\" style=\"width: 24px; height: 24px;\"><\/div>\n        <\/div>\n            <div class=\"kksr-star\" data-star=\"5\" style=\"padding-right: 5px\">\n            \n\n<div class=\"kksr-icon\" style=\"width: 24px; height: 24px;\"><\/div>\n        <\/div>\n    <\/div>\n    \n<div class=\"kksr-stars-active\" style=\"width: 96.1px;\">\n            <div class=\"kksr-star\" style=\"padding-right: 5px\">\n            \n\n<div class=\"kksr-icon\" style=\"width: 24px; height: 24px;\"><\/div>\n        <\/div>\n            <div class=\"kksr-star\" style=\"padding-right: 5px\">\n            \n\n<div class=\"kksr-icon\" style=\"width: 24px; height: 24px;\"><\/div>\n        <\/div>\n            <div class=\"kksr-star\" style=\"padding-right: 5px\">\n            \n\n<div class=\"kksr-icon\" style=\"width: 24px; height: 24px;\"><\/div>\n        <\/div>\n            <div class=\"kksr-star\" style=\"padding-right: 5px\">\n            \n\n<div class=\"kksr-icon\" style=\"width: 24px; height: 24px;\"><\/div>\n        <\/div>\n            <div class=\"kksr-star\" style=\"padding-right: 5px\">\n            \n\n<div class=\"kksr-icon\" style=\"width: 24px; height: 24px;\"><\/div>\n        <\/div>\n    <\/div>\n<\/div>\n                \n\n<div class=\"kksr-legend\" style=\"font-size: 19.2px;\">\n            3.4\/5 - (5 votos)    <\/div>\n    <\/div>\n","protected":false},"excerpt":{"rendered":"<p>El oto\u00f1o es un momento ideal para ajustar tu rutina de cuidado facial, ya que la piel puede haber sufrido los efectos del verano y est\u00e1 prepar\u00e1ndose para el clima m\u00e1s fr\u00edo. No obstante, los pasos pueden cambiar ligeramente, es por eso que te contamos cu\u00e1l es el paso a paso de la mejor rutina [&hellip;]<\/p>\n","protected":false},"author":14,"featured_media":111949,"comment_status":"closed","ping_status":"closed","sticky":false,"template":"","format":"standard","meta":{"jnews-multi-image_gallery":[],"jnews_single_post":{"subtitle":"","format":"standard","video":"","gallery":"","source_name":"","source_url":"","via_name":"","via_url":"","override_template":"0","override":[{"template":"1","single_blog_custom":"","parallax":"1","fullscreen":"1","layout":"right-sidebar","sidebar":"home-2","second_sidebar":"default-sidebar","sticky_sidebar":"0","share_position":"float","share_float_style":"share-monocrhome","show_share_counter":"0","show_view_counter":"0","show_featured":"1","show_post_meta":"1","show_post_author":"0","show_post_author_image":"1","show_post_date":"1","post_date_format":"default","post_date_format_custom":"Y\/m\/d","show_post_category":"1","show_post_reading_time":"0","post_reading_time_wpm":"300","show_zoom_button":"0","zoom_button_out_step":"2","zoom_button_in_step":"3","show_post_tag":"0","show_prev_next_post":"0","show_popup_post":"0","number_popup_post":"2","show_author_box":"0","show_post_related":"0","show_inline_post_related":"1"}],"override_image_size":"0","image_override":[{"single_post_thumbnail_size":"no-crop","single_post_gallery_size":"crop-500"}],"trending_post":"0","trending_post_position":"meta","trending_post_label":"Trending","sponsored_post":"0","sponsored_post_label":"Sponsored by","sponsored_post_name":"","sponsored_post_url":"","sponsored_post_logo_enable":"0","sponsored_post_logo":"","sponsored_post_desc":"","disable_ad":"0"},"jnews_primary_category":{"id":"","hide":""},"jnews_social_meta":{"fb_title":"","fb_description":"","fb_image":"","twitter_title":"","twitter_description":"","twitter_image":""},"jnews_override_counter":{"override_view_counter":"0","view_counter_number":"0","override_share_counter":"0","share_counter_number":"0","override_like_counter":"0","like_counter_number":"0","override_dislike_counter":"0","dislike_counter_number":"0"},"footnotes":""},"categories":[6321,29],"tags":[],"class_list":["post-111972","post","type-post","status-publish","format-standard","has-post-thumbnail","hentry","category-banner-home","category-cosmetica"],"_links":{"self":[{"href":"https:\/\/www.primor.eu\/blog\/wp-json\/wp\/v2\/posts\/111972","targetHints":{"allow":["GET"]}}],"collection":[{"href":"https:\/\/www.primor.eu\/blog\/wp-json\/wp\/v2\/posts"}],"about":[{"href":"https:\/\/www.primor.eu\/blog\/wp-json\/wp\/v2\/types\/post"}],"author":[{"embeddable":true,"href":"https:\/\/www.primor.eu\/blog\/wp-json\/wp\/v2\/users\/14"}],"replies":[{"embeddable":true,"href":"https:\/\/www.primor.eu\/blog\/wp-json\/wp\/v2\/comments?post=111972"}],"version-history":[{"count":5,"href":"https:\/\/www.primor.eu\/blog\/wp-json\/wp\/v2\/posts\/111972\/revisions"}],"predecessor-version":[{"id":132377,"href":"https:\/\/www.primor.eu\/blog\/wp-json\/wp\/v2\/posts\/111972\/revisions\/132377"}],"wp:featuredmedia":[{"embeddable":true,"href":"https:\/\/www.primor.eu\/blog\/wp-json\/wp\/v2\/media\/111949"}],"wp:attachment":[{"href":"https:\/\/www.primor.eu\/blog\/wp-json\/wp\/v2\/media?parent=111972"}],"wp:term":[{"taxonomy":"category","embeddable":true,"href":"https:\/\/www.primor.eu\/blog\/wp-json\/wp\/v2\/categories?post=111972"},{"taxonomy":"post_tag","embeddable":true,"href":"https:\/\/www.primor.eu\/blog\/wp-json\/wp\/v2\/tags?post=111972"}],"curies":[{"name":"wp","href":"https:\/\/api.w.org\/{rel}","templated":true}]}}