{"id":111970,"date":"2024-09-19T08:07:29","date_gmt":"2024-09-19T08:07:29","guid":{"rendered":"https:\/\/www.primor.eu\/blog\/?p=111970"},"modified":"2025-09-28T11:05:42","modified_gmt":"2025-09-28T11:05:42","slug":"mejores-tratamientos-cabello-verano-otono","status":"publish","type":"post","link":"https:\/\/www.primor.eu\/blog\/mejores-tratamientos-cabello-verano-otono\/","title":{"rendered":"Los mejores tratamientos de cabello para recibir al oto\u00f1o"},"content":{"rendered":"\n<p>Se avecina el drama: el verano ha terminado, y de repente te das cuenta de que tu pelo ya no es el que era. Es m\u00e1s <strong>fr\u00e1gil<\/strong> y <strong>quebradizo<\/strong>, se ve m\u00e1s <strong>opaco<\/strong>, se siente m\u00e1s <strong>seco\u2026<\/strong> \u00a1Y encima <strong>se ca<\/strong>e! Lo que os dec\u00eda: un <strong>drama<\/strong>. Sin embargo, no hay mal que cien a\u00f1os dure, ni pena que estos <strong><a href=\"https:\/\/www.primor.eu\/es_es\/cabello?utm_source=google&amp;utm_medium=cpc&amp;utm_campaign=es-i-s-c-cb&amp;utm_term=pastillas%20anticaida%20del%20cabello&amp;utm_content=es-interna-search-categoria-cabello&amp;utm_id=13060272434&amp;gad_source=1&amp;gad_campaignid=13060272434&amp;gclid=CjwKCAjwuePGBhBZEiwAIGCVS8EEQ65PCp06qAdXKtdWKfAqxxSI69Qmy8sww6NWFryklMi6ey6xEBoC0CIQAvD_BwE\" data-type=\"link\" data-id=\"https:\/\/www.primor.eu\/es_es\/cabello?utm_source=google&amp;utm_medium=cpc&amp;utm_campaign=es-i-s-c-cb&amp;utm_term=pastillas%20anticaida%20del%20cabello&amp;utm_content=es-interna-search-categoria-cabello&amp;utm_id=13060272434&amp;gad_source=1&amp;gad_campaignid=13060272434&amp;gclid=CjwKCAjwuePGBhBZEiwAIGCVS8EEQ65PCp06qAdXKtdWKfAqxxSI69Qmy8sww6NWFryklMi6ey6xEBoC0CIQAvD_BwE\">tratamientos de pelo<\/a> para <a href=\"https:\/\/www.primor.eu\/blog\/maquillarte-otono\/\" data-type=\"link\" data-id=\"https:\/\/www.primor.eu\/blog\/maquillarte-otono\/\">oto\u00f1o<\/a><\/strong> no curen.\u00a0<\/p>\n\n\n\n<h2 class=\"wp-block-heading\">Qu\u00e9 le pasa a mi pelo en oto\u00f1o<\/h2>\n\n\n\n<ul class=\"wp-block-list\">\n<li><strong>Mayor ca\u00edda de cabello<\/strong> debido a la ca\u00edda estacional y al ciclo natural del crecimiento capilar.<\/li>\n\n\n\n<li><strong>Sequedad y fragilidad<\/strong> causada por la exposici\u00f3n prolongada al sol, cloro, agua salada y cambios en la temperatura.<\/li>\n\n\n\n<li><strong>P\u00e9rdida de brillo<\/strong> y vitalidad, debido a los da\u00f1os por el calor.<\/li>\n\n\n\n<li><strong>Aumento de puntas abiertas<\/strong> y da\u00f1os en la cut\u00edcula del cabello, provocando enredos y nudos.<\/li>\n\n\n\n<li><strong><a href=\"https:\/\/www.primor.eu\/es_es\/cabello?utm_source=google&amp;utm_medium=cpc&amp;utm_campaign=es-i-s-c-cb&amp;utm_term=pastillas%20anticaida%20del%20cabello&amp;utm_content=es-interna-search-categoria-cabello&amp;utm_id=13060272434&amp;gad_source=1&amp;gad_campaignid=13060272434&amp;gclid=CjwKCAjwuePGBhBZEiwAIGCVS8EEQ65PCp06qAdXKtdWKfAqxxSI69Qmy8sww6NWFryklMi6ey6xEBoC0CIQAvD_BwE&amp;query=hidratacion%20cabello&amp;scroll=85422-es\" data-type=\"link\" data-id=\"https:\/\/www.primor.eu\/es_es\/cabello?utm_source=google&amp;utm_medium=cpc&amp;utm_campaign=es-i-s-c-cb&amp;utm_term=pastillas%20anticaida%20del%20cabello&amp;utm_content=es-interna-search-categoria-cabello&amp;utm_id=13060272434&amp;gad_source=1&amp;gad_campaignid=13060272434&amp;gclid=CjwKCAjwuePGBhBZEiwAIGCVS8EEQ65PCp06qAdXKtdWKfAqxxSI69Qmy8sww6NWFryklMi6ey6xEBoC0CIQAvD_BwE&amp;query=hidratacion%20cabello&amp;scroll=85422-es\">Deshidrataci\u00f3n del cabello<\/a><\/strong> y cuero cabelludo, generalmente por la poca humedad ambiental en oto\u00f1o.<\/li>\n<\/ul>\n\n\n\n<h2 class=\"wp-block-heading\">Mejores tratamientos de pelo para oto\u00f1o<\/h2>\n\n\n        <product-table class=\"pr-slider\">\r\n            <product-headers class=\"grid-table-rows\">\r\n                <div>Foto<\/div>\r\n                <div>Producto<\/div>\r\n                <div>Marca<\/div>\r\n                <div>Valoraciones<\/div>\r\n                <div>Precio<\/div>\r\n            <\/product-headers>\r\n\r\n            <product-list>\r\n                                    <a href=\"https:\/\/www.primor.eu\/es_es\/revlon-uniq-one-te-verde-mascarilla-sin-aclarado-10367.html\" class=\"product-item grid-table-rows\" target=\"_blank\">\r\n                        <div>\r\n                            <img decoding=\"async\" class=\"product-img\" width=\"80px\" height=\"80px\" src=\"https:\/\/cdn2.primor.eu\/media\/catalog\/product\/cache\/8d3aba296f7a18b5251ee30fa5db42b2\/2\/C\/2CA04495_1_90f4.jpg\" alt=\"Uniq One T\u00e9 Verde Mascarilla Capilar sin Aclarado\">\r\n                        <\/div>\r\n\r\n                        <!-- Contenido de producto  -->\r\n                        <div>\r\n                            <div class=\"product-position\">\r\n                                #1 Top Ventas                            <\/div>\r\n\r\n                            <h2>\r\n                                Uniq One T\u00e9 Verde Mascarilla Capilar sin Aclarado                            <\/h2>\r\n                        <\/div>\r\n\r\n                        <!-- Imagen y\/o nombre de la marca -->\r\n                        <div>\r\n                                                            <img decoding=\"async\" width=\"70\" src=\"https:\/\/www.primor.eu\/media\/catalog\/category\/403.jpg\" alt=\"\">\r\n                                                    <\/div>\r\n\r\n                        <!-- Puntuaci\u00f3n del producto  -->\r\n                        <div class=\"rating\">\r\n                                                            <div class=\"rate\" style=\"--p:96;\"><\/div>\r\n                                <b>4.8\/5<\/b>\r\n                                <div class=\"rate-stars\">\r\n                                                                            <div\r\n                                            class=\"rate-star  \">\r\n                                        <\/div>\r\n                                                                            <div\r\n                                            class=\"rate-star  \">\r\n                                        <\/div>\r\n                                                                            <div\r\n                                            class=\"rate-star  \">\r\n                                        <\/div>\r\n                                                                            <div\r\n                                            class=\"rate-star  \">\r\n                                        <\/div>\r\n                                                                            <div\r\n                                            class=\"rate-star  \">\r\n                                        <\/div>\r\n                                                                    <\/div>\r\n                                                    <\/div>\r\n\r\n                        <!-- Bot\u00f3n de producto  -->\r\n                        <div>\r\n                            <span class=\"price-claim\">\r\n                                VER PRECIO                            <\/span>\r\n                        <\/div>\r\n                    <\/a>\r\n                                    <a href=\"https:\/\/www.primor.eu\/es_es\/moroccanoil-champu-hidratante-105571.html?#854=66338\" class=\"product-item grid-table-rows\" target=\"_blank\">\r\n                        <div>\r\n                            <img decoding=\"async\" class=\"product-img\" width=\"80px\" height=\"80px\" src=\"https:\/\/cdn2.primor.eu\/media\/catalog\/product\/cache\/8d3aba296f7a18b5251ee30fa5db42b2\/2\/C\/2CC01106_1_28e2.jpg\" alt=\"Champ\u00fa Hidratante\">\r\n                        <\/div>\r\n\r\n                        <!-- Contenido de producto  -->\r\n                        <div>\r\n                            <div class=\"product-position\">\r\n                                #2                            <\/div>\r\n\r\n                            <h2>\r\n                                Champ\u00fa Hidratante                            <\/h2>\r\n                        <\/div>\r\n\r\n                        <!-- Imagen y\/o nombre de la marca -->\r\n                        <div>\r\n                                                            <img decoding=\"async\" width=\"70\" src=\"https:\/\/www.primor.eu\/media\/catalog\/category\/Moroccanoil_Personalizado_.jpg\" alt=\"Moroccanoil\">\r\n                                                    <\/div>\r\n\r\n                        <!-- Puntuaci\u00f3n del producto  -->\r\n                        <div class=\"rating\">\r\n                                                            <div class=\"rate\" style=\"--p:98;\"><\/div>\r\n                                <b>4.9\/5<\/b>\r\n                                <div class=\"rate-stars\">\r\n                                                                            <div\r\n                                            class=\"rate-star  \">\r\n                                        <\/div>\r\n                                                                            <div\r\n                                            class=\"rate-star  \">\r\n                                        <\/div>\r\n                                                                            <div\r\n                                            class=\"rate-star  \">\r\n                                        <\/div>\r\n                                                                            <div\r\n                                            class=\"rate-star  \">\r\n                                        <\/div>\r\n                                                                            <div\r\n                                            class=\"rate-star  \">\r\n                                        <\/div>\r\n                                                                    <\/div>\r\n                                                    <\/div>\r\n\r\n                        <!-- Bot\u00f3n de producto  -->\r\n                        <div>\r\n                            <span class=\"price-claim\">\r\n                                VER PRECIO                            <\/span>\r\n                        <\/div>\r\n                    <\/a>\r\n                                    <a href=\"https:\/\/www.primor.eu\/es_es\/maui-revive-hydrate-shea-butter-champu-105668.html?#854=66519\" class=\"product-item grid-table-rows\" target=\"_blank\">\r\n                        <div>\r\n                            <img decoding=\"async\" class=\"product-img\" width=\"80px\" height=\"80px\" src=\"https:\/\/cdn2.primor.eu\/media\/catalog\/product\/cache\/8d3aba296f7a18b5251ee30fa5db42b2\/2\/C\/2CC03862_1_58b1.jpg\" alt=\"Revive - Hydrate + Shea Butter Champ\u00fa\">\r\n                        <\/div>\r\n\r\n                        <!-- Contenido de producto  -->\r\n                        <div>\r\n                            <div class=\"product-position\">\r\n                                #3                            <\/div>\r\n\r\n                            <h2>\r\n                                Revive - Hydrate + Shea Butter Champ\u00fa                            <\/h2>\r\n                        <\/div>\r\n\r\n                        <!-- Imagen y\/o nombre de la marca -->\r\n                        <div>\r\n                                                            <img decoding=\"async\" width=\"70\" src=\"https:\/\/www.primor.eu\/media\/catalog\/category\/Maui.jpg\" alt=\"Maui\">\r\n                                                    <\/div>\r\n\r\n                        <!-- Puntuaci\u00f3n del producto  -->\r\n                        <div class=\"rating\">\r\n                                                            <div class=\"rate\" style=\"--p:92;\"><\/div>\r\n                                <b>4.6\/5<\/b>\r\n                                <div class=\"rate-stars\">\r\n                                                                            <div\r\n                                            class=\"rate-star  \">\r\n                                        <\/div>\r\n                                                                            <div\r\n                                            class=\"rate-star  \">\r\n                                        <\/div>\r\n                                                                            <div\r\n                                            class=\"rate-star  \">\r\n                                        <\/div>\r\n                                                                            <div\r\n                                            class=\"rate-star  \">\r\n                                        <\/div>\r\n                                                                            <div\r\n                                            class=\"rate-star  \">\r\n                                        <\/div>\r\n                                                                    <\/div>\r\n                                                    <\/div>\r\n\r\n                        <!-- Bot\u00f3n de producto  -->\r\n                        <div>\r\n                            <span class=\"price-claim\">\r\n                                VER PRECIO                            <\/span>\r\n                        <\/div>\r\n                    <\/a>\r\n                                    <a href=\"https:\/\/www.primor.eu\/es_es\/olaplex-n-7-bonding-oil-aceite-capilar-concentrado-118055.html?#854=66334\" class=\"product-item grid-table-rows\" target=\"_blank\">\r\n                        <div>\r\n                            <img decoding=\"async\" class=\"product-img\" width=\"80px\" height=\"80px\" src=\"https:\/\/cdn2.primor.eu\/media\/catalog\/product\/cache\/8d3aba296f7a18b5251ee30fa5db42b2\/2\/C\/2CN00559_1_5631.jpg\" alt=\"N\u00ba7 Bonding Oil Aceite Capilar Concentrado\">\r\n                        <\/div>\r\n\r\n                        <!-- Contenido de producto  -->\r\n                        <div>\r\n                            <div class=\"product-position\">\r\n                                #4                            <\/div>\r\n\r\n                            <h2>\r\n                                N\u00ba7 Bonding Oil Aceite Capilar Concentrado                            <\/h2>\r\n                        <\/div>\r\n\r\n                        <!-- Imagen y\/o nombre de la marca -->\r\n                        <div>\r\n                                                            <img decoding=\"async\" width=\"70\" src=\"https:\/\/www.primor.eu\/media\/catalog\/category\/Olaplex.jpg\" alt=\"Olaplex\">\r\n                                                    <\/div>\r\n\r\n                        <!-- Puntuaci\u00f3n del producto  -->\r\n                        <div class=\"rating\">\r\n                                                            <div class=\"rate\" style=\"--p:96;\"><\/div>\r\n                                <b>4.8\/5<\/b>\r\n                                <div class=\"rate-stars\">\r\n                                                                            <div\r\n                                            class=\"rate-star  \">\r\n                                        <\/div>\r\n                                                                            <div\r\n                                            class=\"rate-star  \">\r\n                                        <\/div>\r\n                                                                            <div\r\n                                            class=\"rate-star  \">\r\n                                        <\/div>\r\n                                                                            <div\r\n                                            class=\"rate-star  \">\r\n                                        <\/div>\r\n                                                                            <div\r\n                                            class=\"rate-star  \">\r\n                                        <\/div>\r\n                                                                    <\/div>\r\n                                                    <\/div>\r\n\r\n                        <!-- Bot\u00f3n de producto  -->\r\n                        <div>\r\n                            <span class=\"price-claim\">\r\n                                VER PRECIO                            <\/span>\r\n                        <\/div>\r\n                    <\/a>\r\n                                    <a href=\"https:\/\/www.primor.eu\/es_es\/wella-professionals-fusion-acondicionador-reparacion-intensa-105392.html?#854=66337\" class=\"product-item grid-table-rows\" target=\"_blank\">\r\n                        <div>\r\n                            <img decoding=\"async\" class=\"product-img\" width=\"80px\" height=\"80px\" src=\"https:\/\/cdn2.primor.eu\/media\/catalog\/product\/cache\/8d3aba296f7a18b5251ee30fa5db42b2\/2\/C\/2CA03421_1_101a.jpg\" alt=\"Fusion Acondicionador Reparaci\u00f3n Intensa\">\r\n                        <\/div>\r\n\r\n                        <!-- Contenido de producto  -->\r\n                        <div>\r\n                            <div class=\"product-position\">\r\n                                #5                            <\/div>\r\n\r\n                            <h2>\r\n                                Fusion Acondicionador Reparaci\u00f3n Intensa                            <\/h2>\r\n                        <\/div>\r\n\r\n                        <!-- Imagen y\/o nombre de la marca -->\r\n                        <div>\r\n                                                            <img decoding=\"async\" width=\"70\" src=\"https:\/\/www.primor.eu\/media\/catalog\/category\/JPG_HighRes-WELLAProfessionals_200Clogo_2023_1.jpg\" alt=\"Wella Professionals\">\r\n                                                    <\/div>\r\n\r\n                        <!-- Puntuaci\u00f3n del producto  -->\r\n                        <div class=\"rating\">\r\n                                                            <div class=\"rate\" style=\"--p:98;\"><\/div>\r\n                                <b>4.9\/5<\/b>\r\n                                <div class=\"rate-stars\">\r\n                                                                            <div\r\n                                            class=\"rate-star  \">\r\n                                        <\/div>\r\n                                                                            <div\r\n                                            class=\"rate-star  \">\r\n                                        <\/div>\r\n                                                                            <div\r\n                                            class=\"rate-star  \">\r\n                                        <\/div>\r\n                                                                            <div\r\n                                            class=\"rate-star  \">\r\n                                        <\/div>\r\n                                                                            <div\r\n                                            class=\"rate-star  \">\r\n                                        <\/div>\r\n                                                                    <\/div>\r\n                                                    <\/div>\r\n\r\n                        <!-- Bot\u00f3n de producto  -->\r\n                        <div>\r\n                            <span class=\"price-claim\">\r\n                                VER PRECIO                            <\/span>\r\n                        <\/div>\r\n                    <\/a>\r\n                            <\/product-list>\r\n        <\/product-table>\r\n\r\n        \n\n\n\n<h3 class=\"wp-block-heading\">Uniq One T\u00e9 Verde Mascarilla Capilar sin Aclarado de Revlon<\/h3>\n\n\n\n<p>Contribuye al control del encrespamiento, protege frente al calor de planchas y secadores y mantiene la vitalidad del color gracias a filtros UV\/UVB. Adem\u00e1s, Uniq One Green Tea Scent Tratamiento facilita el desenredado, simplifica el cepillado y el planchado, colabora en la prevenci\u00f3n de puntas abiertas, prolonga la duraci\u00f3n del peinado y proporciona cuerpo y textura.<\/p>\n\n\n    <a class='product' target='_blank' href='https:\/\/www.primor.eu\/es_es\/revlon-uniq-one-te-verde-mascarilla-sin-aclarado-10367.html'>\r\n        <img loading='async' src='https:\/\/cdn2.primor.eu\/media\/catalog\/product\/cache\/8d3aba296f7a18b5251ee30fa5db42b2\/2\/C\/2CA04495_1_90f4.jpg' alt='COMPRAR AHORA'>\r\n            <div class=\"claim\">\r\n                COMPRAR AHORA            <\/div>\r\n        <\/a>\r\n    \n\n\n\n<h3 class=\"wp-block-heading\">Champ\u00fa Hidratante\u00a0de Moroccanoil <\/h3>\n\n\n\n<p>Hidrata tu melena desde la ra\u00edz hasta las puntas. Es un producto para el cuidado del cabello rico en antioxidantes, Vitamina A, Vitamina E y Algas Rojas. Su exclusiva f\u00f3rmula con Aceite de Arg\u00e1n le devolver\u00e1 el brillo y los nutrientes que tu pelo necesita para que recupere su brillo natural. Su uso continuado fortalece la melena, protegiendo las puntas y d\u00e1ndole un aspecto saludable y muy suave.<\/p>\n\n\n    <a class='product' target='_blank' href='https:\/\/www.primor.eu\/es_es\/moroccanoil-champu-hidratante-105571.html?#854=66338'>\r\n        <img loading='async' src='https:\/\/cdn2.primor.eu\/media\/catalog\/product\/cache\/8d3aba296f7a18b5251ee30fa5db42b2\/2\/C\/2CC01106_1_28e2.jpg' alt='COMPRAR AHORA'>\r\n            <div class=\"claim\">\r\n                COMPRAR AHORA            <\/div>\r\n        <\/a>\r\n    \n\n\n\n<h3 class=\"wp-block-heading\">Revive &amp; Hydrate + Shea Butter Champ\u00fa de Maui<\/h3>\n\n\n\n<p>Este champ\u00fa cremoso, elaborado con manteca de karit\u00e9, aceites de coco y macadamia, calma, nutre y suaviza profundamente tus mechones, devolvi\u00e9ndoles un aspecto sano. Es el complemento perfecto al Acondicionador y la Mascarilla Revitalizante e Hidratante de Manteca de Karit\u00e9 de Maui Moisture, ofreciendo un tratamiento capilar natural sin parabenos, siliconas, colorantes sint\u00e9ticos ni sulfatos, ideal para el cabello seco.<\/p>\n\n\n    <a class='product' target='_blank' href='https:\/\/www.primor.eu\/es_es\/maui-revive-hydrate-shea-butter-champu-105668.html?#854=66519'>\r\n        <img loading='async' src='https:\/\/cdn2.primor.eu\/media\/catalog\/product\/cache\/8d3aba296f7a18b5251ee30fa5db42b2\/2\/C\/2CC03862_1_58b1.jpg' alt='COMPRAR AHORA'>\r\n            <div class=\"claim\">\r\n                COMPRAR AHORA            <\/div>\r\n        <\/a>\r\n    \n\n\n\n<h3 class=\"wp-block-heading\">Aceite Capilar Reparador N7 Bonding Oil Olaplex&nbsp;<\/h3>\n\n\n\n<p>Es un producto capilar excepcional. Su f\u00f3rmula \u00fanica y ultraligera lo convierte en un aliado imprescindible para tu rutina de cuidado capilar. Este aceite capilar no solo protege tu cabello contra el calor y elimina el encrespamiento, sino que tambi\u00e9n lo repara, fortalece e hidrata en profundidad. Independientemente de tu tipo de cabello, experimentar\u00e1s una transformaci\u00f3n notable.<\/p>\n\n\n    <a class='product' target='_blank' href='https:\/\/www.primor.eu\/es_es\/olaplex-aceite-capilar-reparador-n7-bonding-oil-8441.html'>\r\n        <img loading='async' src='https:\/\/cdn2.primor.eu\/media\/catalog\/product\/cache\/8d3aba296f7a18b5251ee30fa5db42b2\/2\/C\/2CN00559_1_5631.jpg' alt='COMPRAR AHORA'>\r\n            <div class=\"claim\">\r\n                COMPRAR AHORA            <\/div>\r\n        <\/a>\r\n    \n\n\n\n<h3 class=\"wp-block-heading\">Fusion Acondicionador Reparaci\u00f3n Intensa de Wella<\/h3>\n\n\n\n<p>Conseguir\u00e1s un cabello protegido y limpio, aumentando su resistencia capilar en un 95% contra roturas del pelo, actuando desde la corteza del cuero cabelludo revitalizando, aport\u00e1ndole elasticidad y suavidad.<\/p>\n\n\n<p>[magentohttps:\/\/www.primor.eu\/es_es\/wella-professionals-fusion-acondicionador-reparacion-intensa-105392.html]<\/p>\n\n\n\n<h3 class=\"wp-block-heading\">Blond Absolu Cicanuit Serum Recuperador para Cabello Decolorado\u00a0de Kerastase <\/h3>\n\n\n\n<p>Es un s\u00e9rum capilar con \u00e1cido hialur\u00f3nico con una f\u00f3rmula sin aclarado especialmente dise\u00f1ada para cabello decolorado. Lo m\u00e1s sorprendente es que reduce el 55% del da\u00f1o causado por la decoloraci\u00f3n durante la noche.&nbsp;<\/p>\n\n\n    <a class='product' target='_blank' href='https:\/\/www.primor.eu\/es_es\/kerastase-blond-absolu-night-serum-cicanuit-10136.html'>\r\n        <img loading='async' src='https:\/\/cdn2.primor.eu\/media\/catalog\/product\/cache\/8d3aba296f7a18b5251ee30fa5db42b2\/2\/C\/2CN00635_1_a14b.jpg' alt='COMPRAR AHORA'>\r\n            <div class=\"claim\">\r\n                COMPRAR AHORA            <\/div>\r\n        <\/a>\r\n    \n\n\n\n<h3 class=\"wp-block-heading\">T\u00f3nico Capilar Biol\u00f3gico Antica\u00edda de Vida Shock<\/h3>\n\n\n\n<p>Su especial complejo prote\u00ednico est\u00e1 formulado para recuperar la funci\u00f3n del ciclo capilar, y as\u00ed prevenir y retrasar la ca\u00edda del cabello. Tambi\u00e9n favorece la oxigenaci\u00f3n y estimula la actividad metab\u00f3lica celular. Su f\u00f3rmula est\u00e1 enriquecida con Biocenta capilar y Bardana, que aportan hidrataci\u00f3n y favorecen la microcirculaci\u00f3n celular, fortaleciendo la acci\u00f3n antica\u00edda.<\/p>\n\n\n    <a class='product' target='_blank' href='https:\/\/www.primor.eu\/es_es\/vida-shock-tonico-capilar-biologico-anticaida-70146.html'>\r\n        <img loading='async' src='https:\/\/cdn2.primor.eu\/media\/catalog\/product\/cache\/8d3aba296f7a18b5251ee30fa5db42b2\/2\/C\/2CN01021_1_7484.jpg' alt='COMPRAR AHORA'>\r\n            <div class=\"claim\">\r\n                COMPRAR AHORA            <\/div>\r\n        <\/a>\r\n    \n\n\n\n<h3 class=\"wp-block-heading\">Original Remedies Mascarilla Hair Remedy Tesoros de Miel de Garnier<\/h3>\n\n\n\n<p>Descubre la mascarilla Tesoros de Miel de Original Remedies, el tratamiento reconstituyente perfecto para el cabello da\u00f1ado y quebradizo. Dise\u00f1ada para reparar, proteger y fortalecer el cabello, esta mascarilla es ideal para quienes buscan revitalizar la melena y devolver su vitalidad.<\/p>\n\n\n    <a class='product' target='_blank' href='https:\/\/www.primor.eu\/es_es\/garnier-original-remedies-mascarilla-hair-remedy-tesoros-de-miel-105322.html?#863=67062'>\r\n        <img loading='async' src='https:\/\/cdn2.primor.eu\/media\/catalog\/product\/cache\/8d3aba296f7a18b5251ee30fa5db42b2\/3\/6\/3600541738867_1_af6e.jpg' alt='COMPRAR AHORA'>\r\n            <div class=\"claim\">\r\n                COMPRAR AHORA            <\/div>\r\n        <\/a>\r\n    \n\n\n\n<h3 class=\"wp-block-heading\">Deep Hydration Mascarilla Capilar de Aussie<\/h3>\n\n\n\n<p>Una buena dosis de esta mascarilla capilar vegana y sin maltrato animal rehidratar\u00e1, nutrir\u00e1 y acondicionar\u00e1 a fondo el cabello da\u00f1ado y seco que pide amor a gritos. Y cuando decimos profund\u00edsima, lo decimos en serio. Este tratamiento de regeneraci\u00f3n capilar es perfecto para cabello especialmente seco, grueso o rizado gracias a su \u00abmaravillosa\u00bb mezcla de aceite de jojoba, de aguacate y de nuez de macadamia. El cabello se quedar\u00e1 suave como la seda y felizmente hidratado hasta 3 d\u00edas.<\/p>\n\n\n    <a class='product' target='_blank' href='https:\/\/www.primor.eu\/es_es\/aussie-deep-hydration-mascarilla-capilar-88487.html'>\r\n        <img loading='async' src='https:\/\/cdn2.primor.eu\/media\/catalog\/product\/cache\/8d3aba296f7a18b5251ee30fa5db42b2\/0\/8\/08006540970348_80738162_ECOMMERCE_CONTENT_ECOMMERCE_POWER_IMAGE_FRONT_CENTER_30_95ab.PNG' alt='COMPRAR AHORA'>\r\n            <div class=\"claim\">\r\n                COMPRAR AHORA            <\/div>\r\n        <\/a>\r\n    \n\n\n<div class=\"kk-star-ratings kksr-auto kksr-align-center kksr-valign-bottom\"\n    data-payload='{&quot;align&quot;:&quot;center&quot;,&quot;id&quot;:&quot;111970&quot;,&quot;slug&quot;:&quot;default&quot;,&quot;valign&quot;:&quot;bottom&quot;,&quot;ignore&quot;:&quot;&quot;,&quot;reference&quot;:&quot;auto&quot;,&quot;class&quot;:&quot;&quot;,&quot;count&quot;:&quot;0&quot;,&quot;legendonly&quot;:&quot;&quot;,&quot;readonly&quot;:&quot;&quot;,&quot;score&quot;:&quot;0&quot;,&quot;starsonly&quot;:&quot;&quot;,&quot;best&quot;:&quot;5&quot;,&quot;gap&quot;:&quot;5&quot;,&quot;greet&quot;:&quot;Valora este art\u00edculo&quot;,&quot;legend&quot;:&quot;0\\\/5 - (0 votos)&quot;,&quot;size&quot;:&quot;24&quot;,&quot;title&quot;:&quot;Los mejores tratamientos de cabello para recibir al oto\u00f1o&quot;,&quot;width&quot;:&quot;0&quot;,&quot;_legend&quot;:&quot;{score}\\\/{best} - ({count} {votes})&quot;,&quot;font_factor&quot;:&quot;1.25&quot;}'>\n            \n<div class=\"kksr-stars\">\n    \n<div class=\"kksr-stars-inactive\">\n            <div class=\"kksr-star\" data-star=\"1\" style=\"padding-right: 5px\">\n            \n\n<div class=\"kksr-icon\" style=\"width: 24px; height: 24px;\"><\/div>\n        <\/div>\n            <div class=\"kksr-star\" data-star=\"2\" style=\"padding-right: 5px\">\n            \n\n<div class=\"kksr-icon\" style=\"width: 24px; height: 24px;\"><\/div>\n        <\/div>\n            <div class=\"kksr-star\" data-star=\"3\" style=\"padding-right: 5px\">\n            \n\n<div class=\"kksr-icon\" style=\"width: 24px; height: 24px;\"><\/div>\n        <\/div>\n            <div class=\"kksr-star\" data-star=\"4\" style=\"padding-right: 5px\">\n            \n\n<div class=\"kksr-icon\" style=\"width: 24px; height: 24px;\"><\/div>\n        <\/div>\n            <div class=\"kksr-star\" data-star=\"5\" style=\"padding-right: 5px\">\n            \n\n<div class=\"kksr-icon\" style=\"width: 24px; height: 24px;\"><\/div>\n        <\/div>\n    <\/div>\n    \n<div class=\"kksr-stars-active\" style=\"width: 0px;\">\n            <div class=\"kksr-star\" style=\"padding-right: 5px\">\n            \n\n<div class=\"kksr-icon\" style=\"width: 24px; height: 24px;\"><\/div>\n        <\/div>\n            <div class=\"kksr-star\" style=\"padding-right: 5px\">\n            \n\n<div class=\"kksr-icon\" style=\"width: 24px; height: 24px;\"><\/div>\n        <\/div>\n            <div class=\"kksr-star\" style=\"padding-right: 5px\">\n            \n\n<div class=\"kksr-icon\" style=\"width: 24px; height: 24px;\"><\/div>\n        <\/div>\n            <div class=\"kksr-star\" style=\"padding-right: 5px\">\n            \n\n<div class=\"kksr-icon\" style=\"width: 24px; height: 24px;\"><\/div>\n        <\/div>\n            <div class=\"kksr-star\" style=\"padding-right: 5px\">\n            \n\n<div class=\"kksr-icon\" style=\"width: 24px; height: 24px;\"><\/div>\n        <\/div>\n    <\/div>\n<\/div>\n                \n\n<div class=\"kksr-legend\" style=\"font-size: 19.2px;\">\n            <span class=\"kksr-muted\">Valora este art\u00edculo<\/span>\n    <\/div>\n    <\/div>\n","protected":false},"excerpt":{"rendered":"<p>Se avecina el drama: el verano ha terminado, y de repente te das cuenta de que tu pelo ya no es el que era. Es m\u00e1s fr\u00e1gil y quebradizo, se ve m\u00e1s opaco, se siente m\u00e1s seco\u2026 \u00a1Y encima se cae! Lo que os dec\u00eda: un drama. Sin embargo, no hay mal que cien a\u00f1os [&hellip;]<\/p>\n","protected":false},"author":14,"featured_media":111950,"comment_status":"closed","ping_status":"closed","sticky":false,"template":"","format":"standard","meta":{"jnews-multi-image_gallery":[],"jnews_single_post":{"subtitle":"","format":"standard","video":"","gallery":"","source_name":"","source_url":"","via_name":"","via_url":"","override_template":"0","override":[{"template":"1","single_blog_custom":"","parallax":"1","fullscreen":"1","layout":"right-sidebar","sidebar":"home-2","second_sidebar":"default-sidebar","sticky_sidebar":"0","share_position":"float","share_float_style":"share-monocrhome","show_share_counter":"0","show_view_counter":"0","show_featured":"1","show_post_meta":"1","show_post_author":"0","show_post_author_image":"1","show_post_date":"1","post_date_format":"default","post_date_format_custom":"Y\/m\/d","show_post_category":"1","show_post_reading_time":"0","post_reading_time_wpm":"300","show_zoom_button":"0","zoom_button_out_step":"2","zoom_button_in_step":"3","show_post_tag":"0","show_prev_next_post":"0","show_popup_post":"0","number_popup_post":"2","show_author_box":"0","show_post_related":"0","show_inline_post_related":"1"}],"override_image_size":"0","image_override":[{"single_post_thumbnail_size":"no-crop","single_post_gallery_size":"crop-500"}],"trending_post":"0","trending_post_position":"meta","trending_post_label":"Trending","sponsored_post":"0","sponsored_post_label":"Sponsored by","sponsored_post_name":"","sponsored_post_url":"","sponsored_post_logo_enable":"0","sponsored_post_logo":"","sponsored_post_desc":"","disable_ad":"0"},"jnews_primary_category":{"id":"","hide":""},"jnews_social_meta":{"fb_title":"","fb_description":"","fb_image":"","twitter_title":"","twitter_description":"","twitter_image":""},"jnews_override_counter":{"override_view_counter":"0","view_counter_number":"0","override_share_counter":"0","share_counter_number":"0","override_like_counter":"0","like_counter_number":"0","override_dislike_counter":"0","dislike_counter_number":"0"},"footnotes":""},"categories":[35],"tags":[],"class_list":["post-111970","post","type-post","status-publish","format-standard","has-post-thumbnail","hentry","category-cabello"],"_links":{"self":[{"href":"https:\/\/www.primor.eu\/blog\/wp-json\/wp\/v2\/posts\/111970","targetHints":{"allow":["GET"]}}],"collection":[{"href":"https:\/\/www.primor.eu\/blog\/wp-json\/wp\/v2\/posts"}],"about":[{"href":"https:\/\/www.primor.eu\/blog\/wp-json\/wp\/v2\/types\/post"}],"author":[{"embeddable":true,"href":"https:\/\/www.primor.eu\/blog\/wp-json\/wp\/v2\/users\/14"}],"replies":[{"embeddable":true,"href":"https:\/\/www.primor.eu\/blog\/wp-json\/wp\/v2\/comments?post=111970"}],"version-history":[{"count":2,"href":"https:\/\/www.primor.eu\/blog\/wp-json\/wp\/v2\/posts\/111970\/revisions"}],"predecessor-version":[{"id":132625,"href":"https:\/\/www.primor.eu\/blog\/wp-json\/wp\/v2\/posts\/111970\/revisions\/132625"}],"wp:featuredmedia":[{"embeddable":true,"href":"https:\/\/www.primor.eu\/blog\/wp-json\/wp\/v2\/media\/111950"}],"wp:attachment":[{"href":"https:\/\/www.primor.eu\/blog\/wp-json\/wp\/v2\/media?parent=111970"}],"wp:term":[{"taxonomy":"category","embeddable":true,"href":"https:\/\/www.primor.eu\/blog\/wp-json\/wp\/v2\/categories?post=111970"},{"taxonomy":"post_tag","embeddable":true,"href":"https:\/\/www.primor.eu\/blog\/wp-json\/wp\/v2\/tags?post=111970"}],"curies":[{"name":"wp","href":"https:\/\/api.w.org\/{rel}","templated":true}]}}