{"id":111969,"date":"2024-09-18T08:07:18","date_gmt":"2024-09-18T08:07:18","guid":{"rendered":"https:\/\/www.primor.eu\/blog\/?p=111969"},"modified":"2025-09-23T10:35:22","modified_gmt":"2025-09-23T10:35:22","slug":"mejores-protectores-solares-otono","status":"publish","type":"post","link":"https:\/\/www.primor.eu\/blog\/mejores-protectores-solares-otono\/","title":{"rendered":"\u00bfProtector solar en oto\u00f1o? S\u00ed. Las razones por las que llevarlo (y cu\u00e1les son los 6 mejores)"},"content":{"rendered":"\n<p>El mejor aliado para tu piel es el <a href=\"https:\/\/www.primor.eu\/blog\/protectores-solares-cara-verano\/\"><strong>protector solar<\/strong><\/a>. No solo porque proteja de la exposici\u00f3n solar (que lo hace), sino porque gracias a \u00e9l es posible tener una piel m\u00e1s hidratada, m\u00e1s <strong>joven<\/strong> y mucho m\u00e1s radiante. No obstante, no es un cosm\u00e9tico que solo debamos usar en verano. El protector solar tambi\u00e9n hay que usarlo cuando las temperaturas bajan y en este art\u00edculo de Primor te contamos <strong>por qu\u00e9 hay que usar protector solar en oto\u00f1o<\/strong> y cu\u00e1les son los mejores.&nbsp;<\/p>\n\n\n\n<h2 class=\"wp-block-heading\">Por qu\u00e9 usar protector solar en oto\u00f1o<\/h2>\n\n\n\n<ul class=\"wp-block-list\">\n<li><strong>Radiaci\u00f3n UV todo el a\u00f1o.<\/strong> La radiaci\u00f3n ultravioleta (UV) del sol est\u00e1 presente durante todas las estaciones, independientemente de si hace fr\u00edo o calor. Aunque puede ser menos intensa en oto\u00f1o, a\u00fan existe la posibilidad de da\u00f1o solar, especialmente en \u00e1reas con nieve que puede reflejar la luz solar.<\/li>\n\n\n\n<li><strong>Protege contra el envejecimiento prematuro. <\/strong>La exposici\u00f3n repetida al sol sin protecci\u00f3n contribuye al envejecimiento prematuro de la piel, incluyendo la formaci\u00f3n de arrugas, l\u00edneas finas y manchas de la edad. El protector solar ayuda a prevenir estos signos de envejecimiento al proteger la piel de los da\u00f1os causados por los rayos UV.<\/li>\n\n\n\n<li><strong>Previene el c\u00e1ncer de piel. <\/strong>El uso regular de protector solar ayuda a reducir el riesgo de desarrollar c\u00e1ncer de piel, ya que la exposici\u00f3n prolongada al sol sin protecci\u00f3n est\u00e1 asociada con un mayor riesgo de desarrollar c\u00e1ncer de piel, incluido el <a href=\"https:\/\/www.primor.eu\/blog\/lunares-malignos-tipos-deteccion-prevencion\/?srsltid=AfmBOoq_q6nEcfPFz5rqZw9RqtdOjVOfr5HhKTKCBkzXBffSRVpOwtDH\">melanoma<\/a>.<\/li>\n\n\n\n<li><strong>Previene y reduce manchas<\/strong>. La exposici\u00f3n al sol puede aumentar la producci\u00f3n de melanina, dando lugar a manchas oscuras en la piel. El protector solar ayuda a prevenir este tipo de decoloraci\u00f3n.<\/li>\n\n\n\n<li><strong>El clima fr\u00edo no significa ausencia de da\u00f1o solar. <\/strong>Aunque el clima est\u00e9 fr\u00edo, no significa que no est\u00e9s expuesto a los rayos UV. La radiaci\u00f3n UV puede penetrar las nubes y llegar a la piel, incluso en d\u00edas nublados u oto\u00f1ales.<\/li>\n<\/ul>\n\n\n\n<h2 class=\"wp-block-heading\">Los mejores protectores solares para usar en oto\u00f1o<\/h2>\n\n\n        <product-table class=\"pr-slider\">\r\n            <product-headers class=\"grid-table-rows\">\r\n                <div>Foto<\/div>\r\n                <div>Producto<\/div>\r\n                <div>Marca<\/div>\r\n                <div>Valoraciones<\/div>\r\n                <div>Precio<\/div>\r\n            <\/product-headers>\r\n\r\n            <product-list>\r\n                                    <a href=\"https:\/\/www.primor.eu\/es_es\/cantabria-labs-heliocare-360-sensation-protector-solar-ultraligero-oil-free-94775.html\" class=\"product-item grid-table-rows\" target=\"_blank\">\r\n                        <div>\r\n                            <img decoding=\"async\" class=\"product-img\" width=\"80px\" height=\"80px\" src=\"https:\/\/cdn2.primor.eu\/media\/catalog\/product\/cache\/8d3aba296f7a18b5251ee30fa5db42b2\/8\/4\/8470002147102__1__c7d0.jpg\" alt=\"Heliocare 360\u00ba Sensation Protector Solar Ultraligero Oil-Free\">\r\n                        <\/div>\r\n\r\n                        <!-- Contenido de producto  -->\r\n                        <div>\r\n                            <div class=\"product-position\">\r\n                                #1 Top Ventas                            <\/div>\r\n\r\n                            <h2>\r\n                                Heliocare 360\u00ba Sensation Protector Solar Ultraligero Oil-Free                            <\/h2>\r\n                        <\/div>\r\n\r\n                        <!-- Imagen y\/o nombre de la marca -->\r\n                        <div>\r\n                                                            <img decoding=\"async\" width=\"70\" src=\"https:\/\/www.primor.eu\/media\/catalog\/category\/cantabria-labs-brand-logo.png\" alt=\"\">\r\n                                                    <\/div>\r\n\r\n                        <!-- Puntuaci\u00f3n del producto  -->\r\n                        <div class=\"rating\">\r\n                                                            <div class=\"rate\" style=\"--p:98;\"><\/div>\r\n                                <b>4.9\/5<\/b>\r\n                                <div class=\"rate-stars\">\r\n                                                                            <div\r\n                                            class=\"rate-star  \">\r\n                                        <\/div>\r\n                                                                            <div\r\n                                            class=\"rate-star  \">\r\n                                        <\/div>\r\n                                                                            <div\r\n                                            class=\"rate-star  \">\r\n                                        <\/div>\r\n                                                                            <div\r\n                                            class=\"rate-star  \">\r\n                                        <\/div>\r\n                                                                            <div\r\n                                            class=\"rate-star  \">\r\n                                        <\/div>\r\n                                                                    <\/div>\r\n                                                    <\/div>\r\n\r\n                        <!-- Bot\u00f3n de producto  -->\r\n                        <div>\r\n                            <span class=\"price-claim\">\r\n                                VER PRECIO                            <\/span>\r\n                        <\/div>\r\n                    <\/a>\r\n                                    <a href=\"https:\/\/www.primor.eu\/es_es\/eucerin-sun-face-oil-control-dry-touch-gel-crema-fps30-54925.html\" class=\"product-item grid-table-rows\" target=\"_blank\">\r\n                        <div>\r\n                            <img decoding=\"async\" class=\"product-img\" width=\"80px\" height=\"80px\" src=\"https:\/\/cdn2.primor.eu\/media\/catalog\/product\/cache\/8d3aba296f7a18b5251ee30fa5db42b2\/5\/1\/51839960833_284afcc9c2_o_0e98.jpg\" alt=\"Sun Face Oil Control Dry Touch Gel Crema FPS30\">\r\n                        <\/div>\r\n\r\n                        <!-- Contenido de producto  -->\r\n                        <div>\r\n                            <div class=\"product-position\">\r\n                                #2                            <\/div>\r\n\r\n                            <h2>\r\n                                Sun Face Oil Control Dry Touch Gel Crema FPS30                            <\/h2>\r\n                        <\/div>\r\n\r\n                        <!-- Imagen y\/o nombre de la marca -->\r\n                        <div>\r\n                                                            <img decoding=\"async\" width=\"70\" src=\"https:\/\/www.primor.eu\/media\/catalog\/category\/Eucerin_Logo_RGB-eCom515x515_72dpi.jpg\" alt=\"\">\r\n                                                    <\/div>\r\n\r\n                        <!-- Puntuaci\u00f3n del producto  -->\r\n                        <div class=\"rating\">\r\n                                                            <div class=\"rate\" style=\"--p:96;\"><\/div>\r\n                                <b>4.8\/5<\/b>\r\n                                <div class=\"rate-stars\">\r\n                                                                            <div\r\n                                            class=\"rate-star  \">\r\n                                        <\/div>\r\n                                                                            <div\r\n                                            class=\"rate-star  \">\r\n                                        <\/div>\r\n                                                                            <div\r\n                                            class=\"rate-star  \">\r\n                                        <\/div>\r\n                                                                            <div\r\n                                            class=\"rate-star  \">\r\n                                        <\/div>\r\n                                                                            <div\r\n                                            class=\"rate-star  \">\r\n                                        <\/div>\r\n                                                                    <\/div>\r\n                                                    <\/div>\r\n\r\n                        <!-- Bot\u00f3n de producto  -->\r\n                        <div>\r\n                            <span class=\"price-claim\">\r\n                                VER PRECIO                            <\/span>\r\n                        <\/div>\r\n                    <\/a>\r\n                                    <a href=\"https:\/\/www.primor.eu\/es_es\/la-roche-posay-anthelios-bruma-facial-invisible-55012.html\" class=\"product-item grid-table-rows\" target=\"_blank\">\r\n                        <div>\r\n                            <img decoding=\"async\" class=\"product-img\" width=\"80px\" height=\"80px\" src=\"https:\/\/cdn2.primor.eu\/media\/catalog\/product\/cache\/8d3aba296f7a18b5251ee30fa5db42b2\/6\/X\/6XS08579_1_3168.jpg\" alt=\"Anthelios Bruma Facial Invisible\">\r\n                        <\/div>\r\n\r\n                        <!-- Contenido de producto  -->\r\n                        <div>\r\n                            <div class=\"product-position\">\r\n                                #3                            <\/div>\r\n\r\n                            <h2>\r\n                                Anthelios Bruma Facial Invisible                            <\/h2>\r\n                        <\/div>\r\n\r\n                        <!-- Imagen y\/o nombre de la marca -->\r\n                        <div>\r\n                                                            <img decoding=\"async\" width=\"70\" src=\"https:\/\/www.primor.eu\/media\/catalog\/category\/la-roche-posay.png\" alt=\"\">\r\n                                                    <\/div>\r\n\r\n                        <!-- Puntuaci\u00f3n del producto  -->\r\n                        <div class=\"rating\">\r\n                                                            <div class=\"rate\" style=\"--p:90;\"><\/div>\r\n                                <b>4.5\/5<\/b>\r\n                                <div class=\"rate-stars\">\r\n                                                                            <div\r\n                                            class=\"rate-star  \">\r\n                                        <\/div>\r\n                                                                            <div\r\n                                            class=\"rate-star  \">\r\n                                        <\/div>\r\n                                                                            <div\r\n                                            class=\"rate-star  \">\r\n                                        <\/div>\r\n                                                                            <div\r\n                                            class=\"rate-star  \">\r\n                                        <\/div>\r\n                                                                            <div\r\n                                            class=\"rate-star  middle\">\r\n                                        <\/div>\r\n                                                                    <\/div>\r\n                                                    <\/div>\r\n\r\n                        <!-- Bot\u00f3n de producto  -->\r\n                        <div>\r\n                            <span class=\"price-claim\">\r\n                                VER PRECIO                            <\/span>\r\n                        <\/div>\r\n                    <\/a>\r\n                                    <a href=\"https:\/\/www.primor.eu\/es_es\/nivea-protector-solar-facial-sensitive-55109.html\" class=\"product-item grid-table-rows\" target=\"_blank\">\r\n                        <div>\r\n                            <img decoding=\"async\" class=\"product-img\" width=\"80px\" height=\"80px\" src=\"https:\/\/cdn2.primor.eu\/media\/catalog\/product\/cache\/8d3aba296f7a18b5251ee30fa5db42b2\/4\/0\/4005900600264_278c.jpg\" alt=\"Protector Solar Facial Sensitive\">\r\n                        <\/div>\r\n\r\n                        <!-- Contenido de producto  -->\r\n                        <div>\r\n                            <div class=\"product-position\">\r\n                                #4                            <\/div>\r\n\r\n                            <h2>\r\n                                Protector Solar Facial Sensitive                            <\/h2>\r\n                        <\/div>\r\n\r\n                        <!-- Imagen y\/o nombre de la marca -->\r\n                        <div>\r\n                                                            <img decoding=\"async\" width=\"70\" src=\"https:\/\/www.primor.eu\/media\/catalog\/category\/nivea.png\" alt=\"\">\r\n                                                    <\/div>\r\n\r\n                        <!-- Puntuaci\u00f3n del producto  -->\r\n                        <div class=\"rating\">\r\n                                                            <div class=\"rate\" style=\"--p:96;\"><\/div>\r\n                                <b>4.8\/5<\/b>\r\n                                <div class=\"rate-stars\">\r\n                                                                            <div\r\n                                            class=\"rate-star  \">\r\n                                        <\/div>\r\n                                                                            <div\r\n                                            class=\"rate-star  \">\r\n                                        <\/div>\r\n                                                                            <div\r\n                                            class=\"rate-star  \">\r\n                                        <\/div>\r\n                                                                            <div\r\n                                            class=\"rate-star  \">\r\n                                        <\/div>\r\n                                                                            <div\r\n                                            class=\"rate-star  \">\r\n                                        <\/div>\r\n                                                                    <\/div>\r\n                                                    <\/div>\r\n\r\n                        <!-- Bot\u00f3n de producto  -->\r\n                        <div>\r\n                            <span class=\"price-claim\">\r\n                                VER PRECIO                            <\/span>\r\n                        <\/div>\r\n                    <\/a>\r\n                                    <a href=\"https:\/\/www.primor.eu\/es_es\/lancaster-sun-perfecting-fluid-protector-solar-facial-spf-50-75070.html\" class=\"product-item grid-table-rows\" target=\"_blank\">\r\n                        <div>\r\n                            <img decoding=\"async\" class=\"product-img\" width=\"80px\" height=\"80px\" src=\"https:\/\/cdn2.primor.eu\/media\/catalog\/product\/cache\/8d3aba296f7a18b5251ee30fa5db42b2\/M\/A\/MAIN_3616303450144_affd.jpg\" alt=\"Sun Perfecting Fluid Protector Solar Facial SPF 50\">\r\n                        <\/div>\r\n\r\n                        <!-- Contenido de producto  -->\r\n                        <div>\r\n                            <div class=\"product-position\">\r\n                                #5                            <\/div>\r\n\r\n                            <h2>\r\n                                Sun Perfecting Fluid Protector Solar Facial SPF 50                            <\/h2>\r\n                        <\/div>\r\n\r\n                        <!-- Imagen y\/o nombre de la marca -->\r\n                        <div>\r\n                                                            <img decoding=\"async\" width=\"70\" src=\"https:\/\/www.primor.eu\/media\/catalog\/category\/lancaster.png\" alt=\"\">\r\n                                                    <\/div>\r\n\r\n                        <!-- Puntuaci\u00f3n del producto  -->\r\n                        <div class=\"rating\">\r\n                                                            <div class=\"rate\" style=\"--p:88;\"><\/div>\r\n                                <b>4.4\/5<\/b>\r\n                                <div class=\"rate-stars\">\r\n                                                                            <div\r\n                                            class=\"rate-star  \">\r\n                                        <\/div>\r\n                                                                            <div\r\n                                            class=\"rate-star  \">\r\n                                        <\/div>\r\n                                                                            <div\r\n                                            class=\"rate-star  \">\r\n                                        <\/div>\r\n                                                                            <div\r\n                                            class=\"rate-star  \">\r\n                                        <\/div>\r\n                                                                            <div\r\n                                            class=\"rate-star  \">\r\n                                        <\/div>\r\n                                                                    <\/div>\r\n                                                    <\/div>\r\n\r\n                        <!-- Bot\u00f3n de producto  -->\r\n                        <div>\r\n                            <span class=\"price-claim\">\r\n                                VER PRECIO                            <\/span>\r\n                        <\/div>\r\n                    <\/a>\r\n                            <\/product-list>\r\n        <\/product-table>\r\n\r\n        \n\n\n\n<h3 class=\"wp-block-heading\">Heliocare 360\u00ba Sensation Protector Solar Ultraligero Oil-Free de Cantabria Labs<\/h3>\n\n\n\n<p>Con Fernblock\u00ae+, filtros espec\u00edficos y activos reparadores y antioxidantes, este fotoprotector protege frente a las 4 radiaciones (UVB, UVA, Visible e Infrarrojo), neutraliza y repara el da\u00f1o solar. Su f\u00f3rmula acuosa, ultraligera y no comedog\u00e9nica se absorbe r\u00e1pidamente dejando la piel hidratada y manteniendo su confort durante la exposici\u00f3n solar. Adem\u00e1s, tambi\u00e9n cuenta con un sistema hidratante de liberaci\u00f3n prolongada que permite mantener la piel hidratada desde la aplicaci\u00f3n y a lo largo del tiempo.<\/p>\n\n\n    <a class='product' target='_blank' href='https:\/\/www.primor.eu\/es_es\/cantabria-labs-heliocare-360-sensation-protector-solar-ultraligero-oil-free-94775.html'>\r\n        <img loading='async' src='https:\/\/cdn2.primor.eu\/media\/catalog\/product\/cache\/8d3aba296f7a18b5251ee30fa5db42b2\/8\/4\/8470002147102__1__c7d0.jpg' alt='COMPRAR AHORA'>\r\n            <div class=\"claim\">\r\n                COMPRAR AHORA            <\/div>\r\n        <\/a>\r\n    \n\n\n\n<h3 class=\"wp-block-heading\">Sun Protection Oil Control Toque seco SPF30+ de Eucerin<\/h3>\n\n\n\n<p>Es el producto ideal de protecci\u00f3n diaria para pieles grasas y\/o tendencia acn\u00e9ica. Protecci\u00f3n muy alta UVA\/UVB, seg\u00fan normativa UE. Con acabado mate seco de larga duraci\u00f3n, este protector deja un efecto anti-brillos. Es un producto no comedog\u00e9nico y sin perfumes.<\/p>\n\n\n    <a class='product' target='_blank' href='https:\/\/www.primor.eu\/es_es\/eucerin-sun-face-oil-control-dry-touch-gel-crema-fps30-54925.html'>\r\n        <img loading='async' src='https:\/\/cdn2.primor.eu\/media\/catalog\/product\/cache\/8d3aba296f7a18b5251ee30fa5db42b2\/5\/1\/51839960833_284afcc9c2_o_0e98.jpg' alt='COMPRAR AHORA'>\r\n            <div class=\"claim\">\r\n                COMPRAR AHORA            <\/div>\r\n        <\/a>\r\n    \n\n\n\n<h3 class=\"wp-block-heading\">Anthelios bruma facial de la Roche-Posay<\/h3>\n\n\n\n<p>Lo amar\u00e1s, porque este fotoprotector ofrece una protecci\u00f3n \u00f3ptima SPF 50+ reforzada contra los rayos UVA (m\u00e1s estricta que las recomendaciones europeas sobre productos de protecci\u00f3n solar) gracias al sistema filtrante patentado con Mexoryl XL combinado con Agua Termal de La Roche-Posay, calmante y antioxidante. Su textura seca de r\u00e1pida absorci\u00f3n deja la piel sin brillos durante todo el d\u00eda.<\/p>\n\n\n    <a class='product' target='_blank' href='https:\/\/www.primor.eu\/es_es\/la-roche-posay-anthelios-bruma-facial-invisible-55012.html'>\r\n        <img loading='async' src='https:\/\/cdn2.primor.eu\/media\/catalog\/product\/cache\/8d3aba296f7a18b5251ee30fa5db42b2\/6\/X\/6XS08579_1_3168.jpg' alt='COMPRAR AHORA'>\r\n            <div class=\"claim\">\r\n                COMPRAR AHORA            <\/div>\r\n        <\/a>\r\n    \n\n\n\n<h3 class=\"wp-block-heading\">Protector Solar Facial Sensitive de Nivea<\/h3>\n\n\n\n<p>Est\u00e1 espec\u00edficamente desarrollada para la delicada piel del rostro. Este protector solar protege la piel desde el EXTERIOR frente a los rayos UVA\/UVB y los efectos de la Luz Visible de Alta Energ\u00eda, como el envejecimiento prematuro. Adem\u00e1s, estimula la protecci\u00f3n de la piel desde el INTERIOR gracias a un antioxidante natural que activa el mecanismo de defensa de la propia piel. F\u00f3rmula ligera no perfumada, desarrollada para piel sensible - protege de alergias solares e irritaciones de la piel. Ideal para uso diario.<\/p>\n\n\n    <a class='product' target='_blank' href='https:\/\/www.primor.eu\/es_es\/nivea-protector-solar-facial-sensitive-55109.html'>\r\n        <img loading='async' src='https:\/\/cdn2.primor.eu\/media\/catalog\/product\/cache\/8d3aba296f7a18b5251ee30fa5db42b2\/4\/0\/4005900600264_278c.jpg' alt='COMPRAR AHORA'>\r\n            <div class=\"claim\">\r\n                COMPRAR AHORA            <\/div>\r\n        <\/a>\r\n    \n\n\n\n<h3 class=\"wp-block-heading\">Sun Perfecting Fluid Protector Solar Facial SPF 50 de Lancaster<\/h3>\n\n\n\n<p>Protege ampliamente la piel contra los rayos UVB, UVA, luz visible e infrarrojos, defendi\u00e9ndola de los da\u00f1os solares y reforzando su resistencia ante futuros da\u00f1os. Su f\u00f3rmula previene y corrige arrugas, l\u00edneas de expresi\u00f3n y manchas oscuras, mejorando la hidrataci\u00f3n, textura y luminosidad natural de la piel. Con una aplicaci\u00f3n que proporciona un resplandor natural inmediato durante todo el a\u00f1o.<\/p>\n\n\n    <a class='product' target='_blank' href='https:\/\/www.primor.eu\/es_es\/lancaster-sun-perfecting-fluid-protector-solar-facial-spf-50-75070.html'>\r\n        <img loading='async' src='https:\/\/cdn2.primor.eu\/media\/catalog\/product\/cache\/8d3aba296f7a18b5251ee30fa5db42b2\/M\/A\/MAIN_3616303450144_affd.jpg' alt='COMPRAR AHORA'>\r\n            <div class=\"claim\">\r\n                COMPRAR AHORA            <\/div>\r\n        <\/a>\r\n    \n\n\n\n<h3 class=\"wp-block-heading\">Crema Solar Protectora Facial Alta Protecci\u00f3n SPF 50 de Dior<\/h3>\n\n\n\n<p>Se funde instant\u00e1neamente sobre la piel y ofrece una textura fresca. Esta crema solar facial intensamente hidratante deja una sensaci\u00f3n y un perfume agradables en la piel. Con el uso continuado, el bronceado se realza.<\/p>\n\n\n\n<p>Su pr\u00e1ctico formato permite guardarla f\u00e1cilmente en un bolso.<\/p>\n\n\n    <a class='product' target='_blank' href='https:\/\/www.primor.eu\/es_es\/dior-crema-solar-protectora-facial-alta-proteccion-spf-50-112979.html?#854=66330'>\r\n        <img loading='async' src='https:\/\/cdn2.primor.eu\/media\/catalog\/product\/cache\/8d3aba296f7a18b5251ee30fa5db42b2\/3\/3\/3348901642781_8b14.jpg' alt='COMPRAR AHORA'>\r\n            <div class=\"claim\">\r\n                COMPRAR AHORA            <\/div>\r\n        <\/a>\r\n    \n\n\n<div class=\"kk-star-ratings kksr-auto kksr-align-center kksr-valign-bottom\"\n    data-payload='{&quot;align&quot;:&quot;center&quot;,&quot;id&quot;:&quot;111969&quot;,&quot;slug&quot;:&quot;default&quot;,&quot;valign&quot;:&quot;bottom&quot;,&quot;ignore&quot;:&quot;&quot;,&quot;reference&quot;:&quot;auto&quot;,&quot;class&quot;:&quot;&quot;,&quot;count&quot;:&quot;0&quot;,&quot;legendonly&quot;:&quot;&quot;,&quot;readonly&quot;:&quot;&quot;,&quot;score&quot;:&quot;0&quot;,&quot;starsonly&quot;:&quot;&quot;,&quot;best&quot;:&quot;5&quot;,&quot;gap&quot;:&quot;5&quot;,&quot;greet&quot;:&quot;Valora este art\u00edculo&quot;,&quot;legend&quot;:&quot;0\\\/5 - (0 votos)&quot;,&quot;size&quot;:&quot;24&quot;,&quot;title&quot;:&quot;\u00bfProtector solar en oto\u00f1o? S\u00ed. Las razones por las que llevarlo (y cu\u00e1les son los 6 mejores)&quot;,&quot;width&quot;:&quot;0&quot;,&quot;_legend&quot;:&quot;{score}\\\/{best} - ({count} {votes})&quot;,&quot;font_factor&quot;:&quot;1.25&quot;}'>\n            \n<div class=\"kksr-stars\">\n    \n<div class=\"kksr-stars-inactive\">\n            <div class=\"kksr-star\" data-star=\"1\" style=\"padding-right: 5px\">\n            \n\n<div class=\"kksr-icon\" style=\"width: 24px; height: 24px;\"><\/div>\n        <\/div>\n            <div class=\"kksr-star\" data-star=\"2\" style=\"padding-right: 5px\">\n            \n\n<div class=\"kksr-icon\" style=\"width: 24px; height: 24px;\"><\/div>\n        <\/div>\n            <div class=\"kksr-star\" data-star=\"3\" style=\"padding-right: 5px\">\n            \n\n<div class=\"kksr-icon\" style=\"width: 24px; height: 24px;\"><\/div>\n        <\/div>\n            <div class=\"kksr-star\" data-star=\"4\" style=\"padding-right: 5px\">\n            \n\n<div class=\"kksr-icon\" style=\"width: 24px; height: 24px;\"><\/div>\n        <\/div>\n            <div class=\"kksr-star\" data-star=\"5\" style=\"padding-right: 5px\">\n            \n\n<div class=\"kksr-icon\" style=\"width: 24px; height: 24px;\"><\/div>\n        <\/div>\n    <\/div>\n    \n<div class=\"kksr-stars-active\" style=\"width: 0px;\">\n            <div class=\"kksr-star\" style=\"padding-right: 5px\">\n            \n\n<div class=\"kksr-icon\" style=\"width: 24px; height: 24px;\"><\/div>\n        <\/div>\n            <div class=\"kksr-star\" style=\"padding-right: 5px\">\n            \n\n<div class=\"kksr-icon\" style=\"width: 24px; height: 24px;\"><\/div>\n        <\/div>\n            <div class=\"kksr-star\" style=\"padding-right: 5px\">\n            \n\n<div class=\"kksr-icon\" style=\"width: 24px; height: 24px;\"><\/div>\n        <\/div>\n            <div class=\"kksr-star\" style=\"padding-right: 5px\">\n            \n\n<div class=\"kksr-icon\" style=\"width: 24px; height: 24px;\"><\/div>\n        <\/div>\n            <div class=\"kksr-star\" style=\"padding-right: 5px\">\n            \n\n<div class=\"kksr-icon\" style=\"width: 24px; height: 24px;\"><\/div>\n        <\/div>\n    <\/div>\n<\/div>\n                \n\n<div class=\"kksr-legend\" style=\"font-size: 19.2px;\">\n            <span class=\"kksr-muted\">Valora este art\u00edculo<\/span>\n    <\/div>\n    <\/div>\n","protected":false},"excerpt":{"rendered":"<p>El mejor aliado para tu piel es el protector solar. No solo porque proteja de la exposici\u00f3n solar (que lo hace), sino porque gracias a \u00e9l es posible tener una piel m\u00e1s hidratada, m\u00e1s joven y mucho m\u00e1s radiante. No obstante, no es un cosm\u00e9tico que solo debamos usar en verano. El protector solar tambi\u00e9n [&hellip;]<\/p>\n","protected":false},"author":14,"featured_media":111951,"comment_status":"closed","ping_status":"closed","sticky":false,"template":"","format":"standard","meta":{"jnews-multi-image_gallery":[],"jnews_single_post":{"subtitle":"","format":"standard","video":"","gallery":"","source_name":"","source_url":"","via_name":"","via_url":"","override_template":"0","override":[{"template":"1","single_blog_custom":"","parallax":"1","fullscreen":"1","layout":"right-sidebar","sidebar":"home-2","second_sidebar":"default-sidebar","sticky_sidebar":"0","share_position":"float","share_float_style":"share-monocrhome","show_share_counter":"0","show_view_counter":"0","show_featured":"1","show_post_meta":"1","show_post_author":"0","show_post_author_image":"1","show_post_date":"1","post_date_format":"default","post_date_format_custom":"Y\/m\/d","show_post_category":"1","show_post_reading_time":"0","post_reading_time_wpm":"300","show_zoom_button":"0","zoom_button_out_step":"2","zoom_button_in_step":"3","show_post_tag":"0","show_prev_next_post":"0","show_popup_post":"0","number_popup_post":"2","show_author_box":"0","show_post_related":"0","show_inline_post_related":"1"}],"override_image_size":"0","image_override":[{"single_post_thumbnail_size":"no-crop","single_post_gallery_size":"crop-500"}],"trending_post":"0","trending_post_position":"meta","trending_post_label":"Trending","sponsored_post":"0","sponsored_post_label":"Sponsored by","sponsored_post_name":"","sponsored_post_url":"","sponsored_post_logo_enable":"0","sponsored_post_logo":"","sponsored_post_desc":"","disable_ad":"0"},"jnews_primary_category":{"id":"","hide":""},"jnews_social_meta":{"fb_title":"","fb_description":"","fb_image":"","twitter_title":"","twitter_description":"","twitter_image":""},"jnews_override_counter":{"override_view_counter":"0","view_counter_number":"0","override_share_counter":"0","share_counter_number":"0","override_like_counter":"0","like_counter_number":"0","override_dislike_counter":"0","dislike_counter_number":"0"},"footnotes":""},"categories":[6302],"tags":[],"class_list":["post-111969","post","type-post","status-publish","format-standard","has-post-thumbnail","hentry","category-solares"],"_links":{"self":[{"href":"https:\/\/www.primor.eu\/blog\/wp-json\/wp\/v2\/posts\/111969","targetHints":{"allow":["GET"]}}],"collection":[{"href":"https:\/\/www.primor.eu\/blog\/wp-json\/wp\/v2\/posts"}],"about":[{"href":"https:\/\/www.primor.eu\/blog\/wp-json\/wp\/v2\/types\/post"}],"author":[{"embeddable":true,"href":"https:\/\/www.primor.eu\/blog\/wp-json\/wp\/v2\/users\/14"}],"replies":[{"embeddable":true,"href":"https:\/\/www.primor.eu\/blog\/wp-json\/wp\/v2\/comments?post=111969"}],"version-history":[{"count":2,"href":"https:\/\/www.primor.eu\/blog\/wp-json\/wp\/v2\/posts\/111969\/revisions"}],"predecessor-version":[{"id":132379,"href":"https:\/\/www.primor.eu\/blog\/wp-json\/wp\/v2\/posts\/111969\/revisions\/132379"}],"wp:featuredmedia":[{"embeddable":true,"href":"https:\/\/www.primor.eu\/blog\/wp-json\/wp\/v2\/media\/111951"}],"wp:attachment":[{"href":"https:\/\/www.primor.eu\/blog\/wp-json\/wp\/v2\/media?parent=111969"}],"wp:term":[{"taxonomy":"category","embeddable":true,"href":"https:\/\/www.primor.eu\/blog\/wp-json\/wp\/v2\/categories?post=111969"},{"taxonomy":"post_tag","embeddable":true,"href":"https:\/\/www.primor.eu\/blog\/wp-json\/wp\/v2\/tags?post=111969"}],"curies":[{"name":"wp","href":"https:\/\/api.w.org\/{rel}","templated":true}]}}