{"id":111968,"date":"2024-09-18T08:07:15","date_gmt":"2024-09-18T08:07:15","guid":{"rendered":"https:\/\/www.primor.eu\/blog\/?p=111968"},"modified":"2026-01-29T08:49:40","modified_gmt":"2026-01-29T08:49:40","slug":"tendencia-labiales-otono","status":"publish","type":"post","link":"https:\/\/www.primor.eu\/blog\/tendencia-labiales-otono\/","title":{"rendered":"Los 7 labiales m\u00e1s bonitos que podr\u00e1s llevar este oto\u00f1o 2026"},"content":{"rendered":"\n<p>A la hora de hablar de algunas de las <strong>tendencias<\/strong> m\u00e1s aclamadas del <strong>oto\u00f1o<\/strong>, es imposible no mencionar iconos de maquillaje como los <strong>labiales<\/strong>. A petici\u00f3n popular, el maquillaje se ha vuelto casi invisible (en parte, por la tendencia <a href=\"https:\/\/www.primor.eu\/blog\/clean-look\/?srsltid=AfmBOoomWO_48ygBn5j4zgyLnFJRGy2okKJz_0VCk-W7clfYrNiCkcrc\">Clean Look<\/a>). Eso ha provocado que busquemos complementos que cuiden de nuestra piel, a la vez que suman un <strong>toque favorecedor de color. <\/strong>En este art\u00edculo de Primor te contamos cu\u00e1les son las <strong>tendencias en labiales de oto\u00f1o <\/strong>y c\u00f3mo puedes conseguir unos labios irresistiblemente j\u00f3venes y tentadores.&nbsp;<\/p>\n\n\n\n<h2 class=\"wp-block-heading\">Tendencias en labiales de oto\u00f1o<\/h2>\n\n\n\n<ul class=\"wp-block-list\">\n<li><a href=\"https:\/\/www.primor.eu\/blog\/balsamos-labiales-farmacia\/\"><strong>B\u00e1lsamos labiales de farmacia.<\/strong><\/a> Una de las sensaciones m\u00e1s inc\u00f3modas del mundo es sentir que tienes los labios secos, agrietados o \u00e1speros. Sin embargo, en tu d\u00eda a d\u00eda, la mejor soluci\u00f3n m\u00e1s pr\u00e1ctica y funcional es recurrir a ellos, ya que <a href=\"https:\/\/www.primor.eu\/blog\/mejores-balsamos-labiales-labios-hidratados\/\">hidratan en profundidad<\/a>, reparan grietas y aportan el confort m\u00e1s absoluto e inmediato que todas necesitamos en esta fina piel que tanta atenci\u00f3n necesita.&nbsp;<\/li>\n\n\n\n<li><a href=\"https:\/\/www.primor.eu\/blog\/mejores-labiales-voluminizadores\/\"><strong>Labiales voluminizadores<\/strong><\/a><strong>.<\/strong> Un labial voluminizador es un tipo de producto cosm\u00e9tico dise\u00f1ado para dar la ilusi\u00f3n de labios m\u00e1s voluminosos y llenos. A diferencia de los labiales tradicionales, contienen ingredientes especiales que ayudan a aumentar temporalmente el tama\u00f1o de los labios al estimular la circulaci\u00f3n sangu\u00ednea en esa \u00e1rea.<\/li>\n\n\n\n<li><a href=\"https:\/\/www.primor.eu\/blog\/pintalabios-nude-labiales-primor\/\"><strong>Labiales de color nude<\/strong><\/a>. Quedan bien a todas, pues al fin y al cabo escogeremos una tonalidad acorde a nuestro color exacto de piel.<\/li>\n\n\n\n<li><a href=\"https:\/\/www.primor.eu\/blog\/mejores-lip-oils\/\"><strong>Lip oil.<\/strong><\/a> Destaca su textura ligera que tiene una capacidad de penetraci\u00f3n mucho mayor que el cacao tradicional, haciendo que se potencia la hidrataci\u00f3n y la penetraci\u00f3n de los activos.<\/li>\n\n\n\n<li><a href=\"https:\/\/www.primor.eu\/blog\/mejores-gloss-barra\/\"><strong>Glosses en barra.<\/strong><\/a><strong> <\/strong>Son esas barras de labios tan hidratantes que cuentan con f\u00f3rmulas extracremosas y que proporcionan un acabado tan natural e irresistible como los gloss tradicionales. Suelen estar infusionados con ingredientes altamente nutritivos y tratan tus labios al mismo tiempo que los maquillan.<\/li>\n<\/ul>\n\n\n\n<h2 class=\"wp-block-heading\">Los mejores labiales para oto\u00f1o<\/h2>\n\n\n        <product-table class=\"pr-slider\">\r\n            <product-headers class=\"grid-table-rows\">\r\n                <div>Foto<\/div>\r\n                <div>Producto<\/div>\r\n                <div>Marca<\/div>\r\n                <div>Valoraciones<\/div>\r\n                <div>Precio<\/div>\r\n            <\/product-headers>\r\n\r\n            <product-list>\r\n                                    <a href=\"https:\/\/www.primor.eu\/es_es\/l-oreal-paris-riche-shine-pintalabios-hidratante-con-brillo-108500.html?#803=47598\" class=\"product-item grid-table-rows\" target=\"_blank\">\r\n                        <div>\r\n                            <img decoding=\"async\" class=\"product-img\" width=\"80px\" height=\"80px\" src=\"https:\/\/cdn2.primor.eu\/media\/catalog\/product\/cache\/8d3aba296f7a18b5251ee30fa5db42b2\/0\/M\/0ML29548_1_bb22.jpg\" alt=\"Glow Paradise Color Riche Shine Pintalabios Hidratante con Brillo\">\r\n                        <\/div>\r\n\r\n                        <!-- Contenido de producto  -->\r\n                        <div>\r\n                            <div class=\"product-position\">\r\n                                #1 Top Ventas                            <\/div>\r\n\r\n                            <h2>\r\n                                Glow Paradise Color Riche Shine Pintalabios Hidratante con Brillo                            <\/h2>\r\n                        <\/div>\r\n\r\n                        <!-- Imagen y\/o nombre de la marca -->\r\n                        <div>\r\n                                                            <img decoding=\"async\" width=\"70\" src=\"https:\/\/www.primor.eu\/media\/catalog\/category\/loreal-paris.png\" alt=\"L Or\u00e9al Par\u00eds\">\r\n                                                    <\/div>\r\n\r\n                        <!-- Puntuaci\u00f3n del producto  -->\r\n                        <div class=\"rating\">\r\n                                                            <div class=\"rate\" style=\"--p:86;\"><\/div>\r\n                                <b>4.3\/5<\/b>\r\n                                <div class=\"rate-stars\">\r\n                                                                            <div\r\n                                            class=\"rate-star  \">\r\n                                        <\/div>\r\n                                                                            <div\r\n                                            class=\"rate-star  \">\r\n                                        <\/div>\r\n                                                                            <div\r\n                                            class=\"rate-star  \">\r\n                                        <\/div>\r\n                                                                            <div\r\n                                            class=\"rate-star  \">\r\n                                        <\/div>\r\n                                                                            <div\r\n                                            class=\"rate-star  \">\r\n                                        <\/div>\r\n                                                                    <\/div>\r\n                                                    <\/div>\r\n\r\n                        <!-- Bot\u00f3n de producto  -->\r\n                        <div>\r\n                            <span class=\"price-claim\">\r\n                                VER PRECIO                            <\/span>\r\n                        <\/div>\r\n                    <\/a>\r\n                                    <a href=\"https:\/\/www.primor.eu\/es_es\/revolution-aceite-labial-glaze-lip-oil-108719.html?#803=84009\" class=\"product-item grid-table-rows\" target=\"_blank\">\r\n                        <div>\r\n                            <img decoding=\"async\" class=\"product-img\" width=\"80px\" height=\"80px\" src=\"https:\/\/cdn2.primor.eu\/media\/catalog\/product\/cache\/8d3aba296f7a18b5251ee30fa5db42b2\/5\/0\/5057566674911_2bb8.jpg\" alt=\"Aceite Labial Glaze Lip Oil\">\r\n                        <\/div>\r\n\r\n                        <!-- Contenido de producto  -->\r\n                        <div>\r\n                            <div class=\"product-position\">\r\n                                #2                            <\/div>\r\n\r\n                            <h2>\r\n                                Aceite Labial Glaze Lip Oil                            <\/h2>\r\n                        <\/div>\r\n\r\n                        <!-- Imagen y\/o nombre de la marca -->\r\n                        <div>\r\n                                                            <img decoding=\"async\" width=\"70\" src=\"https:\/\/www.primor.eu\/media\/catalog\/category\/revolution.png\" alt=\"Revolution\">\r\n                                                    <\/div>\r\n\r\n                        <!-- Puntuaci\u00f3n del producto  -->\r\n                        <div class=\"rating\">\r\n                                                            <div class=\"rate\" style=\"--p:80;\"><\/div>\r\n                                <b>4\/5<\/b>\r\n                                <div class=\"rate-stars\">\r\n                                                                            <div\r\n                                            class=\"rate-star  \">\r\n                                        <\/div>\r\n                                                                            <div\r\n                                            class=\"rate-star  \">\r\n                                        <\/div>\r\n                                                                            <div\r\n                                            class=\"rate-star  \">\r\n                                        <\/div>\r\n                                                                            <div\r\n                                            class=\"rate-star  \">\r\n                                        <\/div>\r\n                                                                            <div\r\n                                            class=\"rate-star disable \">\r\n                                        <\/div>\r\n                                                                    <\/div>\r\n                                                    <\/div>\r\n\r\n                        <!-- Bot\u00f3n de producto  -->\r\n                        <div>\r\n                            <span class=\"price-claim\">\r\n                                VER PRECIO                            <\/span>\r\n                        <\/div>\r\n                    <\/a>\r\n                                    <a href=\"https:\/\/www.primor.eu\/es_es\/dior-dior-lip-glow-oil-aceite-para-labios-brillante-nutritivo-realzador-del-color-enriquecido-con-aceite-de-cereza-108271.html?#803=44271\" class=\"product-item grid-table-rows\" target=\"_blank\">\r\n                        <div>\r\n                            <img decoding=\"async\" class=\"product-img\" width=\"80px\" height=\"80px\" src=\"https:\/\/cdn2.primor.eu\/media\/catalog\/product\/cache\/8d3aba296f7a18b5251ee30fa5db42b2\/3\/3\/3348901498395_d46a.jpg\" alt=\"DIOR LIP GLOW OIL Aceite para labios brillante nutritivo - realzador del color - enriquecido con aceite de cereza\">\r\n                        <\/div>\r\n\r\n                        <!-- Contenido de producto  -->\r\n                        <div>\r\n                            <div class=\"product-position\">\r\n                                #3                            <\/div>\r\n\r\n                            <h2>\r\n                                DIOR LIP GLOW OIL Aceite para labios brillante nutritivo - realzador del color - enriquecido con aceite de cereza                            <\/h2>\r\n                        <\/div>\r\n\r\n                        <!-- Imagen y\/o nombre de la marca -->\r\n                        <div>\r\n                                                            <img decoding=\"async\" width=\"70\" src=\"https:\/\/www.primor.eu\/media\/catalog\/category\/Dior.png\" alt=\"Dior\">\r\n                                                    <\/div>\r\n\r\n                        <!-- Puntuaci\u00f3n del producto  -->\r\n                        <div class=\"rating\">\r\n                                                            <div class=\"rate\" style=\"--p:98;\"><\/div>\r\n                                <b>4.9\/5<\/b>\r\n                                <div class=\"rate-stars\">\r\n                                                                            <div\r\n                                            class=\"rate-star  \">\r\n                                        <\/div>\r\n                                                                            <div\r\n                                            class=\"rate-star  \">\r\n                                        <\/div>\r\n                                                                            <div\r\n                                            class=\"rate-star  \">\r\n                                        <\/div>\r\n                                                                            <div\r\n                                            class=\"rate-star  \">\r\n                                        <\/div>\r\n                                                                            <div\r\n                                            class=\"rate-star  \">\r\n                                        <\/div>\r\n                                                                    <\/div>\r\n                                                    <\/div>\r\n\r\n                        <!-- Bot\u00f3n de producto  -->\r\n                        <div>\r\n                            <span class=\"price-claim\">\r\n                                VER PRECIO                            <\/span>\r\n                        <\/div>\r\n                    <\/a>\r\n                                    <a href=\"https:\/\/www.primor.eu\/es_es\/ducray-keracnyl-repair-balsamo-labial-15579.html\" class=\"product-item grid-table-rows\" target=\"_blank\">\r\n                        <div>\r\n                            <img decoding=\"async\" class=\"product-img\" width=\"80px\" height=\"80px\" src=\"https:\/\/cdn2.primor.eu\/media\/catalog\/product\/cache\/8d3aba296f7a18b5251ee30fa5db42b2\/6\/X\/6XS07118_1_be9c.jpg\" alt=\"Keracnyl Repair B\u00e1lsamo Labial\">\r\n                        <\/div>\r\n\r\n                        <!-- Contenido de producto  -->\r\n                        <div>\r\n                            <div class=\"product-position\">\r\n                                #4                            <\/div>\r\n\r\n                            <h2>\r\n                                Keracnyl Repair B\u00e1lsamo Labial                            <\/h2>\r\n                        <\/div>\r\n\r\n                        <!-- Imagen y\/o nombre de la marca -->\r\n                        <div>\r\n                                                            <img decoding=\"async\" width=\"70\" src=\"https:\/\/www.primor.eu\/media\/catalog\/category\/DUCRAY.jpg\" alt=\"\">\r\n                                                    <\/div>\r\n\r\n                        <!-- Puntuaci\u00f3n del producto  -->\r\n                        <div class=\"rating\">\r\n                                                            <div class=\"rate\" style=\"--p:96;\"><\/div>\r\n                                <b>4.8\/5<\/b>\r\n                                <div class=\"rate-stars\">\r\n                                                                            <div\r\n                                            class=\"rate-star  \">\r\n                                        <\/div>\r\n                                                                            <div\r\n                                            class=\"rate-star  \">\r\n                                        <\/div>\r\n                                                                            <div\r\n                                            class=\"rate-star  \">\r\n                                        <\/div>\r\n                                                                            <div\r\n                                            class=\"rate-star  \">\r\n                                        <\/div>\r\n                                                                            <div\r\n                                            class=\"rate-star  \">\r\n                                        <\/div>\r\n                                                                    <\/div>\r\n                                                    <\/div>\r\n\r\n                        <!-- Bot\u00f3n de producto  -->\r\n                        <div>\r\n                            <span class=\"price-claim\">\r\n                                VER PRECIO                            <\/span>\r\n                        <\/div>\r\n                    <\/a>\r\n                                    <a href=\"https:\/\/www.primor.eu\/es_es\/sisley-le-phyto-rouge-barra-de-labios-edicion-limitada-108561.html?#803=78371\" class=\"product-item grid-table-rows\" target=\"_blank\">\r\n                        <div>\r\n                            <img decoding=\"async\" class=\"product-img\" width=\"80px\" height=\"80px\" src=\"https:\/\/cdn2.primor.eu\/media\/catalog\/product\/cache\/8d3aba296f7a18b5251ee30fa5db42b2\/l\/e\/le_phyto_rouge_edicion_limitada__1__eb65.jpg\" alt=\"Le Phyto Rouge Barra de Labios Edici\u00f3n Limitada\">\r\n                        <\/div>\r\n\r\n                        <!-- Contenido de producto  -->\r\n                        <div>\r\n                            <div class=\"product-position\">\r\n                                #5                            <\/div>\r\n\r\n                            <h2>\r\n                                Le Phyto Rouge Barra de Labios Edici\u00f3n Limitada                            <\/h2>\r\n                        <\/div>\r\n\r\n                        <!-- Imagen y\/o nombre de la marca -->\r\n                        <div>\r\n                                                            <img decoding=\"async\" width=\"70\" src=\"https:\/\/www.primor.eu\/media\/catalog\/category\/sisley.png\" alt=\"Sisley\">\r\n                                                    <\/div>\r\n\r\n                        <!-- Puntuaci\u00f3n del producto  -->\r\n                        <div class=\"rating\">\r\n                                                            <p>No hay valoraciones disponibles<\/p>\r\n                                                    <\/div>\r\n\r\n                        <!-- Bot\u00f3n de producto  -->\r\n                        <div>\r\n                            <span class=\"price-claim\">\r\n                                VER PRECIO                            <\/span>\r\n                        <\/div>\r\n                    <\/a>\r\n                            <\/product-list>\r\n        <\/product-table>\r\n\r\n        \n\n\n\n<h3 class=\"wp-block-heading\">Maquillaje Riche Shine Pintalabios Hidratante con Brillo de L'Or\u00e9al Paris <\/h3>\n\n\n\n<p>Aporta un 47% m\u00e1s de hidrataci\u00f3n como un b\u00e1lsamo. Con \u00e9l, conseguir\u00e1s unos labios suaves y jugosos gracias a su f\u00f3rmula enriquecida con un 98% de ingredientes naturales que mejora la apariencia de los labios y aporta un brillo natural.<\/p>\n\n\n    <a class='product' target='_blank' href='https:\/\/www.primor.eu\/es_es\/l-oreal-paris-riche-shine-pintalabios-hidratante-con-brillo-108500.html?#803=47598'>\r\n        <img loading='async' src='https:\/\/cdn2.primor.eu\/media\/catalog\/product\/cache\/8d3aba296f7a18b5251ee30fa5db42b2\/0\/M\/0ML29548_1_bb22.jpg' alt='COMPRAR AHORA'>\r\n            <div class=\"claim\">\r\n                COMPRAR AHORA            <\/div>\r\n        <\/a>\r\n    \n\n\n\n<h3 class=\"wp-block-heading\">Aceite labial Glaze\u00a0de Revolution <\/h3>\n\n\n\n<p>Da a tus labios la apariencia de un brillo pero evitando su pegajosidad. Este aceite labial vegano y nutritivo contiene \u00e1cido hialur\u00f3nico, vitamina E, aceite de jojoba y aceite de karit\u00e9 para nutrir tus labios mientras lo usas, y aceite de semillas de cereza para un dulce aroma a cereza.&nbsp;<\/p>\n\n\n    <a class='product' target='_blank' href='https:\/\/www.primor.eu\/es_es\/revolution-aceite-labial-glaze-lip-oil-108719.html?#803=84009'>\r\n        <img loading='async' src='https:\/\/cdn2.primor.eu\/media\/catalog\/product\/cache\/8d3aba296f7a18b5251ee30fa5db42b2\/5\/0\/5057566674911_2bb8.jpg' alt='COMPRAR AHORA'>\r\n            <div class=\"claim\">\r\n                COMPRAR AHORA            <\/div>\r\n        <\/a>\r\n    \n\n\n\n<h3 class=\"wp-block-heading\">Lip Glow Oil Aceite para labios brillante de Dior<\/h3>\n\n\n\n<p>Hidrata, nutre y realza el color de los labios. As\u00ed es este labial con nada menos que un 97% de ingredientes naturales que reaviva el color de los labios y los mantiene hidratados durante 24 horas. Se puede utilizar tanto como base o como un labial solo para el d\u00eda a d\u00eda.<\/p>\n\n\n    <a class='product' target='_blank' href='https:\/\/www.primor.eu\/es_es\/dior-dior-lip-glow-oil-aceite-para-labios-brillante-nutritivo-realzador-del-color-enriquecido-con-aceite-de-cereza-108271.html?#803=44271'>\r\n        <img loading='async' src='https:\/\/cdn2.primor.eu\/media\/catalog\/product\/cache\/8d3aba296f7a18b5251ee30fa5db42b2\/3\/3\/3348901498395_d46a.jpg' alt='COMPRAR AHORA'>\r\n            <div class=\"claim\">\r\n                COMPRAR AHORA            <\/div>\r\n        <\/a>\r\n    \n\n\n\n<h3 class=\"wp-block-heading\">B\u00e1lsamo Labial de Ducray<\/h3>\n\n\n\n<p>Brinda un cuidado diario reparador de los labios secos y da\u00f1ados gracias a su f\u00f3rmula elaborada a base de hydroxydecine, vitaminas E y F, di\u00f3xido de titanio y ceras microcristalinas film\u00f3genas. Notar\u00e1s un alivio inmediato.&nbsp;<\/p>\n\n\n    <a class='product' target='_blank' href='https:\/\/www.primor.eu\/es_es\/ducray-keracnyl-repair-balsamo-labial-15579.html'>\r\n        <img loading='async' src='https:\/\/cdn2.primor.eu\/media\/catalog\/product\/cache\/8d3aba296f7a18b5251ee30fa5db42b2\/6\/X\/6XS07118_1_be9c.jpg' alt='COMPRAR AHORA'>\r\n            <div class=\"claim\">\r\n                COMPRAR AHORA            <\/div>\r\n        <\/a>\r\n    \n\n\n\n<h3 class=\"wp-block-heading\">Le Phyto Rouge Barra de Labios Edici\u00f3n Limitada de Sisley<\/h3>\n\n\n\n<p>Con una textura ultrasedosa, esta barra de labios envuelve los labios con una fina pel\u00edcula que calma, define e hidrata. Gracias al complejo hidroimpulsor, que incluye microesferas de \u00c1cido Hialur\u00f3nico y Glucomanana de Konjac, los labios experimentan un aumento instant\u00e1neo de volumen y suavidad.<\/p>\n\n\n\n<p>Le Phyto Rouge preserva la juventud de los labios con su cocktail de aceites nutritivos, proporcionando elasticidad y confort. Con cada aplicaci\u00f3n, la piel de los labios se vuelve m\u00e1s flexible, suave y el\u00e1stica. La textura gel de \u00faltima generaci\u00f3n se funde con los labios, ofreciendo una sensaci\u00f3n duradera de confort inigualable.<\/p>\n\n\n    <a class='product' target='_blank' href='https:\/\/www.primor.eu\/es_es\/sisley-le-phyto-rouge-barra-de-labios-edicion-limitada-108561.html?#803=78371'>\r\n        <img loading='async' src='https:\/\/cdn2.primor.eu\/media\/catalog\/product\/cache\/8d3aba296f7a18b5251ee30fa5db42b2\/l\/e\/le_phyto_rouge_edicion_limitada__1__eb65.jpg' alt='COMPRAR AHORA'>\r\n            <div class=\"claim\">\r\n                COMPRAR AHORA            <\/div>\r\n        <\/a>\r\n    \n\n\n\n<h3 class=\"wp-block-heading\">Super Stay Vinyl Ink Barra de Labios L\u00edquida de Maybelline New York<\/h3>\n\n\n\n<p>Descubre estas magn\u00edficas Barras de Labios L\u00edquidas Super Stay Vinyl Ink de Maybelline, ideales para unos labios impactantes y duraderos. Esta innovadora barra de labios combina el poder de un color vinilo vibrante con una f\u00f3rmula de larga duraci\u00f3n que promete mantener su intensidad y brillo hasta por 16 horas.<\/p>\n\n\n\n<p>Con una tecnolog\u00eda avanzada de bloqueo del color, esta barra de labios evita que el color se desvanezca o transfiera, garantizando un acabado impecable que resiste el paso del tiempo. Su f\u00f3rmula rica y cremosa se desliza suavemente, proporcionando una sensaci\u00f3n ligera y c\u00f3moda, sin comprometer la intensidad del color.<\/p>\n\n\n    <a class='product' target='_blank' href='https:\/\/www.primor.eu\/es_es\/maybelline-new-york-super-stay-vinyl-ink-barra-de-labios-liquida-108481.html?#803=57704'>\r\n        <img loading='async' src='https:\/\/cdn2.primor.eu\/media\/catalog\/product\/cache\/8d3aba296f7a18b5251ee30fa5db42b2\/0\/M\/0ML29049_1_4dde.jpg' alt='COMPRAR AHORA'>\r\n            <div class=\"claim\">\r\n                COMPRAR AHORA            <\/div>\r\n        <\/a>\r\n    \n\n\n\n<h3 class=\"wp-block-heading\">YSL Loveshine Labial Efecto Brillo Mojado de Yves Saint Laurent<\/h3>\n\n\n\n<p>Este labial de Yves Saint Laurent no solo proporciona un brillo mojado duradero, sino que tambi\u00e9n hidrata profundamente tus labios gracias a su f\u00f3rmula enriquecida con pulpa de higo del Jard\u00edn Comunitario de YSL Beauty en Ourika y 6 aceites nutritivos.<\/p>\n\n\n\n<p>Descubre una gama de 20 tonos excitantes y modulables que se adaptan a cualquier ocasi\u00f3n. Experimenta la suavidad de tus labios con YSL Loveshine, que los deja visiblemente m\u00e1s suaves y con un aspecto saludable.<\/p>\n\n\n    <a class='product' target='_blank' href='https:\/\/www.primor.eu\/es_es\/yves-saint-laurent-ysl-loveshine-labial-efecto-brillo-mojado-108716.html?#803=47931'>\r\n        <img loading='async' src='https:\/\/cdn2.primor.eu\/media\/catalog\/product\/cache\/8d3aba296f7a18b5251ee30fa5db42b2\/3\/6\/3614274132618_1_2e45.jpg' alt='COMPRAR AHORA'>\r\n            <div class=\"claim\">\r\n                COMPRAR AHORA            <\/div>\r\n        <\/a>\r\n    \n\n\n<div class=\"kk-star-ratings kksr-auto kksr-align-center kksr-valign-bottom\"\n    data-payload='{&quot;align&quot;:&quot;center&quot;,&quot;id&quot;:&quot;111968&quot;,&quot;slug&quot;:&quot;default&quot;,&quot;valign&quot;:&quot;bottom&quot;,&quot;ignore&quot;:&quot;&quot;,&quot;reference&quot;:&quot;auto&quot;,&quot;class&quot;:&quot;&quot;,&quot;count&quot;:&quot;0&quot;,&quot;legendonly&quot;:&quot;&quot;,&quot;readonly&quot;:&quot;&quot;,&quot;score&quot;:&quot;0&quot;,&quot;starsonly&quot;:&quot;&quot;,&quot;best&quot;:&quot;5&quot;,&quot;gap&quot;:&quot;5&quot;,&quot;greet&quot;:&quot;Valora este art\u00edculo&quot;,&quot;legend&quot;:&quot;0\\\/5 - (0 votos)&quot;,&quot;size&quot;:&quot;24&quot;,&quot;title&quot;:&quot;Los 7 labiales m\u00e1s bonitos que podr\u00e1s llevar este oto\u00f1o 2026&quot;,&quot;width&quot;:&quot;0&quot;,&quot;_legend&quot;:&quot;{score}\\\/{best} - ({count} {votes})&quot;,&quot;font_factor&quot;:&quot;1.25&quot;}'>\n            \n<div class=\"kksr-stars\">\n    \n<div class=\"kksr-stars-inactive\">\n            <div class=\"kksr-star\" data-star=\"1\" style=\"padding-right: 5px\">\n            \n\n<div class=\"kksr-icon\" style=\"width: 24px; height: 24px;\"><\/div>\n        <\/div>\n            <div class=\"kksr-star\" data-star=\"2\" style=\"padding-right: 5px\">\n            \n\n<div class=\"kksr-icon\" style=\"width: 24px; height: 24px;\"><\/div>\n        <\/div>\n            <div class=\"kksr-star\" data-star=\"3\" style=\"padding-right: 5px\">\n            \n\n<div class=\"kksr-icon\" style=\"width: 24px; height: 24px;\"><\/div>\n        <\/div>\n            <div class=\"kksr-star\" data-star=\"4\" style=\"padding-right: 5px\">\n            \n\n<div class=\"kksr-icon\" style=\"width: 24px; height: 24px;\"><\/div>\n        <\/div>\n            <div class=\"kksr-star\" data-star=\"5\" style=\"padding-right: 5px\">\n            \n\n<div class=\"kksr-icon\" style=\"width: 24px; height: 24px;\"><\/div>\n        <\/div>\n    <\/div>\n    \n<div class=\"kksr-stars-active\" style=\"width: 0px;\">\n            <div class=\"kksr-star\" style=\"padding-right: 5px\">\n            \n\n<div class=\"kksr-icon\" style=\"width: 24px; height: 24px;\"><\/div>\n        <\/div>\n            <div class=\"kksr-star\" style=\"padding-right: 5px\">\n            \n\n<div class=\"kksr-icon\" style=\"width: 24px; height: 24px;\"><\/div>\n        <\/div>\n            <div class=\"kksr-star\" style=\"padding-right: 5px\">\n            \n\n<div class=\"kksr-icon\" style=\"width: 24px; height: 24px;\"><\/div>\n        <\/div>\n            <div class=\"kksr-star\" style=\"padding-right: 5px\">\n            \n\n<div class=\"kksr-icon\" style=\"width: 24px; height: 24px;\"><\/div>\n        <\/div>\n            <div class=\"kksr-star\" style=\"padding-right: 5px\">\n            \n\n<div class=\"kksr-icon\" style=\"width: 24px; height: 24px;\"><\/div>\n        <\/div>\n    <\/div>\n<\/div>\n                \n\n<div class=\"kksr-legend\" style=\"font-size: 19.2px;\">\n            <span class=\"kksr-muted\">Valora este art\u00edculo<\/span>\n    <\/div>\n    <\/div>\n","protected":false},"excerpt":{"rendered":"<p>A la hora de hablar de algunas de las tendencias m\u00e1s aclamadas del oto\u00f1o, es imposible no mencionar iconos de maquillaje como los labiales. A petici\u00f3n popular, el maquillaje se ha vuelto casi invisible (en parte, por la tendencia Clean Look). Eso ha provocado que busquemos complementos que cuiden de nuestra piel, a la vez [&hellip;]<\/p>\n","protected":false},"author":14,"featured_media":111952,"comment_status":"closed","ping_status":"closed","sticky":false,"template":"","format":"standard","meta":{"jnews-multi-image_gallery":[],"jnews_single_post":{"subtitle":"","format":"standard","video":"","gallery":"","source_name":"","source_url":"","via_name":"","via_url":"","override_template":"0","override":[{"template":"1","single_blog_custom":"","parallax":"1","fullscreen":"1","layout":"right-sidebar","sidebar":"home-2","second_sidebar":"default-sidebar","sticky_sidebar":"0","share_position":"float","share_float_style":"share-monocrhome","show_share_counter":"0","show_view_counter":"0","show_featured":"1","show_post_meta":"1","show_post_author":"0","show_post_author_image":"1","show_post_date":"1","post_date_format":"default","post_date_format_custom":"Y\/m\/d","show_post_category":"1","show_post_reading_time":"0","post_reading_time_wpm":"300","show_zoom_button":"0","zoom_button_out_step":"2","zoom_button_in_step":"3","show_post_tag":"0","show_prev_next_post":"0","show_popup_post":"0","number_popup_post":"2","show_author_box":"0","show_post_related":"0","show_inline_post_related":"1"}],"override_image_size":"0","image_override":[{"single_post_thumbnail_size":"no-crop","single_post_gallery_size":"crop-500"}],"trending_post":"0","trending_post_position":"meta","trending_post_label":"Trending","sponsored_post":"0","sponsored_post_label":"Sponsored by","sponsored_post_name":"","sponsored_post_url":"","sponsored_post_logo_enable":"0","sponsored_post_logo":"","sponsored_post_desc":"","disable_ad":"0"},"jnews_primary_category":{"id":"","hide":""},"jnews_social_meta":{"fb_title":"","fb_description":"","fb_image":"","twitter_title":"","twitter_description":"","twitter_image":""},"jnews_override_counter":{"override_view_counter":"0","view_counter_number":"0","override_share_counter":"0","share_counter_number":"0","override_like_counter":"0","like_counter_number":"0","override_dislike_counter":"0","dislike_counter_number":"0"},"footnotes":""},"categories":[41],"tags":[],"class_list":["post-111968","post","type-post","status-publish","format-standard","has-post-thumbnail","hentry","category-maquillaje"],"_links":{"self":[{"href":"https:\/\/www.primor.eu\/blog\/wp-json\/wp\/v2\/posts\/111968","targetHints":{"allow":["GET"]}}],"collection":[{"href":"https:\/\/www.primor.eu\/blog\/wp-json\/wp\/v2\/posts"}],"about":[{"href":"https:\/\/www.primor.eu\/blog\/wp-json\/wp\/v2\/types\/post"}],"author":[{"embeddable":true,"href":"https:\/\/www.primor.eu\/blog\/wp-json\/wp\/v2\/users\/14"}],"replies":[{"embeddable":true,"href":"https:\/\/www.primor.eu\/blog\/wp-json\/wp\/v2\/comments?post=111968"}],"version-history":[{"count":4,"href":"https:\/\/www.primor.eu\/blog\/wp-json\/wp\/v2\/posts\/111968\/revisions"}],"predecessor-version":[{"id":138015,"href":"https:\/\/www.primor.eu\/blog\/wp-json\/wp\/v2\/posts\/111968\/revisions\/138015"}],"wp:featuredmedia":[{"embeddable":true,"href":"https:\/\/www.primor.eu\/blog\/wp-json\/wp\/v2\/media\/111952"}],"wp:attachment":[{"href":"https:\/\/www.primor.eu\/blog\/wp-json\/wp\/v2\/media?parent=111968"}],"wp:term":[{"taxonomy":"category","embeddable":true,"href":"https:\/\/www.primor.eu\/blog\/wp-json\/wp\/v2\/categories?post=111968"},{"taxonomy":"post_tag","embeddable":true,"href":"https:\/\/www.primor.eu\/blog\/wp-json\/wp\/v2\/tags?post=111968"}],"curies":[{"name":"wp","href":"https:\/\/api.w.org\/{rel}","templated":true}]}}