{"id":111706,"date":"2025-12-22T20:58:00","date_gmt":"2025-12-22T20:58:00","guid":{"rendered":"https:\/\/www.primor.eu\/blog\/?p=111706"},"modified":"2025-12-22T20:58:02","modified_gmt":"2025-12-22T20:58:02","slug":"mejores-aceites-cabello-canas","status":"publish","type":"post","link":"https:\/\/www.primor.eu\/blog\/mejores-aceites-cabello-canas\/","title":{"rendered":"Los 4 mejores aceites para cuidar cabellos con canas"},"content":{"rendered":"\n<p>Si tu pelo tiene <strong>canas<\/strong>, sabr\u00e1s que has de poner m\u00e1s <a href=\"https:\/\/www.primor.eu\/blog\/mejores-trucos-productos-matizar-canas\/\">atenci\u00f3n en cuidarlo<\/a>. Y tan importante son los champ\u00fas que uses, como los productos de acabado. Los expertos hablan (y muy bien) de los <strong>aceites para canas.<\/strong> Te contamos en este art\u00edculo qu\u00e9 tipos existen y cu\u00e1les son los mejores.&nbsp;<\/p>\n\n\n\n<h2 class=\"wp-block-heading\">Tipo de aceites para canas que necesitas<\/h2>\n\n\n\n<ul class=\"wp-block-list\">\n<li><strong>Aceites con pigmentos violeta o azul.<\/strong> Estos s\u00e9rums est\u00e1n dise\u00f1ados para neutralizar los tonos amarillentos que pueden aparecer en las canas, d\u00e1ndoles un aspecto m\u00e1s brillante y plateado.<\/li>\n\n\n\n<li><strong>Aceites con antioxidantes (Vitamina C y E).<\/strong> Los antioxidantes contribuyen a proteger el cabello de los da\u00f1os ambientales que pueden acelerar el envejecimiento capilar y el encanecimiento. Tambi\u00e9n pueden mantener el cabello m\u00e1s saludable y brillante.<\/li>\n\n\n\n<li><strong>Aceites con \u00e1cido hialur\u00f3nico<\/strong>. El \u00e1cido hialur\u00f3nico es conocido por sus propiedades hidratantes, y en este caso, ayuda a mantener el cabello suave y manejable, lo cual es especialmente importante para el cabello canoso, que tiende a ser m\u00e1s seco y \u00e1spero.<\/li>\n\n\n\n<li><strong>Aceites con aceites nutritivos.<\/strong> Los aceites como el arg\u00e1n, jojoba, y coco ayudan a nutrir y suavizar el cabello, haciendo que las canas se vean m\u00e1s brillantes y saludables.<\/li>\n\n\n\n<li>S\u00e9rum con biotina y keratina. La biotina y la keratina fortalecen el cabello, reduciendo la fragilidad y manteniendo una apariencia m\u00e1s voluminosa y saludable.<\/li>\n\n\n\n<li><strong>Aceites para estimular el cuero cabelludo. <\/strong>Estos productos est\u00e1n dise\u00f1ados para mejorar la circulaci\u00f3n en el cuero cabelludo, promoviendo un cabello m\u00e1s fuerte y sano, y en algunos casos, reduciendo el avance de las canas.<\/li>\n<\/ul>\n\n\n\n<h2 class=\"wp-block-heading\">Mejores aceites para canas de 2026<\/h2>\n\n\n        <product-table class=\"pr-slider\">\r\n            <product-headers class=\"grid-table-rows\">\r\n                <div>Foto<\/div>\r\n                <div>Producto<\/div>\r\n                <div>Marca<\/div>\r\n                <div>Valoraciones<\/div>\r\n                <div>Precio<\/div>\r\n            <\/product-headers>\r\n\r\n            <product-list>\r\n                                    <a href=\"https:\/\/www.primor.eu\/es_es\/sebastian-serum-capilar-penetraitt-73977.html\" class=\"product-item grid-table-rows\" target=\"_blank\">\r\n                        <div>\r\n                            <img decoding=\"async\" class=\"product-img\" width=\"80px\" height=\"80px\" src=\"https:\/\/www.primor.eu\/blog\/wp-content\/uploads\/2024\/06\/4064666326085_22db.jpg\" alt=\"Sebastian S\u00e9rum Capilar Penetraitt\">\r\n                        <\/div>\r\n\r\n                        <!-- Contenido de producto  -->\r\n                        <div>\r\n                            <div class=\"product-position\">\r\n                                #1 Top Ventas                            <\/div>\r\n\r\n                            <h2>\r\n                                Sebastian S\u00e9rum Capilar Penetraitt                            <\/h2>\r\n                        <\/div>\r\n\r\n                        <!-- Imagen y\/o nombre de la marca -->\r\n                        <div>\r\n                                                            <img decoding=\"async\" width=\"70\" src=\"https:\/\/www.primor.eu\/blog\/wp-content\/uploads\/2023\/09\/sebastian.jpg\" alt=\"85937\">\r\n                                                    <\/div>\r\n\r\n                        <!-- Puntuaci\u00f3n del producto  -->\r\n                        <div class=\"rating\">\r\n                                                            <div class=\"rate\" style=\"--p:84;\"><\/div>\r\n                                <b>4.2\/5<\/b>\r\n                                <div class=\"rate-stars\">\r\n                                                                            <div\r\n                                            class=\"rate-star  \">\r\n                                        <\/div>\r\n                                                                            <div\r\n                                            class=\"rate-star  \">\r\n                                        <\/div>\r\n                                                                            <div\r\n                                            class=\"rate-star  \">\r\n                                        <\/div>\r\n                                                                            <div\r\n                                            class=\"rate-star  \">\r\n                                        <\/div>\r\n                                                                            <div\r\n                                            class=\"rate-star  \">\r\n                                        <\/div>\r\n                                                                    <\/div>\r\n                                                    <\/div>\r\n\r\n                        <!-- Bot\u00f3n de producto  -->\r\n                        <div>\r\n                            <span class=\"price-claim\">\r\n                                VER PRECIO                            <\/span>\r\n                        <\/div>\r\n                    <\/a>\r\n                                    <a href=\"https:\/\/www.primor.eu\/es_es\/aussie-3-miracle-oil-reconstructor-aceite-milagroso-para-pelo-danado-9119.html\" class=\"product-item grid-table-rows\" target=\"_blank\">\r\n                        <div>\r\n                            <img decoding=\"async\" class=\"product-img\" width=\"80px\" height=\"80px\" src=\"https:\/\/www.primor.eu\/blog\/wp-content\/uploads\/2024\/08\/8001841710822_MAIN_1a53.jpg\" alt=\"Aussie 3 Miracle Oil Reconstructor Aceite Milagroso para Pelo Da\u00f1ado\">\r\n                        <\/div>\r\n\r\n                        <!-- Contenido de producto  -->\r\n                        <div>\r\n                            <div class=\"product-position\">\r\n                                #2                            <\/div>\r\n\r\n                            <h2>\r\n                                Aussie 3 Miracle Oil Reconstructor Aceite Milagroso para Pelo Da\u00f1ado                            <\/h2>\r\n                        <\/div>\r\n\r\n                        <!-- Imagen y\/o nombre de la marca -->\r\n                        <div>\r\n                                                            <img decoding=\"async\" width=\"70\" src=\"https:\/\/www.primor.eu\/blog\/wp-content\/uploads\/2023\/09\/aussie.jpg\" alt=\"85968\">\r\n                                                    <\/div>\r\n\r\n                        <!-- Puntuaci\u00f3n del producto  -->\r\n                        <div class=\"rating\">\r\n                                                            <div class=\"rate\" style=\"--p:94;\"><\/div>\r\n                                <b>4.7\/5<\/b>\r\n                                <div class=\"rate-stars\">\r\n                                                                            <div\r\n                                            class=\"rate-star  \">\r\n                                        <\/div>\r\n                                                                            <div\r\n                                            class=\"rate-star  \">\r\n                                        <\/div>\r\n                                                                            <div\r\n                                            class=\"rate-star  \">\r\n                                        <\/div>\r\n                                                                            <div\r\n                                            class=\"rate-star  \">\r\n                                        <\/div>\r\n                                                                            <div\r\n                                            class=\"rate-star  \">\r\n                                        <\/div>\r\n                                                                    <\/div>\r\n                                                    <\/div>\r\n\r\n                        <!-- Bot\u00f3n de producto  -->\r\n                        <div>\r\n                            <span class=\"price-claim\">\r\n                                VER PRECIO                            <\/span>\r\n                        <\/div>\r\n                    <\/a>\r\n                                    <a href=\"https:\/\/www.primor.eu\/es_es\/kerastase-k-genesis-serum-fortificante-anticaida-8598.html\" class=\"product-item grid-table-rows\" target=\"_blank\">\r\n                        <div>\r\n                            <img decoding=\"async\" class=\"product-img\" width=\"80px\" height=\"80px\" src=\"https:\/\/www.primor.eu\/blog\/wp-content\/uploads\/2024\/08\/kerastase_9a9b.jpg\" alt=\"Kerastase K G\u00e9nesis S\u00e9rum Fortificante Antica\u00edda\">\r\n                        <\/div>\r\n\r\n                        <!-- Contenido de producto  -->\r\n                        <div>\r\n                            <div class=\"product-position\">\r\n                                #3                            <\/div>\r\n\r\n                            <h2>\r\n                                Kerastase K G\u00e9nesis S\u00e9rum Fortificante Antica\u00edda                            <\/h2>\r\n                        <\/div>\r\n\r\n                        <!-- Imagen y\/o nombre de la marca -->\r\n                        <div>\r\n                                                            <img decoding=\"async\" width=\"70\" src=\"https:\/\/www.primor.eu\/blog\/wp-content\/uploads\/2023\/08\/k_rastane.jpg\" alt=\"84705\">\r\n                                                    <\/div>\r\n\r\n                        <!-- Puntuaci\u00f3n del producto  -->\r\n                        <div class=\"rating\">\r\n                                                            <div class=\"rate\" style=\"--p:98;\"><\/div>\r\n                                <b>4.9\/5<\/b>\r\n                                <div class=\"rate-stars\">\r\n                                                                            <div\r\n                                            class=\"rate-star  \">\r\n                                        <\/div>\r\n                                                                            <div\r\n                                            class=\"rate-star  \">\r\n                                        <\/div>\r\n                                                                            <div\r\n                                            class=\"rate-star  \">\r\n                                        <\/div>\r\n                                                                            <div\r\n                                            class=\"rate-star  \">\r\n                                        <\/div>\r\n                                                                            <div\r\n                                            class=\"rate-star  \">\r\n                                        <\/div>\r\n                                                                    <\/div>\r\n                                                    <\/div>\r\n\r\n                        <!-- Bot\u00f3n de producto  -->\r\n                        <div>\r\n                            <span class=\"price-claim\">\r\n                                VER PRECIO                            <\/span>\r\n                        <\/div>\r\n                    <\/a>\r\n                                    <a href=\"https:\/\/www.primor.eu\/es_es\/hair-rituel-by-sisley-huile-precieuse-cheveux-9396.html\" class=\"product-item grid-table-rows\" target=\"_blank\">\r\n                        <div>\r\n                            <img decoding=\"async\" class=\"product-img\" width=\"80px\" height=\"80px\" src=\"https:\/\/www.primor.eu\/blog\/wp-content\/uploads\/2024\/08\/3473311692603_01_8ae7.jpg\" alt=\"Hair Rituel By Sisley Huile Pr\u00e9cieuse Cheveux\">\r\n                        <\/div>\r\n\r\n                        <!-- Contenido de producto  -->\r\n                        <div>\r\n                            <div class=\"product-position\">\r\n                                #4                            <\/div>\r\n\r\n                            <h2>\r\n                                Hair Rituel By Sisley Huile Pr\u00e9cieuse Cheveux                            <\/h2>\r\n                        <\/div>\r\n\r\n                        <!-- Imagen y\/o nombre de la marca -->\r\n                        <div>\r\n                                                            <img decoding=\"async\" width=\"70\" src=\"https:\/\/www.primor.eu\/blog\/wp-content\/uploads\/2024\/06\/logo-hair-rituel-noir_2_1.png\" alt=\"107020\">\r\n                                                    <\/div>\r\n\r\n                        <!-- Puntuaci\u00f3n del producto  -->\r\n                        <div class=\"rating\">\r\n                                                            <div class=\"rate\" style=\"--p:100;\"><\/div>\r\n                                <b>5\/5<\/b>\r\n                                <div class=\"rate-stars\">\r\n                                                                            <div\r\n                                            class=\"rate-star  \">\r\n                                        <\/div>\r\n                                                                            <div\r\n                                            class=\"rate-star  \">\r\n                                        <\/div>\r\n                                                                            <div\r\n                                            class=\"rate-star  \">\r\n                                        <\/div>\r\n                                                                            <div\r\n                                            class=\"rate-star  \">\r\n                                        <\/div>\r\n                                                                            <div\r\n                                            class=\"rate-star  \">\r\n                                        <\/div>\r\n                                                                    <\/div>\r\n                                                    <\/div>\r\n\r\n                        <!-- Bot\u00f3n de producto  -->\r\n                        <div>\r\n                            <span class=\"price-claim\">\r\n                                VER PRECIO                            <\/span>\r\n                        <\/div>\r\n                    <\/a>\r\n                            <\/product-list>\r\n        <\/product-table>\r\n\r\n        \n\n\n\n<h3 class=\"wp-block-heading\">Sebastian S\u00e9rum Capilar Penetraitt<\/h3>\n\n\n\n<p>Es un s\u00e9rum de reparaci\u00f3n nocturna con \u00e1cido hialur\u00f3nico y niacinamida que penetra en profundidad y repara tu cabello mientras duermes. Vuelve tu cabello sedoso, suave y revitalizado, listo para crear peinados sin l\u00edmites.<\/p>\n\n\n    <a class='product' target='_blank' href='https:\/\/www.primor.eu\/es_es\/sebastian-serum-capilar-penetraitt-73977.html'>\r\n        <img loading='async' src='https:\/\/cdn2.primor.eu\/media\/catalog\/product\/cache\/8d3aba296f7a18b5251ee30fa5db42b2\/4\/0\/4064666326085_22db.jpg' alt='COMPRAR AHORA'>\r\n            <div class=\"claim\">\r\n                COMPRAR AHORA            <\/div>\r\n        <\/a>\r\n    \n\n\n\n<h3 class=\"wp-block-heading\">Aussie 3 Miracle Aceite Reconstructor&nbsp;&nbsp;<\/h3>\n\n\n\n<p>Los aceites procedentes de Nuez de Macadamia, Semilla de Jojoba y Aguacate Australianos (s\u00ed, \u00a1los tres juntos!), con esta f\u00f3rmula no grasa, ayudan a reparar visiblemente tu pelo. No importa las veces que lo utilices, este peque\u00f1o remedio te ayudar\u00e1 a conseguir un pelo suave, sedoso y fabulosamente brillante.&nbsp;<\/p>\n\n\n    <a class='product' target='_blank' href='https:\/\/www.primor.eu\/es_es\/aussie-3-miracle-oil-reconstructor-aceite-milagroso-para-pelo-danado-9119.html'>\r\n        <img loading='async' src='https:\/\/cdn2.primor.eu\/media\/catalog\/product\/cache\/8d3aba296f7a18b5251ee30fa5db42b2\/8\/0\/8001841710822_MAIN_1a53.jpg' alt='COMPRAR AHORA'>\r\n            <div class=\"claim\">\r\n                COMPRAR AHORA            <\/div>\r\n        <\/a>\r\n    \n\n\n\n<h3 class=\"wp-block-heading\">Kerastase G\u00e9nesis S\u00e9rum Fortificante&nbsp;<\/h3>\n\n\n\n<p>Es el tratamiento definitivo para restaurar las melenas secas y con tendencia a la ca\u00edda por rotura. Su f\u00f3rmula sin silicona emplea el poder de la Arginina, la Cafe\u00edna y la Ra\u00edz de Jengibre para hidratar el cabello desde el interior, fortalecer la fibra capilar y estimular el crecimiento saludable. Adem\u00e1s, gracias a su innovador sistema, este producto se absorbe r\u00e1pidamente sin necesidad de aclarado y sin dejar residuos pegajosos en el pelo.<\/p>\n\n\n    <a class='product' target='_blank' href='https:\/\/www.primor.eu\/es_es\/kerastase-k-genesis-serum-fortificante-anticaida-8598.html'>\r\n        <img loading='async' src='https:\/\/cdn2.primor.eu\/media\/catalog\/product\/cache\/8d3aba296f7a18b5251ee30fa5db42b2\/3\/4\/3474636858002_1_632f.jpg' alt='COMPRAR AHORA'>\r\n            <div class=\"claim\">\r\n                COMPRAR AHORA            <\/div>\r\n        <\/a>\r\n    \n\n\n\n<h3 class=\"wp-block-heading\">Sisley huile Pr\u00e9cieuse Cheveux&nbsp;<\/h3>\n\n\n\n<p>Su exquisita f\u00f3rmula, enriquecida con aceite de Fruta de la Pasi\u00f3n, Manteca de Karit\u00e9, y extractos de granos de Algod\u00f3n y Moringa, reestructura los largos del cabello, creando una pel\u00edcula de luz que realza la fibra capilar. La textura ligera de este aceite no apelmaza el cabello, ofreciendo una experiencia sensorial \u00fanica. Su delicioso perfume complementa la eficacia del tratamiento, convirti\u00e9ndolo en un gesto de belleza completo para el cuidado capilar.<\/p>\n\n\n    <a class='product' target='_blank' href='https:\/\/www.primor.eu\/es_es\/hair-rituel-by-sisley-huile-precieuse-cheveux-9396.html'>\r\n        <img loading='async' src='https:\/\/cdn2.primor.eu\/media\/catalog\/product\/cache\/8d3aba296f7a18b5251ee30fa5db42b2\/3\/4\/3473311692603_01_8ae7.jpg' alt='COMPRAR AHORA'>\r\n            <div class=\"claim\">\r\n                COMPRAR AHORA            <\/div>\r\n        <\/a>\r\n    \n\n\n<div class=\"kk-star-ratings kksr-auto kksr-align-center kksr-valign-bottom\"\n    data-payload='{&quot;align&quot;:&quot;center&quot;,&quot;id&quot;:&quot;111706&quot;,&quot;slug&quot;:&quot;default&quot;,&quot;valign&quot;:&quot;bottom&quot;,&quot;ignore&quot;:&quot;&quot;,&quot;reference&quot;:&quot;auto&quot;,&quot;class&quot;:&quot;&quot;,&quot;count&quot;:&quot;1&quot;,&quot;legendonly&quot;:&quot;&quot;,&quot;readonly&quot;:&quot;&quot;,&quot;score&quot;:&quot;4&quot;,&quot;starsonly&quot;:&quot;&quot;,&quot;best&quot;:&quot;5&quot;,&quot;gap&quot;:&quot;5&quot;,&quot;greet&quot;:&quot;Valora este art\u00edculo&quot;,&quot;legend&quot;:&quot;4\\\/5 - (1 voto)&quot;,&quot;size&quot;:&quot;24&quot;,&quot;title&quot;:&quot;Los 4 mejores aceites para cuidar cabellos con canas&quot;,&quot;width&quot;:&quot;113.5&quot;,&quot;_legend&quot;:&quot;{score}\\\/{best} - ({count} {votes})&quot;,&quot;font_factor&quot;:&quot;1.25&quot;}'>\n            \n<div class=\"kksr-stars\">\n    \n<div class=\"kksr-stars-inactive\">\n            <div class=\"kksr-star\" data-star=\"1\" style=\"padding-right: 5px\">\n            \n\n<div class=\"kksr-icon\" style=\"width: 24px; height: 24px;\"><\/div>\n        <\/div>\n            <div class=\"kksr-star\" data-star=\"2\" style=\"padding-right: 5px\">\n            \n\n<div class=\"kksr-icon\" style=\"width: 24px; height: 24px;\"><\/div>\n        <\/div>\n            <div class=\"kksr-star\" data-star=\"3\" style=\"padding-right: 5px\">\n            \n\n<div class=\"kksr-icon\" style=\"width: 24px; height: 24px;\"><\/div>\n        <\/div>\n            <div class=\"kksr-star\" data-star=\"4\" style=\"padding-right: 5px\">\n            \n\n<div class=\"kksr-icon\" style=\"width: 24px; height: 24px;\"><\/div>\n        <\/div>\n            <div class=\"kksr-star\" data-star=\"5\" style=\"padding-right: 5px\">\n            \n\n<div class=\"kksr-icon\" style=\"width: 24px; height: 24px;\"><\/div>\n        <\/div>\n    <\/div>\n    \n<div class=\"kksr-stars-active\" style=\"width: 113.5px;\">\n            <div class=\"kksr-star\" style=\"padding-right: 5px\">\n            \n\n<div class=\"kksr-icon\" style=\"width: 24px; height: 24px;\"><\/div>\n        <\/div>\n            <div class=\"kksr-star\" style=\"padding-right: 5px\">\n            \n\n<div class=\"kksr-icon\" style=\"width: 24px; height: 24px;\"><\/div>\n        <\/div>\n            <div class=\"kksr-star\" style=\"padding-right: 5px\">\n            \n\n<div class=\"kksr-icon\" style=\"width: 24px; height: 24px;\"><\/div>\n        <\/div>\n            <div class=\"kksr-star\" style=\"padding-right: 5px\">\n            \n\n<div class=\"kksr-icon\" style=\"width: 24px; height: 24px;\"><\/div>\n        <\/div>\n            <div class=\"kksr-star\" style=\"padding-right: 5px\">\n            \n\n<div class=\"kksr-icon\" style=\"width: 24px; height: 24px;\"><\/div>\n        <\/div>\n    <\/div>\n<\/div>\n                \n\n<div class=\"kksr-legend\" style=\"font-size: 19.2px;\">\n            4\/5 - (1 voto)    <\/div>\n    <\/div>\n","protected":false},"excerpt":{"rendered":"<p>Si tu pelo tiene canas, sabr\u00e1s que has de poner m\u00e1s atenci\u00f3n en cuidarlo. Y tan importante son los champ\u00fas que uses, como los productos de acabado. Los expertos hablan (y muy bien) de los aceites para canas. Te contamos en este art\u00edculo qu\u00e9 tipos existen y cu\u00e1les son los mejores.&nbsp; Tipo de aceites para [&hellip;]<\/p>\n","protected":false},"author":14,"featured_media":111748,"comment_status":"closed","ping_status":"closed","sticky":false,"template":"","format":"standard","meta":{"jnews-multi-image_gallery":[],"jnews_single_post":{"subtitle":"","format":"standard","video":"","gallery":"","source_name":"","source_url":"","via_name":"","via_url":"","override_template":"0","override":[{"template":"1","single_blog_custom":"","parallax":"1","fullscreen":"1","layout":"right-sidebar","sidebar":"home-2","second_sidebar":"default-sidebar","sticky_sidebar":"0","share_position":"float","share_float_style":"share-monocrhome","show_share_counter":"0","show_view_counter":"0","show_featured":"1","show_post_meta":"1","show_post_author":"0","show_post_author_image":"1","show_post_date":"1","post_date_format":"default","post_date_format_custom":"Y\/m\/d","show_post_category":"1","show_post_reading_time":"0","post_reading_time_wpm":"300","show_zoom_button":"0","zoom_button_out_step":"2","zoom_button_in_step":"3","show_post_tag":"0","show_prev_next_post":"0","show_popup_post":"0","number_popup_post":"2","show_author_box":"0","show_post_related":"0","show_inline_post_related":"1"}],"override_image_size":"0","image_override":[{"single_post_thumbnail_size":"no-crop","single_post_gallery_size":"crop-500"}],"trending_post":"0","trending_post_position":"meta","trending_post_label":"Trending","sponsored_post":"0","sponsored_post_label":"Sponsored by","sponsored_post_name":"","sponsored_post_url":"","sponsored_post_logo_enable":"0","sponsored_post_logo":"","sponsored_post_desc":"","disable_ad":"0"},"jnews_primary_category":{"id":"","hide":""},"jnews_social_meta":{"fb_title":"","fb_description":"","fb_image":"","twitter_title":"","twitter_description":"","twitter_image":""},"jnews_override_counter":{"override_view_counter":"0","view_counter_number":"0","override_share_counter":"0","share_counter_number":"0","override_like_counter":"0","like_counter_number":"0","override_dislike_counter":"0","dislike_counter_number":"0"},"footnotes":""},"categories":[4769],"tags":[],"class_list":["post-111706","post","type-post","status-publish","format-standard","has-post-thumbnail","hentry","category-aceites"],"_links":{"self":[{"href":"https:\/\/www.primor.eu\/blog\/wp-json\/wp\/v2\/posts\/111706","targetHints":{"allow":["GET"]}}],"collection":[{"href":"https:\/\/www.primor.eu\/blog\/wp-json\/wp\/v2\/posts"}],"about":[{"href":"https:\/\/www.primor.eu\/blog\/wp-json\/wp\/v2\/types\/post"}],"author":[{"embeddable":true,"href":"https:\/\/www.primor.eu\/blog\/wp-json\/wp\/v2\/users\/14"}],"replies":[{"embeddable":true,"href":"https:\/\/www.primor.eu\/blog\/wp-json\/wp\/v2\/comments?post=111706"}],"version-history":[{"count":2,"href":"https:\/\/www.primor.eu\/blog\/wp-json\/wp\/v2\/posts\/111706\/revisions"}],"predecessor-version":[{"id":136595,"href":"https:\/\/www.primor.eu\/blog\/wp-json\/wp\/v2\/posts\/111706\/revisions\/136595"}],"wp:featuredmedia":[{"embeddable":true,"href":"https:\/\/www.primor.eu\/blog\/wp-json\/wp\/v2\/media\/111748"}],"wp:attachment":[{"href":"https:\/\/www.primor.eu\/blog\/wp-json\/wp\/v2\/media?parent=111706"}],"wp:term":[{"taxonomy":"category","embeddable":true,"href":"https:\/\/www.primor.eu\/blog\/wp-json\/wp\/v2\/categories?post=111706"},{"taxonomy":"post_tag","embeddable":true,"href":"https:\/\/www.primor.eu\/blog\/wp-json\/wp\/v2\/tags?post=111706"}],"curies":[{"name":"wp","href":"https:\/\/api.w.org\/{rel}","templated":true}]}}