{"id":111635,"date":"2024-09-10T08:42:38","date_gmt":"2024-09-10T08:42:38","guid":{"rendered":"https:\/\/www.primor.eu\/blog\/?p=111635"},"modified":"2024-08-23T08:56:27","modified_gmt":"2024-08-23T08:56:27","slug":"mejores-acondicionadores-pelo-graso","status":"publish","type":"post","link":"https:\/\/www.primor.eu\/blog\/mejores-acondicionadores-pelo-graso\/","title":{"rendered":"Los 5 mejores acondicionadores para el pelo graso"},"content":{"rendered":"\n<p>Son muchos los factores externos que afectan cada d\u00eda tanto a nuestra <a href=\"https:\/\/www.primor.eu\/blog\/radicales-libres-que-son\/\">piel<\/a> como al <strong>cabello<\/strong>. Desde la contaminaci\u00f3n, el propio aire, el <strong>estr\u00e9s<\/strong>, los cambios de temperatura o la alimentaci\u00f3n. <strong>Todo ello afecta de forma directa al cabello,<\/strong> es decir, al aumento de sebo dando lugar a un <a href=\"https:\/\/www.primor.eu\/es_es\/champus-para-pelo-graso\">cabello graso<\/a>. Los <strong>acondicionadores para pelo graso<\/strong> son una de las soluciones m\u00e1s eficaces a la hora de acabar con el problema de ra\u00edz.&nbsp;<\/p>\n\n\n\n<p>Si tienes el <a href=\"https:\/\/www.primor.eu\/blog\/para-pelo-graso-que-hacer\/\">pelo graso<\/a>, entonces necesitas estos acondicionadores para pelo graso ya que, gracias a sus ingredientes activos,<strong> ayudan a regular la producci\u00f3n de sebo <\/strong>independientemente de la frecuencia con la que necesites lavarlo, al mismo tiempo que hidratan y aportan manejabilidad al cabello para un aspecto como de reci\u00e9n salido de la peluquer\u00eda.&nbsp;<\/p>\n\n\n\n<h2 class=\"wp-block-heading\">Tengo el pelo graso: qu\u00e9 hago<\/h2>\n\n\n\n<ul class=\"wp-block-list\">\n<li><strong>Agua tibia<\/strong>: tanto para el cuerpo como para el cabello, el agua caliente no es nada bueno ya que irrita la piel. Lo mismo pasa con el cuero cabelludo, el agua tibia no abre la cut\u00edcula en cantidad, evitando que se da\u00f1e por completo.<\/li>\n\n\n\n<li><strong>Evita los sulfatos<\/strong>: hoy en d\u00eda existen ya muchas opciones de champ\u00fas sin sulfatos ya que estos lo que hacen es limpiarlo en exceso por lo que las gl\u00e1ndulas van a generar de nuevo m\u00e1s sebo para volver a su estado original.<\/li>\n\n\n\n<li><strong>Ingredientes naturales<\/strong>: hay ciertos ingredientes naturales como el jengibre, la cal\u00e9ndula, el tomillo, el lim\u00f3n o el \u00e1rbol de t\u00e9, entre otros, que ayudan a regular la producci\u00f3n de sebo.<\/li>\n<\/ul>\n\n\n\n<h2 class=\"wp-block-heading\">Los mejores acondicionadores para pelo graso de 2025<\/h2>\n\n\n        <product-table class=\"pr-slider\">\r\n            <product-headers class=\"grid-table-rows\">\r\n                <div>Foto<\/div>\r\n                <div>Producto<\/div>\r\n                <div>Marca<\/div>\r\n                <div>Valoraciones<\/div>\r\n                <div>Precio<\/div>\r\n            <\/product-headers>\r\n\r\n            <product-list>\r\n                                    <a href=\"https:\/\/www.primor.eu\/es_es\/pantene-hair-biology-acondicionador-purifica-reconstruye-9555.html\" class=\"product-item grid-table-rows\" target=\"_blank\">\r\n                        <div>\r\n                            <img decoding=\"async\" class=\"product-img\" width=\"80px\" height=\"80px\" src=\"https:\/\/www.primor.eu\/blog\/wp-content\/uploads\/2024\/08\/2CA03539_1_a01d.jpg\" alt=\"Pantene Hair Biology Acondicionador Purifica & Reconstruye\">\r\n                        <\/div>\r\n\r\n                        <!-- Contenido de producto  -->\r\n                        <div>\r\n                            <div class=\"product-position\">\r\n                                #1 Top Ventas                            <\/div>\r\n\r\n                            <h2>\r\n                                Pantene Hair Biology Acondicionador Purifica & Reconstruye                            <\/h2>\r\n                        <\/div>\r\n\r\n                        <!-- Imagen y\/o nombre de la marca -->\r\n                        <div>\r\n                                                            <img decoding=\"async\" width=\"70\" src=\"https:\/\/www.primor.eu\/blog\/wp-content\/uploads\/2023\/08\/Pantene.jpg\" alt=\"84707\">\r\n                                                    <\/div>\r\n\r\n                        <!-- Puntuaci\u00f3n del producto  -->\r\n                        <div class=\"rating\">\r\n                                                            <p>No hay valoraciones disponibles<\/p>\r\n                                                    <\/div>\r\n\r\n                        <!-- Bot\u00f3n de producto  -->\r\n                        <div>\r\n                            <span class=\"price-claim\">\r\n                                VER PRECIO                            <\/span>\r\n                        <\/div>\r\n                    <\/a>\r\n                                    <a href=\"https:\/\/www.primor.eu\/es_es\/herbal-essences-acondicionador-purificante-e-hidratante-fresa-menta-86654.html\" class=\"product-item grid-table-rows\" target=\"_blank\">\r\n                        <div>\r\n                            <img decoding=\"async\" class=\"product-img\" width=\"80px\" height=\"80px\" src=\"https:\/\/www.primor.eu\/blog\/wp-content\/uploads\/2024\/08\/Captura4545_0935.png\" alt=\"Herbal Essences Acondicionador Purificante e Hidratante Fresa & Menta\">\r\n                        <\/div>\r\n\r\n                        <!-- Contenido de producto  -->\r\n                        <div>\r\n                            <div class=\"product-position\">\r\n                                #2                            <\/div>\r\n\r\n                            <h2>\r\n                                Herbal Essences Acondicionador Purificante e Hidratante Fresa & Menta                            <\/h2>\r\n                        <\/div>\r\n\r\n                        <!-- Imagen y\/o nombre de la marca -->\r\n                        <div>\r\n                                                            <img decoding=\"async\" width=\"70\" src=\"https:\/\/www.primor.eu\/blog\/wp-content\/uploads\/2023\/10\/Herbal_Essences.jpg\" alt=\"88139\">\r\n                                                    <\/div>\r\n\r\n                        <!-- Puntuaci\u00f3n del producto  -->\r\n                        <div class=\"rating\">\r\n                                                            <p>No hay valoraciones disponibles<\/p>\r\n                                                    <\/div>\r\n\r\n                        <!-- Bot\u00f3n de producto  -->\r\n                        <div>\r\n                            <span class=\"price-claim\">\r\n                                VER PRECIO                            <\/span>\r\n                        <\/div>\r\n                    <\/a>\r\n                                    <a href=\"https:\/\/www.primor.eu\/es_es\/ronney-acondicionador-grape-porosity-hair-99629.html\" class=\"product-item grid-table-rows\" target=\"_blank\">\r\n                        <div>\r\n                            <img decoding=\"async\" class=\"product-img\" width=\"80px\" height=\"80px\" src=\"https:\/\/www.primor.eu\/blog\/wp-content\/uploads\/2024\/08\/5060589159464_0aa6.jpg\" alt=\"Ronney Acondicionador Grape Porosity Hair\">\r\n                        <\/div>\r\n\r\n                        <!-- Contenido de producto  -->\r\n                        <div>\r\n                            <div class=\"product-position\">\r\n                                #3                            <\/div>\r\n\r\n                            <h2>\r\n                                Ronney Acondicionador Grape Porosity Hair                            <\/h2>\r\n                        <\/div>\r\n\r\n                        <!-- Imagen y\/o nombre de la marca -->\r\n                        <div>\r\n                                                            <img decoding=\"async\" width=\"70\" src=\"https:\/\/www.primor.eu\/blog\/wp-content\/uploads\/2024\/08\/ronney.jpg\" alt=\"111669\">\r\n                                                    <\/div>\r\n\r\n                        <!-- Puntuaci\u00f3n del producto  -->\r\n                        <div class=\"rating\">\r\n                                                            <p>No hay valoraciones disponibles<\/p>\r\n                                                    <\/div>\r\n\r\n                        <!-- Bot\u00f3n de producto  -->\r\n                        <div>\r\n                            <span class=\"price-claim\">\r\n                                VER PRECIO                            <\/span>\r\n                        <\/div>\r\n                    <\/a>\r\n                                    <a href=\"https:\/\/www.primor.eu\/es_es\/oblepikha-acondicionador-cabello-normal-y-graso-10050.html\" class=\"product-item grid-table-rows\" target=\"_blank\">\r\n                        <div>\r\n                            <img decoding=\"async\" class=\"product-img\" width=\"80px\" height=\"80px\" src=\"https:\/\/www.primor.eu\/blog\/wp-content\/uploads\/2024\/08\/2CA04096_1_fc0c.jpg\" alt=\"Oblepikha Acondicionador Cabello Normal y Graso\">\r\n                        <\/div>\r\n\r\n                        <!-- Contenido de producto  -->\r\n                        <div>\r\n                            <div class=\"product-position\">\r\n                                #4                            <\/div>\r\n\r\n                            <h2>\r\n                                Oblepikha Acondicionador Cabello Normal y Graso                            <\/h2>\r\n                        <\/div>\r\n\r\n                        <!-- Imagen y\/o nombre de la marca -->\r\n                        <div>\r\n                                                            <img decoding=\"async\" width=\"70\" src=\"https:\/\/www.primor.eu\/blog\/wp-content\/uploads\/2023\/11\/Oblepikha.jpg\" alt=\"90369\">\r\n                                                    <\/div>\r\n\r\n                        <!-- Puntuaci\u00f3n del producto  -->\r\n                        <div class=\"rating\">\r\n                                                            <p>No hay valoraciones disponibles<\/p>\r\n                                                    <\/div>\r\n\r\n                        <!-- Bot\u00f3n de producto  -->\r\n                        <div>\r\n                            <span class=\"price-claim\">\r\n                                VER PRECIO                            <\/span>\r\n                        <\/div>\r\n                    <\/a>\r\n                            <\/product-list>\r\n        <\/product-table>\r\n\r\n        \n\n\n\n<h3 class=\"wp-block-heading\">Hair Biology Purifica &amp; Reconstruye de Pantene&nbsp;<\/h3>\n\n\n\n<p>Este acondicionador para puntas da\u00f1adas y ra\u00edces grasas, nutre las puntas da\u00f1adas, no apelmaza el pelo y deja el pelo con aspecto sano y con movimiento.<\/p>\n\n\n       \r\n        \n\n\n\n<h3 class=\"wp-block-heading\">Herbal Essence Acondicionador Purificante e Hidratante Fresa &amp; Menta&nbsp;<\/h3>\n\n\n\n<p>El Herbal Essence Acondicionador Purificante e Hidratante Fresa &amp; Menta purifica las ra\u00edces e hidrata las puntas del cabello, dej\u00e1ndolo m\u00e1s suave y liso, mientras utiliza ingredientes de origen vegetal y envases sostenibles para revitalizar tanto el cabello como el medioambiente.<\/p>\n\n\n       \r\n        \n\n\n\n<h3 class=\"wp-block-heading\">Rooney Acondicionador Grape Porosity Hair<\/h3>\n\n\n\n<p>Este acondicionador revitalizante para cabellos muy porosos con aceite de semilla de uva es la soluci\u00f3n perfecta para tu cabello. La f\u00f3rmula exclusiva del acondicionador act\u00faa de forma integral para reparar y fortalecer el cabello da\u00f1ado. Como resultado, tu cabello quedar\u00e1 suave, sedoso y menos propenso a la rotura.<\/p>\n\n\n    <a class='product' target='_blank' href='https:\/\/www.primor.eu\/es_es\/ronney-acondicionador-grape-porosity-hair-99629.html'>\r\n        <img loading='async' src='https:\/\/cdn2.primor.eu\/media\/catalog\/product\/cache\/8d3aba296f7a18b5251ee30fa5db42b2\/5\/0\/5060589159464_0aa6.jpg' alt='COMPRAR AHORA'>\r\n            <div class=\"claim\">\r\n                COMPRAR AHORA            <\/div>\r\n        <\/a>\r\n    \n\n\n\n<h3 class=\"wp-block-heading\">Oblepikha Acondicionador Cabello Normal y Graso<\/h3>\n\n\n\n<p>El acondicionador Oblepikha nutre y protege el cabello de la exposici\u00f3n al calor durante el secado. Tambi\u00e9n tiene acci\u00f3n antiinflamatoria que ayuda a prevenir la caspa. Su f\u00f3rmula con vitaminas y los amino\u00e1cidos nutren y reparan el cabello, y el aceite de oblepikha de Alt\u00e1i y el aceite de arg\u00e1n de Marruecos ayudan a producir queratina natural, obteniendo un cabello brillante y fuerte.<\/p>\n\n\n    <a class='product' target='_blank' href='https:\/\/www.primor.eu\/es_es\/oblepikha-acondicionador-cabello-normal-y-graso-10050.html'>\r\n        <img loading='async' src='https:\/\/cdn2.primor.eu\/media\/catalog\/product\/cache\/8d3aba296f7a18b5251ee30fa5db42b2\/2\/C\/2CA04096_1_fc0c.jpg' alt='COMPRAR AHORA'>\r\n            <div class=\"claim\">\r\n                COMPRAR AHORA            <\/div>\r\n        <\/a>\r\n    \n\n\n\n<h3 class=\"wp-block-heading\">Carb\u00f3n magn\u00e9tico y Semilla Negra de Original Remedies Acondicionador<\/h3>\n\n\n\n<p>El acondicionador equilibrante sin siliconas de Original Remedies hidrata en profundidad y desenreda el cabello para un acabado perfecto durante 72h. El carb\u00f3n purificante originario de Jap\u00f3n es capaz de absorber el 100% de su volumen, aportando propiedades purificantes y detox. El aceite de semilla negra es un poderoso hidratante originario de Egipto utilizado en las rutinas de belleza de la antig\u00fcedad.<\/p>\n\n\n    <a class='product' target='_blank' href='https:\/\/www.primor.eu\/es_es\/garnier-acondicionador-equilibrante-con-carbon-magnetico-aceite-de-semilla-negra-75885.html'>\r\n        <img loading='async' src='https:\/\/cdn2.primor.eu\/media\/catalog\/product\/cache\/8d3aba296f7a18b5251ee30fa5db42b2\/a\/c\/acondicionador_equilibrante_con_carbon_magnetico_aceite_de_semilla_negra_2fa8.jpg' alt='COMPRAR AHORA'>\r\n            <div class=\"claim\">\r\n                COMPRAR AHORA            <\/div>\r\n        <\/a>\r\n    \n\n\n<div class=\"kk-star-ratings kksr-auto kksr-align-center kksr-valign-bottom\"\n    data-payload='{&quot;align&quot;:&quot;center&quot;,&quot;id&quot;:&quot;111635&quot;,&quot;slug&quot;:&quot;default&quot;,&quot;valign&quot;:&quot;bottom&quot;,&quot;ignore&quot;:&quot;&quot;,&quot;reference&quot;:&quot;auto&quot;,&quot;class&quot;:&quot;&quot;,&quot;count&quot;:&quot;1&quot;,&quot;legendonly&quot;:&quot;&quot;,&quot;readonly&quot;:&quot;&quot;,&quot;score&quot;:&quot;2&quot;,&quot;starsonly&quot;:&quot;&quot;,&quot;best&quot;:&quot;5&quot;,&quot;gap&quot;:&quot;5&quot;,&quot;greet&quot;:&quot;Valora este art\u00edculo&quot;,&quot;legend&quot;:&quot;2\\\/5 - (1 voto)&quot;,&quot;size&quot;:&quot;24&quot;,&quot;title&quot;:&quot;Los 5 mejores acondicionadores para el pelo graso&quot;,&quot;width&quot;:&quot;55.5&quot;,&quot;_legend&quot;:&quot;{score}\\\/{best} - ({count} {votes})&quot;,&quot;font_factor&quot;:&quot;1.25&quot;}'>\n            \n<div class=\"kksr-stars\">\n    \n<div class=\"kksr-stars-inactive\">\n            <div class=\"kksr-star\" data-star=\"1\" style=\"padding-right: 5px\">\n            \n\n<div class=\"kksr-icon\" style=\"width: 24px; height: 24px;\"><\/div>\n        <\/div>\n            <div class=\"kksr-star\" data-star=\"2\" style=\"padding-right: 5px\">\n            \n\n<div class=\"kksr-icon\" style=\"width: 24px; height: 24px;\"><\/div>\n        <\/div>\n            <div class=\"kksr-star\" data-star=\"3\" style=\"padding-right: 5px\">\n            \n\n<div class=\"kksr-icon\" style=\"width: 24px; height: 24px;\"><\/div>\n        <\/div>\n            <div class=\"kksr-star\" data-star=\"4\" style=\"padding-right: 5px\">\n            \n\n<div class=\"kksr-icon\" style=\"width: 24px; height: 24px;\"><\/div>\n        <\/div>\n            <div class=\"kksr-star\" data-star=\"5\" style=\"padding-right: 5px\">\n            \n\n<div class=\"kksr-icon\" style=\"width: 24px; height: 24px;\"><\/div>\n        <\/div>\n    <\/div>\n    \n<div class=\"kksr-stars-active\" style=\"width: 55.5px;\">\n            <div class=\"kksr-star\" style=\"padding-right: 5px\">\n            \n\n<div class=\"kksr-icon\" style=\"width: 24px; height: 24px;\"><\/div>\n        <\/div>\n            <div class=\"kksr-star\" style=\"padding-right: 5px\">\n            \n\n<div class=\"kksr-icon\" style=\"width: 24px; height: 24px;\"><\/div>\n        <\/div>\n            <div class=\"kksr-star\" style=\"padding-right: 5px\">\n            \n\n<div class=\"kksr-icon\" style=\"width: 24px; height: 24px;\"><\/div>\n        <\/div>\n            <div class=\"kksr-star\" style=\"padding-right: 5px\">\n            \n\n<div class=\"kksr-icon\" style=\"width: 24px; height: 24px;\"><\/div>\n        <\/div>\n            <div class=\"kksr-star\" style=\"padding-right: 5px\">\n            \n\n<div class=\"kksr-icon\" style=\"width: 24px; height: 24px;\"><\/div>\n        <\/div>\n    <\/div>\n<\/div>\n                \n\n<div class=\"kksr-legend\" style=\"font-size: 19.2px;\">\n            2\/5 - (1 voto)    <\/div>\n    <\/div>\n","protected":false},"excerpt":{"rendered":"<p>Son muchos los factores externos que afectan cada d\u00eda tanto a nuestra piel como al cabello. Desde la contaminaci\u00f3n, el propio aire, el estr\u00e9s, los cambios de temperatura o la alimentaci\u00f3n. Todo ello afecta de forma directa al cabello, es decir, al aumento de sebo dando lugar a un cabello graso. Los acondicionadores para pelo [&hellip;]<\/p>\n","protected":false},"author":14,"featured_media":111694,"comment_status":"closed","ping_status":"closed","sticky":false,"template":"","format":"standard","meta":{"jnews-multi-image_gallery":[],"jnews_single_post":{"subtitle":"","format":"standard","video":"","gallery":"","source_name":"","source_url":"","via_name":"","via_url":"","override_template":"0","override":[{"template":"1","single_blog_custom":"","parallax":"1","fullscreen":"1","layout":"right-sidebar","sidebar":"home-2","second_sidebar":"default-sidebar","sticky_sidebar":"0","share_position":"float","share_float_style":"share-monocrhome","show_share_counter":"0","show_view_counter":"0","show_featured":"1","show_post_meta":"1","show_post_author":"0","show_post_author_image":"1","show_post_date":"1","post_date_format":"default","post_date_format_custom":"Y\/m\/d","show_post_category":"1","show_post_reading_time":"0","post_reading_time_wpm":"300","show_zoom_button":"0","zoom_button_out_step":"2","zoom_button_in_step":"3","show_post_tag":"0","show_prev_next_post":"0","show_popup_post":"0","number_popup_post":"2","show_author_box":"0","show_post_related":"0","show_inline_post_related":"1"}],"override_image_size":"0","image_override":[{"single_post_thumbnail_size":"no-crop","single_post_gallery_size":"crop-500"}],"trending_post":"0","trending_post_position":"meta","trending_post_label":"Trending","sponsored_post":"0","sponsored_post_label":"Sponsored by","sponsored_post_name":"","sponsored_post_url":"","sponsored_post_logo_enable":"0","sponsored_post_logo":"","sponsored_post_desc":"","disable_ad":"0"},"jnews_primary_category":{"id":"","hide":""},"jnews_social_meta":{"fb_title":"","fb_description":"","fb_image":"","twitter_title":"","twitter_description":"","twitter_image":""},"jnews_override_counter":{"override_view_counter":"0","view_counter_number":"0","override_share_counter":"0","share_counter_number":"0","override_like_counter":"0","like_counter_number":"0","override_dislike_counter":"0","dislike_counter_number":"0"},"footnotes":""},"categories":[35],"tags":[],"class_list":["post-111635","post","type-post","status-publish","format-standard","has-post-thumbnail","hentry","category-cabello"],"_links":{"self":[{"href":"https:\/\/www.primor.eu\/blog\/wp-json\/wp\/v2\/posts\/111635","targetHints":{"allow":["GET"]}}],"collection":[{"href":"https:\/\/www.primor.eu\/blog\/wp-json\/wp\/v2\/posts"}],"about":[{"href":"https:\/\/www.primor.eu\/blog\/wp-json\/wp\/v2\/types\/post"}],"author":[{"embeddable":true,"href":"https:\/\/www.primor.eu\/blog\/wp-json\/wp\/v2\/users\/14"}],"replies":[{"embeddable":true,"href":"https:\/\/www.primor.eu\/blog\/wp-json\/wp\/v2\/comments?post=111635"}],"version-history":[{"count":1,"href":"https:\/\/www.primor.eu\/blog\/wp-json\/wp\/v2\/posts\/111635\/revisions"}],"predecessor-version":[{"id":111701,"href":"https:\/\/www.primor.eu\/blog\/wp-json\/wp\/v2\/posts\/111635\/revisions\/111701"}],"wp:featuredmedia":[{"embeddable":true,"href":"https:\/\/www.primor.eu\/blog\/wp-json\/wp\/v2\/media\/111694"}],"wp:attachment":[{"href":"https:\/\/www.primor.eu\/blog\/wp-json\/wp\/v2\/media?parent=111635"}],"wp:term":[{"taxonomy":"category","embeddable":true,"href":"https:\/\/www.primor.eu\/blog\/wp-json\/wp\/v2\/categories?post=111635"},{"taxonomy":"post_tag","embeddable":true,"href":"https:\/\/www.primor.eu\/blog\/wp-json\/wp\/v2\/tags?post=111635"}],"curies":[{"name":"wp","href":"https:\/\/api.w.org\/{rel}","templated":true}]}}