{"id":111276,"date":"2025-09-04T12:07:28","date_gmt":"2025-09-04T12:07:28","guid":{"rendered":"https:\/\/www.primor.eu\/blog\/?p=111276"},"modified":"2025-09-04T12:07:30","modified_gmt":"2025-09-04T12:07:30","slug":"fresa-piel-cabello","status":"publish","type":"post","link":"https:\/\/www.primor.eu\/blog\/fresa-piel-cabello\/","title":{"rendered":"Fresa para la piel y el cabello: propiedades y beneficios"},"content":{"rendered":"\n<p>La <strong>fresa<\/strong> no solo es una fruta deliciosa y refrescante, sino que tambi\u00e9n es un potente aliado para la <strong>salud<\/strong> de la <strong>piel<\/strong> y el <strong>cabello<\/strong>. Rica en <strong>antioxidantes<\/strong>, vitaminas y otros compuestos beneficiosos, la fresa ofrece m\u00faltiples propiedades que pueden mejorar la apariencia y salud general de la piel y el cabello. A continuaci\u00f3n, te detallo en profundidad sus propiedades y beneficios.<\/p>\n\n\n\n<h2 class=\"wp-block-heading\">Por qu\u00e9 usar la fresa en mi rutina<\/h2>\n\n\n\n<ul class=\"wp-block-list\">\n<li><strong>Rica en vitamina C<\/strong>. La fresa es una fuente excelente de vitamina C, un antioxidante esencial que combate los radicales libres, protege la piel del da\u00f1o ambiental y promueve la producci\u00f3n de col\u00e1geno.<\/li>\n\n\n\n<li><strong>Antioxidantes<\/strong>. Contiene flavonoides, \u00e1cido el\u00e1gico y antocianinas, todos ellos poderosos antioxidantes que ayudan a combatir el envejecimiento prematuro, reducen la inflamaci\u00f3n y protegen contra el da\u00f1o causado por los rayos UV.<\/li>\n\n\n\n<li><strong>\u00c1cidos alfa-hidroxi\u00e1cidos (AHA)<\/strong>. Las fresas contienen AHA naturales, que exfolian suavemente la piel, eliminan las c\u00e9lulas muertas y promueven la renovaci\u00f3n celular.<\/li>\n\n\n\n<li><strong>Alto contenido en agua<\/strong>, Aproximadamente el 91% de la fresa es agua, lo que la convierte en un hidratante natural, ideal para mantener la piel y el cabello bien hidratados.<\/li>\n\n\n\n<li><strong>Fibra diet\u00e9tica<\/strong>. La fibra presente en las fresas contribuye a la salud digestiva, lo que tambi\u00e9n se refleja en una piel m\u00e1s clara y sin imperfecciones.<\/li>\n<\/ul>\n\n\n\n<h2 class=\"wp-block-heading\">Beneficios en la piel<\/h2>\n\n\n\n<ul class=\"wp-block-list\">\n<li><strong>Efecto antienvejecimiento<\/strong>. Gracias a su alto contenido en vitamina C y antioxidantes, las fresas ayudan a combatir los signos del envejecimiento, como arrugas y l\u00edneas finas. El \u00e1cido el\u00e1gico en particular, protege las fibras de col\u00e1geno en la piel, previniendo su degradaci\u00f3n y manteniendo la piel firme y el\u00e1stica.<\/li>\n\n\n\n<li><strong>Exfoliaci\u00f3n natural<\/strong>. Los AHA presentes en las fresas ayudan a exfoliar la piel, eliminando las c\u00e9lulas muertas y promoviendo la renovaci\u00f3n celular. Por lo que, el resultado es una piel m\u00e1s suave, luminosa y con un tono m\u00e1s uniforme.<\/li>\n\n\n\n<li><strong>Reducci\u00f3n de manchas y decoloraci\u00f3n<\/strong>. El \u00e1cido el\u00e1gico tambi\u00e9n act\u00faa inhibiendo la producci\u00f3n de melanina, lo que ayuda a reducir la hiperpigmentaci\u00f3n y las manchas oscuras. Aplicar fresas o productos derivados puede aclarar estas manchas con el tiempo.<\/li>\n\n\n\n<li><strong>Hidrataci\u00f3n intensa<\/strong>. Debido a su alto contenido en agua, las fresas son excelentes para mantener la piel hidratada. Adem\u00e1s, su aplicaci\u00f3n t\u00f3pica puede ayudar a calmar la piel seca y escamosa.<\/li>\n\n\n\n<li><strong>Tratamiento contra el acn\u00e9<\/strong>. La combinaci\u00f3n de vitamina C, AHA y \u00e1cido salic\u00edlico natural en las fresas ayuda a tratar el acn\u00e9. Estos componentes ayudan a limpiar los poros, reducir la inflamaci\u00f3n y prevenir futuros brotes.<\/li>\n\n\n\n<li><strong>Alivio para la piel irritada<\/strong>. Las propiedades antiinflamatorias de las fresas pueden ayudar a calmar la piel irritada o enrojecida, siendo \u00fatiles para personas con condiciones como la ros\u00e1cea o la piel sensible.<\/li>\n\n\n\n<li><strong>Protecci\u00f3n solar natural<\/strong>. Aunque no sustituyen el protector solar, los antioxidantes presentes en las fresas, especialmente el \u00e1cido el\u00e1gico, pueden ofrecer una protecci\u00f3n adicional contra el da\u00f1o de los rayos UV, ayudando a prevenir el da\u00f1o solar y las quemaduras.<\/li>\n<\/ul>\n\n\n\n<h2 class=\"wp-block-heading\">Beneficios en el cabello<\/h2>\n\n\n\n<ul class=\"wp-block-list\">\n<li><strong>Estimula el crecimiento del cabello<\/strong>. Las fresas son ricas en vitamina C, que es esencial para la producci\u00f3n de col\u00e1geno. Un <a href=\"https:\/\/www.primor.eu\/blog\/mejores-productos-cuidado-cuero-cabelludo\/\">cuero cabelludo saludable<\/a> con una adecuada producci\u00f3n de col\u00e1geno fomenta un crecimiento m\u00e1s fuerte y r\u00e1pido del cabello.<\/li>\n\n\n\n<li><strong>Controla la ca\u00edda<\/strong>. La vitamina C tambi\u00e9n ayuda a prevenir la ca\u00edda del cabello al fortalecer las ra\u00edces y fol\u00edculos pilosos. Adem\u00e1s, los antioxidantes en las fresas protegen el cuero cabelludo de los da\u00f1os, reduciendo as\u00ed la ca\u00edda excesiva del cabello.<\/li>\n\n\n\n<li><strong>Aporta brillo natural<\/strong>. Sus propiedades hidratantes y su alto contenido en vitamina C ayudan a cerrar la cut\u00edcula del cabello, lo que resulta en un cabello m\u00e1s brillante y suave.<\/li>\n\n\n\n<li><strong>Combate la caspa<\/strong>. Las fresas tienen propiedades antif\u00fangicas y antiinflamatorias que pueden ayudar a reducir la caspa y las condiciones del cuero cabelludo seco. Aplicar fresas en el cuero cabelludo puede ayudar a mantenerlo limpio y libre de escamas.<\/li>\n\n\n\n<li><strong>Hidrataci\u00f3n profunda<\/strong>. El alto contenido de agua en las fresas, junto con sus propiedades humectantes, las hace ideales para hidratar el cabello seco y da\u00f1ado. Esto es especialmente \u00fatil en climas secos o en cabellos que han sido tratados qu\u00edmicamente.<\/li>\n\n\n\n<li><strong>Fortalece el cabello<\/strong>. Las fresas contienen minerales como el magnesio y el cobre, que son esenciales para mantener la fortaleza del cabello. Estos minerales ayudan a nutrir el cabello desde la ra\u00edz, previniendo la rotura y las puntas abiertas.<\/li>\n<\/ul>\n\n\n<div class=\"kk-star-ratings kksr-auto kksr-align-center kksr-valign-bottom\"\n    data-payload='{&quot;align&quot;:&quot;center&quot;,&quot;id&quot;:&quot;111276&quot;,&quot;slug&quot;:&quot;default&quot;,&quot;valign&quot;:&quot;bottom&quot;,&quot;ignore&quot;:&quot;&quot;,&quot;reference&quot;:&quot;auto&quot;,&quot;class&quot;:&quot;&quot;,&quot;count&quot;:&quot;1&quot;,&quot;legendonly&quot;:&quot;&quot;,&quot;readonly&quot;:&quot;&quot;,&quot;score&quot;:&quot;5&quot;,&quot;starsonly&quot;:&quot;&quot;,&quot;best&quot;:&quot;5&quot;,&quot;gap&quot;:&quot;5&quot;,&quot;greet&quot;:&quot;Valora este art\u00edculo&quot;,&quot;legend&quot;:&quot;5\\\/5 - (1 voto)&quot;,&quot;size&quot;:&quot;24&quot;,&quot;title&quot;:&quot;Fresa para la piel y el cabello: propiedades y beneficios&quot;,&quot;width&quot;:&quot;142.5&quot;,&quot;_legend&quot;:&quot;{score}\\\/{best} - ({count} {votes})&quot;,&quot;font_factor&quot;:&quot;1.25&quot;}'>\n            \n<div class=\"kksr-stars\">\n    \n<div class=\"kksr-stars-inactive\">\n            <div class=\"kksr-star\" data-star=\"1\" style=\"padding-right: 5px\">\n            \n\n<div class=\"kksr-icon\" style=\"width: 24px; height: 24px;\"><\/div>\n        <\/div>\n            <div class=\"kksr-star\" data-star=\"2\" style=\"padding-right: 5px\">\n            \n\n<div class=\"kksr-icon\" style=\"width: 24px; height: 24px;\"><\/div>\n        <\/div>\n            <div class=\"kksr-star\" data-star=\"3\" style=\"padding-right: 5px\">\n            \n\n<div class=\"kksr-icon\" style=\"width: 24px; height: 24px;\"><\/div>\n        <\/div>\n            <div class=\"kksr-star\" data-star=\"4\" style=\"padding-right: 5px\">\n            \n\n<div class=\"kksr-icon\" style=\"width: 24px; height: 24px;\"><\/div>\n        <\/div>\n            <div class=\"kksr-star\" data-star=\"5\" style=\"padding-right: 5px\">\n            \n\n<div class=\"kksr-icon\" style=\"width: 24px; height: 24px;\"><\/div>\n        <\/div>\n    <\/div>\n    \n<div class=\"kksr-stars-active\" style=\"width: 142.5px;\">\n            <div class=\"kksr-star\" style=\"padding-right: 5px\">\n            \n\n<div class=\"kksr-icon\" style=\"width: 24px; height: 24px;\"><\/div>\n        <\/div>\n            <div class=\"kksr-star\" style=\"padding-right: 5px\">\n            \n\n<div class=\"kksr-icon\" style=\"width: 24px; height: 24px;\"><\/div>\n        <\/div>\n            <div class=\"kksr-star\" style=\"padding-right: 5px\">\n            \n\n<div class=\"kksr-icon\" style=\"width: 24px; height: 24px;\"><\/div>\n        <\/div>\n            <div class=\"kksr-star\" style=\"padding-right: 5px\">\n            \n\n<div class=\"kksr-icon\" style=\"width: 24px; height: 24px;\"><\/div>\n        <\/div>\n            <div class=\"kksr-star\" style=\"padding-right: 5px\">\n            \n\n<div class=\"kksr-icon\" style=\"width: 24px; height: 24px;\"><\/div>\n        <\/div>\n    <\/div>\n<\/div>\n                \n\n<div class=\"kksr-legend\" style=\"font-size: 19.2px;\">\n            5\/5 - (1 voto)    <\/div>\n    <\/div>\n","protected":false},"excerpt":{"rendered":"<p>La fresa no solo es una fruta deliciosa y refrescante, sino que tambi\u00e9n es un potente aliado para la salud de la piel y el cabello. Rica en antioxidantes, vitaminas y otros compuestos beneficiosos, la fresa ofrece m\u00faltiples propiedades que pueden mejorar la apariencia y salud general de la piel y el cabello. A continuaci\u00f3n, [&hellip;]<\/p>\n","protected":false},"author":14,"featured_media":111300,"comment_status":"closed","ping_status":"closed","sticky":false,"template":"","format":"standard","meta":{"jnews-multi-image_gallery":[],"jnews_single_post":{"subtitle":"","format":"standard","video":"","gallery":"","source_name":"","source_url":"","via_name":"","via_url":"","override_template":"0","override":[{"template":"1","single_blog_custom":"","parallax":"1","fullscreen":"1","layout":"right-sidebar","sidebar":"home-2","second_sidebar":"default-sidebar","sticky_sidebar":"0","share_position":"float","share_float_style":"share-monocrhome","show_share_counter":"0","show_view_counter":"0","show_featured":"1","show_post_meta":"1","show_post_author":"0","show_post_author_image":"1","show_post_date":"1","post_date_format":"default","post_date_format_custom":"Y\/m\/d","show_post_category":"1","show_post_reading_time":"0","post_reading_time_wpm":"300","show_zoom_button":"0","zoom_button_out_step":"2","zoom_button_in_step":"3","show_post_tag":"0","show_prev_next_post":"0","show_popup_post":"0","number_popup_post":"2","show_author_box":"0","show_post_related":"0","show_inline_post_related":"1"}],"override_image_size":"0","image_override":[{"single_post_thumbnail_size":"no-crop","single_post_gallery_size":"crop-500"}],"trending_post":"0","trending_post_position":"meta","trending_post_label":"Trending","sponsored_post":"0","sponsored_post_label":"Sponsored by","sponsored_post_name":"","sponsored_post_url":"","sponsored_post_logo_enable":"0","sponsored_post_logo":"","sponsored_post_desc":"","disable_ad":"0"},"jnews_primary_category":{"id":"","hide":""},"jnews_social_meta":{"fb_title":"","fb_description":"","fb_image":"","twitter_title":"","twitter_description":"","twitter_image":""},"jnews_override_counter":{"override_view_counter":"0","view_counter_number":"0","override_share_counter":"0","share_counter_number":"0","override_like_counter":"0","like_counter_number":"0","override_dislike_counter":"0","dislike_counter_number":"0"},"footnotes":""},"categories":[6299],"tags":[],"class_list":["post-111276","post","type-post","status-publish","format-standard","has-post-thumbnail","hentry","category-bienestar"],"_links":{"self":[{"href":"https:\/\/www.primor.eu\/blog\/wp-json\/wp\/v2\/posts\/111276","targetHints":{"allow":["GET"]}}],"collection":[{"href":"https:\/\/www.primor.eu\/blog\/wp-json\/wp\/v2\/posts"}],"about":[{"href":"https:\/\/www.primor.eu\/blog\/wp-json\/wp\/v2\/types\/post"}],"author":[{"embeddable":true,"href":"https:\/\/www.primor.eu\/blog\/wp-json\/wp\/v2\/users\/14"}],"replies":[{"embeddable":true,"href":"https:\/\/www.primor.eu\/blog\/wp-json\/wp\/v2\/comments?post=111276"}],"version-history":[{"count":2,"href":"https:\/\/www.primor.eu\/blog\/wp-json\/wp\/v2\/posts\/111276\/revisions"}],"predecessor-version":[{"id":131617,"href":"https:\/\/www.primor.eu\/blog\/wp-json\/wp\/v2\/posts\/111276\/revisions\/131617"}],"wp:featuredmedia":[{"embeddable":true,"href":"https:\/\/www.primor.eu\/blog\/wp-json\/wp\/v2\/media\/111300"}],"wp:attachment":[{"href":"https:\/\/www.primor.eu\/blog\/wp-json\/wp\/v2\/media?parent=111276"}],"wp:term":[{"taxonomy":"category","embeddable":true,"href":"https:\/\/www.primor.eu\/blog\/wp-json\/wp\/v2\/categories?post=111276"},{"taxonomy":"post_tag","embeddable":true,"href":"https:\/\/www.primor.eu\/blog\/wp-json\/wp\/v2\/tags?post=111276"}],"curies":[{"name":"wp","href":"https:\/\/api.w.org\/{rel}","templated":true}]}}