{"id":111237,"date":"2024-08-31T15:00:00","date_gmt":"2024-08-31T15:00:00","guid":{"rendered":"https:\/\/www.primor.eu\/blog\/?p=111237"},"modified":"2025-09-11T12:56:55","modified_gmt":"2025-09-11T12:56:55","slug":"depilacion-cejas-hombres","status":"publish","type":"post","link":"https:\/\/www.primor.eu\/blog\/depilacion-cejas-hombres\/","title":{"rendered":"Hombres, esto es todo lo que necesit\u00e1is saber para depilaros las cejas"},"content":{"rendered":"\n<p>La <strong>depilaci\u00f3n de cejas<\/strong> en <a href=\"https:\/\/www.primor.eu\/blog\/dermatitis-seborreica-barba\/\" data-type=\"link\" data-id=\"https:\/\/www.primor.eu\/blog\/dermatitis-seborreica-barba\/\"><strong>hombres<\/strong> <\/a>es algo cada vez m\u00e1s com\u00fan. No solamente las mujeres queremos tener el entrecejo despejado y una forma de cejas que sea arm\u00f3nica con nuestro rostro. Y es que la forma de las cejas puede potenciar tus rasgos. Lo ideal es que, tanto para hombres como para mujeres, la depilaci\u00f3n de cejas tenga un resultado lo m\u00e1s natural posible. Si te quieres lanzar al mundo de moldear esta parte de tu rostro para resaltar tu belleza, hoy veremos todo sobre la depilaci\u00f3n de cejas en hombres.<\/p>\n\n\n\n<h2 class=\"wp-block-heading\">Errores a tener en cuenta con la depilaci\u00f3n de cejas en hombres<\/h2>\n\n\n\n<p>Vamos a comenzar por algo que se hace muy importante a la hora de depilarse las cejas. Muchas veces los pelos que eliminamos de las cejas no crecen m\u00e1s o lo hacen escasamente. Esto hace que sea muy importante saber qu\u00e9 forma se quiere exactamente y se tengan en cuenta estos puntos que vamos a ver para la depilaci\u00f3n de cejas en hombres. Esto es lo que no deber\u00edas hacer si quieres un buen resultado:<\/p>\n\n\n\n<ul class=\"wp-block-list\">\n<li><strong>No adaptarte a tu rostro<\/strong>: ya que la forma de las cejas debe potenciar tu belleza y, para ello, ser arm\u00f3nica con las proporciones de tu rostro. Una gu\u00eda sencilla es evitar que la ceja se curve demasiado o que termine muy fina.<\/li>\n\n\n\n<li><strong>Depilarte con prisa<\/strong>: ya lo hemos dicho. Algunos pelos que eliminas de tus cejas no vuelven a salir. Esto hace que no sea en absoluto buena idea depilarte las cejas con prisa. Depilarte las cejas requiere que, para seguir una forma, mires una y varias veces c\u00f3mo ser\u00eda quitarte uno o dos pelos. Porque sacarte dos pelos puede cambiar por completo la forma de tu ceja.<\/li>\n\n\n\n<li>Dejar las <strong>cejas muy finas<\/strong>: Uno de los errores m\u00e1s comunes es eliminar demasiado vello, lo que resulta en cejas muy finas o con formas poco masculinas.<\/li>\n\n\n\n<li><strong>Hacerlo solo<\/strong>: cuidado con las cejas demasiado curvadas. Esta forma de cejas no queda bien normalmente ni en los casos de depilaci\u00f3n de cejas en hombres ni en los de mujeres.&nbsp;<\/li>\n<\/ul>\n\n\n\n<h2 class=\"wp-block-heading\">Recomendaciones para la depilaci\u00f3n de cejas en hombres<\/h2>\n\n\n\n<p>Una vez que hemos visto cu\u00e1les pueden ser los errores en el proceso de depilaci\u00f3n de cejas en hombres, vamos a ver algunos consejos que te pueden ayudar mucho:<\/p>\n\n\n\n<ul class=\"wp-block-list\">\n<li><strong>Busca referencias<\/strong>: al igual que cuando vas a cambiar de look y buscas inspiraci\u00f3n en las revistas o en las redes sociales o para un nuevo corte de pelo. Como hemos dicho, las cejas determinan por completo la expresi\u00f3n de la cara. Por eso, tambi\u00e9n en los casos de depilaci\u00f3n de cejas en hombres es m\u00e1s que aconsejable que busques referencias. Puedes buscar hombres cuya forma de las cejas te guste o, tambi\u00e9n im\u00e1genes de algunos a los que creas que te pareces f\u00edsicamente. En este \u00faltimo caso acertar\u00e1s con la forma de cejas adecuada para tus facciones. Si vas al sal\u00f3n y te pones en manos de profesionales, \u00a1no olvides ense\u00f1arles las referencias! pocas cosas ayudan m\u00e1s\u2026<\/li>\n\n\n\n<li><strong>Usa buenas pinzas<\/strong>: tanto que sean eficientes como que no te hagan demasiado da\u00f1o.<\/li>\n\n\n\n<li><strong>No lo hagas solo<\/strong>: en el caso de que creas que no tienes las directrices est\u00e9ticas suficientes como para dejarte la forma bien hecha. En estos casos lo mejor es que le pidas ayuda a alguien que depile bien las cejas o vayas a un sal\u00f3n de belleza.<\/li>\n\n\n\n<li><strong>Hazlo con espejo de aumento<\/strong>: si te apetece depilarte las cejas a ti mismo porque se te da bien o porque ya has aprendido o solo son un par de pelos, lo mejor es que te hagas con un espejo de aumento. Estos espejos son perfectos para la depilaci\u00f3n de cejas, adem\u00e1s de para el maquillaje y otros tratamientos de belleza y est\u00e9tica.<\/li>\n<\/ul>\n\n\n\n<h2 class=\"wp-block-heading\">Las mejores pinzas para las cejas<\/h2>\n\n\n\n<h3 class=\"wp-block-heading\">Pinza de Cejas Recta de Beter<\/h3>\n\n\n\n<p>Esta pinza de cejas es \u00fanica e inimitable en su estilo. Gracias a su punta recta, ofrece una sujeci\u00f3n f\u00e1cil y firme del pelo a retirar, lo que la convierte en una aliada indispensable para tu rutina de cuidado personal.<\/p>\n\n\n\n<p>Con la pinza de cejas BETER, puedes confiar en m\u00e1xima precisi\u00f3n y eficacia en cada uso. Ya sea para dar forma a tus cejas o para eliminar vello no deseado en otras \u00e1reas del rostro, esta herramienta es tu mejor opci\u00f3n.<\/p>\n\n\n\n<p>A\u00f1ade la pinza de cejas BETER Punta Recta Pavonada a tu set de belleza y experimenta la diferencia que ofrece una herramienta de calidad y confianza. Descubre por qu\u00e9 esta pinza cejas es la preferida de tantas personas en todo el mundo.<\/p>\n\n\n    <a class='product' target='_blank' href='https:\/\/www.primor.eu\/es_es\/beter-pinza-de-cejas-recta-20325.html'>\r\n        <img loading='async' src='https:\/\/cdn2.primor.eu\/media\/catalog\/product\/cache\/8d3aba296f7a18b5251ee30fa5db42b2\/6\/V\/6VA00159_1_96e8.jpg' alt='COMPRAR AHORA'>\r\n            <div class=\"claim\">\r\n                COMPRAR AHORA            <\/div>\r\n        <\/a>\r\n    \n\n\n<h3 class=\"wp-block-heading\">Brow Tweezer Pinza Para Cejas de Essence<\/h3>\n\n\n\n<p>Es una herramienta de la marca\u00a0<strong>ESSENCE<\/strong>\u00a0dise\u00f1ada para facilitar la depilaci\u00f3n del vello facial. Gracias a su punta angulada, la\u00a0<strong>pinza para cejas<\/strong>\u00a0<strong>ESSENCE Brow Tweezer<\/strong>\u00a0permite un agarre firme del pelo, lo que ayuda a definir las cejas con mayor precisi\u00f3n. Puede utilizarse tanto para retoques r\u00e1pidos como para dar forma completa a las cejas. <\/p>\n\n\n    <a class='product' target='_blank' href='https:\/\/www.primor.eu\/es_es\/essence-pinza-para-cejas-123947.html'>\r\n        <img loading='async' src='https:\/\/cdn2.primor.eu\/media\/catalog\/product\/cache\/8d3aba296f7a18b5251ee30fa5db42b2\/4\/0\/4059729516794_essence_brow_tweezer_a1ce.jpg' alt='COMPRAR AHORA'>\r\n            <div class=\"claim\">\r\n                COMPRAR AHORA            <\/div>\r\n        <\/a>\r\n    \n\n<div class=\"kk-star-ratings kksr-auto kksr-align-center kksr-valign-bottom\"\n    data-payload='{&quot;align&quot;:&quot;center&quot;,&quot;id&quot;:&quot;111237&quot;,&quot;slug&quot;:&quot;default&quot;,&quot;valign&quot;:&quot;bottom&quot;,&quot;ignore&quot;:&quot;&quot;,&quot;reference&quot;:&quot;auto&quot;,&quot;class&quot;:&quot;&quot;,&quot;count&quot;:&quot;0&quot;,&quot;legendonly&quot;:&quot;&quot;,&quot;readonly&quot;:&quot;&quot;,&quot;score&quot;:&quot;0&quot;,&quot;starsonly&quot;:&quot;&quot;,&quot;best&quot;:&quot;5&quot;,&quot;gap&quot;:&quot;5&quot;,&quot;greet&quot;:&quot;Valora este art\u00edculo&quot;,&quot;legend&quot;:&quot;0\\\/5 - (0 votos)&quot;,&quot;size&quot;:&quot;24&quot;,&quot;title&quot;:&quot;Hombres, esto es todo lo que necesit\u00e1is saber para depilaros las cejas&quot;,&quot;width&quot;:&quot;0&quot;,&quot;_legend&quot;:&quot;{score}\\\/{best} - ({count} {votes})&quot;,&quot;font_factor&quot;:&quot;1.25&quot;}'>\n            \n<div class=\"kksr-stars\">\n    \n<div class=\"kksr-stars-inactive\">\n            <div class=\"kksr-star\" data-star=\"1\" style=\"padding-right: 5px\">\n            \n\n<div class=\"kksr-icon\" style=\"width: 24px; height: 24px;\"><\/div>\n        <\/div>\n            <div class=\"kksr-star\" data-star=\"2\" style=\"padding-right: 5px\">\n            \n\n<div class=\"kksr-icon\" style=\"width: 24px; height: 24px;\"><\/div>\n        <\/div>\n            <div class=\"kksr-star\" data-star=\"3\" style=\"padding-right: 5px\">\n            \n\n<div class=\"kksr-icon\" style=\"width: 24px; height: 24px;\"><\/div>\n        <\/div>\n            <div class=\"kksr-star\" data-star=\"4\" style=\"padding-right: 5px\">\n            \n\n<div class=\"kksr-icon\" style=\"width: 24px; height: 24px;\"><\/div>\n        <\/div>\n            <div class=\"kksr-star\" data-star=\"5\" style=\"padding-right: 5px\">\n            \n\n<div class=\"kksr-icon\" style=\"width: 24px; height: 24px;\"><\/div>\n        <\/div>\n    <\/div>\n    \n<div class=\"kksr-stars-active\" style=\"width: 0px;\">\n            <div class=\"kksr-star\" style=\"padding-right: 5px\">\n            \n\n<div class=\"kksr-icon\" style=\"width: 24px; height: 24px;\"><\/div>\n        <\/div>\n            <div class=\"kksr-star\" style=\"padding-right: 5px\">\n            \n\n<div class=\"kksr-icon\" style=\"width: 24px; height: 24px;\"><\/div>\n        <\/div>\n            <div class=\"kksr-star\" style=\"padding-right: 5px\">\n            \n\n<div class=\"kksr-icon\" style=\"width: 24px; height: 24px;\"><\/div>\n        <\/div>\n            <div class=\"kksr-star\" style=\"padding-right: 5px\">\n            \n\n<div class=\"kksr-icon\" style=\"width: 24px; height: 24px;\"><\/div>\n        <\/div>\n            <div class=\"kksr-star\" style=\"padding-right: 5px\">\n            \n\n<div class=\"kksr-icon\" style=\"width: 24px; height: 24px;\"><\/div>\n        <\/div>\n    <\/div>\n<\/div>\n                \n\n<div class=\"kksr-legend\" style=\"font-size: 19.2px;\">\n            <span class=\"kksr-muted\">Valora este art\u00edculo<\/span>\n    <\/div>\n    <\/div>\n","protected":false},"excerpt":{"rendered":"<p>La depilaci\u00f3n de cejas en hombres es algo cada vez m\u00e1s com\u00fan. No solamente las mujeres queremos tener el entrecejo despejado y una forma de cejas que sea arm\u00f3nica con nuestro rostro. Y es que la forma de las cejas puede potenciar tus rasgos. Lo ideal es que, tanto para hombres como para mujeres, la [&hellip;]<\/p>\n","protected":false},"author":30,"featured_media":111238,"comment_status":"closed","ping_status":"closed","sticky":false,"template":"","format":"standard","meta":{"jnews-multi-image_gallery":[],"jnews_single_post":{"subtitle":"","format":"standard","video":"","gallery":"","source_name":"","source_url":"","via_name":"","via_url":"","override_template":"0","override":[{"template":"1","single_blog_custom":"","parallax":"1","fullscreen":"1","layout":"right-sidebar","sidebar":"home-2","second_sidebar":"default-sidebar","sticky_sidebar":"0","share_position":"float","share_float_style":"share-monocrhome","show_share_counter":"0","show_view_counter":"0","show_featured":"1","show_post_meta":"1","show_post_author":"0","show_post_author_image":"1","show_post_date":"1","post_date_format":"default","post_date_format_custom":"Y\/m\/d","show_post_category":"1","show_post_reading_time":"0","post_reading_time_wpm":"300","show_zoom_button":"0","zoom_button_out_step":"2","zoom_button_in_step":"3","show_post_tag":"0","show_prev_next_post":"0","show_popup_post":"0","number_popup_post":"2","show_author_box":"0","show_post_related":"0","show_inline_post_related":"1"}],"override_image_size":"0","image_override":[{"single_post_thumbnail_size":"no-crop","single_post_gallery_size":"crop-500"}],"trending_post":"0","trending_post_position":"meta","trending_post_label":"Trending","sponsored_post":"0","sponsored_post_label":"Sponsored by","sponsored_post_name":"","sponsored_post_url":"","sponsored_post_logo_enable":"0","sponsored_post_logo":"","sponsored_post_desc":"","disable_ad":"0"},"jnews_primary_category":{"id":"","hide":""},"jnews_social_meta":{"fb_title":"","fb_description":"","fb_image":"","twitter_title":"","twitter_description":"","twitter_image":""},"jnews_override_counter":{"override_view_counter":"0","view_counter_number":"0","override_share_counter":"0","share_counter_number":"0","override_like_counter":"0","like_counter_number":"0","override_dislike_counter":"0","dislike_counter_number":"0"},"footnotes":""},"categories":[6311],"tags":[],"class_list":["post-111237","post","type-post","status-publish","format-standard","has-post-thumbnail","hentry","category-hombres"],"_links":{"self":[{"href":"https:\/\/www.primor.eu\/blog\/wp-json\/wp\/v2\/posts\/111237","targetHints":{"allow":["GET"]}}],"collection":[{"href":"https:\/\/www.primor.eu\/blog\/wp-json\/wp\/v2\/posts"}],"about":[{"href":"https:\/\/www.primor.eu\/blog\/wp-json\/wp\/v2\/types\/post"}],"author":[{"embeddable":true,"href":"https:\/\/www.primor.eu\/blog\/wp-json\/wp\/v2\/users\/30"}],"replies":[{"embeddable":true,"href":"https:\/\/www.primor.eu\/blog\/wp-json\/wp\/v2\/comments?post=111237"}],"version-history":[{"count":2,"href":"https:\/\/www.primor.eu\/blog\/wp-json\/wp\/v2\/posts\/111237\/revisions"}],"predecessor-version":[{"id":131927,"href":"https:\/\/www.primor.eu\/blog\/wp-json\/wp\/v2\/posts\/111237\/revisions\/131927"}],"wp:featuredmedia":[{"embeddable":true,"href":"https:\/\/www.primor.eu\/blog\/wp-json\/wp\/v2\/media\/111238"}],"wp:attachment":[{"href":"https:\/\/www.primor.eu\/blog\/wp-json\/wp\/v2\/media?parent=111237"}],"wp:term":[{"taxonomy":"category","embeddable":true,"href":"https:\/\/www.primor.eu\/blog\/wp-json\/wp\/v2\/categories?post=111237"},{"taxonomy":"post_tag","embeddable":true,"href":"https:\/\/www.primor.eu\/blog\/wp-json\/wp\/v2\/tags?post=111237"}],"curies":[{"name":"wp","href":"https:\/\/api.w.org\/{rel}","templated":true}]}}