{"id":111189,"date":"2026-04-22T13:45:11","date_gmt":"2026-04-22T13:45:11","guid":{"rendered":"https:\/\/www.primor.eu\/blog\/?p=111189"},"modified":"2026-04-22T13:45:13","modified_gmt":"2026-04-22T13:45:13","slug":"mejores-tratamientos-deshidrosis-pies","status":"publish","type":"post","link":"https:\/\/www.primor.eu\/blog\/mejores-tratamientos-deshidrosis-pies\/","title":{"rendered":"Los 3 mejores tratamientos para la dishidrosis en los pies recomendados"},"content":{"rendered":"\n<p>Encontrar un <strong>tratamiento <\/strong>para la <strong>dishidrosis en los pies <\/strong>es muy importante. Este problema, lejos de ser solo est\u00e9tico, puede provocar molestias importantes cuando es grave. Hay que tener en cuenta que los pies son la parte m\u00e1s importante de nuestro cuerpo. Sobre ellos caminamos, hacemos ejercicio y muchas veces trabajamos. Si buscas un tratamiento para la dishidrosis en los pies, te contamos todo este problema y sus <strong>soluciones<\/strong>.&nbsp;<\/p>\n\n\n\n<h2 class=\"wp-block-heading\">Por qu\u00e9 aparece la dishidrosis en los pies<\/h2>\n\n\n\n<p>A la hora de enfrentarnos a cualquier problema de salud o afecci\u00f3n cut\u00e1nea, necesitamos <strong>comprender<\/strong> primero la ra\u00edz o<strong> la causa<\/strong>. La dishidrosis en los pies es tambi\u00e9n conocida como<strong> <\/strong><a href=\"https:\/\/www.primor.eu\/blog\/eccema-dishidrotico\/\" data-type=\"link\" data-id=\"https:\/\/www.primor.eu\/blog\/eccema-dishidrotico\/\"><strong>eccema dishidr\u00f3tico<\/strong> <\/a>o <strong>dermatitis dishidr\u00f3tica<\/strong>.<\/p>\n\n\n\n<p>Se trata de una afecci\u00f3n de la piel que provoca la aparici\u00f3n de peque\u00f1as <strong>ampollas<\/strong>. Estas ampollas, adem\u00e1s de llegar a ser<strong> inc\u00f3modas y dolorosas<\/strong> para andar cuando son demasiado grandes, provocan picaz\u00f3n en otras ocasiones. Si est\u00e1s leyendo este art\u00edculo puede que est\u00e9s sufriendo los efectos secundarios de este problema y por eso busques las mejores opciones de tratamiento para la dishidrosis en los pies. Comenzamos con ello.<\/p>\n\n\n\n<h2 class=\"wp-block-heading\">Claves del tratamiento para la dishidrosis en los pies<\/h2>\n\n\n\n<p>Vamos a ver cu\u00e1les son las claves principales para el correcto tratamiento para la dishidrosis en los pies:<\/p>\n\n\n\n<ul class=\"wp-block-list\">\n<li><strong>Usa jabones neutros<\/strong>: o sin alcoholes y sustancias irritantes que puedan irritar m\u00e1s estas ampollas en tus pies.<\/li>\n\n\n\n<li><strong>Hidrata tus pies<\/strong>: con sustancias naturales como el aceite de almendras o el aloe vera. Estas soluciones al ser 100% naturales, har\u00e1n que tus pies est\u00e9n hidratados sin irritarlos con las sustancias qu\u00edmicas o irritantes que pueden llevar consigo las cremas. Tambi\u00e9n puedes recurrir a cremas emolientes espec\u00edficas para la irritaci\u00f3n.<\/li>\n\n\n\n<li><strong>Ponte calcetines de algod\u00f3n<\/strong>: porque as\u00ed transpiran mejor tus pies. El hecho de que lleves un buen tratamiento para la dishidrosis en los pies puede ser beneficioso, pero para que realmente sea efectivo tus pies deben respirar lo m\u00e1ximo posible.<\/li>\n\n\n\n<li><strong>Usa calzado transpirable<\/strong>: las mejores opciones son las de calzados hechos con materiales naturales como la piel, el yute, el lino o el algod\u00f3n.\u00a0<\/li>\n\n\n\n<li><strong>Anda descalza<\/strong>: en casa y sin calcetines para que tus pies puedan transpirar durante todo el tiempo posible y absorber los productos para el tratamiento para la dishidrosis en los pies.<\/li>\n\n\n\n<li><strong>Consulta con tu m\u00e9dico<\/strong>: si el problema es muy grave para recurrir a tratamientos como la fototerapia, los antihistam\u00ednicos orales o las inyecciones de toxina botul\u00ednica.<\/li>\n<\/ul>\n\n\n\n<h2 class=\"wp-block-heading\">Productos para el tratamiento para la dishidrosis en los pies<\/h2>\n\n\n        <product-table class=\"pr-slider\">\r\n            <product-headers class=\"grid-table-rows\">\r\n                <div>Foto<\/div>\r\n                <div>Producto<\/div>\r\n                <div>Marca<\/div>\r\n                <div>Valoraciones<\/div>\r\n                <div>Precio<\/div>\r\n            <\/product-headers>\r\n\r\n            <product-list>\r\n                                    <a href=\"https:\/\/www.primor.eu\/es_es\/instituto-espa-ol-crema-emoliente-pieles-atopicas-14325.html\" class=\"product-item grid-table-rows\" target=\"_blank\">\r\n                        <div>\r\n                            <img decoding=\"async\" class=\"product-img\" width=\"80px\" height=\"80px\" src=\"https:\/\/www.primor.eu\/blog\/wp-content\/uploads\/2024\/08\/0TF08651_1_b85e.jpg\" alt=\"Instituto Espa\u00f1ol Crema Emoliente Pieles Atopicas\">\r\n                        <\/div>\r\n\r\n                        <!-- Contenido de producto  -->\r\n                        <div>\r\n                            <div class=\"product-position\">\r\n                                #1 Top Ventas                            <\/div>\r\n\r\n                            <h2>\r\n                                Instituto Espa\u00f1ol Crema Emoliente Pieles Atopicas                            <\/h2>\r\n                        <\/div>\r\n\r\n                        <!-- Imagen y\/o nombre de la marca -->\r\n                        <div>\r\n                                                            <img decoding=\"async\" width=\"70\" src=\"https:\/\/www.primor.eu\/blog\/wp-content\/uploads\/2024\/01\/INSTITUTO_ESPA_OL.jpg\" alt=\"94867\">\r\n                                                    <\/div>\r\n\r\n                        <!-- Puntuaci\u00f3n del producto  -->\r\n                        <div class=\"rating\">\r\n                                                            <div class=\"rate\" style=\"--p:94;\"><\/div>\r\n                                <b>4.7\/5<\/b>\r\n                                <div class=\"rate-stars\">\r\n                                                                            <div\r\n                                            class=\"rate-star  \">\r\n                                        <\/div>\r\n                                                                            <div\r\n                                            class=\"rate-star  \">\r\n                                        <\/div>\r\n                                                                            <div\r\n                                            class=\"rate-star  \">\r\n                                        <\/div>\r\n                                                                            <div\r\n                                            class=\"rate-star  \">\r\n                                        <\/div>\r\n                                                                            <div\r\n                                            class=\"rate-star  \">\r\n                                        <\/div>\r\n                                                                    <\/div>\r\n                                                    <\/div>\r\n\r\n                        <!-- Bot\u00f3n de producto  -->\r\n                        <div>\r\n                            <span class=\"price-claim\">\r\n                                VER PRECIO                            <\/span>\r\n                        <\/div>\r\n                    <\/a>\r\n                                    <a href=\"https:\/\/www.primor.eu\/es_es\/bio-glow-gel-aloe-vera-puro-13049.html\" class=\"product-item grid-table-rows\" target=\"_blank\">\r\n                        <div>\r\n                            <img decoding=\"async\" class=\"product-img\" width=\"80px\" height=\"80px\" src=\"https:\/\/www.primor.eu\/blog\/wp-content\/uploads\/2024\/04\/0TN02075_1_3de1.jpg\" alt=\"Bio Glow Gel Aloe Vera Puro\">\r\n                        <\/div>\r\n\r\n                        <!-- Contenido de producto  -->\r\n                        <div>\r\n                            <div class=\"product-position\">\r\n                                #2                            <\/div>\r\n\r\n                            <h2>\r\n                                Bio Glow Gel Aloe Vera Puro                            <\/h2>\r\n                        <\/div>\r\n\r\n                        <!-- Imagen y\/o nombre de la marca -->\r\n                        <div>\r\n                                                            <img decoding=\"async\" width=\"70\" src=\"https:\/\/www.primor.eu\/blog\/wp-content\/uploads\/2023\/11\/1281_1.jpg\" alt=\"89086\">\r\n                                                    <\/div>\r\n\r\n                        <!-- Puntuaci\u00f3n del producto  -->\r\n                        <div class=\"rating\">\r\n                                                            <div class=\"rate\" style=\"--p:92;\"><\/div>\r\n                                <b>4.6\/5<\/b>\r\n                                <div class=\"rate-stars\">\r\n                                                                            <div\r\n                                            class=\"rate-star  \">\r\n                                        <\/div>\r\n                                                                            <div\r\n                                            class=\"rate-star  \">\r\n                                        <\/div>\r\n                                                                            <div\r\n                                            class=\"rate-star  \">\r\n                                        <\/div>\r\n                                                                            <div\r\n                                            class=\"rate-star  \">\r\n                                        <\/div>\r\n                                                                            <div\r\n                                            class=\"rate-star  \">\r\n                                        <\/div>\r\n                                                                    <\/div>\r\n                                                    <\/div>\r\n\r\n                        <!-- Bot\u00f3n de producto  -->\r\n                        <div>\r\n                            <span class=\"price-claim\">\r\n                                VER PRECIO                            <\/span>\r\n                        <\/div>\r\n                    <\/a>\r\n                                    <a href=\"https:\/\/www.primor.eu\/es_es\/arganour-aceite-de-almendras-dulces-14661.html\" class=\"product-item grid-table-rows\" target=\"_blank\">\r\n                        <div>\r\n                            <img decoding=\"async\" class=\"product-img\" width=\"80px\" height=\"80px\" src=\"https:\/\/www.primor.eu\/blog\/wp-content\/uploads\/2024\/04\/8435438600072_Aceite_almendras_dulces_Arganour_ac8e.webp\" alt=\"Arganour Aceite de Almendras Dulces\">\r\n                        <\/div>\r\n\r\n                        <!-- Contenido de producto  -->\r\n                        <div>\r\n                            <div class=\"product-position\">\r\n                                #3                            <\/div>\r\n\r\n                            <h2>\r\n                                Arganour Aceite de Almendras Dulces                            <\/h2>\r\n                        <\/div>\r\n\r\n                        <!-- Imagen y\/o nombre de la marca -->\r\n                        <div>\r\n                                                            <img decoding=\"async\" width=\"70\" src=\"https:\/\/www.primor.eu\/blog\/wp-content\/uploads\/2023\/07\/arganour.jpg\" alt=\"83076\">\r\n                                                    <\/div>\r\n\r\n                        <!-- Puntuaci\u00f3n del producto  -->\r\n                        <div class=\"rating\">\r\n                                                            <div class=\"rate\" style=\"--p:96;\"><\/div>\r\n                                <b>4.8\/5<\/b>\r\n                                <div class=\"rate-stars\">\r\n                                                                            <div\r\n                                            class=\"rate-star  \">\r\n                                        <\/div>\r\n                                                                            <div\r\n                                            class=\"rate-star  \">\r\n                                        <\/div>\r\n                                                                            <div\r\n                                            class=\"rate-star  \">\r\n                                        <\/div>\r\n                                                                            <div\r\n                                            class=\"rate-star  \">\r\n                                        <\/div>\r\n                                                                            <div\r\n                                            class=\"rate-star  \">\r\n                                        <\/div>\r\n                                                                    <\/div>\r\n                                                    <\/div>\r\n\r\n                        <!-- Bot\u00f3n de producto  -->\r\n                        <div>\r\n                            <span class=\"price-claim\">\r\n                                VER PRECIO                            <\/span>\r\n                        <\/div>\r\n                    <\/a>\r\n                            <\/product-list>\r\n        <\/product-table>\r\n\r\n        \n\n\n\n<h3 class=\"wp-block-heading\">Crema Emoliente Pieles At\u00f3picas de Instituto Espa\u00f1ol<\/h3>\n\n\n\n<p>Est\u00e1 formulada para responder a las necesidades de bienestar de la piel at\u00f3pica del beb\u00e9, del ni\u00f1o y del adulto. La Crema Emoliente Restauradora Pieles At\u00f3picas de Instituto Espa\u00f1ol, restaura la barrera cut\u00e1nea y evita la deshidrataci\u00f3n de la piel, gracias a sus ingredientes activos con propiedades anti-pruriginosas, anti-inflamatorias y anti-radicales, aliviando la irritaci\u00f3n y el picor al mismo tiempo que protege y suaviza la piel.<\/p>\n\n\n\n<p>Su f\u00f3rmula ayuda a evitar la descamaci\u00f3n regenerando los da\u00f1os cut\u00e1neos presentes como asperezas, grietas o escamas. La Crema Emoliente Restauradora Pieles At\u00f3picas de Instituto Espa\u00f1ol puede utilizarse conjuntamente con tratamientos con corticoides e inmunorreguladores.<\/p>\n\n\n    <a class='product' target='_blank' href='https:\/\/www.primor.eu\/es_es\/instituto-espa-ol-crema-emoliente-pieles-atopicas-14325.html'>\r\n        <img loading='async' src='https:\/\/cdn2.primor.eu\/media\/catalog\/product\/cache\/8d3aba296f7a18b5251ee30fa5db42b2\/0\/T\/0TF08651_1_b85e.jpg' alt='COMPRAR AHORA'>\r\n            <div class=\"claim\">\r\n                COMPRAR AHORA            <\/div>\r\n        <\/a>\r\n    \n\n\n\n<h3 class=\"wp-block-heading\">Gel Aloe Vera Puro de Bio Glow<\/h3>\n\n\n\n<p>Procedente de Cultivo Ecol\u00f3gico, regenera y calma. Elaborado con jugo de Aloe Vera 100% Puro y Ecol\u00f3gico. Indicado para todo tipo de pieles despu\u00e9s de la exposici\u00f3n solar, post depilaci\u00f3n o fotodepilaci\u00f3n, afeitado, quemaduras e irritaciones de la piel.<\/p>\n\n\n\n<p>. Uso Unisex.<\/p>\n\n\n\n<p>. Uso diario.<\/p>\n\n\n\n<p>. Todo tipo de pieles.<\/p>\n\n\n\n<p>. Olor fresco, herbal.<\/p>\n\n\n\n<p>Penetra en las tres capas de la piel: la epidermis, la dermis y la hipodermis. Ayuda a expulsar al exterior los dep\u00f3sitos de grasa que taponan los poros de la piel. Regenera la piel. Cicatriza. Refresca y tonifica. Hidrata y calma la piel.<\/p>\n\n\n\n<p>- Elaborado con ingredientes naturales.<\/p>\n\n\n\n<p>- Sin Sulfatos.<\/p>\n\n\n\n<p>- Sin Al\u00e9rgenos.<\/p>\n\n\n    <a class='product' target='_blank' href='https:\/\/www.primor.eu\/es_es\/bio-glow-gel-aloe-vera-puro-13049.html'>\r\n        <img loading='async' src='https:\/\/cdn2.primor.eu\/media\/catalog\/product\/cache\/8d3aba296f7a18b5251ee30fa5db42b2\/0\/T\/0TN02075_1_3de1.jpg' alt='COMPRAR AHORA'>\r\n            <div class=\"claim\">\r\n                COMPRAR AHORA            <\/div>\r\n        <\/a>\r\n    \n\n\n\n<h3 class=\"wp-block-heading\">Gel Duplo Dermatol\u00f3gico de Inibsa<\/h3>\n\n\n\n<p>Gel de ba\u00f1o de ph neutro para todo tipo de piel, incluso las m\u00e1s sensibles impidiendo la aparici\u00f3n de alergias, irritaci\u00f3n de la piel, desecaciones y grietas.<\/p>\n\n\n    <a class='product' target='_blank' href='https:\/\/www.primor.eu\/es_es\/inibsa-gel-duplo-dermatologico-24554.html'>\r\n        <img loading='async' src='https:\/\/cdn2.primor.eu\/media\/catalog\/product\/cache\/8d3aba296f7a18b5251ee30fa5db42b2\/6\/X\/6XS02104_1_a269.jpg' alt='COMPRAR AHORA'>\r\n            <div class=\"claim\">\r\n                COMPRAR AHORA            <\/div>\r\n        <\/a>\r\n    \n\n\n<div class=\"kk-star-ratings kksr-auto kksr-align-center kksr-valign-bottom\"\n    data-payload='{&quot;align&quot;:&quot;center&quot;,&quot;id&quot;:&quot;111189&quot;,&quot;slug&quot;:&quot;default&quot;,&quot;valign&quot;:&quot;bottom&quot;,&quot;ignore&quot;:&quot;&quot;,&quot;reference&quot;:&quot;auto&quot;,&quot;class&quot;:&quot;&quot;,&quot;count&quot;:&quot;0&quot;,&quot;legendonly&quot;:&quot;&quot;,&quot;readonly&quot;:&quot;&quot;,&quot;score&quot;:&quot;0&quot;,&quot;starsonly&quot;:&quot;&quot;,&quot;best&quot;:&quot;5&quot;,&quot;gap&quot;:&quot;5&quot;,&quot;greet&quot;:&quot;Valora este art\u00edculo&quot;,&quot;legend&quot;:&quot;0\\\/5 - (0 votos)&quot;,&quot;size&quot;:&quot;24&quot;,&quot;title&quot;:&quot;Los 3 mejores tratamientos para la dishidrosis en los pies recomendados&quot;,&quot;width&quot;:&quot;0&quot;,&quot;_legend&quot;:&quot;{score}\\\/{best} - ({count} {votes})&quot;,&quot;font_factor&quot;:&quot;1.25&quot;}'>\n            \n<div class=\"kksr-stars\">\n    \n<div class=\"kksr-stars-inactive\">\n            <div class=\"kksr-star\" data-star=\"1\" style=\"padding-right: 5px\">\n            \n\n<div class=\"kksr-icon\" style=\"width: 24px; height: 24px;\"><\/div>\n        <\/div>\n            <div class=\"kksr-star\" data-star=\"2\" style=\"padding-right: 5px\">\n            \n\n<div class=\"kksr-icon\" style=\"width: 24px; height: 24px;\"><\/div>\n        <\/div>\n            <div class=\"kksr-star\" data-star=\"3\" style=\"padding-right: 5px\">\n            \n\n<div class=\"kksr-icon\" style=\"width: 24px; height: 24px;\"><\/div>\n        <\/div>\n            <div class=\"kksr-star\" data-star=\"4\" style=\"padding-right: 5px\">\n            \n\n<div class=\"kksr-icon\" style=\"width: 24px; height: 24px;\"><\/div>\n        <\/div>\n            <div class=\"kksr-star\" data-star=\"5\" style=\"padding-right: 5px\">\n            \n\n<div class=\"kksr-icon\" style=\"width: 24px; height: 24px;\"><\/div>\n        <\/div>\n    <\/div>\n    \n<div class=\"kksr-stars-active\" style=\"width: 0px;\">\n            <div class=\"kksr-star\" style=\"padding-right: 5px\">\n            \n\n<div class=\"kksr-icon\" style=\"width: 24px; height: 24px;\"><\/div>\n        <\/div>\n            <div class=\"kksr-star\" style=\"padding-right: 5px\">\n            \n\n<div class=\"kksr-icon\" style=\"width: 24px; height: 24px;\"><\/div>\n        <\/div>\n            <div class=\"kksr-star\" style=\"padding-right: 5px\">\n            \n\n<div class=\"kksr-icon\" style=\"width: 24px; height: 24px;\"><\/div>\n        <\/div>\n            <div class=\"kksr-star\" style=\"padding-right: 5px\">\n            \n\n<div class=\"kksr-icon\" style=\"width: 24px; height: 24px;\"><\/div>\n        <\/div>\n            <div class=\"kksr-star\" style=\"padding-right: 5px\">\n            \n\n<div class=\"kksr-icon\" style=\"width: 24px; height: 24px;\"><\/div>\n        <\/div>\n    <\/div>\n<\/div>\n                \n\n<div class=\"kksr-legend\" style=\"font-size: 19.2px;\">\n            <span class=\"kksr-muted\">Valora este art\u00edculo<\/span>\n    <\/div>\n    <\/div>\n","protected":false},"excerpt":{"rendered":"<p>Encontrar un tratamiento para la dishidrosis en los pies es muy importante. Este problema, lejos de ser solo est\u00e9tico, puede provocar molestias importantes cuando es grave. Hay que tener en cuenta que los pies son la parte m\u00e1s importante de nuestro cuerpo. Sobre ellos caminamos, hacemos ejercicio y muchas veces trabajamos. Si buscas un tratamiento [&hellip;]<\/p>\n","protected":false},"author":30,"featured_media":111191,"comment_status":"closed","ping_status":"closed","sticky":false,"template":"","format":"standard","meta":{"jnews-multi-image_gallery":[],"jnews_single_post":{"subtitle":"","format":"standard","video":"","gallery":"","source_name":"","source_url":"","via_name":"","via_url":"","override_template":"0","override":[{"template":"1","single_blog_custom":"","parallax":"1","fullscreen":"1","layout":"right-sidebar","sidebar":"home-2","second_sidebar":"default-sidebar","sticky_sidebar":"0","share_position":"float","share_float_style":"share-monocrhome","show_share_counter":"0","show_view_counter":"0","show_featured":"1","show_post_meta":"1","show_post_author":"0","show_post_author_image":"1","show_post_date":"1","post_date_format":"default","post_date_format_custom":"Y\/m\/d","show_post_category":"1","show_post_reading_time":"0","post_reading_time_wpm":"300","show_zoom_button":"0","zoom_button_out_step":"2","zoom_button_in_step":"3","show_post_tag":"0","show_prev_next_post":"0","show_popup_post":"0","number_popup_post":"2","show_author_box":"0","show_post_related":"0","show_inline_post_related":"1"}],"override_image_size":"0","image_override":[{"single_post_thumbnail_size":"no-crop","single_post_gallery_size":"crop-500"}],"trending_post":"0","trending_post_position":"meta","trending_post_label":"Trending","sponsored_post":"0","sponsored_post_label":"Sponsored by","sponsored_post_name":"","sponsored_post_url":"","sponsored_post_logo_enable":"0","sponsored_post_logo":"","sponsored_post_desc":"","disable_ad":"0"},"jnews_primary_category":{"id":"","hide":""},"jnews_social_meta":{"fb_title":"","fb_description":"","fb_image":"","twitter_title":"","twitter_description":"","twitter_image":""},"jnews_override_counter":{"override_view_counter":"0","view_counter_number":"0","override_share_counter":"0","share_counter_number":"0","override_like_counter":"0","like_counter_number":"0","override_dislike_counter":"0","dislike_counter_number":"0"},"footnotes":""},"categories":[6299],"tags":[],"class_list":["post-111189","post","type-post","status-publish","format-standard","has-post-thumbnail","hentry","category-bienestar"],"_links":{"self":[{"href":"https:\/\/www.primor.eu\/blog\/wp-json\/wp\/v2\/posts\/111189","targetHints":{"allow":["GET"]}}],"collection":[{"href":"https:\/\/www.primor.eu\/blog\/wp-json\/wp\/v2\/posts"}],"about":[{"href":"https:\/\/www.primor.eu\/blog\/wp-json\/wp\/v2\/types\/post"}],"author":[{"embeddable":true,"href":"https:\/\/www.primor.eu\/blog\/wp-json\/wp\/v2\/users\/30"}],"replies":[{"embeddable":true,"href":"https:\/\/www.primor.eu\/blog\/wp-json\/wp\/v2\/comments?post=111189"}],"version-history":[{"count":2,"href":"https:\/\/www.primor.eu\/blog\/wp-json\/wp\/v2\/posts\/111189\/revisions"}],"predecessor-version":[{"id":141667,"href":"https:\/\/www.primor.eu\/blog\/wp-json\/wp\/v2\/posts\/111189\/revisions\/141667"}],"wp:featuredmedia":[{"embeddable":true,"href":"https:\/\/www.primor.eu\/blog\/wp-json\/wp\/v2\/media\/111191"}],"wp:attachment":[{"href":"https:\/\/www.primor.eu\/blog\/wp-json\/wp\/v2\/media?parent=111189"}],"wp:term":[{"taxonomy":"category","embeddable":true,"href":"https:\/\/www.primor.eu\/blog\/wp-json\/wp\/v2\/categories?post=111189"},{"taxonomy":"post_tag","embeddable":true,"href":"https:\/\/www.primor.eu\/blog\/wp-json\/wp\/v2\/tags?post=111189"}],"curies":[{"name":"wp","href":"https:\/\/api.w.org\/{rel}","templated":true}]}}