{"id":111024,"date":"2025-09-19T12:32:53","date_gmt":"2025-09-19T12:32:53","guid":{"rendered":"https:\/\/www.primor.eu\/blog\/?p=111024"},"modified":"2025-09-19T12:32:54","modified_gmt":"2025-09-19T12:32:54","slug":"mejores-productos-piel-pelada-cara","status":"publish","type":"post","link":"https:\/\/www.primor.eu\/blog\/mejores-productos-piel-pelada-cara\/","title":{"rendered":"Los 4 mejores productos si se te est\u00e1 pelando la piel de la cara"},"content":{"rendered":"\n<p>\u00bfSe te pela la piel? No te preocupes: <strong>tiene soluci\u00f3n<\/strong>. En este art\u00edculo de Primor te contamos cu\u00e1les son los <strong>productos m\u00e1s hidratantes para cuidar la piel pelada de la cara<\/strong>. Son aptos para todo tipo de pieles, muy agradables y de r\u00e1pida absorci\u00f3n. Lo mejor es que no dejan rastro de sebo. Ve\u00e1moslo m\u00e1s en detalle.<\/p>\n\n\n\n<h2 class=\"wp-block-heading\">Los mejores productos hidratantes para la piel pelada de la cara<\/h2>\n\n\n        <product-table class=\"pr-slider\">\r\n            <product-headers class=\"grid-table-rows\">\r\n                <div>Foto<\/div>\r\n                <div>Producto<\/div>\r\n                <div>Marca<\/div>\r\n                <div>Valoraciones<\/div>\r\n                <div>Precio<\/div>\r\n            <\/product-headers>\r\n\r\n            <product-list>\r\n                                    <a href=\"https:\/\/www.primor.eu\/es_es\/ziaja-crema-facial-hidratante-piel-atopica-81161.html\" class=\"product-item grid-table-rows\" target=\"_blank\">\r\n                        <div>\r\n                            <img decoding=\"async\" class=\"product-img\" width=\"80px\" height=\"80px\" src=\"https:\/\/www.primor.eu\/blog\/wp-content\/uploads\/2024\/08\/crema_facial_hidratante_piel_atopica1_f73b.jpg\" alt=\"Ziaja Crema Facial Hidratante Piel At\u00f3pica\">\r\n                        <\/div>\r\n\r\n                        <!-- Contenido de producto  -->\r\n                        <div>\r\n                            <div class=\"product-position\">\r\n                                #1 Top Ventas                            <\/div>\r\n\r\n                            <h2>\r\n                                Ziaja Crema Facial Hidratante Piel At\u00f3pica                            <\/h2>\r\n                        <\/div>\r\n\r\n                        <!-- Imagen y\/o nombre de la marca -->\r\n                        <div>\r\n                                                            <img decoding=\"async\" width=\"70\" src=\"https:\/\/www.primor.eu\/blog\/wp-content\/uploads\/2023\/08\/ziaja.png\" alt=\"84302\">\r\n                                                    <\/div>\r\n\r\n                        <!-- Puntuaci\u00f3n del producto  -->\r\n                        <div class=\"rating\">\r\n                                                            <div class=\"rate\" style=\"--p:80;\"><\/div>\r\n                                <b>4\/5<\/b>\r\n                                <div class=\"rate-stars\">\r\n                                                                            <div\r\n                                            class=\"rate-star  \">\r\n                                        <\/div>\r\n                                                                            <div\r\n                                            class=\"rate-star  \">\r\n                                        <\/div>\r\n                                                                            <div\r\n                                            class=\"rate-star  \">\r\n                                        <\/div>\r\n                                                                            <div\r\n                                            class=\"rate-star  \">\r\n                                        <\/div>\r\n                                                                            <div\r\n                                            class=\"rate-star disable \">\r\n                                        <\/div>\r\n                                                                    <\/div>\r\n                                                    <\/div>\r\n\r\n                        <!-- Bot\u00f3n de producto  -->\r\n                        <div>\r\n                            <span class=\"price-claim\">\r\n                                VER PRECIO                            <\/span>\r\n                        <\/div>\r\n                    <\/a>\r\n                                    <a href=\"https:\/\/www.primor.eu\/es_es\/bioderma-hydrabio-serum-hidratante-facial-13858.html\" class=\"product-item grid-table-rows\" target=\"_blank\">\r\n                        <div>\r\n                            <img decoding=\"async\" class=\"product-img\" width=\"80px\" height=\"80px\" src=\"https:\/\/www.primor.eu\/blog\/wp-content\/uploads\/2024\/08\/6XS04069_1_ea1c.jpg\" alt=\"Bioderma Hydrabio Serum Hidratante Facial\">\r\n                        <\/div>\r\n\r\n                        <!-- Contenido de producto  -->\r\n                        <div>\r\n                            <div class=\"product-position\">\r\n                                #2                            <\/div>\r\n\r\n                            <h2>\r\n                                Bioderma Hydrabio Serum Hidratante Facial                            <\/h2>\r\n                        <\/div>\r\n\r\n                        <!-- Imagen y\/o nombre de la marca -->\r\n                        <div>\r\n                                                            <img decoding=\"async\" width=\"70\" src=\"https:\/\/www.primor.eu\/blog\/wp-content\/uploads\/2023\/09\/Logo-Bioderma-1.png\" alt=\"85533\">\r\n                                                    <\/div>\r\n\r\n                        <!-- Puntuaci\u00f3n del producto  -->\r\n                        <div class=\"rating\">\r\n                                                            <div class=\"rate\" style=\"--p:100;\"><\/div>\r\n                                <b>5\/5<\/b>\r\n                                <div class=\"rate-stars\">\r\n                                                                            <div\r\n                                            class=\"rate-star  \">\r\n                                        <\/div>\r\n                                                                            <div\r\n                                            class=\"rate-star  \">\r\n                                        <\/div>\r\n                                                                            <div\r\n                                            class=\"rate-star  \">\r\n                                        <\/div>\r\n                                                                            <div\r\n                                            class=\"rate-star  \">\r\n                                        <\/div>\r\n                                                                            <div\r\n                                            class=\"rate-star  \">\r\n                                        <\/div>\r\n                                                                    <\/div>\r\n                                                    <\/div>\r\n\r\n                        <!-- Bot\u00f3n de producto  -->\r\n                        <div>\r\n                            <span class=\"price-claim\">\r\n                                VER PRECIO                            <\/span>\r\n                        <\/div>\r\n                    <\/a>\r\n                                    <a href=\"https:\/\/www.primor.eu\/es_es\/avene-agua-termal-13201.html\" class=\"product-item grid-table-rows\" target=\"_blank\">\r\n                        <div>\r\n                            <img decoding=\"async\" class=\"product-img\" width=\"80px\" height=\"80px\" src=\"https:\/\/www.primor.eu\/blog\/wp-content\/uploads\/2024\/04\/M_6XS00457_1_6ad2.jpg\" alt=\"Avene Agua Termal\">\r\n                        <\/div>\r\n\r\n                        <!-- Contenido de producto  -->\r\n                        <div>\r\n                            <div class=\"product-position\">\r\n                                #3                            <\/div>\r\n\r\n                            <h2>\r\n                                Avene Agua Termal                            <\/h2>\r\n                        <\/div>\r\n\r\n                        <!-- Imagen y\/o nombre de la marca -->\r\n                        <div>\r\n                                                            <img decoding=\"async\" width=\"70\" src=\"https:\/\/www.primor.eu\/blog\/wp-content\/uploads\/2023\/08\/Avene.png\" alt=\"84285\">\r\n                                                    <\/div>\r\n\r\n                        <!-- Puntuaci\u00f3n del producto  -->\r\n                        <div class=\"rating\">\r\n                                                            <div class=\"rate\" style=\"--p:100;\"><\/div>\r\n                                <b>5\/5<\/b>\r\n                                <div class=\"rate-stars\">\r\n                                                                            <div\r\n                                            class=\"rate-star  \">\r\n                                        <\/div>\r\n                                                                            <div\r\n                                            class=\"rate-star  \">\r\n                                        <\/div>\r\n                                                                            <div\r\n                                            class=\"rate-star  \">\r\n                                        <\/div>\r\n                                                                            <div\r\n                                            class=\"rate-star  \">\r\n                                        <\/div>\r\n                                                                            <div\r\n                                            class=\"rate-star  \">\r\n                                        <\/div>\r\n                                                                    <\/div>\r\n                                                    <\/div>\r\n\r\n                        <!-- Bot\u00f3n de producto  -->\r\n                        <div>\r\n                            <span class=\"price-claim\">\r\n                                VER PRECIO                            <\/span>\r\n                        <\/div>\r\n                    <\/a>\r\n                            <\/product-list>\r\n        <\/product-table>\r\n\r\n        \n\n\n\n<h3 class=\"wp-block-heading\">Ziaja Crema Facial Hidratante Piel At\u00f3pica<\/h3>\n\n\n\n<p>Es una de las mejores en cuanto a relaci\u00f3n calidad-precio. Esta crema facial calmante con propiedades hidratantes, est\u00e1 recomendada para pieles at\u00f3picas propensas a la irritaci\u00f3n, picaz\u00f3n severa e hipersensibles a los al\u00e9rgenos. Su f\u00f3rmula con alanto\u00edna, ceramidas, urea estabilizada, triglic\u00e9ridos, vit. E, sirope de ma\u00edz restaura la barrera hidrolip\u00eddica natural de la epidermis, suaviza e hidrata, reduce la sequedad de la piel y la picaz\u00f3n excesiva; y tambi\u00e9n equilibra la flora bacteriana, y alivia la irritaci\u00f3n y previene su recurrencia.<\/p>\n\n\n    <a class='product' target='_blank' href='https:\/\/www.primor.eu\/es_es\/ziaja-crema-facial-hidratante-piel-atopica-81161.html'>\r\n        <img loading='async' src='https:\/\/cdn2.primor.eu\/media\/catalog\/product\/cache\/8d3aba296f7a18b5251ee30fa5db42b2\/c\/r\/crema_facial_hidratante_piel_atopica1_f73b.jpg' alt='COMPRAR AHORA'>\r\n            <div class=\"claim\">\r\n                COMPRAR AHORA            <\/div>\r\n        <\/a>\r\n    \n\n\n\n<h3 class=\"wp-block-heading\">Bioderma Hydrabio S\u00e9rum Hidratante Facial&nbsp;<\/h3>\n\n\n\n<p>Ofrece una estimulaci\u00f3n en la piel, consiguiendo retener en la superficie cut\u00e1nea el agua necesaria para mantener el equilibrio de la piel. Adem\u00e1s, su f\u00f3rmula proporciona una hidrataci\u00f3n a tu rostro de manera inmediata y duradera con el s\u00e9rum de bioderma dise\u00f1ado espec\u00edficamente para adultos y adolescentes con piel sensible.&nbsp;<\/p>\n\n\n    <a class='product' target='_blank' href='https:\/\/www.primor.eu\/es_es\/bioderma-hydrabio-serum-hidratante-facial-13858.html'>\r\n        <img loading='async' src='https:\/\/cdn2.primor.eu\/media\/catalog\/product\/cache\/8d3aba296f7a18b5251ee30fa5db42b2\/6\/X\/6XS04069_1_ea1c.jpg' alt='COMPRAR AHORA'>\r\n            <div class=\"claim\">\r\n                COMPRAR AHORA            <\/div>\r\n        <\/a>\r\n    \n\n\n\n<h3 class=\"wp-block-heading\">Agua Termal de Av\u00e8ne&nbsp;<\/h3>\n\n\n\n<p>Es un recurso excepcional para hidratar, calmar y refrescar la piel. Su f\u00f3rmula conserva intactas todas sus propiedades calmantes, desensibilizantes y suavizantes. Experimenta la sensaci\u00f3n de suavidad que envuelve y alivia tu piel. Te encantar\u00e1 porque es muy agradable.<\/p>\n\n\n    <a class='product' target='_blank' href='https:\/\/www.primor.eu\/es_es\/avene-agua-termal-106112.html?#854=66341'>\r\n        <img loading='async' src='https:\/\/cdn2.primor.eu\/media\/catalog\/product\/cache\/8d3aba296f7a18b5251ee30fa5db42b2\/E\/A\/EAN_3282779003131_AGUA_TERMAL_300ML_FRONTAL_5e19.jpg' alt='COMPRAR AHORA'>\r\n            <div class=\"claim\">\r\n                COMPRAR AHORA            <\/div>\r\n        <\/a>\r\n    \n\n\n<div class=\"kk-star-ratings kksr-auto kksr-align-center kksr-valign-bottom\"\n    data-payload='{&quot;align&quot;:&quot;center&quot;,&quot;id&quot;:&quot;111024&quot;,&quot;slug&quot;:&quot;default&quot;,&quot;valign&quot;:&quot;bottom&quot;,&quot;ignore&quot;:&quot;&quot;,&quot;reference&quot;:&quot;auto&quot;,&quot;class&quot;:&quot;&quot;,&quot;count&quot;:&quot;1&quot;,&quot;legendonly&quot;:&quot;&quot;,&quot;readonly&quot;:&quot;&quot;,&quot;score&quot;:&quot;5&quot;,&quot;starsonly&quot;:&quot;&quot;,&quot;best&quot;:&quot;5&quot;,&quot;gap&quot;:&quot;5&quot;,&quot;greet&quot;:&quot;Valora este art\u00edculo&quot;,&quot;legend&quot;:&quot;5\\\/5 - (1 voto)&quot;,&quot;size&quot;:&quot;24&quot;,&quot;title&quot;:&quot;Los 4 mejores productos si se te est\u00e1 pelando la piel de la cara&quot;,&quot;width&quot;:&quot;142.5&quot;,&quot;_legend&quot;:&quot;{score}\\\/{best} - ({count} {votes})&quot;,&quot;font_factor&quot;:&quot;1.25&quot;}'>\n            \n<div class=\"kksr-stars\">\n    \n<div class=\"kksr-stars-inactive\">\n            <div class=\"kksr-star\" data-star=\"1\" style=\"padding-right: 5px\">\n            \n\n<div class=\"kksr-icon\" style=\"width: 24px; height: 24px;\"><\/div>\n        <\/div>\n            <div class=\"kksr-star\" data-star=\"2\" style=\"padding-right: 5px\">\n            \n\n<div class=\"kksr-icon\" style=\"width: 24px; height: 24px;\"><\/div>\n        <\/div>\n            <div class=\"kksr-star\" data-star=\"3\" style=\"padding-right: 5px\">\n            \n\n<div class=\"kksr-icon\" style=\"width: 24px; height: 24px;\"><\/div>\n        <\/div>\n            <div class=\"kksr-star\" data-star=\"4\" style=\"padding-right: 5px\">\n            \n\n<div class=\"kksr-icon\" style=\"width: 24px; height: 24px;\"><\/div>\n        <\/div>\n            <div class=\"kksr-star\" data-star=\"5\" style=\"padding-right: 5px\">\n            \n\n<div class=\"kksr-icon\" style=\"width: 24px; height: 24px;\"><\/div>\n        <\/div>\n    <\/div>\n    \n<div class=\"kksr-stars-active\" style=\"width: 142.5px;\">\n            <div class=\"kksr-star\" style=\"padding-right: 5px\">\n            \n\n<div class=\"kksr-icon\" style=\"width: 24px; height: 24px;\"><\/div>\n        <\/div>\n            <div class=\"kksr-star\" style=\"padding-right: 5px\">\n            \n\n<div class=\"kksr-icon\" style=\"width: 24px; height: 24px;\"><\/div>\n        <\/div>\n            <div class=\"kksr-star\" style=\"padding-right: 5px\">\n            \n\n<div class=\"kksr-icon\" style=\"width: 24px; height: 24px;\"><\/div>\n        <\/div>\n            <div class=\"kksr-star\" style=\"padding-right: 5px\">\n            \n\n<div class=\"kksr-icon\" style=\"width: 24px; height: 24px;\"><\/div>\n        <\/div>\n            <div class=\"kksr-star\" style=\"padding-right: 5px\">\n            \n\n<div class=\"kksr-icon\" style=\"width: 24px; height: 24px;\"><\/div>\n        <\/div>\n    <\/div>\n<\/div>\n                \n\n<div class=\"kksr-legend\" style=\"font-size: 19.2px;\">\n            5\/5 - (1 voto)    <\/div>\n    <\/div>\n","protected":false},"excerpt":{"rendered":"<p>\u00bfSe te pela la piel? No te preocupes: tiene soluci\u00f3n. En este art\u00edculo de Primor te contamos cu\u00e1les son los productos m\u00e1s hidratantes para cuidar la piel pelada de la cara. Son aptos para todo tipo de pieles, muy agradables y de r\u00e1pida absorci\u00f3n. Lo mejor es que no dejan rastro de sebo. Ve\u00e1moslo m\u00e1s [&hellip;]<\/p>\n","protected":false},"author":14,"featured_media":111032,"comment_status":"closed","ping_status":"closed","sticky":false,"template":"","format":"standard","meta":{"jnews-multi-image_gallery":[],"jnews_single_post":{"subtitle":"","format":"standard","video":"","gallery":"","source_name":"","source_url":"","via_name":"","via_url":"","override_template":"0","override":[{"template":"1","single_blog_custom":"","parallax":"1","fullscreen":"1","layout":"right-sidebar","sidebar":"home-2","second_sidebar":"default-sidebar","sticky_sidebar":"0","share_position":"float","share_float_style":"share-monocrhome","show_share_counter":"0","show_view_counter":"0","show_featured":"1","show_post_meta":"1","show_post_author":"0","show_post_author_image":"1","show_post_date":"1","post_date_format":"default","post_date_format_custom":"Y\/m\/d","show_post_category":"1","show_post_reading_time":"0","post_reading_time_wpm":"300","show_zoom_button":"0","zoom_button_out_step":"2","zoom_button_in_step":"3","show_post_tag":"0","show_prev_next_post":"0","show_popup_post":"0","number_popup_post":"2","show_author_box":"0","show_post_related":"0","show_inline_post_related":"1"}],"override_image_size":"0","image_override":[{"single_post_thumbnail_size":"no-crop","single_post_gallery_size":"crop-500"}],"trending_post":"0","trending_post_position":"meta","trending_post_label":"Trending","sponsored_post":"0","sponsored_post_label":"Sponsored by","sponsored_post_name":"","sponsored_post_url":"","sponsored_post_logo_enable":"0","sponsored_post_logo":"","sponsored_post_desc":"","disable_ad":"0"},"jnews_primary_category":{"id":"","hide":""},"jnews_social_meta":{"fb_title":"","fb_description":"","fb_image":"","twitter_title":"","twitter_description":"","twitter_image":""},"jnews_override_counter":{"override_view_counter":"0","view_counter_number":"0","override_share_counter":"0","share_counter_number":"0","override_like_counter":"0","like_counter_number":"0","override_dislike_counter":"0","dislike_counter_number":"0"},"footnotes":""},"categories":[6299],"tags":[],"class_list":["post-111024","post","type-post","status-publish","format-standard","has-post-thumbnail","hentry","category-bienestar"],"_links":{"self":[{"href":"https:\/\/www.primor.eu\/blog\/wp-json\/wp\/v2\/posts\/111024","targetHints":{"allow":["GET"]}}],"collection":[{"href":"https:\/\/www.primor.eu\/blog\/wp-json\/wp\/v2\/posts"}],"about":[{"href":"https:\/\/www.primor.eu\/blog\/wp-json\/wp\/v2\/types\/post"}],"author":[{"embeddable":true,"href":"https:\/\/www.primor.eu\/blog\/wp-json\/wp\/v2\/users\/14"}],"replies":[{"embeddable":true,"href":"https:\/\/www.primor.eu\/blog\/wp-json\/wp\/v2\/comments?post=111024"}],"version-history":[{"count":3,"href":"https:\/\/www.primor.eu\/blog\/wp-json\/wp\/v2\/posts\/111024\/revisions"}],"predecessor-version":[{"id":132250,"href":"https:\/\/www.primor.eu\/blog\/wp-json\/wp\/v2\/posts\/111024\/revisions\/132250"}],"wp:featuredmedia":[{"embeddable":true,"href":"https:\/\/www.primor.eu\/blog\/wp-json\/wp\/v2\/media\/111032"}],"wp:attachment":[{"href":"https:\/\/www.primor.eu\/blog\/wp-json\/wp\/v2\/media?parent=111024"}],"wp:term":[{"taxonomy":"category","embeddable":true,"href":"https:\/\/www.primor.eu\/blog\/wp-json\/wp\/v2\/categories?post=111024"},{"taxonomy":"post_tag","embeddable":true,"href":"https:\/\/www.primor.eu\/blog\/wp-json\/wp\/v2\/tags?post=111024"}],"curies":[{"name":"wp","href":"https:\/\/api.w.org\/{rel}","templated":true}]}}