{"id":111016,"date":"2024-08-23T07:34:41","date_gmt":"2024-08-23T07:34:41","guid":{"rendered":"https:\/\/www.primor.eu\/blog\/?p=111016"},"modified":"2024-08-16T07:34:49","modified_gmt":"2024-08-16T07:34:49","slug":"eritema-solar","status":"publish","type":"post","link":"https:\/\/www.primor.eu\/blog\/eritema-solar\/","title":{"rendered":"Eritema solar: qu\u00e9 es, porqu\u00e9 sale y c\u00f3mo tratarlo"},"content":{"rendered":"\n<p>Puede que hayas o\u00eddo hablar de \u00e9l, o puede que no, pero debes saber qu\u00e9 es el <strong>eritema<\/strong> <strong>solar<\/strong>. \u00bfLa raz\u00f3n? Es bastante com\u00fan en verano si tomas el sol, y aunque en principio no es grave, puede serlo si no se controla.&nbsp;&nbsp;<\/p>\n\n\n\n<h2 class=\"wp-block-heading\">\u00bfQu\u00e9 es el eritema solar?<\/h2>\n\n\n\n<p>El <strong>eritema solar<\/strong> es una reacci\u00f3n cut\u00e1nea caracterizada por el <strong>enrojecimiento<\/strong> y la <strong>inflamaci\u00f3n de la piel,<\/strong> causada por la sobreexposici\u00f3n a la radiaci\u00f3n ultravioleta (UV) del sol. Es m\u00e1s com\u00fanmente conocido como quemadura solar. Esta condici\u00f3n se manifiesta cuando la piel, especialmente la que no est\u00e1 acostumbrada a la exposici\u00f3n solar intensa, se expone a los rayos UV por un tiempo prolongado sin la protecci\u00f3n adecuada.<\/p>\n\n\n\n<p>El eritema solar puede <strong>variar en gravedad<\/strong>, desde una leve irritaci\u00f3n hasta una quemadura grave, con s\u00edntomas que incluyen enrojecimiento, dolor, sensibilidad, y en casos severos, ampollas y descamaci\u00f3n.<\/p>\n\n\n\n<h2 class=\"wp-block-heading\">Qu\u00e9 lo causa<\/h2>\n\n\n\n<p>El eritema solar ocurre principalmente debido a la <strong>exposici\u00f3n excesiva a la radiaci\u00f3n ultravioleta (UV) del sol<\/strong>, que da\u00f1a las c\u00e9lulas de la epidermis, la capa m\u00e1s externa de la piel. Este da\u00f1o celular provoca una <strong>respuesta inflamatoria<\/strong>, enrojece e inflama la piel, dando lugar a los eritemas. Adem\u00e1s, el riesgo de desarrollar eritema solar aumenta con:<\/p>\n\n\n\n<ul class=\"wp-block-list\">\n<li><strong>La falta de uso de protectores solares<\/strong>.<\/li>\n\n\n\n<li><strong>La exposici\u00f3n prolongada al sol,<\/strong> especialmente entre las 10 a.m. y las 4 p.m., cuando la radiaci\u00f3n UV es m\u00e1s intensa.<\/li>\n\n\n\n<li><strong>La altitud y la latitud<\/strong>: en \u00e1reas m\u00e1s cercanas al ecuador o a mayor altitud, la radiaci\u00f3n UV es m\u00e1s fuerte.<\/li>\n\n\n\n<li><strong>Superficies que reflejan la luz solar<\/strong>, como el agua, la arena y la nieve, que intensifican la exposici\u00f3n.<\/li>\n<\/ul>\n\n\n\n<h2 class=\"wp-block-heading\">C\u00f3mo se trata un eritema solar<\/h2>\n\n\n\n<p>Principalmente, aliviando los s\u00edntomas. \u00bfC\u00f3mo?<\/p>\n\n\n\n<ul class=\"wp-block-list\">\n<li><strong>Enfriando la piel <\/strong>con duchas o ba\u00f1os con agua fr\u00eda, o aplicando compresas fr\u00edas en las \u00e1reas afectadas puede ayudar a reducir la temperatura de la piel y aliviar el dolor.<\/li>\n\n\n\n<li><strong>Hidrataci\u00f3n<\/strong>. Despu\u00e9s de enfriar la piel, es crucial aplicar una crema hidratante o loci\u00f3n, preferiblemente a base de aloe vera o que contenga ingredientes calmantes, para rehidratar la piel y reducir la descamaci\u00f3n.<\/li>\n\n\n\n<li><strong>Beber agua<\/strong>. Es importante mantenerse hidratado, ya que el eritema solar puede deshidratar el cuerpo. Beber abundante agua ayuda a reponer los l\u00edquidos perdidos y promueve la recuperaci\u00f3n de la piel.<\/li>\n\n\n\n<li><strong>Medicamentos antiinflamatorios.<\/strong> Tomar un antiinflamatorio no esteroideo (AINE) como ibuprofeno o aspirina suelen ayudar a reducir la inflamaci\u00f3n, el dolor y la hinchaz\u00f3n.<\/li>\n\n\n\n<li><strong>Ni se te ocurra tomar el sol. <\/strong>Mientras la piel est\u00e9 en proceso de curaci\u00f3n, es fundamental evitarlo.<\/li>\n\n\n\n<li><strong>No rompas las ampollas<\/strong>. Si aparecen ampollas, es importante no reventarlas, ya que protegen las capas m\u00e1s profundas de la piel mientras se curan. Si se rompen accidentalmente, limpiar suavemente con agua y jab\u00f3n y aplicar un antis\u00e9ptico para evitar infecciones.<\/li>\n<\/ul>\n\n\n\n<h2 class=\"wp-block-heading\">La mejor cura: la prevenci\u00f3n<\/h2>\n\n\n\n<ul class=\"wp-block-list\">\n<li><strong>Usar protector solar<\/strong> con un factor de protecci\u00f3n solar (FPS) de al menos 30, aplic\u00e1ndolo generosamente y reaplic\u00e1ndolo cada dos horas, o despu\u00e9s de nadar o sudar.<\/li>\n\n\n\n<li>Evitar la exposici\u00f3n al sol durante las<strong> horas pico de radiaci\u00f3n UV.<\/strong><\/li>\n\n\n\n<li>Buscar <strong>sombra<\/strong> siempre que sea posible.<\/li>\n<\/ul>\n\n\n<div class=\"kk-star-ratings kksr-auto kksr-align-center kksr-valign-bottom\"\n    data-payload='{&quot;align&quot;:&quot;center&quot;,&quot;id&quot;:&quot;111016&quot;,&quot;slug&quot;:&quot;default&quot;,&quot;valign&quot;:&quot;bottom&quot;,&quot;ignore&quot;:&quot;&quot;,&quot;reference&quot;:&quot;auto&quot;,&quot;class&quot;:&quot;&quot;,&quot;count&quot;:&quot;1&quot;,&quot;legendonly&quot;:&quot;&quot;,&quot;readonly&quot;:&quot;&quot;,&quot;score&quot;:&quot;5&quot;,&quot;starsonly&quot;:&quot;&quot;,&quot;best&quot;:&quot;5&quot;,&quot;gap&quot;:&quot;5&quot;,&quot;greet&quot;:&quot;Valora este art\u00edculo&quot;,&quot;legend&quot;:&quot;5\\\/5 - (1 voto)&quot;,&quot;size&quot;:&quot;24&quot;,&quot;title&quot;:&quot;Eritema solar: qu\u00e9 es, porqu\u00e9 sale y c\u00f3mo tratarlo&quot;,&quot;width&quot;:&quot;142.5&quot;,&quot;_legend&quot;:&quot;{score}\\\/{best} - ({count} {votes})&quot;,&quot;font_factor&quot;:&quot;1.25&quot;}'>\n            \n<div class=\"kksr-stars\">\n    \n<div class=\"kksr-stars-inactive\">\n            <div class=\"kksr-star\" data-star=\"1\" style=\"padding-right: 5px\">\n            \n\n<div class=\"kksr-icon\" style=\"width: 24px; height: 24px;\"><\/div>\n        <\/div>\n            <div class=\"kksr-star\" data-star=\"2\" style=\"padding-right: 5px\">\n            \n\n<div class=\"kksr-icon\" style=\"width: 24px; height: 24px;\"><\/div>\n        <\/div>\n            <div class=\"kksr-star\" data-star=\"3\" style=\"padding-right: 5px\">\n            \n\n<div class=\"kksr-icon\" style=\"width: 24px; height: 24px;\"><\/div>\n        <\/div>\n            <div class=\"kksr-star\" data-star=\"4\" style=\"padding-right: 5px\">\n            \n\n<div class=\"kksr-icon\" style=\"width: 24px; height: 24px;\"><\/div>\n        <\/div>\n            <div class=\"kksr-star\" data-star=\"5\" style=\"padding-right: 5px\">\n            \n\n<div class=\"kksr-icon\" style=\"width: 24px; height: 24px;\"><\/div>\n        <\/div>\n    <\/div>\n    \n<div class=\"kksr-stars-active\" style=\"width: 142.5px;\">\n            <div class=\"kksr-star\" style=\"padding-right: 5px\">\n            \n\n<div class=\"kksr-icon\" style=\"width: 24px; height: 24px;\"><\/div>\n        <\/div>\n            <div class=\"kksr-star\" style=\"padding-right: 5px\">\n            \n\n<div class=\"kksr-icon\" style=\"width: 24px; height: 24px;\"><\/div>\n        <\/div>\n            <div class=\"kksr-star\" style=\"padding-right: 5px\">\n            \n\n<div class=\"kksr-icon\" style=\"width: 24px; height: 24px;\"><\/div>\n        <\/div>\n            <div class=\"kksr-star\" style=\"padding-right: 5px\">\n            \n\n<div class=\"kksr-icon\" style=\"width: 24px; height: 24px;\"><\/div>\n        <\/div>\n            <div class=\"kksr-star\" style=\"padding-right: 5px\">\n            \n\n<div class=\"kksr-icon\" style=\"width: 24px; height: 24px;\"><\/div>\n        <\/div>\n    <\/div>\n<\/div>\n                \n\n<div class=\"kksr-legend\" style=\"font-size: 19.2px;\">\n            5\/5 - (1 voto)    <\/div>\n    <\/div>\n","protected":false},"excerpt":{"rendered":"<p>Puede que hayas o\u00eddo hablar de \u00e9l, o puede que no, pero debes saber qu\u00e9 es el eritema solar. \u00bfLa raz\u00f3n? Es bastante com\u00fan en verano si tomas el sol, y aunque en principio no es grave, puede serlo si no se controla.&nbsp;&nbsp; \u00bfQu\u00e9 es el eritema solar? El eritema solar es una reacci\u00f3n cut\u00e1nea [&hellip;]<\/p>\n","protected":false},"author":14,"featured_media":111017,"comment_status":"closed","ping_status":"closed","sticky":false,"template":"","format":"standard","meta":{"jnews-multi-image_gallery":[],"jnews_single_post":{"subtitle":"","format":"standard","video":"","gallery":"","source_name":"","source_url":"","via_name":"","via_url":"","override_template":"0","override":[{"template":"1","single_blog_custom":"","parallax":"1","fullscreen":"1","layout":"right-sidebar","sidebar":"home-2","second_sidebar":"default-sidebar","sticky_sidebar":"0","share_position":"float","share_float_style":"share-monocrhome","show_share_counter":"0","show_view_counter":"0","show_featured":"1","show_post_meta":"1","show_post_author":"0","show_post_author_image":"1","show_post_date":"1","post_date_format":"default","post_date_format_custom":"Y\/m\/d","show_post_category":"1","show_post_reading_time":"0","post_reading_time_wpm":"300","show_zoom_button":"0","zoom_button_out_step":"2","zoom_button_in_step":"3","show_post_tag":"0","show_prev_next_post":"0","show_popup_post":"0","number_popup_post":"2","show_author_box":"0","show_post_related":"0","show_inline_post_related":"1"}],"override_image_size":"0","image_override":[{"single_post_thumbnail_size":"no-crop","single_post_gallery_size":"crop-500"}],"trending_post":"0","trending_post_position":"meta","trending_post_label":"Trending","sponsored_post":"0","sponsored_post_label":"Sponsored by","sponsored_post_name":"","sponsored_post_url":"","sponsored_post_logo_enable":"0","sponsored_post_logo":"","sponsored_post_desc":"","disable_ad":"0"},"jnews_primary_category":{"id":"","hide":""},"jnews_social_meta":{"fb_title":"","fb_description":"","fb_image":"","twitter_title":"","twitter_description":"","twitter_image":""},"jnews_override_counter":{"override_view_counter":"0","view_counter_number":"0","override_share_counter":"0","share_counter_number":"0","override_like_counter":"0","like_counter_number":"0","override_dislike_counter":"0","dislike_counter_number":"0"},"footnotes":""},"categories":[6302],"tags":[],"class_list":["post-111016","post","type-post","status-publish","format-standard","has-post-thumbnail","hentry","category-solares"],"_links":{"self":[{"href":"https:\/\/www.primor.eu\/blog\/wp-json\/wp\/v2\/posts\/111016","targetHints":{"allow":["GET"]}}],"collection":[{"href":"https:\/\/www.primor.eu\/blog\/wp-json\/wp\/v2\/posts"}],"about":[{"href":"https:\/\/www.primor.eu\/blog\/wp-json\/wp\/v2\/types\/post"}],"author":[{"embeddable":true,"href":"https:\/\/www.primor.eu\/blog\/wp-json\/wp\/v2\/users\/14"}],"replies":[{"embeddable":true,"href":"https:\/\/www.primor.eu\/blog\/wp-json\/wp\/v2\/comments?post=111016"}],"version-history":[{"count":1,"href":"https:\/\/www.primor.eu\/blog\/wp-json\/wp\/v2\/posts\/111016\/revisions"}],"predecessor-version":[{"id":111018,"href":"https:\/\/www.primor.eu\/blog\/wp-json\/wp\/v2\/posts\/111016\/revisions\/111018"}],"wp:featuredmedia":[{"embeddable":true,"href":"https:\/\/www.primor.eu\/blog\/wp-json\/wp\/v2\/media\/111017"}],"wp:attachment":[{"href":"https:\/\/www.primor.eu\/blog\/wp-json\/wp\/v2\/media?parent=111016"}],"wp:term":[{"taxonomy":"category","embeddable":true,"href":"https:\/\/www.primor.eu\/blog\/wp-json\/wp\/v2\/categories?post=111016"},{"taxonomy":"post_tag","embeddable":true,"href":"https:\/\/www.primor.eu\/blog\/wp-json\/wp\/v2\/tags?post=111016"}],"curies":[{"name":"wp","href":"https:\/\/api.w.org\/{rel}","templated":true}]}}