{"id":111013,"date":"2024-08-22T07:30:05","date_gmt":"2024-08-22T07:30:05","guid":{"rendered":"https:\/\/www.primor.eu\/blog\/?p=111013"},"modified":"2024-08-16T07:32:14","modified_gmt":"2024-08-16T07:32:14","slug":"dermatitis-seborreica-cara","status":"publish","type":"post","link":"https:\/\/www.primor.eu\/blog\/dermatitis-seborreica-cara\/","title":{"rendered":"C\u00f3mo tratar la dermatitis seborreica en la cara"},"content":{"rendered":"\n<p>A todos nos puede pasar, y todos coincidimos: es <strong>molesta<\/strong>. La <strong>dermatitis seborreica en la cara<\/strong> es una afecci\u00f3n cr\u00f3nica e inflamatoria de la piel que se presenta com\u00fanmente en \u00e1reas donde hay una alta concentraci\u00f3n de gl\u00e1ndulas seb\u00e1ceas, como las <strong>cejas<\/strong>, los lados de la nariz, la <strong>frente<\/strong> y el <strong>ment\u00f3n<\/strong>. Sus <strong>s\u00edntomas principales <\/strong>son el enrojecimiento, descamaci\u00f3n, picaz\u00f3n y a veces ardor. Te explicamos por qu\u00e9 sale y c\u00f3mo puedes evitarla.&nbsp;<\/p>\n\n\n\n<h2 class=\"wp-block-heading\">Por qu\u00e9 me ha salido dermatitis en la cara<\/h2>\n\n\n\n<p>Por muchas razones, y muy probablemente sea por una combinaci\u00f3n de muchos factores, pero generalmente:<\/p>\n\n\n\n<ul class=\"wp-block-list\">\n<li><strong>Proliferaci\u00f3n de hongos<\/strong>. Concretamente, de la <em>Malassezia<\/em>, un hongo que vive normalmente en la piel, puede crecer en exceso y contribuir a la dermatitis seborreica al causar inflamaci\u00f3n y descamaci\u00f3n.<\/li>\n\n\n\n<li><strong>Producci\u00f3n excesiva de sebo<\/strong>. Un exceso de grasa producida por las gl\u00e1ndulas seb\u00e1ceas puede favorecer el crecimiento de hongos y provocar inflamaci\u00f3n en la piel.<\/li>\n\n\n\n<li><strong>Factores gen\u00e9ticos<\/strong>. Hay una predisposici\u00f3n gen\u00e9tica a desarrollar dermatitis seborreica, ya que puede ser m\u00e1s com\u00fan en algunas familias.<\/li>\n\n\n\n<li><strong>Respuestas inmunol\u00f3gicas<\/strong>. Una respuesta inmune alterada o excesiva puede contribuir a la inflamaci\u00f3n y los s\u00edntomas de la dermatitis seborreica.<\/li>\n\n\n\n<li><strong>Estr\u00e9s, cambios estacionales<\/strong> y exposici\u00f3n a climas fr\u00edos y secos pueden agravar los s\u00edntomas de la dermatitis seborreica.<\/li>\n<\/ul>\n\n\n\n<h2 class=\"wp-block-heading\">C\u00f3mo tratar la dermatitis seborreica en la cara<\/h2>\n\n\n\n<p>Lo m\u00e1s <strong>importante<\/strong> es acudir a un m\u00e9dico para que te d\u00e9 un diagn\u00f3stico personalizado que se ajuste a tu caso en <strong>concreto<\/strong>. No obstante, si lo que buscas es orientaci\u00f3n, estos son los tratamientos m\u00e1s recetados por los profesionales:<\/p>\n\n\n\n<ul class=\"wp-block-list\">\n<li><strong>Cremas y lociones antimic\u00f3ticas<\/strong>. Aplica cremas con ketoconazol o clotrimazol para combatir la proliferaci\u00f3n de hongos.<\/li>\n\n\n\n<li><strong>Corticosteroides t\u00f3picos<\/strong>. Usa cremas de baja potencia como hidrocortisona para reducir inflamaci\u00f3n y picaz\u00f3n, aplic\u00e1ndolas con moderaci\u00f3n.<\/li>\n\n\n\n<li><strong>Inmunomoduladores t\u00f3picos<\/strong>, como el tacrolimus o pimecrolimus para reducir la inflamaci\u00f3n sin los efectos secundarios de los esteroides.<\/li>\n\n\n\n<li><strong>Productos con \u00e1cido salic\u00edlico o piritionato de zinc<\/strong>. Utiliza productos con estos ingredientes para exfoliar la piel y controlar la descamaci\u00f3n y la inflamaci\u00f3n.<\/li>\n<\/ul>\n\n\n\n<h2 class=\"wp-block-heading\">C\u00f3mo cuidar una piel con dermatitis seborreica<\/h2>\n\n\n\n<ul class=\"wp-block-list\">\n<li><strong>Con limpieza suave. <\/strong>Te recomendamos aquellos jabones en crema que eliminen el exceso de sebo y las impurezas. Exfoliar la piel tambi\u00e9n te vendr\u00e1 bien, al igual que hidratarla con <a href=\"https:\/\/www.primor.eu\/blog\/oil-free\/\">hidratantes no comedog\u00e9nicas<\/a> que contengan ingredientes calmantes como aloe vera o glicerina para mantener la piel hidratada sin obstruir los poros.<\/li>\n\n\n\n<li><strong>Usa protector solar<\/strong>. Aplicar protector solar todos los d\u00edas para proteger la piel de los rayos UV, que pueden empeorar la inflamaci\u00f3n.<\/li>\n\n\n\n<li><strong>Evita productos irritantes. <\/strong>Usar productos para el cuidado de la piel y el cabello que no contengan fragancias ni alcohol, ya que pueden irritar la piel.<\/li>\n<\/ul>\n\n\n<div class=\"kk-star-ratings kksr-auto kksr-align-center kksr-valign-bottom\"\n    data-payload='{&quot;align&quot;:&quot;center&quot;,&quot;id&quot;:&quot;111013&quot;,&quot;slug&quot;:&quot;default&quot;,&quot;valign&quot;:&quot;bottom&quot;,&quot;ignore&quot;:&quot;&quot;,&quot;reference&quot;:&quot;auto&quot;,&quot;class&quot;:&quot;&quot;,&quot;count&quot;:&quot;1&quot;,&quot;legendonly&quot;:&quot;&quot;,&quot;readonly&quot;:&quot;&quot;,&quot;score&quot;:&quot;5&quot;,&quot;starsonly&quot;:&quot;&quot;,&quot;best&quot;:&quot;5&quot;,&quot;gap&quot;:&quot;5&quot;,&quot;greet&quot;:&quot;Valora este art\u00edculo&quot;,&quot;legend&quot;:&quot;5\\\/5 - (1 voto)&quot;,&quot;size&quot;:&quot;24&quot;,&quot;title&quot;:&quot;C\u00f3mo tratar la dermatitis seborreica en la cara&quot;,&quot;width&quot;:&quot;142.5&quot;,&quot;_legend&quot;:&quot;{score}\\\/{best} - ({count} {votes})&quot;,&quot;font_factor&quot;:&quot;1.25&quot;}'>\n            \n<div class=\"kksr-stars\">\n    \n<div class=\"kksr-stars-inactive\">\n            <div class=\"kksr-star\" data-star=\"1\" style=\"padding-right: 5px\">\n            \n\n<div class=\"kksr-icon\" style=\"width: 24px; height: 24px;\"><\/div>\n        <\/div>\n            <div class=\"kksr-star\" data-star=\"2\" style=\"padding-right: 5px\">\n            \n\n<div class=\"kksr-icon\" style=\"width: 24px; height: 24px;\"><\/div>\n        <\/div>\n            <div class=\"kksr-star\" data-star=\"3\" style=\"padding-right: 5px\">\n            \n\n<div class=\"kksr-icon\" style=\"width: 24px; height: 24px;\"><\/div>\n        <\/div>\n            <div class=\"kksr-star\" data-star=\"4\" style=\"padding-right: 5px\">\n            \n\n<div class=\"kksr-icon\" style=\"width: 24px; height: 24px;\"><\/div>\n        <\/div>\n            <div class=\"kksr-star\" data-star=\"5\" style=\"padding-right: 5px\">\n            \n\n<div class=\"kksr-icon\" style=\"width: 24px; height: 24px;\"><\/div>\n        <\/div>\n    <\/div>\n    \n<div class=\"kksr-stars-active\" style=\"width: 142.5px;\">\n            <div class=\"kksr-star\" style=\"padding-right: 5px\">\n            \n\n<div class=\"kksr-icon\" style=\"width: 24px; height: 24px;\"><\/div>\n        <\/div>\n            <div class=\"kksr-star\" style=\"padding-right: 5px\">\n            \n\n<div class=\"kksr-icon\" style=\"width: 24px; height: 24px;\"><\/div>\n        <\/div>\n            <div class=\"kksr-star\" style=\"padding-right: 5px\">\n            \n\n<div class=\"kksr-icon\" style=\"width: 24px; height: 24px;\"><\/div>\n        <\/div>\n            <div class=\"kksr-star\" style=\"padding-right: 5px\">\n            \n\n<div class=\"kksr-icon\" style=\"width: 24px; height: 24px;\"><\/div>\n        <\/div>\n            <div class=\"kksr-star\" style=\"padding-right: 5px\">\n            \n\n<div class=\"kksr-icon\" style=\"width: 24px; height: 24px;\"><\/div>\n        <\/div>\n    <\/div>\n<\/div>\n                \n\n<div class=\"kksr-legend\" style=\"font-size: 19.2px;\">\n            5\/5 - (1 voto)    <\/div>\n    <\/div>\n","protected":false},"excerpt":{"rendered":"<p>A todos nos puede pasar, y todos coincidimos: es molesta. La dermatitis seborreica en la cara es una afecci\u00f3n cr\u00f3nica e inflamatoria de la piel que se presenta com\u00fanmente en \u00e1reas donde hay una alta concentraci\u00f3n de gl\u00e1ndulas seb\u00e1ceas, como las cejas, los lados de la nariz, la frente y el ment\u00f3n. Sus s\u00edntomas principales [&hellip;]<\/p>\n","protected":false},"author":14,"featured_media":111014,"comment_status":"closed","ping_status":"closed","sticky":false,"template":"","format":"standard","meta":{"jnews-multi-image_gallery":[],"jnews_single_post":{"subtitle":"","format":"standard","video":"","gallery":"","source_name":"","source_url":"","via_name":"","via_url":"","override_template":"0","override":[{"template":"1","single_blog_custom":"","parallax":"1","fullscreen":"1","layout":"right-sidebar","sidebar":"home-2","second_sidebar":"default-sidebar","sticky_sidebar":"0","share_position":"float","share_float_style":"share-monocrhome","show_share_counter":"0","show_view_counter":"0","show_featured":"1","show_post_meta":"1","show_post_author":"0","show_post_author_image":"1","show_post_date":"1","post_date_format":"default","post_date_format_custom":"Y\/m\/d","show_post_category":"1","show_post_reading_time":"0","post_reading_time_wpm":"300","show_zoom_button":"0","zoom_button_out_step":"2","zoom_button_in_step":"3","show_post_tag":"0","show_prev_next_post":"0","show_popup_post":"0","number_popup_post":"2","show_author_box":"0","show_post_related":"0","show_inline_post_related":"1"}],"override_image_size":"0","image_override":[{"single_post_thumbnail_size":"no-crop","single_post_gallery_size":"crop-500"}],"trending_post":"0","trending_post_position":"meta","trending_post_label":"Trending","sponsored_post":"0","sponsored_post_label":"Sponsored by","sponsored_post_name":"","sponsored_post_url":"","sponsored_post_logo_enable":"0","sponsored_post_logo":"","sponsored_post_desc":"","disable_ad":"0"},"jnews_primary_category":{"id":"","hide":""},"jnews_social_meta":{"fb_title":"","fb_description":"","fb_image":"","twitter_title":"","twitter_description":"","twitter_image":""},"jnews_override_counter":{"override_view_counter":"0","view_counter_number":"0","override_share_counter":"0","share_counter_number":"0","override_like_counter":"0","like_counter_number":"0","override_dislike_counter":"0","dislike_counter_number":"0"},"footnotes":""},"categories":[6299],"tags":[],"class_list":["post-111013","post","type-post","status-publish","format-standard","has-post-thumbnail","hentry","category-bienestar"],"_links":{"self":[{"href":"https:\/\/www.primor.eu\/blog\/wp-json\/wp\/v2\/posts\/111013","targetHints":{"allow":["GET"]}}],"collection":[{"href":"https:\/\/www.primor.eu\/blog\/wp-json\/wp\/v2\/posts"}],"about":[{"href":"https:\/\/www.primor.eu\/blog\/wp-json\/wp\/v2\/types\/post"}],"author":[{"embeddable":true,"href":"https:\/\/www.primor.eu\/blog\/wp-json\/wp\/v2\/users\/14"}],"replies":[{"embeddable":true,"href":"https:\/\/www.primor.eu\/blog\/wp-json\/wp\/v2\/comments?post=111013"}],"version-history":[{"count":1,"href":"https:\/\/www.primor.eu\/blog\/wp-json\/wp\/v2\/posts\/111013\/revisions"}],"predecessor-version":[{"id":111015,"href":"https:\/\/www.primor.eu\/blog\/wp-json\/wp\/v2\/posts\/111013\/revisions\/111015"}],"wp:featuredmedia":[{"embeddable":true,"href":"https:\/\/www.primor.eu\/blog\/wp-json\/wp\/v2\/media\/111014"}],"wp:attachment":[{"href":"https:\/\/www.primor.eu\/blog\/wp-json\/wp\/v2\/media?parent=111013"}],"wp:term":[{"taxonomy":"category","embeddable":true,"href":"https:\/\/www.primor.eu\/blog\/wp-json\/wp\/v2\/categories?post=111013"},{"taxonomy":"post_tag","embeddable":true,"href":"https:\/\/www.primor.eu\/blog\/wp-json\/wp\/v2\/tags?post=111013"}],"curies":[{"name":"wp","href":"https:\/\/api.w.org\/{rel}","templated":true}]}}