{"id":111010,"date":"2024-08-22T07:29:00","date_gmt":"2024-08-22T07:29:00","guid":{"rendered":"https:\/\/www.primor.eu\/blog\/?p=111010"},"modified":"2024-08-16T07:29:51","modified_gmt":"2024-08-16T07:29:51","slug":"dermatitis-seborreica-pecho","status":"publish","type":"post","link":"https:\/\/www.primor.eu\/blog\/dermatitis-seborreica-pecho\/","title":{"rendered":"C\u00f3mo tratar la dermatitis seborreica en el pecho"},"content":{"rendered":"\n<p>Es m\u00e1s com\u00fan de lo que piensas, pero es muy molesta y, si no se trata bien, puede complicarse (mucho). La <strong>dermatitis seborreica<\/strong> es una afecci\u00f3n inflamatoria de la piel que se manifiesta principalmente en \u00e1reas con una alta densidad de gl\u00e1ndulas seb\u00e1ceas, como el <strong>cuero cabelludo<\/strong>, la <strong>cara<\/strong> y el <strong>pecho<\/strong>. Hoy hablamos en este art\u00edculo de Primor sobre la dermatitis seborreica en el pecho, c\u00f3mo podemos calmar sus s\u00edntomas y cu\u00e1ndo deber\u00edamos acudir a un profesional.<\/p>\n\n\n\n<h2 class=\"wp-block-heading\">Tratamientos m\u00e9dicos para combatir la dermatitis seborreica en el pecho<\/h2>\n\n\n\n<p>Recuerda que, al ser un tratamiento m\u00e9dico, lo aconsejable es que te lo recete un profesional. De todas formas, estos son los m\u00e1s habituales, ya que muchos de ellos son sin receta:<\/p>\n\n\n\n<ul class=\"wp-block-list\">\n<li><strong>Champ\u00fas y jabones de uso profesional.<\/strong> Utiliza productos con ingredientes como ketoconazol, sulfuro de selenio, piritionato de zinc o \u00e1cido salic\u00edlico para reducir hongos y descamaci\u00f3n.<\/li>\n\n\n\n<li><strong>Cremas y lociones t\u00f3picas<\/strong>. Aplica corticosteroides de baja potencia para reducir la inflamaci\u00f3n y la picaz\u00f3n, con uso limitado para evitar efectos secundarios.<\/li>\n\n\n\n<li><strong>Antif\u00fangicos t\u00f3picos<\/strong>, como cremas o geles antif\u00fangicos como clotrimazol o miconazol para combatir la proliferaci\u00f3n de hongos en la piel afectada.<\/li>\n\n\n\n<li><strong>Inmunomoduladores t\u00f3picos<\/strong>. Usa tacrolimus o pimecrolimus, que son alternativas a los corticosteroides y ayudan a reducir la inflamaci\u00f3n sin los efectos secundarios de los esteroides.<\/li>\n\n\n\n<li><strong>Tratamientos adicionales<\/strong>. En casos severos, se pueden recetar antif\u00fangicos orales o fototerapia para controlar la dermatitis seborreica resistente a otros tratamientos.<\/li>\n<\/ul>\n\n\n\n<h2 class=\"wp-block-heading\">Remedios naturales<\/h2>\n\n\n\n<ul class=\"wp-block-list\">\n<li><a href=\"https:\/\/www.primor.eu\/blog\/aceite-arbol-te\/\"><strong>Aceite de \u00e1rbol de t\u00e9<\/strong><\/a> por sus propiedades antif\u00fangicas y antiinflamatorias. Se puede diluir y aplicar t\u00f3picamente para reducir los s\u00edntomas, pero debe usarse con precauci\u00f3n para evitar irritaciones.<\/li>\n\n\n\n<li><a href=\"https:\/\/www.primor.eu\/blog\/usos-del-aloe-vera\/\"><strong>Aloe vera<\/strong><\/a> por sus propiedades calmantes y antiinflamatorias. Aplicar gel de aloe vera puro ayuda a calmar la piel irritada y reducir el enrojecimiento.<\/li>\n\n\n\n<li><a href=\"https:\/\/www.primor.eu\/blog\/vinagre-manzana-pelo\/\"><strong>Vinagre de manzana.<\/strong><\/a> Las propiedades antif\u00fangicas al diluir en agua y aplicar suavemente en la piel afectada ayudan a equilibrar el pH de la piel y reducir la proliferaci\u00f3n de hongos.<\/li>\n<\/ul>\n\n\n\n<h2 class=\"wp-block-heading\">\u00bfCu\u00e1ndo voy al m\u00e9dico?<\/h2>\n\n\n\n<ul class=\"wp-block-list\">\n<li><strong>Si es constante. <\/strong>Si los s\u00edntomas no mejoran con el tratamiento en casa o si la dermatitis seborreica es severa.<\/li>\n\n\n\n<li><strong>Si hay infecci\u00f3n secundaria<\/strong>. Si hay signos de infecci\u00f3n como aumento del dolor, calor, pus o fiebre.<\/li>\n\n\n\n<li><strong>Si no reaccionas bien al tratamiento<\/strong>. Si experimentas efectos secundarios o reacciones adversas a los tratamientos t\u00f3picos.<\/li>\n<\/ul>\n\n\n<div class=\"kk-star-ratings kksr-auto kksr-align-center kksr-valign-bottom\"\n    data-payload='{&quot;align&quot;:&quot;center&quot;,&quot;id&quot;:&quot;111010&quot;,&quot;slug&quot;:&quot;default&quot;,&quot;valign&quot;:&quot;bottom&quot;,&quot;ignore&quot;:&quot;&quot;,&quot;reference&quot;:&quot;auto&quot;,&quot;class&quot;:&quot;&quot;,&quot;count&quot;:&quot;0&quot;,&quot;legendonly&quot;:&quot;&quot;,&quot;readonly&quot;:&quot;&quot;,&quot;score&quot;:&quot;0&quot;,&quot;starsonly&quot;:&quot;&quot;,&quot;best&quot;:&quot;5&quot;,&quot;gap&quot;:&quot;5&quot;,&quot;greet&quot;:&quot;Valora este art\u00edculo&quot;,&quot;legend&quot;:&quot;0\\\/5 - (0 votos)&quot;,&quot;size&quot;:&quot;24&quot;,&quot;title&quot;:&quot;C\u00f3mo tratar la dermatitis seborreica en el pecho&quot;,&quot;width&quot;:&quot;0&quot;,&quot;_legend&quot;:&quot;{score}\\\/{best} - ({count} {votes})&quot;,&quot;font_factor&quot;:&quot;1.25&quot;}'>\n            \n<div class=\"kksr-stars\">\n    \n<div class=\"kksr-stars-inactive\">\n            <div class=\"kksr-star\" data-star=\"1\" style=\"padding-right: 5px\">\n            \n\n<div class=\"kksr-icon\" style=\"width: 24px; height: 24px;\"><\/div>\n        <\/div>\n            <div class=\"kksr-star\" data-star=\"2\" style=\"padding-right: 5px\">\n            \n\n<div class=\"kksr-icon\" style=\"width: 24px; height: 24px;\"><\/div>\n        <\/div>\n            <div class=\"kksr-star\" data-star=\"3\" style=\"padding-right: 5px\">\n            \n\n<div class=\"kksr-icon\" style=\"width: 24px; height: 24px;\"><\/div>\n        <\/div>\n            <div class=\"kksr-star\" data-star=\"4\" style=\"padding-right: 5px\">\n            \n\n<div class=\"kksr-icon\" style=\"width: 24px; height: 24px;\"><\/div>\n        <\/div>\n            <div class=\"kksr-star\" data-star=\"5\" style=\"padding-right: 5px\">\n            \n\n<div class=\"kksr-icon\" style=\"width: 24px; height: 24px;\"><\/div>\n        <\/div>\n    <\/div>\n    \n<div class=\"kksr-stars-active\" style=\"width: 0px;\">\n            <div class=\"kksr-star\" style=\"padding-right: 5px\">\n            \n\n<div class=\"kksr-icon\" style=\"width: 24px; height: 24px;\"><\/div>\n        <\/div>\n            <div class=\"kksr-star\" style=\"padding-right: 5px\">\n            \n\n<div class=\"kksr-icon\" style=\"width: 24px; height: 24px;\"><\/div>\n        <\/div>\n            <div class=\"kksr-star\" style=\"padding-right: 5px\">\n            \n\n<div class=\"kksr-icon\" style=\"width: 24px; height: 24px;\"><\/div>\n        <\/div>\n            <div class=\"kksr-star\" style=\"padding-right: 5px\">\n            \n\n<div class=\"kksr-icon\" style=\"width: 24px; height: 24px;\"><\/div>\n        <\/div>\n            <div class=\"kksr-star\" style=\"padding-right: 5px\">\n            \n\n<div class=\"kksr-icon\" style=\"width: 24px; height: 24px;\"><\/div>\n        <\/div>\n    <\/div>\n<\/div>\n                \n\n<div class=\"kksr-legend\" style=\"font-size: 19.2px;\">\n            <span class=\"kksr-muted\">Valora este art\u00edculo<\/span>\n    <\/div>\n    <\/div>\n","protected":false},"excerpt":{"rendered":"<p>Es m\u00e1s com\u00fan de lo que piensas, pero es muy molesta y, si no se trata bien, puede complicarse (mucho). La dermatitis seborreica es una afecci\u00f3n inflamatoria de la piel que se manifiesta principalmente en \u00e1reas con una alta densidad de gl\u00e1ndulas seb\u00e1ceas, como el cuero cabelludo, la cara y el pecho. Hoy hablamos en [&hellip;]<\/p>\n","protected":false},"author":14,"featured_media":111011,"comment_status":"closed","ping_status":"closed","sticky":false,"template":"","format":"standard","meta":{"jnews-multi-image_gallery":[],"jnews_single_post":{"subtitle":"","format":"standard","video":"","gallery":"","source_name":"","source_url":"","via_name":"","via_url":"","override_template":"0","override":[{"template":"1","single_blog_custom":"","parallax":"1","fullscreen":"1","layout":"right-sidebar","sidebar":"home-2","second_sidebar":"default-sidebar","sticky_sidebar":"0","share_position":"float","share_float_style":"share-monocrhome","show_share_counter":"0","show_view_counter":"0","show_featured":"1","show_post_meta":"1","show_post_author":"0","show_post_author_image":"1","show_post_date":"1","post_date_format":"default","post_date_format_custom":"Y\/m\/d","show_post_category":"1","show_post_reading_time":"0","post_reading_time_wpm":"300","show_zoom_button":"0","zoom_button_out_step":"2","zoom_button_in_step":"3","show_post_tag":"0","show_prev_next_post":"0","show_popup_post":"0","number_popup_post":"2","show_author_box":"0","show_post_related":"0","show_inline_post_related":"1"}],"override_image_size":"0","image_override":[{"single_post_thumbnail_size":"no-crop","single_post_gallery_size":"crop-500"}],"trending_post":"0","trending_post_position":"meta","trending_post_label":"Trending","sponsored_post":"0","sponsored_post_label":"Sponsored by","sponsored_post_name":"","sponsored_post_url":"","sponsored_post_logo_enable":"0","sponsored_post_logo":"","sponsored_post_desc":"","disable_ad":"0"},"jnews_primary_category":{"id":"","hide":""},"jnews_social_meta":{"fb_title":"","fb_description":"","fb_image":"","twitter_title":"","twitter_description":"","twitter_image":""},"jnews_override_counter":{"override_view_counter":"0","view_counter_number":"0","override_share_counter":"0","share_counter_number":"0","override_like_counter":"0","like_counter_number":"0","override_dislike_counter":"0","dislike_counter_number":"0"},"footnotes":""},"categories":[6299],"tags":[],"class_list":["post-111010","post","type-post","status-publish","format-standard","has-post-thumbnail","hentry","category-bienestar"],"_links":{"self":[{"href":"https:\/\/www.primor.eu\/blog\/wp-json\/wp\/v2\/posts\/111010","targetHints":{"allow":["GET"]}}],"collection":[{"href":"https:\/\/www.primor.eu\/blog\/wp-json\/wp\/v2\/posts"}],"about":[{"href":"https:\/\/www.primor.eu\/blog\/wp-json\/wp\/v2\/types\/post"}],"author":[{"embeddable":true,"href":"https:\/\/www.primor.eu\/blog\/wp-json\/wp\/v2\/users\/14"}],"replies":[{"embeddable":true,"href":"https:\/\/www.primor.eu\/blog\/wp-json\/wp\/v2\/comments?post=111010"}],"version-history":[{"count":1,"href":"https:\/\/www.primor.eu\/blog\/wp-json\/wp\/v2\/posts\/111010\/revisions"}],"predecessor-version":[{"id":111012,"href":"https:\/\/www.primor.eu\/blog\/wp-json\/wp\/v2\/posts\/111010\/revisions\/111012"}],"wp:featuredmedia":[{"embeddable":true,"href":"https:\/\/www.primor.eu\/blog\/wp-json\/wp\/v2\/media\/111011"}],"wp:attachment":[{"href":"https:\/\/www.primor.eu\/blog\/wp-json\/wp\/v2\/media?parent=111010"}],"wp:term":[{"taxonomy":"category","embeddable":true,"href":"https:\/\/www.primor.eu\/blog\/wp-json\/wp\/v2\/categories?post=111010"},{"taxonomy":"post_tag","embeddable":true,"href":"https:\/\/www.primor.eu\/blog\/wp-json\/wp\/v2\/tags?post=111010"}],"curies":[{"name":"wp","href":"https:\/\/api.w.org\/{rel}","templated":true}]}}