{"id":110833,"date":"2026-04-20T07:21:01","date_gmt":"2026-04-20T07:21:01","guid":{"rendered":"https:\/\/www.primor.eu\/blog\/?p=110833"},"modified":"2026-04-20T07:21:02","modified_gmt":"2026-04-20T07:21:02","slug":"dermatitis-seborreica-orejas","status":"publish","type":"post","link":"https:\/\/www.primor.eu\/blog\/dermatitis-seborreica-orejas\/","title":{"rendered":"C\u00f3mo tratar la dermatitis seborreica en las orejas seg\u00fan expertos"},"content":{"rendered":"\n<p>La <strong><a href=\"https:\/\/www.primor.eu\/blog\/dermatitis-seborreica\/\" data-type=\"link\" data-id=\"https:\/\/www.primor.eu\/blog\/dermatitis-seborreica\/\">dermatitis seborreica<\/a> <\/strong>en las<strong> orejas<\/strong> es un problema que puede no ser tan com\u00fan. La dermatitis seborreica suele aparecer en las zonas en las que hay cabello en la mayor parte de las personas afectadas. Esto es en el cuero cabelludo, las cejas o la barba en el caso de los hombres. Sin embargo, la dermatitis seborreica en las orejas tambi\u00e9n se da y hoy te contamos las <strong>soluciones<\/strong> que puedes aplicar con este problema.<\/p>\n\n\n\n<h2 class=\"wp-block-heading\">C\u00f3mo se manifiesta la dermatitis seborreica en las orejas<\/h2>\n\n\n\n<p>La dermatitis seborreica en las orejas puede causar <strong>enrojecimiento<\/strong>, <strong>picaz\u00f3n<\/strong> y <strong>descamaci\u00f3n<\/strong> en la piel. Se puede manifestar con sarpullidos de tonos rojizos o ros\u00e1ceos que cubren esta parte del cuerpo. Esto puede ser molesto a nivel f\u00edsico, pero tambi\u00e9n puede serlo por causar <strong>complejos<\/strong> a quienes sufren el problema.<\/p>\n\n\n\n<h2 class=\"wp-block-heading\">Claves para cuidar la dermatitis seborreica en las orejas<\/h2>\n\n\n\n<p>Los cuidados en este caso deben ser diferentes a los que se dan en las zonas del cuerpo en las que hay vello. Hemos visto en Primor en otros art\u00edculos que la dermatitis seborreica es com\u00fan en zonas como el cuero cabelludo o las cejas, incluso la barba. En estos casos lo mejor es aplicar champ\u00fas espec\u00edficos acompa\u00f1ados de otros tratamientos.<\/p>\n\n\n\n<p>Como en este caso no hay vello, lo mejor es aplicar otros tratamientos y soluciones que pueden ir desde las espec\u00edficas hasta las naturales, que no son agresivas y pueden mejorar en gran medida la gravedad del problema. Estas son todas las soluciones:<\/p>\n\n\n\n<ul class=\"wp-block-list\">\n<li><strong>Limpia las orejas<\/strong>: regularmente con jabones neutros, hipoalerg\u00e9nicos o suaves que respeten el pH de la piel. As\u00ed eliminar\u00e1s el exceso de grasa que se produce con este problema y tambi\u00e9n las c\u00e9lulas muertas de la piel.<\/li>\n\n\n\n<li><strong>Usa productos amables<\/strong>: y que no contengan sustancias irritantes como alcoholes, fragancias fuertes u otros componentes que puedan irritar esa zona.<\/li>\n\n\n\n<li><strong>Acude al dermat\u00f3logo<\/strong>: si el problema es muy grave sobre todo, pero tambi\u00e9n simplemente para que haga una valoraci\u00f3n de tu caso en particular. De este modo podr\u00e1 encontrar la causa y quiz\u00e1s recomendarte productos espec\u00edficos.<\/li>\n\n\n\n<li><strong>Hidrata con aceites naturales<\/strong>: como el aceite de coco o el de almendras para que se reduzca la descamaci\u00f3n que se produce con la dermatitis seborreica en las orejas.<\/li>\n\n\n\n<li><strong>Usa productos espec\u00edficos<\/strong>: que tengan componentes que ataquen directamente este problema.<\/li>\n\n\n\n<li><strong>Controlar el estr\u00e9s<\/strong>: ya que es una de las causas que puede agravar el problema. Puede ser a trav\u00e9s de meditaci\u00f3n o yoga, paseos y ejercicio diario.<\/li>\n<\/ul>\n\n\n\n<h2 class=\"wp-block-heading\">Productos para tratar la dermatitis seborreica en las orejas<\/h2>\n\n\n        <product-table class=\"pr-slider\">\r\n            <product-headers class=\"grid-table-rows\">\r\n                <div>Foto<\/div>\r\n                <div>Producto<\/div>\r\n                <div>Marca<\/div>\r\n                <div>Valoraciones<\/div>\r\n                <div>Precio<\/div>\r\n            <\/product-headers>\r\n\r\n            <product-list>\r\n                                    <a href=\"https:\/\/www.primor.eu\/es_es\/rilastil-fluido-sebocorrector-sebumlaude-ds-15878.html\" class=\"product-item grid-table-rows\" target=\"_blank\">\r\n                        <div>\r\n                            <img decoding=\"async\" class=\"product-img\" width=\"80px\" height=\"80px\" src=\"https:\/\/www.primor.eu\/blog\/wp-content\/uploads\/2024\/08\/6XS06297_1_0e37.jpg\" alt=\"Rilastil Fluido Sebocorrector Sebumlaude DS\">\r\n                        <\/div>\r\n\r\n                        <!-- Contenido de producto  -->\r\n                        <div>\r\n                            <div class=\"product-position\">\r\n                                #1 Top Ventas                            <\/div>\r\n\r\n                            <h2>\r\n                                Rilastil Fluido Sebocorrector Sebumlaude DS                            <\/h2>\r\n                        <\/div>\r\n\r\n                        <!-- Imagen y\/o nombre de la marca -->\r\n                        <div>\r\n                                                            <img decoding=\"async\" width=\"70\" src=\"https:\/\/www.primor.eu\/blog\/wp-content\/uploads\/2023\/09\/RILASTIL.jpg\" alt=\"86370\">\r\n                                                    <\/div>\r\n\r\n                        <!-- Puntuaci\u00f3n del producto  -->\r\n                        <div class=\"rating\">\r\n                                                            <div class=\"rate\" style=\"--p:92;\"><\/div>\r\n                                <b>4.6\/5<\/b>\r\n                                <div class=\"rate-stars\">\r\n                                                                            <div\r\n                                            class=\"rate-star  \">\r\n                                        <\/div>\r\n                                                                            <div\r\n                                            class=\"rate-star  \">\r\n                                        <\/div>\r\n                                                                            <div\r\n                                            class=\"rate-star  \">\r\n                                        <\/div>\r\n                                                                            <div\r\n                                            class=\"rate-star  \">\r\n                                        <\/div>\r\n                                                                            <div\r\n                                            class=\"rate-star  \">\r\n                                        <\/div>\r\n                                                                    <\/div>\r\n                                                    <\/div>\r\n\r\n                        <!-- Bot\u00f3n de producto  -->\r\n                        <div>\r\n                            <span class=\"price-claim\">\r\n                                VER PRECIO                            <\/span>\r\n                        <\/div>\r\n                    <\/a>\r\n                                    <a href=\"https:\/\/www.primor.eu\/es_es\/arganour-aceite-de-coco-100-puro-12365.html\" class=\"product-item grid-table-rows\" target=\"_blank\">\r\n                        <div>\r\n                            <img decoding=\"async\" class=\"product-img\" width=\"80px\" height=\"80px\" src=\"https:\/\/www.primor.eu\/blog\/wp-content\/uploads\/2024\/07\/8435438600317_Aceite_de_coco_Arganour_60c9.png\" alt=\"Arganour Aceite de Coco BIO\">\r\n                        <\/div>\r\n\r\n                        <!-- Contenido de producto  -->\r\n                        <div>\r\n                            <div class=\"product-position\">\r\n                                #2                            <\/div>\r\n\r\n                            <h2>\r\n                                Arganour Aceite de Coco BIO                            <\/h2>\r\n                        <\/div>\r\n\r\n                        <!-- Imagen y\/o nombre de la marca -->\r\n                        <div>\r\n                                                            <img decoding=\"async\" width=\"70\" src=\"https:\/\/www.primor.eu\/blog\/wp-content\/uploads\/2023\/07\/arganour.jpg\" alt=\"83076\">\r\n                                                    <\/div>\r\n\r\n                        <!-- Puntuaci\u00f3n del producto  -->\r\n                        <div class=\"rating\">\r\n                                                            <div class=\"rate\" style=\"--p:92;\"><\/div>\r\n                                <b>4.6\/5<\/b>\r\n                                <div class=\"rate-stars\">\r\n                                                                            <div\r\n                                            class=\"rate-star  \">\r\n                                        <\/div>\r\n                                                                            <div\r\n                                            class=\"rate-star  \">\r\n                                        <\/div>\r\n                                                                            <div\r\n                                            class=\"rate-star  \">\r\n                                        <\/div>\r\n                                                                            <div\r\n                                            class=\"rate-star  \">\r\n                                        <\/div>\r\n                                                                            <div\r\n                                            class=\"rate-star  \">\r\n                                        <\/div>\r\n                                                                    <\/div>\r\n                                                    <\/div>\r\n\r\n                        <!-- Bot\u00f3n de producto  -->\r\n                        <div>\r\n                            <span class=\"price-claim\">\r\n                                VER PRECIO                            <\/span>\r\n                        <\/div>\r\n                    <\/a>\r\n                                    <a href=\"https:\/\/www.primor.eu\/es_es\/ecobeauty-aceite-de-almendras-dulces-14447.html\" class=\"product-item grid-table-rows\" target=\"_blank\">\r\n                        <div>\r\n                            <img decoding=\"async\" class=\"product-img\" width=\"80px\" height=\"80px\" src=\"https:\/\/www.primor.eu\/blog\/wp-content\/uploads\/2024\/04\/6XS04697_1_3b78.jpg\" alt=\"Ecobeauty Aceite de Almendras Dulces\">\r\n                        <\/div>\r\n\r\n                        <!-- Contenido de producto  -->\r\n                        <div>\r\n                            <div class=\"product-position\">\r\n                                #3                            <\/div>\r\n\r\n                            <h2>\r\n                                Ecobeauty Aceite de Almendras Dulces                            <\/h2>\r\n                        <\/div>\r\n\r\n                        <!-- Imagen y\/o nombre de la marca -->\r\n                        <div>\r\n                                                            <p class=\"brand-name\"><b>Ecobeauty<\/b><\/p>\r\n                                                    <\/div>\r\n\r\n                        <!-- Puntuaci\u00f3n del producto  -->\r\n                        <div class=\"rating\">\r\n                                                            <div class=\"rate\" style=\"--p:96;\"><\/div>\r\n                                <b>4.8\/5<\/b>\r\n                                <div class=\"rate-stars\">\r\n                                                                            <div\r\n                                            class=\"rate-star  \">\r\n                                        <\/div>\r\n                                                                            <div\r\n                                            class=\"rate-star  \">\r\n                                        <\/div>\r\n                                                                            <div\r\n                                            class=\"rate-star  \">\r\n                                        <\/div>\r\n                                                                            <div\r\n                                            class=\"rate-star  \">\r\n                                        <\/div>\r\n                                                                            <div\r\n                                            class=\"rate-star  \">\r\n                                        <\/div>\r\n                                                                    <\/div>\r\n                                                    <\/div>\r\n\r\n                        <!-- Bot\u00f3n de producto  -->\r\n                        <div>\r\n                            <span class=\"price-claim\">\r\n                                VER PRECIO                            <\/span>\r\n                        <\/div>\r\n                    <\/a>\r\n                            <\/product-list>\r\n        <\/product-table>\r\n\r\n        \n\n\n\n<h3 class=\"wp-block-heading\">Fluido Sebocorrector Sebumlaude DS de Rilastil<\/h3>\n\n\n\n<p>Crema fluida indicada para pieles muy grasas, con tendencia a la dermatitis seborreica. Ayuda a regular la producci\u00f3n de grasa de la piel, reduciendo la aparici\u00f3n de granos o puntos negros, suavizando, calmando e hidratando la piel. Contiene ciclopirox olamine que controla la producci\u00f3n de la grasa. Se puede utilizar el producto a diario, ya que ayuda a evitar las infecciones bacterianas.<\/p>\n\n\n    <a class='product' target='_blank' href='https:\/\/www.primor.eu\/es_es\/rilastil-fluido-sebocorrector-sebumlaude-ds-15878.html'>\r\n        <img loading='async' src='https:\/\/cdn2.primor.eu\/media\/catalog\/product\/cache\/8d3aba296f7a18b5251ee30fa5db42b2\/6\/X\/6XS06297_1_0e37.jpg' alt='COMPRAR AHORA'>\r\n            <div class=\"claim\">\r\n                COMPRAR AHORA            <\/div>\r\n        <\/a>\r\n    \n\n\n\n<h3 class=\"wp-block-heading\">Aceite de Coco BIO de Arganour<\/h3>\n\n\n\n<p>El aceite de coco BIO es muy conocido por sus propiedades hidratantes, calmantes y cicatrizantes, convirti\u00e9ndose en el aliado perfecto de las pieles y los cabellos secos y da\u00f1ados. De hecho, es un b\u00e1sico en la cosm\u00e9tica natural. El aceite de coco natural contiene hasta un 90% de \u00e1cidos grasos saturados y vitaminas: \u00e1cido l\u00e1urico, \u00e1cido capr\u00edlico, \u00e1cido mir\u00edstico, vitamina E y vitamina B, entre otros. Gracias a ello, consigue hidratar, nutrir, calmar y suavizar intensamente todos los tipos de pieles, adem\u00e1s de protegerlas de las agresiones externas como los cambios de temperatura o el viento.<\/p>\n\n\n    <a class='product' target='_blank' href='https:\/\/www.primor.eu\/es_es\/arganour-aceite-de-coco-100-puro-12365.html'>\r\n        <img loading='async' src='https:\/\/cdn2.primor.eu\/media\/catalog\/product\/cache\/8d3aba296f7a18b5251ee30fa5db42b2\/8\/4\/8435438600317_3ddf.png' alt='COMPRAR AHORA'>\r\n            <div class=\"claim\">\r\n                COMPRAR AHORA            <\/div>\r\n        <\/a>\r\n    \n\n\n\n<h3 class=\"wp-block-heading\">Aceite de Almendras Dulces de Ecobeauty<\/h3>\n\n\n\n<p>Es un aceite con gran cantidad de \u00e1cidos grasos insaturados que lo convierten en un producto altamente nutritivo e hidratante. Est\u00e1 indicado para todo tipo de pieles, incluso para las m\u00e1s sensibles como la de los bebes. Esto es debido a sus propiedades emolientes.<\/p>\n\n\n    <a class='product' target='_blank' href='https:\/\/www.primor.eu\/es_es\/ecobeauty-aceite-de-almendras-dulces-14447.html'>\r\n        <img loading='async' src='https:\/\/cdn2.primor.eu\/media\/catalog\/product\/cache\/8d3aba296f7a18b5251ee30fa5db42b2\/6\/X\/6XS04697_1_3b78.jpg' alt='COMPRAR AHORA'>\r\n            <div class=\"claim\">\r\n                COMPRAR AHORA            <\/div>\r\n        <\/a>\r\n    \n\n\n<div class=\"kk-star-ratings kksr-auto kksr-align-center kksr-valign-bottom\"\n    data-payload='{&quot;align&quot;:&quot;center&quot;,&quot;id&quot;:&quot;110833&quot;,&quot;slug&quot;:&quot;default&quot;,&quot;valign&quot;:&quot;bottom&quot;,&quot;ignore&quot;:&quot;&quot;,&quot;reference&quot;:&quot;auto&quot;,&quot;class&quot;:&quot;&quot;,&quot;count&quot;:&quot;0&quot;,&quot;legendonly&quot;:&quot;&quot;,&quot;readonly&quot;:&quot;&quot;,&quot;score&quot;:&quot;0&quot;,&quot;starsonly&quot;:&quot;&quot;,&quot;best&quot;:&quot;5&quot;,&quot;gap&quot;:&quot;5&quot;,&quot;greet&quot;:&quot;Valora este art\u00edculo&quot;,&quot;legend&quot;:&quot;0\\\/5 - (0 votos)&quot;,&quot;size&quot;:&quot;24&quot;,&quot;title&quot;:&quot;C\u00f3mo tratar la dermatitis seborreica en las orejas seg\u00fan expertos&quot;,&quot;width&quot;:&quot;0&quot;,&quot;_legend&quot;:&quot;{score}\\\/{best} - ({count} {votes})&quot;,&quot;font_factor&quot;:&quot;1.25&quot;}'>\n            \n<div class=\"kksr-stars\">\n    \n<div class=\"kksr-stars-inactive\">\n            <div class=\"kksr-star\" data-star=\"1\" style=\"padding-right: 5px\">\n            \n\n<div class=\"kksr-icon\" style=\"width: 24px; height: 24px;\"><\/div>\n        <\/div>\n            <div class=\"kksr-star\" data-star=\"2\" style=\"padding-right: 5px\">\n            \n\n<div class=\"kksr-icon\" style=\"width: 24px; height: 24px;\"><\/div>\n        <\/div>\n            <div class=\"kksr-star\" data-star=\"3\" style=\"padding-right: 5px\">\n            \n\n<div class=\"kksr-icon\" style=\"width: 24px; height: 24px;\"><\/div>\n        <\/div>\n            <div class=\"kksr-star\" data-star=\"4\" style=\"padding-right: 5px\">\n            \n\n<div class=\"kksr-icon\" style=\"width: 24px; height: 24px;\"><\/div>\n        <\/div>\n            <div class=\"kksr-star\" data-star=\"5\" style=\"padding-right: 5px\">\n            \n\n<div class=\"kksr-icon\" style=\"width: 24px; height: 24px;\"><\/div>\n        <\/div>\n    <\/div>\n    \n<div class=\"kksr-stars-active\" style=\"width: 0px;\">\n            <div class=\"kksr-star\" style=\"padding-right: 5px\">\n            \n\n<div class=\"kksr-icon\" style=\"width: 24px; height: 24px;\"><\/div>\n        <\/div>\n            <div class=\"kksr-star\" style=\"padding-right: 5px\">\n            \n\n<div class=\"kksr-icon\" style=\"width: 24px; height: 24px;\"><\/div>\n        <\/div>\n            <div class=\"kksr-star\" style=\"padding-right: 5px\">\n            \n\n<div class=\"kksr-icon\" style=\"width: 24px; height: 24px;\"><\/div>\n        <\/div>\n            <div class=\"kksr-star\" style=\"padding-right: 5px\">\n            \n\n<div class=\"kksr-icon\" style=\"width: 24px; height: 24px;\"><\/div>\n        <\/div>\n            <div class=\"kksr-star\" style=\"padding-right: 5px\">\n            \n\n<div class=\"kksr-icon\" style=\"width: 24px; height: 24px;\"><\/div>\n        <\/div>\n    <\/div>\n<\/div>\n                \n\n<div class=\"kksr-legend\" style=\"font-size: 19.2px;\">\n            <span class=\"kksr-muted\">Valora este art\u00edculo<\/span>\n    <\/div>\n    <\/div>\n","protected":false},"excerpt":{"rendered":"<p>La dermatitis seborreica en las orejas es un problema que puede no ser tan com\u00fan. La dermatitis seborreica suele aparecer en las zonas en las que hay cabello en la mayor parte de las personas afectadas. Esto es en el cuero cabelludo, las cejas o la barba en el caso de los hombres. Sin embargo, [&hellip;]<\/p>\n","protected":false},"author":30,"featured_media":110834,"comment_status":"closed","ping_status":"closed","sticky":false,"template":"","format":"standard","meta":{"jnews-multi-image_gallery":[],"jnews_single_post":{"subtitle":"","format":"standard","video":"","gallery":"","source_name":"","source_url":"","via_name":"","via_url":"","override_template":"0","override":[{"template":"1","single_blog_custom":"","parallax":"1","fullscreen":"1","layout":"right-sidebar","sidebar":"home-2","second_sidebar":"default-sidebar","sticky_sidebar":"0","share_position":"float","share_float_style":"share-monocrhome","show_share_counter":"0","show_view_counter":"0","show_featured":"1","show_post_meta":"1","show_post_author":"0","show_post_author_image":"1","show_post_date":"1","post_date_format":"default","post_date_format_custom":"Y\/m\/d","show_post_category":"1","show_post_reading_time":"0","post_reading_time_wpm":"300","show_zoom_button":"0","zoom_button_out_step":"2","zoom_button_in_step":"3","show_post_tag":"0","show_prev_next_post":"0","show_popup_post":"0","number_popup_post":"2","show_author_box":"0","show_post_related":"0","show_inline_post_related":"1"}],"override_image_size":"0","image_override":[{"single_post_thumbnail_size":"no-crop","single_post_gallery_size":"crop-500"}],"trending_post":"0","trending_post_position":"meta","trending_post_label":"Trending","sponsored_post":"0","sponsored_post_label":"Sponsored by","sponsored_post_name":"","sponsored_post_url":"","sponsored_post_logo_enable":"0","sponsored_post_logo":"","sponsored_post_desc":"","disable_ad":"0"},"jnews_primary_category":{"id":"","hide":""},"jnews_social_meta":{"fb_title":"","fb_description":"","fb_image":"","twitter_title":"","twitter_description":"","twitter_image":""},"jnews_override_counter":{"override_view_counter":"0","view_counter_number":"0","override_share_counter":"0","share_counter_number":"0","override_like_counter":"0","like_counter_number":"0","override_dislike_counter":"0","dislike_counter_number":"0"},"footnotes":""},"categories":[6299],"tags":[],"class_list":["post-110833","post","type-post","status-publish","format-standard","has-post-thumbnail","hentry","category-bienestar"],"_links":{"self":[{"href":"https:\/\/www.primor.eu\/blog\/wp-json\/wp\/v2\/posts\/110833","targetHints":{"allow":["GET"]}}],"collection":[{"href":"https:\/\/www.primor.eu\/blog\/wp-json\/wp\/v2\/posts"}],"about":[{"href":"https:\/\/www.primor.eu\/blog\/wp-json\/wp\/v2\/types\/post"}],"author":[{"embeddable":true,"href":"https:\/\/www.primor.eu\/blog\/wp-json\/wp\/v2\/users\/30"}],"replies":[{"embeddable":true,"href":"https:\/\/www.primor.eu\/blog\/wp-json\/wp\/v2\/comments?post=110833"}],"version-history":[{"count":2,"href":"https:\/\/www.primor.eu\/blog\/wp-json\/wp\/v2\/posts\/110833\/revisions"}],"predecessor-version":[{"id":141483,"href":"https:\/\/www.primor.eu\/blog\/wp-json\/wp\/v2\/posts\/110833\/revisions\/141483"}],"wp:featuredmedia":[{"embeddable":true,"href":"https:\/\/www.primor.eu\/blog\/wp-json\/wp\/v2\/media\/110834"}],"wp:attachment":[{"href":"https:\/\/www.primor.eu\/blog\/wp-json\/wp\/v2\/media?parent=110833"}],"wp:term":[{"taxonomy":"category","embeddable":true,"href":"https:\/\/www.primor.eu\/blog\/wp-json\/wp\/v2\/categories?post=110833"},{"taxonomy":"post_tag","embeddable":true,"href":"https:\/\/www.primor.eu\/blog\/wp-json\/wp\/v2\/tags?post=110833"}],"curies":[{"name":"wp","href":"https:\/\/api.w.org\/{rel}","templated":true}]}}