{"id":110332,"date":"2024-08-04T14:00:00","date_gmt":"2024-08-04T14:00:00","guid":{"rendered":"https:\/\/www.primor.eu\/blog\/?p=110332"},"modified":"2024-07-27T07:27:49","modified_gmt":"2024-07-27T07:27:49","slug":"granitos-regla-como-tratar","status":"publish","type":"post","link":"https:\/\/www.primor.eu\/blog\/granitos-regla-como-tratar\/","title":{"rendered":"\u00bfPor qu\u00e9 salen granitos durante la regla y c\u00f3mo puedo tratarlos?"},"content":{"rendered":"\n<p>Los <strong>granitos <\/strong>que salen con la <a href=\"https:\/\/www.primor.eu\/blog\/mitos-menstruacion\/\" data-type=\"link\" data-id=\"https:\/\/www.primor.eu\/blog\/mitos-menstruacion\/\"><strong>menstruaci\u00f3n<\/strong> <\/a>pueden desde ser molestos hasta generarte complejos. Las mujeres tenemos<strong> cambios hormonales <\/strong>constantes y, aunque son maravillosos porque nos hacen vers\u00e1tiles a nivel mental y emocional, a nivel f\u00edsico pueden tener implicaciones que no nos gustan. Las diferentes fases del ciclo pueden hacer que nos hinchemos, como ocurre en la fase premenstrual a causa de la progesterona. En el caso de la menstruaci\u00f3n, a algunas nos aparecen granitos.<\/p>\n\n\n\n<h2 class=\"wp-block-heading\">Diferencias en las mujeres en las diferentes fases del ciclo<\/h2>\n\n\n\n<p>Sin embargo, cuando llegamos al momento de la ovulaci\u00f3n y, gracias al estr\u00f3geno, nuestra piel y nuestro pelo est\u00e1n mejor que nunca. El <a href=\"https:\/\/www.vogue.mx\/articulo\/efectos-del-ciclo-menstrual-en-la-piel\" data-type=\"link\" data-id=\"https:\/\/www.vogue.mx\/articulo\/efectos-del-ciclo-menstrual-en-la-piel\" target=\"_blank\" rel=\"noopener\">ciclo menstrual <\/a>se divide en cuatro semanas: la preovulatoria, la ovulatoria, la premenstrual y la menstrual. En las dos primeras estamos productivas, bellas, en\u00e9rgicas y tenemos energ\u00eda para comernos el mundo.<\/p>\n\n\n\n<p>En las dos \u00faltimas, nos sentimos m\u00e1s cansadas, hinchadas, con acn\u00e9 en ocasiones y algo m\u00e1s tristes\u2026 pero, \u00a1tambi\u00e9n estamos m\u00e1s creativas y so\u00f1adoras si logramos lidiar con la parte negativa y transformarla! Ser mujer puede ser un regalo y hacernos muy vers\u00e1tiles si sabemos c\u00f3mo cuidarnos en cada fase y aprovechas sus potencialidades. Hoy vamos a centrarnos en los <strong>granitos <\/strong>que salen con la <strong>menstruaci\u00f3n<\/strong> y <strong>c\u00f3mo tratar la piel <\/strong>en estos d\u00edas.<\/p>\n\n\n\n<h2 class=\"wp-block-heading\">\u00bfPor qu\u00e9 salen m\u00e1s granitos con la menstruaci\u00f3n?<\/h2>\n\n\n\n<p>El momento de la menstruaci\u00f3n es el momento m\u00e1s bajo del mes en cuanto a hormonas se refiere. Tanto la progesterona como el estr\u00f3geno est\u00e1n bajo m\u00ednimos y eso tiene implicaciones en nuestra energ\u00eda f\u00edsica, nuestra piel y nuestro cuerpo.<\/p>\n\n\n\n<p>Es como si estuvi\u00e9ramos en fase de reposo porque el cuerpo se est\u00e1 renovando con el sangrado. En cuanto a los efectos en nuestra <strong>piel<\/strong>, se torna <strong>m\u00e1s sensible<\/strong>. Eso significa que es m\u00e1s permeable a las agresiones externas.<\/p>\n\n\n\n<p>Al mismo tiempo, las <strong>gl\u00e1ndulas seb\u00e1ceas<\/strong> producen <strong>m\u00e1s sebo <\/strong>esos d\u00edas. Esto hace que aparezcan esos granitos que salen con la menstruaci\u00f3n. Vamos a ver qu\u00e9 cuidados podemos tener en cuenta estos d\u00edas para frenar ese problema, los granos, puntos negros y todo lo que puede conllevar.<\/p>\n\n\n\n<h2 class=\"wp-block-heading\">C\u00f3mo puedes tratar los granitos que salen con la menstruaci\u00f3n<\/h2>\n\n\n\n<p>Para cada fase del ciclo hay unos tratamientos que son m\u00e1s propicios que otros. Al igual que durante la ovulaci\u00f3n nuestra piel suele estar suave y nutrida de por s\u00ed con el estr\u00f3geno, podemos aprovechar para nutrirla m\u00e1s pero nos da menos trabajo. En el momento de la fase premenstrual y hasta la menstrual, hemos de tener cuidado porque la piel se torna m\u00e1s sensible y aparecen esos granitos que salen con la menstruaci\u00f3n. Vamos a ver los <strong>cuidados <\/strong>que tendr\u00e1s que tener en cuenta cuando est\u00e9s menstruando:<\/p>\n\n\n\n<ul class=\"wp-block-list\">\n<li><strong>Limpieza de la piel<\/strong>: intenta evitar en estos d\u00edas los productos que contengan aceites, como puede ser el agua micelar o los limpiadores grasos. Elige limpiadores suaves para piel grasa.<\/li>\n\n\n\n<li><strong>Exfoliaci\u00f3n suave<\/strong>: la exfoliaci\u00f3n estos d\u00edas puede ser una opci\u00f3n genial, ya que tu cuerpo con la menstruaci\u00f3n est\u00e1 depur\u00e1ndose de por s\u00ed y es el momento perfecto para renovar nuestra piel. No obstante, recuerda que la piel est\u00e1 muy sensible. Puedes recurrir a exfoliantes suaves para piel sensible o hacerte uno casero con avena.<\/li>\n\n\n\n<li><strong>Ponte una mascarilla detox<\/strong>: no hay mejor momento para disfrutar de un descanso con una buena mascarilla depurativa para tu rostro. De nuevo, trata de que sea lo m\u00e1s natural posible y sin qu\u00edmicos.<\/li>\n\n\n\n<li><strong>Recurre a activos como el \u00e1cido hialur\u00f3nico<\/strong>: ya lo hemos dicho. Adem\u00e1s de m\u00e1s grasa y con tendencia al acn\u00e9, tu piel durante la menstruaci\u00f3n tiene a estar sensible y se seca. Por eso no olvides usar cremas hidratantes con activos como el \u00e1cido hialur\u00f3nico. Eso s\u00ed, procura que no sean grasas.<\/li>\n\n\n\n<li><strong>Usa productos con cal\u00e9ndula<\/strong>: pueden ir genial para la piel sensible. Intenta que sean lo m\u00e1s naturales posible y que no sean grasos ni aceites de cal\u00e9ndula directamente.\u00a0<\/li>\n<\/ul>\n\n\n<div class=\"kk-star-ratings kksr-auto kksr-align-center kksr-valign-bottom\"\n    data-payload='{&quot;align&quot;:&quot;center&quot;,&quot;id&quot;:&quot;110332&quot;,&quot;slug&quot;:&quot;default&quot;,&quot;valign&quot;:&quot;bottom&quot;,&quot;ignore&quot;:&quot;&quot;,&quot;reference&quot;:&quot;auto&quot;,&quot;class&quot;:&quot;&quot;,&quot;count&quot;:&quot;0&quot;,&quot;legendonly&quot;:&quot;&quot;,&quot;readonly&quot;:&quot;&quot;,&quot;score&quot;:&quot;0&quot;,&quot;starsonly&quot;:&quot;&quot;,&quot;best&quot;:&quot;5&quot;,&quot;gap&quot;:&quot;5&quot;,&quot;greet&quot;:&quot;Valora este art\u00edculo&quot;,&quot;legend&quot;:&quot;0\\\/5 - (0 votos)&quot;,&quot;size&quot;:&quot;24&quot;,&quot;title&quot;:&quot;\u00bfPor qu\u00e9 salen granitos durante la regla y c\u00f3mo puedo tratarlos?&quot;,&quot;width&quot;:&quot;0&quot;,&quot;_legend&quot;:&quot;{score}\\\/{best} - ({count} {votes})&quot;,&quot;font_factor&quot;:&quot;1.25&quot;}'>\n            \n<div class=\"kksr-stars\">\n    \n<div class=\"kksr-stars-inactive\">\n            <div class=\"kksr-star\" data-star=\"1\" style=\"padding-right: 5px\">\n            \n\n<div class=\"kksr-icon\" style=\"width: 24px; height: 24px;\"><\/div>\n        <\/div>\n            <div class=\"kksr-star\" data-star=\"2\" style=\"padding-right: 5px\">\n            \n\n<div class=\"kksr-icon\" style=\"width: 24px; height: 24px;\"><\/div>\n        <\/div>\n            <div class=\"kksr-star\" data-star=\"3\" style=\"padding-right: 5px\">\n            \n\n<div class=\"kksr-icon\" style=\"width: 24px; height: 24px;\"><\/div>\n        <\/div>\n            <div class=\"kksr-star\" data-star=\"4\" style=\"padding-right: 5px\">\n            \n\n<div class=\"kksr-icon\" style=\"width: 24px; height: 24px;\"><\/div>\n        <\/div>\n            <div class=\"kksr-star\" data-star=\"5\" style=\"padding-right: 5px\">\n            \n\n<div class=\"kksr-icon\" style=\"width: 24px; height: 24px;\"><\/div>\n        <\/div>\n    <\/div>\n    \n<div class=\"kksr-stars-active\" style=\"width: 0px;\">\n            <div class=\"kksr-star\" style=\"padding-right: 5px\">\n            \n\n<div class=\"kksr-icon\" style=\"width: 24px; height: 24px;\"><\/div>\n        <\/div>\n            <div class=\"kksr-star\" style=\"padding-right: 5px\">\n            \n\n<div class=\"kksr-icon\" style=\"width: 24px; height: 24px;\"><\/div>\n        <\/div>\n            <div class=\"kksr-star\" style=\"padding-right: 5px\">\n            \n\n<div class=\"kksr-icon\" style=\"width: 24px; height: 24px;\"><\/div>\n        <\/div>\n            <div class=\"kksr-star\" style=\"padding-right: 5px\">\n            \n\n<div class=\"kksr-icon\" style=\"width: 24px; height: 24px;\"><\/div>\n        <\/div>\n            <div class=\"kksr-star\" style=\"padding-right: 5px\">\n            \n\n<div class=\"kksr-icon\" style=\"width: 24px; height: 24px;\"><\/div>\n        <\/div>\n    <\/div>\n<\/div>\n                \n\n<div class=\"kksr-legend\" style=\"font-size: 19.2px;\">\n            <span class=\"kksr-muted\">Valora este art\u00edculo<\/span>\n    <\/div>\n    <\/div>\n","protected":false},"excerpt":{"rendered":"<p>Los granitos que salen con la menstruaci\u00f3n pueden desde ser molestos hasta generarte complejos. Las mujeres tenemos cambios hormonales constantes y, aunque son maravillosos porque nos hacen vers\u00e1tiles a nivel mental y emocional, a nivel f\u00edsico pueden tener implicaciones que no nos gustan. Las diferentes fases del ciclo pueden hacer que nos hinchemos, como ocurre [&hellip;]<\/p>\n","protected":false},"author":30,"featured_media":110333,"comment_status":"closed","ping_status":"closed","sticky":false,"template":"","format":"standard","meta":{"jnews-multi-image_gallery":[],"jnews_single_post":{"subtitle":"","format":"standard","video":"","gallery":"","source_name":"","source_url":"","via_name":"","via_url":"","override_template":"0","override":[{"template":"1","single_blog_custom":"","parallax":"1","fullscreen":"1","layout":"right-sidebar","sidebar":"home-2","second_sidebar":"default-sidebar","sticky_sidebar":"0","share_position":"float","share_float_style":"share-monocrhome","show_share_counter":"0","show_view_counter":"0","show_featured":"1","show_post_meta":"1","show_post_author":"0","show_post_author_image":"1","show_post_date":"1","post_date_format":"default","post_date_format_custom":"Y\/m\/d","show_post_category":"1","show_post_reading_time":"0","post_reading_time_wpm":"300","show_zoom_button":"0","zoom_button_out_step":"2","zoom_button_in_step":"3","show_post_tag":"0","show_prev_next_post":"0","show_popup_post":"0","number_popup_post":"2","show_author_box":"0","show_post_related":"0","show_inline_post_related":"1"}],"override_image_size":"0","image_override":[{"single_post_thumbnail_size":"no-crop","single_post_gallery_size":"crop-500"}],"trending_post":"0","trending_post_position":"meta","trending_post_label":"Trending","sponsored_post":"0","sponsored_post_label":"Sponsored by","sponsored_post_name":"","sponsored_post_url":"","sponsored_post_logo_enable":"0","sponsored_post_logo":"","sponsored_post_desc":"","disable_ad":"0"},"jnews_primary_category":{"id":"","hide":""},"jnews_social_meta":{"fb_title":"","fb_description":"","fb_image":"","twitter_title":"","twitter_description":"","twitter_image":""},"jnews_override_counter":{"override_view_counter":"0","view_counter_number":"0","override_share_counter":"0","share_counter_number":"0","override_like_counter":"0","like_counter_number":"0","override_dislike_counter":"0","dislike_counter_number":"0"},"footnotes":""},"categories":[6312],"tags":[],"class_list":["post-110332","post","type-post","status-publish","format-standard","has-post-thumbnail","hentry","category-acne"],"_links":{"self":[{"href":"https:\/\/www.primor.eu\/blog\/wp-json\/wp\/v2\/posts\/110332","targetHints":{"allow":["GET"]}}],"collection":[{"href":"https:\/\/www.primor.eu\/blog\/wp-json\/wp\/v2\/posts"}],"about":[{"href":"https:\/\/www.primor.eu\/blog\/wp-json\/wp\/v2\/types\/post"}],"author":[{"embeddable":true,"href":"https:\/\/www.primor.eu\/blog\/wp-json\/wp\/v2\/users\/30"}],"replies":[{"embeddable":true,"href":"https:\/\/www.primor.eu\/blog\/wp-json\/wp\/v2\/comments?post=110332"}],"version-history":[{"count":1,"href":"https:\/\/www.primor.eu\/blog\/wp-json\/wp\/v2\/posts\/110332\/revisions"}],"predecessor-version":[{"id":110334,"href":"https:\/\/www.primor.eu\/blog\/wp-json\/wp\/v2\/posts\/110332\/revisions\/110334"}],"wp:featuredmedia":[{"embeddable":true,"href":"https:\/\/www.primor.eu\/blog\/wp-json\/wp\/v2\/media\/110333"}],"wp:attachment":[{"href":"https:\/\/www.primor.eu\/blog\/wp-json\/wp\/v2\/media?parent=110332"}],"wp:term":[{"taxonomy":"category","embeddable":true,"href":"https:\/\/www.primor.eu\/blog\/wp-json\/wp\/v2\/categories?post=110332"},{"taxonomy":"post_tag","embeddable":true,"href":"https:\/\/www.primor.eu\/blog\/wp-json\/wp\/v2\/tags?post=110332"}],"curies":[{"name":"wp","href":"https:\/\/api.w.org\/{rel}","templated":true}]}}