{"id":110285,"date":"2024-07-28T21:00:00","date_gmt":"2024-07-28T21:00:00","guid":{"rendered":"https:\/\/www.primor.eu\/blog\/?p=110285"},"modified":"2026-03-17T20:18:41","modified_gmt":"2026-03-17T20:18:41","slug":"mejores-productos-cuidar-barba-viaje","status":"publish","type":"post","link":"https:\/\/www.primor.eu\/blog\/mejores-productos-cuidar-barba-viaje\/","title":{"rendered":"Los 8 mejores productos que necesitas para cuidar tu barba si te vas de viaje"},"content":{"rendered":"\n<p>Tener a mano <strong>productos de viaje<\/strong> para <strong>cuidar la <a href=\"https:\/\/www.primor.eu\/blog\/pasos-perfilar-barba\/\" data-type=\"link\" data-id=\"https:\/\/www.primor.eu\/blog\/pasos-perfilar-barba\/\">barba<\/a><\/strong> es esencial. Sobre todo si te vas a la playa o crees que tu barba estar\u00e1 expuesta a los <strong>da\u00f1os<\/strong> que se pueden sufrir con el<strong> sol<\/strong> y la <strong>sal del mar<\/strong>. Y es que, al igual que ocurre con el cabello, el vello de la barba sufre con estos agentes externos. Tu barba se reseca especialmente en verano. De hecho, no es necesario que te vayas a la <strong>playa <\/strong>para ello. El <strong>cloro<\/strong> de las piscinas, la sequedad del ambiente y el excesivo calor tienen efectos nocivos para ella. Por eso, vayas donde vayas este verano, lo mejor es que lleves en tu neceser productos de viaje para cuidar la barba.&nbsp;<\/p>\n\n\n\n<p>Los cuidados para los hombres cada vez est\u00e1n m\u00e1s extendidos. Por eso, las marcas de cosm\u00e9tica elaboran<strong> formulaciones espec\u00edficas<\/strong> tanto para su tipo de piel, como para el vello de la barba. Hay que tener en cuenta que el <strong>vello de la barba <\/strong>es diferente del del cabello. Por eso necesita productos espec\u00edficos. Hoy en Primor te hacemos una lista de los productos de viaje para cuidar la barba que no podr\u00e1n faltar este verano en tu equipaje.&nbsp;<\/p>\n\n\n\n<h2 class=\"wp-block-heading\">Los mejores productos de viaje para cuidar la barba<\/h2>\n\n\n\n<p>Algunos de ellos tienen un tama\u00f1o perfecto para que los lleves de viaje. Para otros casos, te recomendamos el bote de viaje rellenable que ver\u00e1s despu\u00e9s.<\/p>\n\n\n        <product-table class=\"pr-slider\">\r\n            <product-headers class=\"grid-table-rows\">\r\n                <div>Foto<\/div>\r\n                <div>Producto<\/div>\r\n                <div>Marca<\/div>\r\n                <div>Valoraciones<\/div>\r\n                <div>Precio<\/div>\r\n            <\/product-headers>\r\n\r\n            <product-list>\r\n                                    <a href=\"https:\/\/www.primor.eu\/es_es\/proraso-crema-pre-afeitado-refrescante-26120.html\" class=\"product-item grid-table-rows\" target=\"_blank\">\r\n                        <div>\r\n                            <img decoding=\"async\" class=\"product-img\" width=\"80px\" height=\"80px\" src=\"https:\/\/cdn2.primor.eu\/media\/catalog\/product\/cache\/8d3aba296f7a18b5251ee30fa5db42b2\/1\/S\/1SU00276_1_eb45.jpg\" alt=\"Crema Pre Afeitado Refrescante\">\r\n                        <\/div>\r\n\r\n                        <!-- Contenido de producto  -->\r\n                        <div>\r\n                            <div class=\"product-position\">\r\n                                #1 Top Ventas                            <\/div>\r\n\r\n                            <h2>\r\n                                Crema Pre Afeitado Refrescante                            <\/h2>\r\n                        <\/div>\r\n\r\n                        <!-- Imagen y\/o nombre de la marca -->\r\n                        <div>\r\n                                                            <img decoding=\"async\" width=\"70\" src=\"https:\/\/www.primor.eu\/media\/catalog\/category\/1831.jpg\" alt=\"\">\r\n                                                    <\/div>\r\n\r\n                        <!-- Puntuaci\u00f3n del producto  -->\r\n                        <div class=\"rating\">\r\n                                                            <div class=\"rate\" style=\"--p:86;\"><\/div>\r\n                                <b>4.3\/5<\/b>\r\n                                <div class=\"rate-stars\">\r\n                                                                            <div\r\n                                            class=\"rate-star  \">\r\n                                        <\/div>\r\n                                                                            <div\r\n                                            class=\"rate-star  \">\r\n                                        <\/div>\r\n                                                                            <div\r\n                                            class=\"rate-star  \">\r\n                                        <\/div>\r\n                                                                            <div\r\n                                            class=\"rate-star  \">\r\n                                        <\/div>\r\n                                                                            <div\r\n                                            class=\"rate-star  \">\r\n                                        <\/div>\r\n                                                                    <\/div>\r\n                                                    <\/div>\r\n\r\n                        <!-- Bot\u00f3n de producto  -->\r\n                        <div>\r\n                            <span class=\"price-claim\">\r\n                                VER PRECIO                            <\/span>\r\n                        <\/div>\r\n                    <\/a>\r\n                                    <a href=\"https:\/\/www.primor.eu\/es_es\/bulldog-original-aceite-para-barba-24694.html\" class=\"product-item grid-table-rows\" target=\"_blank\">\r\n                        <div>\r\n                            <img decoding=\"async\" class=\"product-img\" width=\"80px\" height=\"80px\" src=\"https:\/\/cdn2.primor.eu\/media\/catalog\/product\/cache\/8d3aba296f7a18b5251ee30fa5db42b2\/0\/T\/0TM01046_1_b943.jpg\" alt=\"Original Aceite para Barba\">\r\n                        <\/div>\r\n\r\n                        <!-- Contenido de producto  -->\r\n                        <div>\r\n                            <div class=\"product-position\">\r\n                                #2                            <\/div>\r\n\r\n                            <h2>\r\n                                Original Aceite para Barba                            <\/h2>\r\n                        <\/div>\r\n\r\n                        <!-- Imagen y\/o nombre de la marca -->\r\n                        <div>\r\n                                                            <img decoding=\"async\" width=\"70\" src=\"https:\/\/www.primor.eu\/media\/catalog\/category\/Bull_Dog_Personalizado_.jpg\" alt=\"\">\r\n                                                    <\/div>\r\n\r\n                        <!-- Puntuaci\u00f3n del producto  -->\r\n                        <div class=\"rating\">\r\n                                                            <div class=\"rate\" style=\"--p:90;\"><\/div>\r\n                                <b>4.5\/5<\/b>\r\n                                <div class=\"rate-stars\">\r\n                                                                            <div\r\n                                            class=\"rate-star  \">\r\n                                        <\/div>\r\n                                                                            <div\r\n                                            class=\"rate-star  \">\r\n                                        <\/div>\r\n                                                                            <div\r\n                                            class=\"rate-star  \">\r\n                                        <\/div>\r\n                                                                            <div\r\n                                            class=\"rate-star  \">\r\n                                        <\/div>\r\n                                                                            <div\r\n                                            class=\"rate-star  middle\">\r\n                                        <\/div>\r\n                                                                    <\/div>\r\n                                                    <\/div>\r\n\r\n                        <!-- Bot\u00f3n de producto  -->\r\n                        <div>\r\n                            <span class=\"price-claim\">\r\n                                VER PRECIO                            <\/span>\r\n                        <\/div>\r\n                    <\/a>\r\n                                    <a href=\"https:\/\/www.primor.eu\/es_es\/gillette-gillette-king-c-aceite-de-barba-para-hombre-25184.html\" class=\"product-item grid-table-rows\" target=\"_blank\">\r\n                        <div>\r\n                            <img decoding=\"async\" class=\"product-img\" width=\"80px\" height=\"80px\" src=\"https:\/\/cdn2.primor.eu\/media\/catalog\/product\/cache\/8d3aba296f7a18b5251ee30fa5db42b2\/8\/0\/8001841705750_MAIN_e21a.jpg\" alt=\"Gillette King C. Aceite De Barba Para Hombre\">\r\n                        <\/div>\r\n\r\n                        <!-- Contenido de producto  -->\r\n                        <div>\r\n                            <div class=\"product-position\">\r\n                                #3                            <\/div>\r\n\r\n                            <h2>\r\n                                Gillette King C. Aceite De Barba Para Hombre                            <\/h2>\r\n                        <\/div>\r\n\r\n                        <!-- Imagen y\/o nombre de la marca -->\r\n                        <div>\r\n                                                            <img decoding=\"async\" width=\"70\" src=\"https:\/\/www.primor.eu\/media\/catalog\/category\/Gillette.jpg\" alt=\"\">\r\n                                                    <\/div>\r\n\r\n                        <!-- Puntuaci\u00f3n del producto  -->\r\n                        <div class=\"rating\">\r\n                                                            <div class=\"rate\" style=\"--p:100;\"><\/div>\r\n                                <b>5\/5<\/b>\r\n                                <div class=\"rate-stars\">\r\n                                                                            <div\r\n                                            class=\"rate-star  \">\r\n                                        <\/div>\r\n                                                                            <div\r\n                                            class=\"rate-star  \">\r\n                                        <\/div>\r\n                                                                            <div\r\n                                            class=\"rate-star  \">\r\n                                        <\/div>\r\n                                                                            <div\r\n                                            class=\"rate-star  \">\r\n                                        <\/div>\r\n                                                                            <div\r\n                                            class=\"rate-star  \">\r\n                                        <\/div>\r\n                                                                    <\/div>\r\n                                                    <\/div>\r\n\r\n                        <!-- Bot\u00f3n de producto  -->\r\n                        <div>\r\n                            <span class=\"price-claim\">\r\n                                VER PRECIO                            <\/span>\r\n                        <\/div>\r\n                    <\/a>\r\n                                    <a href=\"https:\/\/www.primor.eu\/es_es\/lola-tijera-para-barba-y-nariz-1747.html\" class=\"product-item grid-table-rows\" target=\"_blank\">\r\n                        <div>\r\n                            <img decoding=\"async\" class=\"product-img\" width=\"80px\" height=\"80px\" src=\"https:\/\/cdn2.primor.eu\/media\/catalog\/product\/cache\/8d3aba296f7a18b5251ee30fa5db42b2\/6\/V\/6VA10310_1_3616.jpg\" alt=\"Tijera para Barba y Nariz\">\r\n                        <\/div>\r\n\r\n                        <!-- Contenido de producto  -->\r\n                        <div>\r\n                            <div class=\"product-position\">\r\n                                #4                            <\/div>\r\n\r\n                            <h2>\r\n                                Tijera para Barba y Nariz                            <\/h2>\r\n                        <\/div>\r\n\r\n                        <!-- Imagen y\/o nombre de la marca -->\r\n                        <div>\r\n                                                            <img decoding=\"async\" width=\"70\" src=\"https:\/\/www.primor.eu\/media\/catalog\/category\/1463.jpg\" alt=\"\">\r\n                                                    <\/div>\r\n\r\n                        <!-- Puntuaci\u00f3n del producto  -->\r\n                        <div class=\"rating\">\r\n                                                            <div class=\"rate\" style=\"--p:90;\"><\/div>\r\n                                <b>4.5\/5<\/b>\r\n                                <div class=\"rate-stars\">\r\n                                                                            <div\r\n                                            class=\"rate-star  \">\r\n                                        <\/div>\r\n                                                                            <div\r\n                                            class=\"rate-star  \">\r\n                                        <\/div>\r\n                                                                            <div\r\n                                            class=\"rate-star  \">\r\n                                        <\/div>\r\n                                                                            <div\r\n                                            class=\"rate-star  \">\r\n                                        <\/div>\r\n                                                                            <div\r\n                                            class=\"rate-star  middle\">\r\n                                        <\/div>\r\n                                                                    <\/div>\r\n                                                    <\/div>\r\n\r\n                        <!-- Bot\u00f3n de producto  -->\r\n                        <div>\r\n                            <span class=\"price-claim\">\r\n                                VER PRECIO                            <\/span>\r\n                        <\/div>\r\n                    <\/a>\r\n                                    <a href=\"https:\/\/www.primor.eu\/es_es\/jean-louis-david-maquinilla-profesional-4-en-1-infinite-styler-135747.html\" class=\"product-item grid-table-rows\" target=\"_blank\">\r\n                        <div>\r\n                            <img decoding=\"async\" class=\"product-img\" width=\"80px\" height=\"80px\" src=\"https:\/\/cdn2.primor.eu\/media\/catalog\/product\/cache\/8d3aba296f7a18b5251ee30fa5db42b2\/3\/9\/39959_JLD_INFINITE_BLADE_PACK_PRODUIT_OMBRE_2___1500x_1500_6e4d.jpg\" alt=\"Maquinilla Profesional 4 en 1 Infinite Styler\">\r\n                        <\/div>\r\n\r\n                        <!-- Contenido de producto  -->\r\n                        <div>\r\n                            <div class=\"product-position\">\r\n                                #5                            <\/div>\r\n\r\n                            <h2>\r\n                                Maquinilla Profesional 4 en 1 Infinite Styler                            <\/h2>\r\n                        <\/div>\r\n\r\n                        <!-- Imagen y\/o nombre de la marca -->\r\n                        <div>\r\n                                                            <img decoding=\"async\" width=\"70\" src=\"https:\/\/www.primor.eu\/media\/catalog\/category\/Jean_Luois_David.png\" alt=\"\">\r\n                                                    <\/div>\r\n\r\n                        <!-- Puntuaci\u00f3n del producto  -->\r\n                        <div class=\"rating\">\r\n                                                            <p>No hay valoraciones disponibles<\/p>\r\n                                                    <\/div>\r\n\r\n                        <!-- Bot\u00f3n de producto  -->\r\n                        <div>\r\n                            <span class=\"price-claim\">\r\n                                VER PRECIO                            <\/span>\r\n                        <\/div>\r\n                    <\/a>\r\n                            <\/product-list>\r\n        <\/product-table>\r\n\r\n        \n\n\n\n<h3 class=\"wp-block-heading\">Crema Pre Afeitado Refrescante de Proraso<\/h3>\n\n\n\n<p>El preafeitado es un paso necesario para suavizar el vello y prevenir la irritaci\u00f3n. PRORASO Crema Pre Afeitado Refrescante prepara la piel y suaviza la barba antes de pasar la cuchilla para \u00a1Un afeitado eficaz y c\u00f3modo!<\/p>\n\n\n\n<p>Contiene mentol y eucalipto para un efecto refrescante y tonificante muy agradable.<\/p>\n\n\n    <a class='product' target='_blank' href='https:\/\/www.primor.eu\/es_es\/proraso-crema-pre-afeitado-refrescante-26120.html'>\r\n        <img loading='async' src='https:\/\/cdn2.primor.eu\/media\/catalog\/product\/cache\/8d3aba296f7a18b5251ee30fa5db42b2\/1\/S\/1SU00276_1_eb45.jpg' alt='COMPRAR AHORA'>\r\n            <div class=\"claim\">\r\n                COMPRAR AHORA            <\/div>\r\n        <\/a>\r\n    \n\n\n\n<h3 class=\"wp-block-heading\">Original Aceite para Barba de Bulldog<\/h3>\n\n\n\n<p>Este aceite para el cuidado de la barba contiene aloe vera, aceite de camelia y t\u00e9; verde. Especialmente formulado para suavizar, moldear y acondicionar tu barba. F\u00f3rmula grasa y de r\u00e1pida absorci\u00f3n para suavizar e hidratar el vello desde el primer momento. Cuida la piel de debajo de la barba para combatir la sequedad y el picor. Todos nuestros productos contienen incre\u00edbles ingredientes naturales. No contienen parabenos, SLS, colores artificiales o fragancias sint\u00e9ticas. Todos nuestros productos est\u00e1n certificados por Cruelty Free International y son ideales para vegetarianos y veganos. No contienen ingredientes de origen animal y tampoco est\u00e1n testados en animales.<\/p>\n\n\n    <a class='product' target='_blank' href='https:\/\/www.primor.eu\/es_es\/bulldog-original-aceite-para-barba-24694.html'>\r\n        <img loading='async' src='https:\/\/cdn2.primor.eu\/media\/catalog\/product\/cache\/8d3aba296f7a18b5251ee30fa5db42b2\/0\/T\/0TM01046_1_b943.jpg' alt='COMPRAR AHORA'>\r\n            <div class=\"claim\">\r\n                COMPRAR AHORA            <\/div>\r\n        <\/a>\r\n    \n\n\n\n<h3 class=\"wp-block-heading\">Gillette King C. Aceite De Barba Para Hombre de Gillette<\/h3>\n\n\n\n<p>La c\u00faspide de m\u00e1s de un siglo de innovaci\u00f3n y experiencia, y la \u00fanica gama que lleva el nombre del fundador de nuestra compa\u00f1\u00eda: King C. Gillette. Nuestro aceite de barba est\u00e1 infusionado con una mezcla de aceites de origen vegetal de arg\u00e1n, jojoba, aguacate, semillas de macadamia y almendras para hidratar la piel seca y suavizar la barba.<\/p>\n\n\n    <a class='product' target='_blank' href='https:\/\/www.primor.eu\/es_es\/gillette-gillette-king-c-aceite-de-barba-para-hombre-25184.html'>\r\n        <img loading='async' src='https:\/\/cdn2.primor.eu\/media\/catalog\/product\/cache\/8d3aba296f7a18b5251ee30fa5db42b2\/8\/0\/8001841705750_MAIN_e21a.jpg' alt='COMPRAR AHORA'>\r\n            <div class=\"claim\">\r\n                COMPRAR AHORA            <\/div>\r\n        <\/a>\r\n    \n\n\n\n<h3 class=\"wp-block-heading\">Tijera para Barba y Nariz de Lola<\/h3>\n\n\n\n<p>Fabricada en acero inoxidable y afilada individualmente. Dise\u00f1ada para recortar el perfil del bigote masculino, patillas y pelo de la nariz. Asegura un corte seguro, regular y preciso.<\/p>\n\n\n    <a class='product' target='_blank' href='https:\/\/www.primor.eu\/es_es\/lola-tijera-para-barba-y-nariz-1747.html'>\r\n        <img loading='async' src='https:\/\/cdn2.primor.eu\/media\/catalog\/product\/cache\/8d3aba296f7a18b5251ee30fa5db42b2\/6\/V\/6VA10310_1_3616.jpg' alt='COMPRAR AHORA'>\r\n            <div class=\"claim\">\r\n                COMPRAR AHORA            <\/div>\r\n        <\/a>\r\n    \n\n\n\n<h3 class=\"wp-block-heading\">Maquinilla Profesional 4 en 1 Infinite Styler de Jean Louis David<\/h3>\n\n\n\n<p>La&nbsp;<strong>Recortadora Infinite Styler de Jean Louis David<\/strong>&nbsp;es la herramienta&nbsp;<strong>4 en 1<\/strong>&nbsp;definitiva, dise\u00f1ada para los hombres que buscan&nbsp;<strong>precisi\u00f3n profesional<\/strong>&nbsp;y&nbsp;<strong>libertad total<\/strong>&nbsp;al definir su estilo de barba y cabello.<\/p>\n\n\n\n<p><strong>Acabados de Precisi\u00f3n (0.2 mm):<\/strong>&nbsp;\u00dasela sin peine para disfrutar de una&nbsp;<strong>altura de corte de 0.2 mm<\/strong>. Esta medida es perfecta para&nbsp;<strong>delinear contornos, trazar l\u00edneas definidas<\/strong>&nbsp;y conseguir un&nbsp;<em>afeitado<\/em>&nbsp;al ras profesional.<\/p>\n\n\n\n<p><strong>Gu\u00eda de Corte Ajustable:<\/strong>&nbsp;Incluye una gu\u00eda que ofrece&nbsp;<strong>10 alturas de corte<\/strong>, desde&nbsp;<strong>1 mm hasta 10 mm<\/strong>. Esto le permite dar forma a su barba y estilo seg\u00fan sus deseos.<\/p>\n\n\n\n<p><strong>Cabezales Intercambiables:<\/strong>&nbsp;Su dise\u00f1o&nbsp;<strong>4 en 1<\/strong>&nbsp;(aunque no especifica los cabezales, este punto enfatiza la versatilidad) permite trabajar diferentes zonas con herramientas especializadas.<\/p>\n\n\n\n<p><strong>Uso con o sin Cable:<\/strong>&nbsp;Total flexibilidad para usarla enchufada o de forma inal\u00e1mbrica.<\/p>\n\n\n\n<p><strong>Bater\u00eda de Litio de Alta Capacidad (2000mAh):<\/strong>&nbsp;Asegura un rendimiento constante y fiable.<\/p>\n\n\n\n<p><strong>Larga Autonom\u00eda:<\/strong>&nbsp;Disfrute de hasta&nbsp;<strong>60 minutos de uso inal\u00e1mbrico<\/strong>&nbsp;con una sola carga.<\/p>\n\n\n\n<p><strong>Carga R\u00e1pida:<\/strong>&nbsp;Solo se necesitan&nbsp;<strong>120 minutos (2 horas)<\/strong>&nbsp;para una carga completa, minimizando el tiempo de espera.<\/p>\n\n\n    <a class='product' target='_blank' href='https:\/\/www.primor.eu\/es_es\/jean-louis-david-maquinilla-profesional-4-en-1-infinite-styler-135747.html'>\r\n        <img loading='async' src='https:\/\/cdn2.primor.eu\/media\/catalog\/product\/cache\/8d3aba296f7a18b5251ee30fa5db42b2\/3\/9\/39959_JLD_INFINITE_BLADE_PACK_PRODUIT_OMBRE_2___1500x_1500_6e4d.jpg' alt='COMPRAR AHORA'>\r\n            <div class=\"claim\">\r\n                COMPRAR AHORA            <\/div>\r\n        <\/a>\r\n    \n\n\n\n<h3 class=\"wp-block-heading\">QP2834\/23 OneBlade 360 Cara y Cuerpo de Philips<\/h3>\n\n\n\n<p>Ahora m\u00e1s f\u00e1cil que nunca gracias a la NUEVA e innovadora cuchilla 360, que asegura menos pasadas y mayor comodidad. La nueva e innovadora cuchilla 360 se mueve en todas las direcciones para permitir un contacto y control constantes sobre la piel, incluso en las zonas de dif\u00edcil acceso. Arriba o abajo, Philips OneBlade no discrimina. Af\u00e9itate y recorta la barba con el peine-gu\u00eda ajustable 5 en 1 y arregla las partes \u00edntimas sin problemas con el protector para la piel.<\/p>\n\n\n    <a class='product' target='_blank' href='https:\/\/www.primor.eu\/es_es\/philips-oneblade-360-cara-y-cuerpo-116115.html'>\r\n        <img loading='async' src='https:\/\/cdn2.primor.eu\/media\/catalog\/product\/cache\/8d3aba296f7a18b5251ee30fa5db42b2\/Q\/P\/QP2834_23_1_26a0.png' alt='COMPRAR AHORA'>\r\n            <div class=\"claim\">\r\n                COMPRAR AHORA            <\/div>\r\n        <\/a>\r\n    \n\n\n\n<h3 class=\"wp-block-heading\">Gel 3 en 1 Barba + Cabello + Rostro de Revuele<\/h3>\n\n\n\n<p>Para la barba, este Gel 3 en 1 Barba + Cabello + Rostro de Revuele es la soluci\u00f3n ideal. Lava la piel escamosa de la barba, elimina residuos y la deja con una sensaci\u00f3n suave y tersa, mejorando su apariencia y salud.<\/p>\n\n\n\n<p>En el rostro, este gel purifica suavemente y limpia profundamente la piel, al mismo tiempo que ayuda a calmar las irritaciones, dejando la piel fresca y revitalizada.<\/p>\n\n\n\n<p>Para el cabello, este producto de Revuele limpia y acondiciona el cabello, dejando el cuero cabelludo fresco y el cabello f\u00e1cil de manejar, todo con un solo producto.<\/p>\n\n\n    <a class='product' target='_blank' href='https:\/\/www.primor.eu\/es_es\/revuele-gel-3-en-1-barba-cabello-rostro-15393.html'>\r\n        <img loading='async' src='https:\/\/cdn2.primor.eu\/media\/catalog\/product\/cache\/8d3aba296f7a18b5251ee30fa5db42b2\/0\/T\/0TM01211_1_3f0a.jpg' alt='COMPRAR AHORA'>\r\n            <div class=\"claim\">\r\n                COMPRAR AHORA            <\/div>\r\n        <\/a>\r\n    \n\n\n\n<h3 class=\"wp-block-heading\">Acondicionador para Barba Beard Serum de American Crew<\/h3>\n\n\n\n<p>Una f\u00f3rmula a base de aceite especialmente dise\u00f1ada para el cuidado de la barba, con aceites beneficiosos que acondicionan instant\u00e1neamente y mantienen la barba suave y bien arreglada.<\/p>\n\n\n\n<p>F\u00f3rmula ligera y de r\u00e1pida absorci\u00f3n.<\/p>\n\n\n\n<p>Sus ingredientes nutren, regeneran y proporcionan propiedades protectoras para una apariencia saludable, dejan la barba brillante y ofrecen beneficios acondicionadores para una sensaci\u00f3n suave y sedosa.<\/p>\n\n\n    <a class='product' target='_blank' href='https:\/\/www.primor.eu\/es_es\/american-crew-acondicionador-para-barba-beard-serum-4573.html'>\r\n        <img loading='async' src='https:\/\/cdn2.primor.eu\/media\/catalog\/product\/cache\/8d3aba296f7a18b5251ee30fa5db42b2\/0\/T\/0TM01086_1_794b.jpg' alt='COMPRAR AHORA'>\r\n            <div class=\"claim\">\r\n                COMPRAR AHORA            <\/div>\r\n        <\/a>\r\n    \n\n\n<div class=\"kk-star-ratings kksr-auto kksr-align-center kksr-valign-bottom\"\n    data-payload='{&quot;align&quot;:&quot;center&quot;,&quot;id&quot;:&quot;110285&quot;,&quot;slug&quot;:&quot;default&quot;,&quot;valign&quot;:&quot;bottom&quot;,&quot;ignore&quot;:&quot;&quot;,&quot;reference&quot;:&quot;auto&quot;,&quot;class&quot;:&quot;&quot;,&quot;count&quot;:&quot;1&quot;,&quot;legendonly&quot;:&quot;&quot;,&quot;readonly&quot;:&quot;&quot;,&quot;score&quot;:&quot;5&quot;,&quot;starsonly&quot;:&quot;&quot;,&quot;best&quot;:&quot;5&quot;,&quot;gap&quot;:&quot;5&quot;,&quot;greet&quot;:&quot;Valora este art\u00edculo&quot;,&quot;legend&quot;:&quot;5\\\/5 - (1 voto)&quot;,&quot;size&quot;:&quot;24&quot;,&quot;title&quot;:&quot;Los 8 mejores productos que necesitas para cuidar tu barba si te vas de viaje&quot;,&quot;width&quot;:&quot;142.5&quot;,&quot;_legend&quot;:&quot;{score}\\\/{best} - ({count} {votes})&quot;,&quot;font_factor&quot;:&quot;1.25&quot;}'>\n            \n<div class=\"kksr-stars\">\n    \n<div class=\"kksr-stars-inactive\">\n            <div class=\"kksr-star\" data-star=\"1\" style=\"padding-right: 5px\">\n            \n\n<div class=\"kksr-icon\" style=\"width: 24px; height: 24px;\"><\/div>\n        <\/div>\n            <div class=\"kksr-star\" data-star=\"2\" style=\"padding-right: 5px\">\n            \n\n<div class=\"kksr-icon\" style=\"width: 24px; height: 24px;\"><\/div>\n        <\/div>\n            <div class=\"kksr-star\" data-star=\"3\" style=\"padding-right: 5px\">\n            \n\n<div class=\"kksr-icon\" style=\"width: 24px; height: 24px;\"><\/div>\n        <\/div>\n            <div class=\"kksr-star\" data-star=\"4\" style=\"padding-right: 5px\">\n            \n\n<div class=\"kksr-icon\" style=\"width: 24px; height: 24px;\"><\/div>\n        <\/div>\n            <div class=\"kksr-star\" data-star=\"5\" style=\"padding-right: 5px\">\n            \n\n<div class=\"kksr-icon\" style=\"width: 24px; height: 24px;\"><\/div>\n        <\/div>\n    <\/div>\n    \n<div class=\"kksr-stars-active\" style=\"width: 142.5px;\">\n            <div class=\"kksr-star\" style=\"padding-right: 5px\">\n            \n\n<div class=\"kksr-icon\" style=\"width: 24px; height: 24px;\"><\/div>\n        <\/div>\n            <div class=\"kksr-star\" style=\"padding-right: 5px\">\n            \n\n<div class=\"kksr-icon\" style=\"width: 24px; height: 24px;\"><\/div>\n        <\/div>\n            <div class=\"kksr-star\" style=\"padding-right: 5px\">\n            \n\n<div class=\"kksr-icon\" style=\"width: 24px; height: 24px;\"><\/div>\n        <\/div>\n            <div class=\"kksr-star\" style=\"padding-right: 5px\">\n            \n\n<div class=\"kksr-icon\" style=\"width: 24px; height: 24px;\"><\/div>\n        <\/div>\n            <div class=\"kksr-star\" style=\"padding-right: 5px\">\n            \n\n<div class=\"kksr-icon\" style=\"width: 24px; height: 24px;\"><\/div>\n        <\/div>\n    <\/div>\n<\/div>\n                \n\n<div class=\"kksr-legend\" style=\"font-size: 19.2px;\">\n            5\/5 - (1 voto)    <\/div>\n    <\/div>\n","protected":false},"excerpt":{"rendered":"<p>Tener a mano productos de viaje para cuidar la barba es esencial. Sobre todo si te vas a la playa o crees que tu barba estar\u00e1 expuesta a los da\u00f1os que se pueden sufrir con el sol y la sal del mar. Y es que, al igual que ocurre con el cabello, el vello de [&hellip;]<\/p>\n","protected":false},"author":30,"featured_media":110286,"comment_status":"closed","ping_status":"closed","sticky":false,"template":"","format":"standard","meta":{"jnews-multi-image_gallery":[],"jnews_single_post":{"subtitle":"","format":"standard","video":"","gallery":"","source_name":"","source_url":"","via_name":"","via_url":"","override_template":"0","override":[{"template":"1","single_blog_custom":"","parallax":"1","fullscreen":"1","layout":"right-sidebar","sidebar":"home-2","second_sidebar":"default-sidebar","sticky_sidebar":"0","share_position":"float","share_float_style":"share-monocrhome","show_share_counter":"0","show_view_counter":"0","show_featured":"1","show_post_meta":"1","show_post_author":"0","show_post_author_image":"1","show_post_date":"1","post_date_format":"default","post_date_format_custom":"Y\/m\/d","show_post_category":"1","show_post_reading_time":"0","post_reading_time_wpm":"300","show_zoom_button":"0","zoom_button_out_step":"2","zoom_button_in_step":"3","show_post_tag":"0","show_prev_next_post":"0","show_popup_post":"0","number_popup_post":"2","show_author_box":"0","show_post_related":"0","show_inline_post_related":"1"}],"override_image_size":"0","image_override":[{"single_post_thumbnail_size":"no-crop","single_post_gallery_size":"crop-500"}],"trending_post":"0","trending_post_position":"meta","trending_post_label":"Trending","sponsored_post":"0","sponsored_post_label":"Sponsored by","sponsored_post_name":"","sponsored_post_url":"","sponsored_post_logo_enable":"0","sponsored_post_logo":"","sponsored_post_desc":"","disable_ad":"0"},"jnews_primary_category":{"id":"","hide":""},"jnews_social_meta":{"fb_title":"","fb_description":"","fb_image":"","twitter_title":"","twitter_description":"","twitter_image":""},"jnews_override_counter":{"override_view_counter":"0","view_counter_number":"0","override_share_counter":"0","share_counter_number":"0","override_like_counter":"0","like_counter_number":"0","override_dislike_counter":"0","dislike_counter_number":"0"},"footnotes":""},"categories":[6311],"tags":[],"class_list":["post-110285","post","type-post","status-publish","format-standard","has-post-thumbnail","hentry","category-hombres"],"_links":{"self":[{"href":"https:\/\/www.primor.eu\/blog\/wp-json\/wp\/v2\/posts\/110285","targetHints":{"allow":["GET"]}}],"collection":[{"href":"https:\/\/www.primor.eu\/blog\/wp-json\/wp\/v2\/posts"}],"about":[{"href":"https:\/\/www.primor.eu\/blog\/wp-json\/wp\/v2\/types\/post"}],"author":[{"embeddable":true,"href":"https:\/\/www.primor.eu\/blog\/wp-json\/wp\/v2\/users\/30"}],"replies":[{"embeddable":true,"href":"https:\/\/www.primor.eu\/blog\/wp-json\/wp\/v2\/comments?post=110285"}],"version-history":[{"count":7,"href":"https:\/\/www.primor.eu\/blog\/wp-json\/wp\/v2\/posts\/110285\/revisions"}],"predecessor-version":[{"id":140355,"href":"https:\/\/www.primor.eu\/blog\/wp-json\/wp\/v2\/posts\/110285\/revisions\/140355"}],"wp:featuredmedia":[{"embeddable":true,"href":"https:\/\/www.primor.eu\/blog\/wp-json\/wp\/v2\/media\/110286"}],"wp:attachment":[{"href":"https:\/\/www.primor.eu\/blog\/wp-json\/wp\/v2\/media?parent=110285"}],"wp:term":[{"taxonomy":"category","embeddable":true,"href":"https:\/\/www.primor.eu\/blog\/wp-json\/wp\/v2\/categories?post=110285"},{"taxonomy":"post_tag","embeddable":true,"href":"https:\/\/www.primor.eu\/blog\/wp-json\/wp\/v2\/tags?post=110285"}],"curies":[{"name":"wp","href":"https:\/\/api.w.org\/{rel}","templated":true}]}}