{"id":110154,"date":"2024-08-03T14:00:00","date_gmt":"2024-08-03T14:00:00","guid":{"rendered":"https:\/\/www.primor.eu\/blog\/?p=110154"},"modified":"2024-07-25T07:22:29","modified_gmt":"2024-07-25T07:22:29","slug":"cuidar-encias-gingivitis","status":"publish","type":"post","link":"https:\/\/www.primor.eu\/blog\/cuidar-encias-gingivitis\/","title":{"rendered":"Todo lo que debes saber para cuidar tus enc\u00edas si tienes gingivitis"},"content":{"rendered":"\n<p>Cuidar tus <strong>enc\u00edas<\/strong> con<strong> <a href=\"https:\/\/www.primor.eu\/blog\/encias-sensibles\/\" data-type=\"link\" data-id=\"https:\/\/www.primor.eu\/blog\/encias-sensibles\/\">gingivitis<\/a> <\/strong>es muy importante. Este problema es bastante com\u00fan, por eso hay recomendaciones y productos que pueden ayudarte a solucionarlo. Lo primero que debes saber es que para luchar contra la gingivitis, adem\u00e1s de tomar algunas cosas en cuenta, necesitas<strong> productos espec\u00edficos<\/strong> que ayuden a tus enc\u00edas a estar sanas. Hoy en Primor vamos a profundizar un poco m\u00e1s en este problema, te daremos unas claves para que puedas cuidar tus enc\u00edas con gingivitis y te recomendaremos los mejores productos de nuestra tienda para ello.<\/p>\n\n\n\n<h2 class=\"wp-block-heading\">Claves para cuidar tus enc\u00edas con gingivitis<\/h2>\n\n\n\n<p>La gingivitis es una afecci\u00f3n com\u00fan pero generalmente reversible. Este problema dental hace que las enc\u00edas se tornen rojas, inflamadas y que sangren f\u00e1cilmente. La gingivitis es una inflamaci\u00f3n de las enc\u00edas. El problema es que si no se trata adecuadamente, puede progresar a una forma m\u00e1s grave de enfermedad periodontal. Por eso te recomendamos que tengas en cuenta algunas claves para que esto no ocurra:<\/p>\n\n\n\n<ul class=\"wp-block-list\">\n<li><strong>Usa un cepillo de cerdas suaves<\/strong>: y procura no darte en las enc\u00edas cuando est\u00e9s cepill\u00e1ndote los dientes para evitar que se da\u00f1en m\u00e1s.<\/li>\n\n\n\n<li><strong>Cepilla las \u00e1reas cercanas a las enc\u00edas<\/strong>: para asegurarte de que no quedan bacterias alrededor que puedan empeorar el problema.\u00a0<\/li>\n\n\n\n<li><strong>Utiliza hilo dental<\/strong>: si ves que se queda comida entre tus dientes. Que sea suave tambi\u00e9n, ya que uno de los b\u00e1sicos para cuidar tus enc\u00edas con gingivitis es que herramientas como estas te ayuden a la higiene pero no las da\u00f1en.<\/li>\n\n\n\n<li><strong>Utiliza productos espec\u00edficos<\/strong>: para la gingivitis como pastas de dientes especiales, colutorios o cepillos de dientes que est\u00e9n indicados para enc\u00edas sensibles como los de cerdas suaves.<\/li>\n\n\n\n<li><strong>Visita al dentista<\/strong>: para que te revise y te vaya recomendando productos o tratamientos. Tambi\u00e9n para hacerte limpiezas bucales cada vez que el profesional te lo recomiende y seg\u00fan tu caso personal.<\/li>\n<\/ul>\n\n\n\n<h2 class=\"wp-block-heading\">Los mejores productos para cuidar tus enc\u00edas con gingivitis<\/h2>\n\n\n        <product-table class=\"pr-slider\">\r\n            <product-headers class=\"grid-table-rows\">\r\n                <div>Foto<\/div>\r\n                <div>Producto<\/div>\r\n                <div>Marca<\/div>\r\n                <div>Valoraciones<\/div>\r\n                <div>Precio<\/div>\r\n            <\/product-headers>\r\n\r\n            <product-list>\r\n                                    <a href=\"https:\/\/www.primor.eu\/es_es\/oraldine-colutorio-para-encias-sensibles-18919.html\" class=\"product-item grid-table-rows\" target=\"_blank\">\r\n                        <div>\r\n                            <img decoding=\"async\" class=\"product-img\" width=\"80px\" height=\"80px\" src=\"https:\/\/www.primor.eu\/blog\/wp-content\/uploads\/2024\/07\/400ml_cbf1.jpg\" alt=\"Oraldine Colutorio Anti-Gingivitis\">\r\n                        <\/div>\r\n\r\n                        <!-- Contenido de producto  -->\r\n                        <div>\r\n                            <div class=\"product-position\">\r\n                                #1 Top Ventas                            <\/div>\r\n\r\n                            <h2>\r\n                                Oraldine Colutorio Anti-Gingivitis                            <\/h2>\r\n                        <\/div>\r\n\r\n                        <!-- Imagen y\/o nombre de la marca -->\r\n                        <div>\r\n                                                            <img decoding=\"async\" width=\"70\" src=\"https:\/\/www.primor.eu\/blog\/wp-content\/uploads\/2024\/07\/Oraldine.jpg\" alt=\"110156\">\r\n                                                    <\/div>\r\n\r\n                        <!-- Puntuaci\u00f3n del producto  -->\r\n                        <div class=\"rating\">\r\n                                                            <div class=\"rate\" style=\"--p:100;\"><\/div>\r\n                                <b>5\/5<\/b>\r\n                                <div class=\"rate-stars\">\r\n                                                                            <div\r\n                                            class=\"rate-star  \">\r\n                                        <\/div>\r\n                                                                            <div\r\n                                            class=\"rate-star  \">\r\n                                        <\/div>\r\n                                                                            <div\r\n                                            class=\"rate-star  \">\r\n                                        <\/div>\r\n                                                                            <div\r\n                                            class=\"rate-star  \">\r\n                                        <\/div>\r\n                                                                            <div\r\n                                            class=\"rate-star  \">\r\n                                        <\/div>\r\n                                                                    <\/div>\r\n                                                    <\/div>\r\n\r\n                        <!-- Bot\u00f3n de producto  -->\r\n                        <div>\r\n                            <span class=\"price-claim\">\r\n                                VER PRECIO                            <\/span>\r\n                        <\/div>\r\n                    <\/a>\r\n                                    <a href=\"https:\/\/www.primor.eu\/es_es\/lacer-gingilacer-pasta-de-dientes-19599.html\" class=\"product-item grid-table-rows\" target=\"_blank\">\r\n                        <div>\r\n                            <img decoding=\"async\" class=\"product-img\" width=\"80px\" height=\"80px\" src=\"https:\/\/www.primor.eu\/blog\/wp-content\/uploads\/2024\/07\/M_6XS08716_1_bc7a.jpg\" alt=\"Lacer Gingilacer Pasta de Dientes\">\r\n                        <\/div>\r\n\r\n                        <!-- Contenido de producto  -->\r\n                        <div>\r\n                            <div class=\"product-position\">\r\n                                #2                            <\/div>\r\n\r\n                            <h2>\r\n                                Lacer Gingilacer Pasta de Dientes                            <\/h2>\r\n                        <\/div>\r\n\r\n                        <!-- Imagen y\/o nombre de la marca -->\r\n                        <div>\r\n                                                            <img decoding=\"async\" width=\"70\" src=\"https:\/\/www.primor.eu\/blog\/wp-content\/uploads\/2024\/04\/Lacer.jpg\" alt=\"101836\">\r\n                                                    <\/div>\r\n\r\n                        <!-- Puntuaci\u00f3n del producto  -->\r\n                        <div class=\"rating\">\r\n                                                            <div class=\"rate\" style=\"--p:98.6;\"><\/div>\r\n                                <b>4.93\/5<\/b>\r\n                                <div class=\"rate-stars\">\r\n                                                                            <div\r\n                                            class=\"rate-star  \">\r\n                                        <\/div>\r\n                                                                            <div\r\n                                            class=\"rate-star  \">\r\n                                        <\/div>\r\n                                                                            <div\r\n                                            class=\"rate-star  \">\r\n                                        <\/div>\r\n                                                                            <div\r\n                                            class=\"rate-star  \">\r\n                                        <\/div>\r\n                                                                            <div\r\n                                            class=\"rate-star  \">\r\n                                        <\/div>\r\n                                                                    <\/div>\r\n                                                    <\/div>\r\n\r\n                        <!-- Bot\u00f3n de producto  -->\r\n                        <div>\r\n                            <span class=\"price-claim\">\r\n                                VER PRECIO                            <\/span>\r\n                        <\/div>\r\n                    <\/a>\r\n                                    <a href=\"https:\/\/www.primor.eu\/es_es\/kemphor-elixir-bucal-concentrado-19202.html\" class=\"product-item grid-table-rows\" target=\"_blank\">\r\n                        <div>\r\n                            <img decoding=\"async\" class=\"product-img\" width=\"80px\" height=\"80px\" src=\"https:\/\/www.primor.eu\/blog\/wp-content\/uploads\/2024\/07\/1DT00088_1_35b8.jpg\" alt=\"Kemphor Elixir Bucal Concentrado\">\r\n                        <\/div>\r\n\r\n                        <!-- Contenido de producto  -->\r\n                        <div>\r\n                            <div class=\"product-position\">\r\n                                #3                            <\/div>\r\n\r\n                            <h2>\r\n                                Kemphor Elixir Bucal Concentrado                            <\/h2>\r\n                        <\/div>\r\n\r\n                        <!-- Imagen y\/o nombre de la marca -->\r\n                        <div>\r\n                                                            <img decoding=\"async\" width=\"70\" src=\"https:\/\/www.primor.eu\/blog\/wp-content\/uploads\/2024\/05\/Kemphor.jpg\" alt=\"103188\">\r\n                                                    <\/div>\r\n\r\n                        <!-- Puntuaci\u00f3n del producto  -->\r\n                        <div class=\"rating\">\r\n                                                            <div class=\"rate\" style=\"--p:95.6;\"><\/div>\r\n                                <b>4.78\/5<\/b>\r\n                                <div class=\"rate-stars\">\r\n                                                                            <div\r\n                                            class=\"rate-star  \">\r\n                                        <\/div>\r\n                                                                            <div\r\n                                            class=\"rate-star  \">\r\n                                        <\/div>\r\n                                                                            <div\r\n                                            class=\"rate-star  \">\r\n                                        <\/div>\r\n                                                                            <div\r\n                                            class=\"rate-star  \">\r\n                                        <\/div>\r\n                                                                            <div\r\n                                            class=\"rate-star  \">\r\n                                        <\/div>\r\n                                                                    <\/div>\r\n                                                    <\/div>\r\n\r\n                        <!-- Bot\u00f3n de producto  -->\r\n                        <div>\r\n                            <span class=\"price-claim\">\r\n                                VER PRECIO                            <\/span>\r\n                        <\/div>\r\n                    <\/a>\r\n                            <\/product-list>\r\n        <\/product-table>\r\n\r\n        \n\n\n\n<h3 class=\"wp-block-heading\">Colutorio Anti-Gingivitis de Oraldine<\/h3>\n\n\n\n<p>El Colutorio de uso diario Oraldine Enc\u00edas est\u00e1 recomendado por dentistas para cuidar las enc\u00edas delicadas, ya que reduce la placa que puede provocar gingivitis. Este enjuague bucal de Oraldine contiene hexetidina, por lo que al usarse despu\u00e9s del cepillado, elimina las bacterias que causan la inflamaci\u00f3n y el sangrado de las enc\u00edas. Este colutorio para enc\u00edas cuida tu salud bucal manteniendo tus enc\u00edas sanas al protegerlas y reforzarlas para prevenir el sangrado, pues favorece la regeneraci\u00f3n epitelial de la mucosa oral. Oraldine cuida de tu salud bucal con este colutorio creado para reducir la sensibilidad gingival, protegiendo tu boca durante horas. Al ser un colutorio de uso diario, Oraldine funciona al hacer enjuagues bucales para que tus enc\u00edas est\u00e9n protegidas.\u00a0<\/p>\n\n\n    <a class='product' target='_blank' href='https:\/\/www.primor.eu\/es_es\/oraldine-colutorio-para-encias-sensibles-18919.html'>\r\n        <img loading='async' src='https:\/\/cdn2.primor.eu\/media\/catalog\/product\/cache\/8d3aba296f7a18b5251ee30fa5db42b2\/4\/0\/400ml_cbf1.JPG' alt='COMPRAR AHORA'>\r\n            <div class=\"claim\">\r\n                COMPRAR AHORA            <\/div>\r\n        <\/a>\r\n    \n\n\n\n<h3 class=\"wp-block-heading\">Gingilacer Pasta de Dientes de Lacer<\/h3>\n\n\n\n<p>Es un dent\u00edfrico desarrollado por profesionales para prevenir el sangrado en las enc\u00edas causado por la gingivitis. Este producto de uso diario posee una eficacia avalada por expertos que mejora el estado de las enc\u00edas inflamadas, reduce las rojeces y restablece el buen estado de los tejidos gingivales desde el primer uso. Adem\u00e1s, nos ayuda a combatir el exceso de placa responsable de la gingivitis.<\/p>\n\n\n    <a class='product' target='_blank' href='https:\/\/www.primor.eu\/es_es\/lacer-gingilacer-pasta-de-dientes-106795.html?#863=66994'>\r\n        <img loading='async' src='https:\/\/cdn2.primor.eu\/media\/catalog\/product\/cache\/8d3aba296f7a18b5251ee30fa5db42b2\/8\/4\/8470001828262_1_50b7.png' alt='COMPRAR AHORA'>\r\n            <div class=\"claim\">\r\n                COMPRAR AHORA            <\/div>\r\n        <\/a>\r\n    \n\n\n\n<h3 class=\"wp-block-heading\">Elixir Bucal Concentrado de Kemphor<\/h3>\n\n\n\n<p>Ayuda a prevenir la infecci\u00f3n y la inflamaci\u00f3n de las enc\u00edas delicadas, devolvi\u00e9ndoles su equilibrio natural. Con su espec\u00edfica combinaci\u00f3n de esencias consigue cuidar, tonificar y proteger los tejidos gingivales. El Elixir Bucal Concentrado de Kemphor es un excelente aliado para combatir la gingivitis. Adem\u00e1s, es un magn\u00edfico tratamiento para eliminar los g\u00e9rmenes que causan la placa, as\u00ed como tambi\u00e9n elimina el mal aliento, asegurando de este modo una completa limpieza bucal.<\/p>\n\n\n    <a class='product' target='_blank' href='https:\/\/www.primor.eu\/es_es\/kemphor-elixir-bucal-concentrado-19202.html'>\r\n        <img loading='async' src='https:\/\/cdn2.primor.eu\/media\/catalog\/product\/cache\/8d3aba296f7a18b5251ee30fa5db42b2\/1\/D\/1DT00088_1_35b8.jpg' alt='COMPRAR AHORA'>\r\n            <div class=\"claim\">\r\n                COMPRAR AHORA            <\/div>\r\n        <\/a>\r\n    \n\n\n<div class=\"kk-star-ratings kksr-auto kksr-align-center kksr-valign-bottom\"\n    data-payload='{&quot;align&quot;:&quot;center&quot;,&quot;id&quot;:&quot;110154&quot;,&quot;slug&quot;:&quot;default&quot;,&quot;valign&quot;:&quot;bottom&quot;,&quot;ignore&quot;:&quot;&quot;,&quot;reference&quot;:&quot;auto&quot;,&quot;class&quot;:&quot;&quot;,&quot;count&quot;:&quot;0&quot;,&quot;legendonly&quot;:&quot;&quot;,&quot;readonly&quot;:&quot;&quot;,&quot;score&quot;:&quot;0&quot;,&quot;starsonly&quot;:&quot;&quot;,&quot;best&quot;:&quot;5&quot;,&quot;gap&quot;:&quot;5&quot;,&quot;greet&quot;:&quot;Valora este art\u00edculo&quot;,&quot;legend&quot;:&quot;0\\\/5 - (0 votos)&quot;,&quot;size&quot;:&quot;24&quot;,&quot;title&quot;:&quot;Todo lo que debes saber para cuidar tus enc\u00edas si tienes gingivitis&quot;,&quot;width&quot;:&quot;0&quot;,&quot;_legend&quot;:&quot;{score}\\\/{best} - ({count} {votes})&quot;,&quot;font_factor&quot;:&quot;1.25&quot;}'>\n            \n<div class=\"kksr-stars\">\n    \n<div class=\"kksr-stars-inactive\">\n            <div class=\"kksr-star\" data-star=\"1\" style=\"padding-right: 5px\">\n            \n\n<div class=\"kksr-icon\" style=\"width: 24px; height: 24px;\"><\/div>\n        <\/div>\n            <div class=\"kksr-star\" data-star=\"2\" style=\"padding-right: 5px\">\n            \n\n<div class=\"kksr-icon\" style=\"width: 24px; height: 24px;\"><\/div>\n        <\/div>\n            <div class=\"kksr-star\" data-star=\"3\" style=\"padding-right: 5px\">\n            \n\n<div class=\"kksr-icon\" style=\"width: 24px; height: 24px;\"><\/div>\n        <\/div>\n            <div class=\"kksr-star\" data-star=\"4\" style=\"padding-right: 5px\">\n            \n\n<div class=\"kksr-icon\" style=\"width: 24px; height: 24px;\"><\/div>\n        <\/div>\n            <div class=\"kksr-star\" data-star=\"5\" style=\"padding-right: 5px\">\n            \n\n<div class=\"kksr-icon\" style=\"width: 24px; height: 24px;\"><\/div>\n        <\/div>\n    <\/div>\n    \n<div class=\"kksr-stars-active\" style=\"width: 0px;\">\n            <div class=\"kksr-star\" style=\"padding-right: 5px\">\n            \n\n<div class=\"kksr-icon\" style=\"width: 24px; height: 24px;\"><\/div>\n        <\/div>\n            <div class=\"kksr-star\" style=\"padding-right: 5px\">\n            \n\n<div class=\"kksr-icon\" style=\"width: 24px; height: 24px;\"><\/div>\n        <\/div>\n            <div class=\"kksr-star\" style=\"padding-right: 5px\">\n            \n\n<div class=\"kksr-icon\" style=\"width: 24px; height: 24px;\"><\/div>\n        <\/div>\n            <div class=\"kksr-star\" style=\"padding-right: 5px\">\n            \n\n<div class=\"kksr-icon\" style=\"width: 24px; height: 24px;\"><\/div>\n        <\/div>\n            <div class=\"kksr-star\" style=\"padding-right: 5px\">\n            \n\n<div class=\"kksr-icon\" style=\"width: 24px; height: 24px;\"><\/div>\n        <\/div>\n    <\/div>\n<\/div>\n                \n\n<div class=\"kksr-legend\" style=\"font-size: 19.2px;\">\n            <span class=\"kksr-muted\">Valora este art\u00edculo<\/span>\n    <\/div>\n    <\/div>\n","protected":false},"excerpt":{"rendered":"<p>Cuidar tus enc\u00edas con gingivitis es muy importante. Este problema es bastante com\u00fan, por eso hay recomendaciones y productos que pueden ayudarte a solucionarlo. Lo primero que debes saber es que para luchar contra la gingivitis, adem\u00e1s de tomar algunas cosas en cuenta, necesitas productos espec\u00edficos que ayuden a tus enc\u00edas a estar sanas. Hoy [&hellip;]<\/p>\n","protected":false},"author":30,"featured_media":110163,"comment_status":"closed","ping_status":"closed","sticky":false,"template":"","format":"standard","meta":{"jnews-multi-image_gallery":[],"jnews_single_post":{"subtitle":"","format":"standard","video":"","gallery":"","source_name":"","source_url":"","via_name":"","via_url":"","override_template":"0","override":[{"template":"1","single_blog_custom":"","parallax":"1","fullscreen":"1","layout":"right-sidebar","sidebar":"home-2","second_sidebar":"default-sidebar","sticky_sidebar":"0","share_position":"float","share_float_style":"share-monocrhome","show_share_counter":"0","show_view_counter":"0","show_featured":"1","show_post_meta":"1","show_post_author":"0","show_post_author_image":"1","show_post_date":"1","post_date_format":"default","post_date_format_custom":"Y\/m\/d","show_post_category":"1","show_post_reading_time":"0","post_reading_time_wpm":"300","show_zoom_button":"0","zoom_button_out_step":"2","zoom_button_in_step":"3","show_post_tag":"0","show_prev_next_post":"0","show_popup_post":"0","number_popup_post":"2","show_author_box":"0","show_post_related":"0","show_inline_post_related":"1"}],"override_image_size":"0","image_override":[{"single_post_thumbnail_size":"no-crop","single_post_gallery_size":"crop-500"}],"trending_post":"0","trending_post_position":"meta","trending_post_label":"Trending","sponsored_post":"0","sponsored_post_label":"Sponsored by","sponsored_post_name":"","sponsored_post_url":"","sponsored_post_logo_enable":"0","sponsored_post_logo":"","sponsored_post_desc":"","disable_ad":"0"},"jnews_primary_category":{"id":"","hide":""},"jnews_social_meta":{"fb_title":"","fb_description":"","fb_image":"","twitter_title":"","twitter_description":"","twitter_image":""},"jnews_override_counter":{"override_view_counter":"0","view_counter_number":"0","override_share_counter":"0","share_counter_number":"0","override_like_counter":"0","like_counter_number":"0","override_dislike_counter":"0","dislike_counter_number":"0"},"footnotes":""},"categories":[6299],"tags":[],"class_list":["post-110154","post","type-post","status-publish","format-standard","has-post-thumbnail","hentry","category-bienestar"],"_links":{"self":[{"href":"https:\/\/www.primor.eu\/blog\/wp-json\/wp\/v2\/posts\/110154","targetHints":{"allow":["GET"]}}],"collection":[{"href":"https:\/\/www.primor.eu\/blog\/wp-json\/wp\/v2\/posts"}],"about":[{"href":"https:\/\/www.primor.eu\/blog\/wp-json\/wp\/v2\/types\/post"}],"author":[{"embeddable":true,"href":"https:\/\/www.primor.eu\/blog\/wp-json\/wp\/v2\/users\/30"}],"replies":[{"embeddable":true,"href":"https:\/\/www.primor.eu\/blog\/wp-json\/wp\/v2\/comments?post=110154"}],"version-history":[{"count":2,"href":"https:\/\/www.primor.eu\/blog\/wp-json\/wp\/v2\/posts\/110154\/revisions"}],"predecessor-version":[{"id":110166,"href":"https:\/\/www.primor.eu\/blog\/wp-json\/wp\/v2\/posts\/110154\/revisions\/110166"}],"wp:featuredmedia":[{"embeddable":true,"href":"https:\/\/www.primor.eu\/blog\/wp-json\/wp\/v2\/media\/110163"}],"wp:attachment":[{"href":"https:\/\/www.primor.eu\/blog\/wp-json\/wp\/v2\/media?parent=110154"}],"wp:term":[{"taxonomy":"category","embeddable":true,"href":"https:\/\/www.primor.eu\/blog\/wp-json\/wp\/v2\/categories?post=110154"},{"taxonomy":"post_tag","embeddable":true,"href":"https:\/\/www.primor.eu\/blog\/wp-json\/wp\/v2\/tags?post=110154"}],"curies":[{"name":"wp","href":"https:\/\/api.w.org\/{rel}","templated":true}]}}