{"id":109925,"date":"2024-07-27T12:00:00","date_gmt":"2024-07-27T12:00:00","guid":{"rendered":"https:\/\/www.primor.eu\/blog\/?p=109925"},"modified":"2025-07-11T11:42:43","modified_gmt":"2025-07-11T11:42:43","slug":"imprescindibles-festival","status":"publish","type":"post","link":"https:\/\/www.primor.eu\/blog\/imprescindibles-festival\/","title":{"rendered":"Si vas de festival, estos son los 9 imprescindibles que deber\u00e1s meter en tu mochila"},"content":{"rendered":"\n<p>Irse de festi implica que tengas que llevarte en la maleta algunos imprescindibles para un <a href=\"https:\/\/www.primor.eu\/blog\/mejores-productos-maquillaje-festival\/\" data-type=\"link\" data-id=\"https:\/\/www.primor.eu\/blog\/mejores-productos-maquillaje-festival\/\">festival<\/a>. Hay cosas que no pueden faltar en tu equipaje. O lo que es lo mismo, imprescindibles para un festival. Se trata de productos como <strong>toallitas \u00edntimas<\/strong> por si te toca hacer pis y no hay papel o ni siquiera hay ba\u00f1o cerca. Cepillo de dientes y kit de viaje de higiene bucal. O esos<strong> ap\u00f3sitos <\/strong>que te salvan de las ampollas y te permiten volver a bailar.<\/p>\n\n\n\n<p>Los imprescindibles para un festival pueden ser miles, pero aqu\u00ed te vamos a dar una mini lista de los 7 que no pueden faltar. Evidentemente, seg\u00fan sea tu estilo de vida, puede que se te vayan ocurriendo m\u00e1s y si es as\u00ed: no dudes en buscarlos en nuestra tienda porque seguro que los tenemos\u2026<\/p>\n\n\n\n<h2 class=\"wp-block-heading\">Productos imprescindibles para un festival<\/h2>\n\n\n        <product-table class=\"pr-slider\">\r\n            <product-headers class=\"grid-table-rows\">\r\n                <div>Foto<\/div>\r\n                <div>Producto<\/div>\r\n                <div>Marca<\/div>\r\n                <div>Valoraciones<\/div>\r\n                <div>Precio<\/div>\r\n            <\/product-headers>\r\n\r\n            <product-list>\r\n                                    <a href=\"https:\/\/www.primor.eu\/es_es\/salustar-toallitas-intimas-25632.html\" class=\"product-item grid-table-rows\" target=\"_blank\">\r\n                        <div>\r\n                            <img decoding=\"async\" class=\"product-img\" width=\"80px\" height=\"80px\" src=\"https:\/\/cdn2.primor.eu\/media\/catalog\/product\/cache\/8d3aba296f7a18b5251ee30fa5db42b2\/8\/4\/8410800068209_1b1f.jpg\" alt=\"Toallitas \u00cdntimas\">\r\n                        <\/div>\r\n\r\n                        <!-- Contenido de producto  -->\r\n                        <div>\r\n                            <div class=\"product-position\">\r\n                                #1 Top Ventas                            <\/div>\r\n\r\n                            <h2>\r\n                                Toallitas \u00cdntimas                            <\/h2>\r\n                        <\/div>\r\n\r\n                        <!-- Imagen y\/o nombre de la marca -->\r\n                        <div>\r\n                                                            <img decoding=\"async\" width=\"70\" src=\"https:\/\/www.primor.eu\/media\/catalog\/category\/Salustar.jpg\" alt=\"\">\r\n                                                    <\/div>\r\n\r\n                        <!-- Puntuaci\u00f3n del producto  -->\r\n                        <div class=\"rating\">\r\n                                                            <div class=\"rate\" style=\"--p:90;\"><\/div>\r\n                                <b>4.5\/5<\/b>\r\n                                <div class=\"rate-stars\">\r\n                                                                            <div\r\n                                            class=\"rate-star  \">\r\n                                        <\/div>\r\n                                                                            <div\r\n                                            class=\"rate-star  \">\r\n                                        <\/div>\r\n                                                                            <div\r\n                                            class=\"rate-star  \">\r\n                                        <\/div>\r\n                                                                            <div\r\n                                            class=\"rate-star  \">\r\n                                        <\/div>\r\n                                                                            <div\r\n                                            class=\"rate-star  middle\">\r\n                                        <\/div>\r\n                                                                    <\/div>\r\n                                                    <\/div>\r\n\r\n                        <!-- Bot\u00f3n de producto  -->\r\n                        <div>\r\n                            <span class=\"price-claim\">\r\n                                VER PRECIO                            <\/span>\r\n                        <\/div>\r\n                    <\/a>\r\n                                    <a href=\"https:\/\/www.primor.eu\/es_es\/byphasse-toallitas-desmaquillantes-aloe-vera-27994.html\" class=\"product-item grid-table-rows\" target=\"_blank\">\r\n                        <div>\r\n                            <img decoding=\"async\" class=\"product-img\" width=\"80px\" height=\"80px\" src=\"https:\/\/cdn2.primor.eu\/media\/catalog\/product\/cache\/8d3aba296f7a18b5251ee30fa5db42b2\/8\/4\/8436097094226_74db.jpg\" alt=\"Toallitas Desmaquillantes Aloe Vera\">\r\n                        <\/div>\r\n\r\n                        <!-- Contenido de producto  -->\r\n                        <div>\r\n                            <div class=\"product-position\">\r\n                                #2                            <\/div>\r\n\r\n                            <h2>\r\n                                Toallitas Desmaquillantes Aloe Vera                            <\/h2>\r\n                        <\/div>\r\n\r\n                        <!-- Imagen y\/o nombre de la marca -->\r\n                        <div>\r\n                                                            <img decoding=\"async\" width=\"70\" src=\"https:\/\/www.primor.eu\/media\/catalog\/category\/BYphasse_Personalizado_.jpg\" alt=\"\">\r\n                                                    <\/div>\r\n\r\n                        <!-- Puntuaci\u00f3n del producto  -->\r\n                        <div class=\"rating\">\r\n                                                            <div class=\"rate\" style=\"--p:90;\"><\/div>\r\n                                <b>4.5\/5<\/b>\r\n                                <div class=\"rate-stars\">\r\n                                                                            <div\r\n                                            class=\"rate-star  \">\r\n                                        <\/div>\r\n                                                                            <div\r\n                                            class=\"rate-star  \">\r\n                                        <\/div>\r\n                                                                            <div\r\n                                            class=\"rate-star  \">\r\n                                        <\/div>\r\n                                                                            <div\r\n                                            class=\"rate-star  \">\r\n                                        <\/div>\r\n                                                                            <div\r\n                                            class=\"rate-star  middle\">\r\n                                        <\/div>\r\n                                                                    <\/div>\r\n                                                    <\/div>\r\n\r\n                        <!-- Bot\u00f3n de producto  -->\r\n                        <div>\r\n                            <span class=\"price-claim\">\r\n                                VER PRECIO                            <\/span>\r\n                        <\/div>\r\n                    <\/a>\r\n                                    <a href=\"https:\/\/www.primor.eu\/es_es\/bayer-bepanthol-crema-post-laser-irritaciones-y-tras-exposicion-solar-106557.html?#855=66368\" class=\"product-item grid-table-rows\" target=\"_blank\">\r\n                        <div>\r\n                            <img decoding=\"async\" class=\"product-img\" width=\"80px\" height=\"80px\" src=\"https:\/\/cdn2.primor.eu\/media\/catalog\/product\/cache\/8d3aba296f7a18b5251ee30fa5db42b2\/8\/4\/847003705288_0bee.JPG\" alt=\"Bepanthol Crema Post-l\u00e1ser, irritaciones y tras exposici\u00f3n solar\">\r\n                        <\/div>\r\n\r\n                        <!-- Contenido de producto  -->\r\n                        <div>\r\n                            <div class=\"product-position\">\r\n                                #3                            <\/div>\r\n\r\n                            <h2>\r\n                                Bepanthol Crema Post-l\u00e1ser, irritaciones y tras exposici\u00f3n solar                            <\/h2>\r\n                        <\/div>\r\n\r\n                        <!-- Imagen y\/o nombre de la marca -->\r\n                        <div>\r\n                                                            <img decoding=\"async\" width=\"70\" src=\"https:\/\/www.primor.eu\/media\/catalog\/category\/Bayer.jpg\" alt=\"Bayer\">\r\n                                                    <\/div>\r\n\r\n                        <!-- Puntuaci\u00f3n del producto  -->\r\n                        <div class=\"rating\">\r\n                                                            <div class=\"rate\" style=\"--p:96;\"><\/div>\r\n                                <b>4.8\/5<\/b>\r\n                                <div class=\"rate-stars\">\r\n                                                                            <div\r\n                                            class=\"rate-star  \">\r\n                                        <\/div>\r\n                                                                            <div\r\n                                            class=\"rate-star  \">\r\n                                        <\/div>\r\n                                                                            <div\r\n                                            class=\"rate-star  \">\r\n                                        <\/div>\r\n                                                                            <div\r\n                                            class=\"rate-star  \">\r\n                                        <\/div>\r\n                                                                            <div\r\n                                            class=\"rate-star  \">\r\n                                        <\/div>\r\n                                                                    <\/div>\r\n                                                    <\/div>\r\n\r\n                        <!-- Bot\u00f3n de producto  -->\r\n                        <div>\r\n                            <span class=\"price-claim\">\r\n                                VER PRECIO                            <\/span>\r\n                        <\/div>\r\n                    <\/a>\r\n                                    <a href=\"https:\/\/www.primor.eu\/es_es\/beauty-drops-fluido-solar-ultraligero-con-color-113053.html?#863=78582\" class=\"product-item grid-table-rows\" target=\"_blank\">\r\n                        <div>\r\n                            <img decoding=\"async\" class=\"product-img\" width=\"80px\" height=\"80px\" src=\"https:\/\/cdn2.primor.eu\/media\/catalog\/product\/cache\/8d3aba296f7a18b5251ee30fa5db42b2\/S\/P\/SPF50_CON_COLOR_Azul_01_ff26.png\" alt=\"Fluido Solar Ultraligero con Color\">\r\n                        <\/div>\r\n\r\n                        <!-- Contenido de producto  -->\r\n                        <div>\r\n                            <div class=\"product-position\">\r\n                                #4                            <\/div>\r\n\r\n                            <h2>\r\n                                Fluido Solar Ultraligero con Color                            <\/h2>\r\n                        <\/div>\r\n\r\n                        <!-- Imagen y\/o nombre de la marca -->\r\n                        <div>\r\n                                                            <img decoding=\"async\" width=\"70\" src=\"https:\/\/www.primor.eu\/media\/catalog\/category\/beauty_Drops.png\" alt=\"Beauty Drops\">\r\n                                                    <\/div>\r\n\r\n                        <!-- Puntuaci\u00f3n del producto  -->\r\n                        <div class=\"rating\">\r\n                                                            <div class=\"rate\" style=\"--p:100;\"><\/div>\r\n                                <b>5\/5<\/b>\r\n                                <div class=\"rate-stars\">\r\n                                                                            <div\r\n                                            class=\"rate-star  \">\r\n                                        <\/div>\r\n                                                                            <div\r\n                                            class=\"rate-star  \">\r\n                                        <\/div>\r\n                                                                            <div\r\n                                            class=\"rate-star  \">\r\n                                        <\/div>\r\n                                                                            <div\r\n                                            class=\"rate-star  \">\r\n                                        <\/div>\r\n                                                                            <div\r\n                                            class=\"rate-star  \">\r\n                                        <\/div>\r\n                                                                    <\/div>\r\n                                                    <\/div>\r\n\r\n                        <!-- Bot\u00f3n de producto  -->\r\n                        <div>\r\n                            <span class=\"price-claim\">\r\n                                VER PRECIO                            <\/span>\r\n                        <\/div>\r\n                    <\/a>\r\n                                    <a href=\"https:\/\/www.primor.eu\/es_es\/compeed-apositos-surtido-90454.html\" class=\"product-item grid-table-rows\" target=\"_blank\">\r\n                        <div>\r\n                            <img decoding=\"async\" class=\"product-img\" width=\"80px\" height=\"80px\" src=\"https:\/\/cdn2.primor.eu\/media\/catalog\/product\/cache\/8d3aba296f7a18b5251ee30fa5db42b2\/A\/m\/Ampollas_Surtido_Cbox__3663555003949_5bc7.png\" alt=\"Ap\u00f3sitos Surtido\">\r\n                        <\/div>\r\n\r\n                        <!-- Contenido de producto  -->\r\n                        <div>\r\n                            <div class=\"product-position\">\r\n                                #5                            <\/div>\r\n\r\n                            <h2>\r\n                                Ap\u00f3sitos Surtido                            <\/h2>\r\n                        <\/div>\r\n\r\n                        <!-- Imagen y\/o nombre de la marca -->\r\n                        <div>\r\n                                                            <img decoding=\"async\" width=\"70\" src=\"https:\/\/www.primor.eu\/media\/catalog\/category\/Compeed.jpg\" alt=\"\">\r\n                                                    <\/div>\r\n\r\n                        <!-- Puntuaci\u00f3n del producto  -->\r\n                        <div class=\"rating\">\r\n                                                            <p>No hay valoraciones disponibles<\/p>\r\n                                                    <\/div>\r\n\r\n                        <!-- Bot\u00f3n de producto  -->\r\n                        <div>\r\n                            <span class=\"price-claim\">\r\n                                VER PRECIO                            <\/span>\r\n                        <\/div>\r\n                    <\/a>\r\n                            <\/product-list>\r\n        <\/product-table>\r\n\r\n        \n\n\n\n<h3 class=\"wp-block-heading\">Toallitas \u00cdntimas de Salustar<\/h3>\n\n\n\n<p>Toallitas \u00edntimas que aportan una limpieza suave y respetuosa en la zona \u00edntima externa.<\/p>\n\n\n\n<p>La f\u00f3rmula de las toallitas \u00edntimas Salustar est\u00e1 enriquecida con Alanto\u00edna y extractos de Aloe Vera y Camomila.<\/p>\n\n\n\n<p>SALUSTAR Toallitas \u00cdntimas para una limpieza \u00edntima en cualquier lugar y momento del d\u00eda.<\/p>\n\n\n\n<p>Testado dermatol\u00f3gicamente.<\/p>\n\n\n\n<p>Citotoxicidad en mucosa vaginal favorables.<\/p>\n\n\n    <a class='product' target='_blank' href='https:\/\/www.primor.eu\/es_es\/salustar-toallitas-intimas-25632.html'>\r\n        <img loading='async' src='https:\/\/cdn2.primor.eu\/media\/catalog\/product\/cache\/8d3aba296f7a18b5251ee30fa5db42b2\/8\/4\/8410800068209_1b1f.jpg' alt='COMPRAR AHORA'>\r\n            <div class=\"claim\">\r\n                COMPRAR AHORA            <\/div>\r\n        <\/a>\r\n    \n\n\n\n<h3 class=\"wp-block-heading\">Toallitas Desmaquillantes Aloe Vera de Byphasse<\/h3>\n\n\n\n<p>Son toallitas h\u00famedas que limpian de forma eficaz y sin esfuerzo el maquillaje de tu rostro, a la misma vez, que cuida de tu piel. Contiene Aloe Vera con propiedades hidratantes y protectoras y est\u00e1 especialmente dise\u00f1ado para el cuidado de la piel sensible. Toallitas Desmaquillantes Aloe Vera son muy c\u00f3modas y f\u00e1ciles de usar ideal para cuidar de tu rostro.<\/p>\n\n\n    <a class='product' target='_blank' href='https:\/\/www.primor.eu\/es_es\/byphasse-toallitas-desmaquillantes-aloe-vera-27994.html'>\r\n        <img loading='async' src='https:\/\/cdn2.primor.eu\/media\/catalog\/product\/cache\/8d3aba296f7a18b5251ee30fa5db42b2\/8\/4\/8436097094226_74db.jpg' alt='COMPRAR AHORA'>\r\n            <div class=\"claim\">\r\n                COMPRAR AHORA            <\/div>\r\n        <\/a>\r\n    \n\n\n\n<h3 class=\"wp-block-heading\">Bepanthol Crema Post-l\u00e1ser, irritaciones y tras exposici\u00f3n solar de Bayer<\/h3>\n\n\n\n<p>Bepanthol\u00ae crema es una emulsi\u00f3n de fase externa, acuosa, con un alto contenido en pantenol (5%) y bajo contenido lip\u00eddico (10%) que favorece la regeneraci\u00f3n de la piel y estabiliza la funci\u00f3n barrera de la misma. Indicada para pieles secas o irritadas.<\/p>\n\n\n    <a class='product' target='_blank' href='https:\/\/www.primor.eu\/es_es\/bayer-bepanthol-crema-post-laser-irritaciones-y-tras-exposicion-solar-106557.html?#855=66368'>\r\n        <img loading='async' src='https:\/\/cdn2.primor.eu\/media\/catalog\/product\/cache\/8d3aba296f7a18b5251ee30fa5db42b2\/8\/4\/847003705288_0bee.JPG' alt='COMPRAR AHORA'>\r\n            <div class=\"claim\">\r\n                COMPRAR AHORA            <\/div>\r\n        <\/a>\r\n    \n\n\n\n<h3 class=\"wp-block-heading\">Fluido Solar Ultraligero con Color de Beauty Drops<\/h3>\n\n\n\n<p>Protector solar facial ultraligero con acci\u00f3n antioxidante que fortalece la barrera cut\u00e1nea y reduce la pigmentaci\u00f3n. Eficaz contra la luz azul. Recomendada para todo tipo de pieles.<\/p>\n\n\n    <a class='product' target='_blank' href='https:\/\/www.primor.eu\/es_es\/beauty-drops-fluido-solar-ultraligero-con-color-113053.html?#863=78582'>\r\n        <img loading='async' src='https:\/\/cdn2.primor.eu\/media\/catalog\/product\/cache\/8d3aba296f7a18b5251ee30fa5db42b2\/S\/P\/SPF50_CON_COLOR_Azul_01_ff26.png' alt='COMPRAR AHORA'>\r\n            <div class=\"claim\">\r\n                COMPRAR AHORA            <\/div>\r\n        <\/a>\r\n    \n\n\n\n<h3 class=\"wp-block-heading\">Ap\u00f3sitos Surtido de Compeed<\/h3>\n\n\n\n<p>Estos ap\u00f3sitos con su tecnolog\u00eda hidrocoloide act\u00faan como una segunda piel formando un gel protector que ayuda a curar las ampollas. Principales beneficios:<\/p>\n\n\n\n<ul class=\"wp-block-list\">\n<li>Alivio instant\u00e1neo del dolor de las ampollas.<\/li>\n\n\n\n<li>Protege frente la presi\u00f3n y las rozaduras.<\/li>\n\n\n\n<li>R\u00e1pida cicatrizaci\u00f3n de la herida. Resiste el agua (sella higi\u00e9nicamente la herida evitando la infecci\u00f3n)<\/li>\n\n\n\n<li>Ultra finos y discretos.<\/li>\n<\/ul>\n\n\n\n<p>El pack contiene 6 ap\u00f3sitos de diferentes tama\u00f1os para poder utilizar en diferentes partes del pie:<\/p>\n\n\n\n<p>2 ap\u00f3sitos medianos.<\/p>\n\n\n\n<p>2 ap\u00f3sitos peque\u00f1os.<\/p>\n\n\n\n<p>1 ap\u00f3sito para el dedo del pie.<\/p>\n\n\n    <a class='product' target='_blank' href='https:\/\/www.primor.eu\/es_es\/compeed-apositos-surtido-90454.html'>\r\n        <img loading='async' src='https:\/\/cdn2.primor.eu\/media\/catalog\/product\/cache\/8d3aba296f7a18b5251ee30fa5db42b2\/A\/m\/Ampollas_Surtido_Cbox__3663555003949_5bc7.png' alt='COMPRAR AHORA'>\r\n            <div class=\"claim\">\r\n                COMPRAR AHORA            <\/div>\r\n        <\/a>\r\n    \n\n\n\n<h3 class=\"wp-block-heading\">Stick Fuerte Familiar Repelente de Mosquitos de Relec<\/h3>\n\n\n\n<p>Barra\/stick repelente de mosquitos para una aplicaci\u00f3n f\u00e1cil y directa sobre la piel.<\/p>\n\n\n\n<p>Eficaz contra el mosquito tigre, hasta 7H de protecci\u00f3n.<\/p>\n\n\n\n<p>A partir de 12 a\u00f1os.<\/p>\n\n\n\n<p>Cruelty free.<\/p>\n\n\n    <a class='product' target='_blank' href='https:\/\/www.primor.eu\/es_es\/relec-stick-fuerte-familiar-repelente-de-mosquitos-23396.html'>\r\n        <img loading='async' src='https:\/\/cdn2.primor.eu\/media\/catalog\/product\/cache\/8d3aba296f7a18b5251ee30fa5db42b2\/6\/X\/6XS14724_1_9549.jpg' alt='COMPRAR AHORA'>\r\n            <div class=\"claim\">\r\n                COMPRAR AHORA            <\/div>\r\n        <\/a>\r\n    \n\n\n\n<h3 class=\"wp-block-heading\">After Bite Block Mosquitos Roll On de IDC Institute<\/h3>\n\n\n\n<p>Alivia de forma r\u00e1pida y c\u00f3moda la picadura de los mosquitos, reduciendo la hinchaz\u00f3n dermal tras pocos segundos de su uso. Para utilizar After Bite Mosquitos Roll On de IDC solo tienes que aplicarlo sobre la piel haciendo recorridos de forma circular sobre la picadura del insecto. Con un formato c\u00f3modo y pr\u00e1ctico para que te acompa\u00f1e este verano.<\/p>\n\n\n    <a class='product' target='_blank' href='https:\/\/www.primor.eu\/es_es\/idc-institute-after-bite-block-mosquitos-roll-on-20640.html'>\r\n        <img loading='async' src='https:\/\/cdn2.primor.eu\/media\/catalog\/product\/cache\/8d3aba296f7a18b5251ee30fa5db42b2\/6\/X\/6XS11151_1_3e97.jpg' alt='COMPRAR AHORA'>\r\n            <div class=\"claim\">\r\n                COMPRAR AHORA            <\/div>\r\n        <\/a>\r\n    \n\n\n\n<h3 class=\"wp-block-heading\">Copa Menstrual con Esterilizador y Bolsita Transporte de Farmainca<\/h3>\n\n\n\n<p>La copa menstrual reutilizable Inca es una alternativa ecol\u00f3gica de las compresas y tampones, limpia, discreta y segura.<\/p>\n\n\n\n<p>Hasta 12 horas de protecci\u00f3n y no produce olores.<\/p>\n\n\n\n<p>No contiene l\u00e1tex, BPA ni filtratos. Fabricada con silicona de uso m\u00e9dico.<\/p>\n\n\n\n<p>No altera ni da\u00f1a la flora vaginal.<\/p>\n\n\n    <a class='product' target='_blank' href='https:\/\/www.primor.eu\/es_es\/farmainca-copa-menstrual-con-esterilizador-y-bolsita-transporte-107794.html?#863=68601'>\r\n        <img loading='async' src='https:\/\/cdn2.primor.eu\/media\/catalog\/product\/cache\/8d3aba296f7a18b5251ee30fa5db42b2\/0\/0\/00471_3793.jpg' alt='COMPRAR AHORA'>\r\n            <div class=\"claim\">\r\n                COMPRAR AHORA            <\/div>\r\n        <\/a>\r\n    \n\n\n\n<h3 class=\"wp-block-heading\">Body Tattoos Wonder Woman Tatuajes Corporales de Catrice<\/h3>\n\n\n\n<p>Son una opci\u00f3n pr\u00e1ctica para personalizar tu estilo con detalles decorativos temporales. El set Catrice Body Tattoos Wonder Woman incluye dos l\u00e1minas con dise\u00f1os en tonos dorados y plateados, pensados para aplicar en distintas partes del cuerpo como brazos, mu\u00f1ecas, tobillos o dedos.<\/p>\n\n\n    <a class='product' target='_blank' href='https:\/\/www.primor.eu\/es_es\/catrice-wonder-woman-tatuajes-corporales-125703.html'>\r\n        <img loading='async' src='https:\/\/cdn2.primor.eu\/media\/catalog\/product\/cache\/8d3aba296f7a18b5251ee30fa5db42b2\/4\/0\/4059729532817_6Catrice_Wonder_Woman_Body_Tattoos_ba7c.jpg' alt='COMPRAR AHORA'>\r\n            <div class=\"claim\">\r\n                COMPRAR AHORA            <\/div>\r\n        <\/a>\r\n    \n\n\n<div class=\"kk-star-ratings kksr-auto kksr-align-center kksr-valign-bottom\"\n    data-payload='{&quot;align&quot;:&quot;center&quot;,&quot;id&quot;:&quot;109925&quot;,&quot;slug&quot;:&quot;default&quot;,&quot;valign&quot;:&quot;bottom&quot;,&quot;ignore&quot;:&quot;&quot;,&quot;reference&quot;:&quot;auto&quot;,&quot;class&quot;:&quot;&quot;,&quot;count&quot;:&quot;0&quot;,&quot;legendonly&quot;:&quot;&quot;,&quot;readonly&quot;:&quot;&quot;,&quot;score&quot;:&quot;0&quot;,&quot;starsonly&quot;:&quot;&quot;,&quot;best&quot;:&quot;5&quot;,&quot;gap&quot;:&quot;5&quot;,&quot;greet&quot;:&quot;Valora este art\u00edculo&quot;,&quot;legend&quot;:&quot;0\\\/5 - (0 votos)&quot;,&quot;size&quot;:&quot;24&quot;,&quot;title&quot;:&quot;Si vas de festival, estos son los 9 imprescindibles que deber\u00e1s meter en tu mochila&quot;,&quot;width&quot;:&quot;0&quot;,&quot;_legend&quot;:&quot;{score}\\\/{best} - ({count} {votes})&quot;,&quot;font_factor&quot;:&quot;1.25&quot;}'>\n            \n<div class=\"kksr-stars\">\n    \n<div class=\"kksr-stars-inactive\">\n            <div class=\"kksr-star\" data-star=\"1\" style=\"padding-right: 5px\">\n            \n\n<div class=\"kksr-icon\" style=\"width: 24px; height: 24px;\"><\/div>\n        <\/div>\n            <div class=\"kksr-star\" data-star=\"2\" style=\"padding-right: 5px\">\n            \n\n<div class=\"kksr-icon\" style=\"width: 24px; height: 24px;\"><\/div>\n        <\/div>\n            <div class=\"kksr-star\" data-star=\"3\" style=\"padding-right: 5px\">\n            \n\n<div class=\"kksr-icon\" style=\"width: 24px; height: 24px;\"><\/div>\n        <\/div>\n            <div class=\"kksr-star\" data-star=\"4\" style=\"padding-right: 5px\">\n            \n\n<div class=\"kksr-icon\" style=\"width: 24px; height: 24px;\"><\/div>\n        <\/div>\n            <div class=\"kksr-star\" data-star=\"5\" style=\"padding-right: 5px\">\n            \n\n<div class=\"kksr-icon\" style=\"width: 24px; height: 24px;\"><\/div>\n        <\/div>\n    <\/div>\n    \n<div class=\"kksr-stars-active\" style=\"width: 0px;\">\n            <div class=\"kksr-star\" style=\"padding-right: 5px\">\n            \n\n<div class=\"kksr-icon\" style=\"width: 24px; height: 24px;\"><\/div>\n        <\/div>\n            <div class=\"kksr-star\" style=\"padding-right: 5px\">\n            \n\n<div class=\"kksr-icon\" style=\"width: 24px; height: 24px;\"><\/div>\n        <\/div>\n            <div class=\"kksr-star\" style=\"padding-right: 5px\">\n            \n\n<div class=\"kksr-icon\" style=\"width: 24px; height: 24px;\"><\/div>\n        <\/div>\n            <div class=\"kksr-star\" style=\"padding-right: 5px\">\n            \n\n<div class=\"kksr-icon\" style=\"width: 24px; height: 24px;\"><\/div>\n        <\/div>\n            <div class=\"kksr-star\" style=\"padding-right: 5px\">\n            \n\n<div class=\"kksr-icon\" style=\"width: 24px; height: 24px;\"><\/div>\n        <\/div>\n    <\/div>\n<\/div>\n                \n\n<div class=\"kksr-legend\" style=\"font-size: 19.2px;\">\n            <span class=\"kksr-muted\">Valora este art\u00edculo<\/span>\n    <\/div>\n    <\/div>\n","protected":false},"excerpt":{"rendered":"<p>Irse de festi implica que tengas que llevarte en la maleta algunos imprescindibles para un festival. Hay cosas que no pueden faltar en tu equipaje. O lo que es lo mismo, imprescindibles para un festival. Se trata de productos como toallitas \u00edntimas por si te toca hacer pis y no hay papel o ni siquiera [&hellip;]<\/p>\n","protected":false},"author":30,"featured_media":109926,"comment_status":"closed","ping_status":"closed","sticky":false,"template":"","format":"standard","meta":{"jnews-multi-image_gallery":[],"jnews_single_post":{"subtitle":"","format":"standard","video":"","gallery":"","source_name":"","source_url":"","via_name":"","via_url":"","override_template":"0","override":[{"template":"1","single_blog_custom":"","parallax":"1","fullscreen":"1","layout":"right-sidebar","sidebar":"home-2","second_sidebar":"default-sidebar","sticky_sidebar":"0","share_position":"float","share_float_style":"share-monocrhome","show_share_counter":"0","show_view_counter":"0","show_featured":"1","show_post_meta":"1","show_post_author":"0","show_post_author_image":"1","show_post_date":"1","post_date_format":"default","post_date_format_custom":"Y\/m\/d","show_post_category":"1","show_post_reading_time":"0","post_reading_time_wpm":"300","show_zoom_button":"0","zoom_button_out_step":"2","zoom_button_in_step":"3","show_post_tag":"0","show_prev_next_post":"0","show_popup_post":"0","number_popup_post":"2","show_author_box":"0","show_post_related":"0","show_inline_post_related":"1"}],"override_image_size":"0","image_override":[{"single_post_thumbnail_size":"no-crop","single_post_gallery_size":"crop-500"}],"trending_post":"0","trending_post_position":"meta","trending_post_label":"Trending","sponsored_post":"0","sponsored_post_label":"Sponsored by","sponsored_post_name":"","sponsored_post_url":"","sponsored_post_logo_enable":"0","sponsored_post_logo":"","sponsored_post_desc":"","disable_ad":"0"},"jnews_primary_category":{"id":"","hide":""},"jnews_social_meta":{"fb_title":"","fb_description":"","fb_image":"","twitter_title":"","twitter_description":"","twitter_image":""},"jnews_override_counter":{"override_view_counter":"0","view_counter_number":"0","override_share_counter":"0","share_counter_number":"0","override_like_counter":"0","like_counter_number":"0","override_dislike_counter":"0","dislike_counter_number":"0"},"footnotes":""},"categories":[6303],"tags":[],"class_list":["post-109925","post","type-post","status-publish","format-standard","has-post-thumbnail","hentry","category-trucos-de-belleza"],"_links":{"self":[{"href":"https:\/\/www.primor.eu\/blog\/wp-json\/wp\/v2\/posts\/109925","targetHints":{"allow":["GET"]}}],"collection":[{"href":"https:\/\/www.primor.eu\/blog\/wp-json\/wp\/v2\/posts"}],"about":[{"href":"https:\/\/www.primor.eu\/blog\/wp-json\/wp\/v2\/types\/post"}],"author":[{"embeddable":true,"href":"https:\/\/www.primor.eu\/blog\/wp-json\/wp\/v2\/users\/30"}],"replies":[{"embeddable":true,"href":"https:\/\/www.primor.eu\/blog\/wp-json\/wp\/v2\/comments?post=109925"}],"version-history":[{"count":4,"href":"https:\/\/www.primor.eu\/blog\/wp-json\/wp\/v2\/posts\/109925\/revisions"}],"predecessor-version":[{"id":129328,"href":"https:\/\/www.primor.eu\/blog\/wp-json\/wp\/v2\/posts\/109925\/revisions\/129328"}],"wp:featuredmedia":[{"embeddable":true,"href":"https:\/\/www.primor.eu\/blog\/wp-json\/wp\/v2\/media\/109926"}],"wp:attachment":[{"href":"https:\/\/www.primor.eu\/blog\/wp-json\/wp\/v2\/media?parent=109925"}],"wp:term":[{"taxonomy":"category","embeddable":true,"href":"https:\/\/www.primor.eu\/blog\/wp-json\/wp\/v2\/categories?post=109925"},{"taxonomy":"post_tag","embeddable":true,"href":"https:\/\/www.primor.eu\/blog\/wp-json\/wp\/v2\/tags?post=109925"}],"curies":[{"name":"wp","href":"https:\/\/api.w.org\/{rel}","templated":true}]}}