{"id":109851,"date":"2024-07-21T21:00:00","date_gmt":"2024-07-21T21:00:00","guid":{"rendered":"https:\/\/www.primor.eu\/blog\/?p=109851"},"modified":"2024-07-21T11:23:35","modified_gmt":"2024-07-21T11:23:35","slug":"psoriasis-codos","status":"publish","type":"post","link":"https:\/\/www.primor.eu\/blog\/psoriasis-codos\/","title":{"rendered":"\u00bfC\u00f3mo tratar la psoriasis en los codos?"},"content":{"rendered":"\n<p>La <strong><a href=\"https:\/\/www.primor.eu\/blog\/psoriasis\/\" data-type=\"link\" data-id=\"https:\/\/www.primor.eu\/blog\/psoriasis\/\">psoriasis <\/a>en los codos<\/strong> puede ser molesta cuando aparece en la zona de los codos, ya que esta parte del cuerpo est\u00e1 constantemente sujeta a que se den <strong>roces<\/strong> con la ropa, por ejemplo. Pero la psoriasis en los codos cuando es muy aguda puede hacer que las <strong>molestias<\/strong> se den, incluso, cuando se mueve el brazo. Al tratarse de una articulaci\u00f3n que se usa mucho en el d\u00eda a d\u00eda, los roces y molestias pueden ser mayores.<\/p>\n\n\n\n<p>Los brazos se utilizan para casi todos los trabajos. Desde los que implican trabajos m\u00e1s f\u00edsicos hasta los trabajos de ordenador. Es por eso que es importante saber c\u00f3mo tratar la psoriasis en los codos. Te contamos c\u00f3mo hacerlo.<\/p>\n\n\n\n<h2 class=\"wp-block-heading\">\u00bfQu\u00e9 es la psoriasis?<\/h2>\n\n\n\n<p>La <strong>psoriasis <\/strong>es una <strong>enfermedad inflamatoria cr\u00f3nica<\/strong> de la piel. Se caracteriza porque aparecen lesiones escamosas de tonos rojizos en zonas como el cuero cabelludo, las rodillas o los codos.<\/p>\n\n\n\n<p>Todos los tipos de psoriasis est\u00e1n relacionadas con una disfunci\u00f3n del sistema inmune. Esta es la principal causa de que aparezca esta afecci\u00f3n en la piel. No es hereditaria ni contagiosa, aunque en las personas que la sufren suele darse una predisposici\u00f3n gen\u00e9tica. Puede ser de car\u00e1cter cr\u00f3nico y afectar a la salud f\u00edsica, emocional o incluso sexual de quienes la sufren.&nbsp;<\/p>\n\n\n\n<h2 class=\"wp-block-heading\">Tratamientos para la psoriasis en los codos<\/h2>\n\n\n\n<p>Cuando hablamos de psoriasis en los codos las placas suelen ser m\u00e1s gruesas y escamosas. Esto es por la naturaleza de la piel en los codos, que tiende a ser m\u00e1s gruesa y seca. Estos son algunos consejos para tratar la psoriasis en los codos:<\/p>\n\n\n\n<ul class=\"wp-block-list\">\n<li><strong>Retinoides t\u00f3picos<\/strong>:\u00a0 es decir, productos o complementos alimenticios derivados de la vitamina A, como el tazaroteno. Estos pueden ayudar a reducir la inflamaci\u00f3n y la escamosidad que produce la psoriasis en los codos.<\/li>\n\n\n\n<li><strong>Hidratar la piel en profundidad<\/strong>: con productos emolientes y humectantes ayudan a prevenir la sequedad y la descamaci\u00f3n que se produce especialmente con la psoriasis en los codos.<\/li>\n\n\n\n<li><strong>Corticosteroides<\/strong>: usar cremas y ung\u00fcentos con corticosteroides puede tambi\u00e9n ayudar a reducir la inflamaci\u00f3n y el enrojecimiento producido por la psoriasis en los codos. En este caso lo mejor es consultar primero con un m\u00e9dico, ya que estos tratamientos pueden tener efectos secundarios.<\/li>\n\n\n\n<li><strong>An\u00e1logos de la vitamina D<\/strong>: que est\u00e1n presentes en productos como el calcipotriol ayudan a ralentizar el crecimiento de las c\u00e9lulas de la piel. Se pueden tomar complementos de vitamina D de forma oral tambi\u00e9n, ya que se ha demostrado que funcionan bien en casos de psoriasis. Hay que tener en cuenta que todo lo que se tome de forma oral, se absorbe mucho mejor.<\/li>\n\n\n\n<li><strong>Fototerapia<\/strong>: suele ser un tratamiento efectivo para la psoriasis moderada a severa. Eso s\u00ed, la exposici\u00f3n a la luz UVB debe ser controlada. Lo mejor es consultar al dermat\u00f3logo en estos casos. Esta terapia ayuda a reducir la inflamaci\u00f3n y a disminuir la velocidad de crecimiento de las c\u00e9lulas de la piel.<\/li>\n<\/ul>\n\n\n\n<h2 class=\"wp-block-heading\">Algunos productos de Primor que te pueden ayudar con la psoriasis en los codos<\/h2>\n\n\n\n<h3 class=\"wp-block-heading\">Crema Emoliente Pieles At\u00f3picas de Instituto Espa\u00f1ol<\/h3>\n\n\n\n<p>Est\u00e1 formulada para responder a las necesidades de bienestar de la piel at\u00f3pica del beb\u00e9, del ni\u00f1o y del adulto. Restaura la barrera cut\u00e1nea y evita la deshidrataci\u00f3n de la piel, gracias a sus ingredientes activos con propiedades anti-pruriginosas, anti-inflamatorias y anti-radicales, aliviando la irritaci\u00f3n y el picor al mismo tiempo que protege y suaviza la piel. Su f\u00f3rmula ayuda a evitar la descamaci\u00f3n regenerando los da\u00f1os cut\u00e1neos presentes como asperezas, grietas o escamas. Puede utilizarse conjuntamente con tratamientos con corticoides e inmunorreguladores. Est\u00e1 indicada para pieles extra sensibles, secas, hiperreactivas e intolerante.<\/p>\n\n\n    <a class='product' target='_blank' href='https:\/\/www.primor.eu\/es_es\/instituto-espa-ol-crema-emoliente-pieles-atopicas-14325.html'>\r\n        <img loading='async' src='https:\/\/cdn2.primor.eu\/media\/catalog\/product\/cache\/8d3aba296f7a18b5251ee30fa5db42b2\/0\/T\/0TF08651_1_b85e.jpg' alt='COMPRAR AHORA'>\r\n            <div class=\"claim\">\r\n                COMPRAR AHORA            <\/div>\r\n        <\/a>\r\n    \n\n\n\n<h3 class=\"wp-block-heading\">Vitamina D3\/K2 de Weider<\/h3>\n\n\n\n<p>La vitamina D contribuye al mantenimiento de huesos y dientes normales, a una funci\u00f3n muscular normal y a una funci\u00f3n inmunitaria normal. Por lo que una deficiencia de vitamina D puede conducir a alteraciones en el metabolismo \u00f3seo y enfermedades como el raquitismo (en ni\u00f1os) o la osteomalacia (en adultos). 1000 UI de la vitamina del sol por c\u00e1psula. Con la calidad premium de K2Vital, vitamina K2 MK-7. Proporciona el magnesio, cofactor importante para activar la vitamina D.<\/p>\n\n\n    <a class='product' target='_blank' href='https:\/\/www.primor.eu\/es_es\/weider-vitamina-d3-k2-98578.html'>\r\n        <img loading='async' src='https:\/\/cdn2.primor.eu\/media\/catalog\/product\/cache\/8d3aba296f7a18b5251ee30fa5db42b2\/V\/I\/VITAMIN_D3K2_2024_9282.png' alt='COMPRAR AHORA'>\r\n            <div class=\"claim\">\r\n                COMPRAR AHORA            <\/div>\r\n        <\/a>\r\n    \n\n\n<div class=\"kk-star-ratings kksr-auto kksr-align-center kksr-valign-bottom\"\n    data-payload='{&quot;align&quot;:&quot;center&quot;,&quot;id&quot;:&quot;109851&quot;,&quot;slug&quot;:&quot;default&quot;,&quot;valign&quot;:&quot;bottom&quot;,&quot;ignore&quot;:&quot;&quot;,&quot;reference&quot;:&quot;auto&quot;,&quot;class&quot;:&quot;&quot;,&quot;count&quot;:&quot;0&quot;,&quot;legendonly&quot;:&quot;&quot;,&quot;readonly&quot;:&quot;&quot;,&quot;score&quot;:&quot;0&quot;,&quot;starsonly&quot;:&quot;&quot;,&quot;best&quot;:&quot;5&quot;,&quot;gap&quot;:&quot;5&quot;,&quot;greet&quot;:&quot;Valora este art\u00edculo&quot;,&quot;legend&quot;:&quot;0\\\/5 - (0 votos)&quot;,&quot;size&quot;:&quot;24&quot;,&quot;title&quot;:&quot;\u00bfC\u00f3mo tratar la psoriasis en los codos?&quot;,&quot;width&quot;:&quot;0&quot;,&quot;_legend&quot;:&quot;{score}\\\/{best} - ({count} {votes})&quot;,&quot;font_factor&quot;:&quot;1.25&quot;}'>\n            \n<div class=\"kksr-stars\">\n    \n<div class=\"kksr-stars-inactive\">\n            <div class=\"kksr-star\" data-star=\"1\" style=\"padding-right: 5px\">\n            \n\n<div class=\"kksr-icon\" style=\"width: 24px; height: 24px;\"><\/div>\n        <\/div>\n            <div class=\"kksr-star\" data-star=\"2\" style=\"padding-right: 5px\">\n            \n\n<div class=\"kksr-icon\" style=\"width: 24px; height: 24px;\"><\/div>\n        <\/div>\n            <div class=\"kksr-star\" data-star=\"3\" style=\"padding-right: 5px\">\n            \n\n<div class=\"kksr-icon\" style=\"width: 24px; height: 24px;\"><\/div>\n        <\/div>\n            <div class=\"kksr-star\" data-star=\"4\" style=\"padding-right: 5px\">\n            \n\n<div class=\"kksr-icon\" style=\"width: 24px; height: 24px;\"><\/div>\n        <\/div>\n            <div class=\"kksr-star\" data-star=\"5\" style=\"padding-right: 5px\">\n            \n\n<div class=\"kksr-icon\" style=\"width: 24px; height: 24px;\"><\/div>\n        <\/div>\n    <\/div>\n    \n<div class=\"kksr-stars-active\" style=\"width: 0px;\">\n            <div class=\"kksr-star\" style=\"padding-right: 5px\">\n            \n\n<div class=\"kksr-icon\" style=\"width: 24px; height: 24px;\"><\/div>\n        <\/div>\n            <div class=\"kksr-star\" style=\"padding-right: 5px\">\n            \n\n<div class=\"kksr-icon\" style=\"width: 24px; height: 24px;\"><\/div>\n        <\/div>\n            <div class=\"kksr-star\" style=\"padding-right: 5px\">\n            \n\n<div class=\"kksr-icon\" style=\"width: 24px; height: 24px;\"><\/div>\n        <\/div>\n            <div class=\"kksr-star\" style=\"padding-right: 5px\">\n            \n\n<div class=\"kksr-icon\" style=\"width: 24px; height: 24px;\"><\/div>\n        <\/div>\n            <div class=\"kksr-star\" style=\"padding-right: 5px\">\n            \n\n<div class=\"kksr-icon\" style=\"width: 24px; height: 24px;\"><\/div>\n        <\/div>\n    <\/div>\n<\/div>\n                \n\n<div class=\"kksr-legend\" style=\"font-size: 19.2px;\">\n            <span class=\"kksr-muted\">Valora este art\u00edculo<\/span>\n    <\/div>\n    <\/div>\n","protected":false},"excerpt":{"rendered":"<p>La psoriasis en los codos puede ser molesta cuando aparece en la zona de los codos, ya que esta parte del cuerpo est\u00e1 constantemente sujeta a que se den roces con la ropa, por ejemplo. Pero la psoriasis en los codos cuando es muy aguda puede hacer que las molestias se den, incluso, cuando se [&hellip;]<\/p>\n","protected":false},"author":30,"featured_media":109852,"comment_status":"closed","ping_status":"closed","sticky":false,"template":"","format":"standard","meta":{"jnews-multi-image_gallery":[],"jnews_single_post":{"subtitle":"","format":"standard","video":"","gallery":"","source_name":"","source_url":"","via_name":"","via_url":"","override_template":"0","override":[{"template":"1","single_blog_custom":"","parallax":"1","fullscreen":"1","layout":"right-sidebar","sidebar":"home-2","second_sidebar":"default-sidebar","sticky_sidebar":"0","share_position":"float","share_float_style":"share-monocrhome","show_share_counter":"0","show_view_counter":"0","show_featured":"1","show_post_meta":"1","show_post_author":"0","show_post_author_image":"1","show_post_date":"1","post_date_format":"default","post_date_format_custom":"Y\/m\/d","show_post_category":"1","show_post_reading_time":"0","post_reading_time_wpm":"300","show_zoom_button":"0","zoom_button_out_step":"2","zoom_button_in_step":"3","show_post_tag":"0","show_prev_next_post":"0","show_popup_post":"0","number_popup_post":"2","show_author_box":"0","show_post_related":"0","show_inline_post_related":"1"}],"override_image_size":"0","image_override":[{"single_post_thumbnail_size":"no-crop","single_post_gallery_size":"crop-500"}],"trending_post":"0","trending_post_position":"meta","trending_post_label":"Trending","sponsored_post":"0","sponsored_post_label":"Sponsored by","sponsored_post_name":"","sponsored_post_url":"","sponsored_post_logo_enable":"0","sponsored_post_logo":"","sponsored_post_desc":"","disable_ad":"0"},"jnews_primary_category":{"id":"","hide":""},"jnews_social_meta":{"fb_title":"","fb_description":"","fb_image":"","twitter_title":"","twitter_description":"","twitter_image":""},"jnews_override_counter":{"override_view_counter":"0","view_counter_number":"0","override_share_counter":"0","share_counter_number":"0","override_like_counter":"0","like_counter_number":"0","override_dislike_counter":"0","dislike_counter_number":"0"},"footnotes":""},"categories":[151],"tags":[],"class_list":["post-109851","post","type-post","status-publish","format-standard","has-post-thumbnail","hentry","category-corporales"],"_links":{"self":[{"href":"https:\/\/www.primor.eu\/blog\/wp-json\/wp\/v2\/posts\/109851","targetHints":{"allow":["GET"]}}],"collection":[{"href":"https:\/\/www.primor.eu\/blog\/wp-json\/wp\/v2\/posts"}],"about":[{"href":"https:\/\/www.primor.eu\/blog\/wp-json\/wp\/v2\/types\/post"}],"author":[{"embeddable":true,"href":"https:\/\/www.primor.eu\/blog\/wp-json\/wp\/v2\/users\/30"}],"replies":[{"embeddable":true,"href":"https:\/\/www.primor.eu\/blog\/wp-json\/wp\/v2\/comments?post=109851"}],"version-history":[{"count":2,"href":"https:\/\/www.primor.eu\/blog\/wp-json\/wp\/v2\/posts\/109851\/revisions"}],"predecessor-version":[{"id":109855,"href":"https:\/\/www.primor.eu\/blog\/wp-json\/wp\/v2\/posts\/109851\/revisions\/109855"}],"wp:featuredmedia":[{"embeddable":true,"href":"https:\/\/www.primor.eu\/blog\/wp-json\/wp\/v2\/media\/109852"}],"wp:attachment":[{"href":"https:\/\/www.primor.eu\/blog\/wp-json\/wp\/v2\/media?parent=109851"}],"wp:term":[{"taxonomy":"category","embeddable":true,"href":"https:\/\/www.primor.eu\/blog\/wp-json\/wp\/v2\/categories?post=109851"},{"taxonomy":"post_tag","embeddable":true,"href":"https:\/\/www.primor.eu\/blog\/wp-json\/wp\/v2\/tags?post=109851"}],"curies":[{"name":"wp","href":"https:\/\/api.w.org\/{rel}","templated":true}]}}