{"id":109557,"date":"2026-04-15T08:04:31","date_gmt":"2026-04-15T08:04:31","guid":{"rendered":"https:\/\/www.primor.eu\/blog\/?p=109557"},"modified":"2026-04-15T08:04:32","modified_gmt":"2026-04-15T08:04:32","slug":"cuidados-otitis-nino-bebe","status":"publish","type":"post","link":"https:\/\/www.primor.eu\/blog\/cuidados-otitis-nino-bebe\/","title":{"rendered":"C\u00f3mo detectar si un ni\u00f1o o un beb\u00e9 tiene otitis: qu\u00e9 debemos hacer"},"content":{"rendered":"\n<p>Los <strong>cuidados para la <\/strong><a href=\"https:\/\/www.primor.eu\/blog\/causas-picor-oidos\/\" data-type=\"link\" data-id=\"https:\/\/www.primor.eu\/blog\/causas-picor-oidos\/\"><strong>otitis<\/strong> <\/a>en<strong> ni\u00f1os <\/strong>deben aplicarse lo antes posible. Hay que tener en cuenta que la otitis es una infecci\u00f3n de los o\u00eddos, por lo que actuar lo m\u00e1s r\u00e1pido posible puede paliar sus s\u00edntomas y consecuencias. La otitis es com\u00fan en <strong>beb\u00e9s<\/strong> y ni\u00f1os. El problema que puedes tener es que si tu hijo o hija es un beb\u00e9, no podr\u00e1 expresar los s\u00edntomas. Cuando se trata de ni\u00f1as o ni\u00f1os y, sobre todo en verano, cuando est\u00e1n m\u00e1s en la piscina o la playa la otitis puede ser com\u00fan. En estos casos los s\u00edntomas pueden ser expresados y yendo al m\u00e9dico, se puede detectar la otitis. El problema viene cuando tu beb\u00e9 necesita cuidados para la otitis y no puedes estar segura de que la sufre. Te contamos cu\u00e1les pueden ser los <strong>s\u00edntomas<\/strong> en este caso y <strong>c\u00f3mo actuar<\/strong> al respecto.<\/p>\n\n\n\n<h2 class=\"wp-block-heading\">S\u00edntomas de la otitis en ni\u00f1os y beb\u00e9s<\/h2>\n\n\n\n<p>Ya lo hemos dicho. Si tienes hijas\/os peque\u00f1os que ya pueden hablar y expresarse, te dir\u00e1n que tienen molestias en los o\u00eddos. Si no es el caso, te dejamos una lista de s\u00edntomas que pueden presentar los beb\u00e9s cuando tienen otitis.<\/p>\n\n\n\n<ul class=\"wp-block-list\">\n<li><strong>Drenaje del o\u00eddo<\/strong>: este ser\u00eda uno de los s\u00edntomas inequ\u00edvocos de que tu hijo\/a necesita cuidados para la otitis. Se trata de un l\u00edquido amarillento o purulento que sale del o\u00eddo. En caso de que lo veas, llama al m\u00e9dico y consigue una cita cuanto antes o pide una a trav\u00e9s del servicio de urgencias.<\/li>\n\n\n\n<li><strong>Se toca la oreja<\/strong>: hemos de tener en cuenta que cuando un beb\u00e9 se toca una zona del cuerpo insistentemente, es probable que sienta molestias en ella. Si esto se da en las orejas es posible que tu beb\u00e9 necesite cuidados para la otitis.<\/li>\n\n\n\n<li><strong>Fiebre<\/strong>: al tratarse de una infecci\u00f3n, tu beb\u00e9 puede tener fiebre. Si este es el caso, el m\u00e9dico localizar\u00e1 que se trata de una infecci\u00f3n y le har\u00e1 una exploraci\u00f3n completa.<\/li>\n\n\n\n<li><strong>Problemas para dormir<\/strong>: los problemas para dormir suelen estar relacionados cuando se trata de beb\u00e9s con enfermedades o afecciones. Si le ocurre esto y algunos de los s\u00edntomas antes mencionados, tu beb\u00e9 puede necesitar cuidados para la otitis.<\/li>\n\n\n\n<li><strong>S\u00edntomas de que duele al masticar<\/strong>: este es otro de los s\u00edntomas de la otitis, ya que la infecci\u00f3n puede extenderse hasta que resulta incluso doloroso comer y masticar. Si este es el caso de tu hijo\/a o tu beb\u00e9, ll\u00e9valo\/a al m\u00e9dico lo antes posible para que te recete cuidados para la otitis.\u00a0\u00a0<\/li>\n<\/ul>\n\n\n\n<h2 class=\"wp-block-heading\">Cuidados para la otitis en ni\u00f1os y beb\u00e9s<\/h2>\n\n\n\n<p>Los cuidados para la otitis para ni\u00f1os y beb\u00e9s deben ser prescritos por un m\u00e9dico, aunque es bueno que tengas en casa alguna <strong>soluci\u00f3n inocua <\/strong>para poder limpiar sus o\u00eddos por si la cita con el m\u00e9dico se retrasa. Estos son todos los tratamientos y cuidados para la otitis en ni\u00f1os y beb\u00e9s:<\/p>\n\n\n\n<ul class=\"wp-block-list\">\n<li><strong>Gotas para los o\u00eddos<\/strong>: para limpiarlos y ayudar con la infecci\u00f3n. Cuando el problema es leve puede bastar con esta soluci\u00f3n, aunque normalmente si la otitis se ha extendido, pueden ser necesarios medicamentos. Lo positivo de soluciones de gotas como estas es que son inocuas, por lo que puedes aplicarlas en los o\u00eddos m\u00e1s de una vez al d\u00eda hasta que se vayan notando mejoras.<\/li>\n\n\n\n<li><strong>Antibi\u00f3ticos<\/strong>: con receta m\u00e9dica cuando el profesional as\u00ed lo crea necesario. Suele serlo en los casos en los que otitis ha sido producida por una bacteria.<\/li>\n\n\n\n<li><strong>Analg\u00e9sicos<\/strong>: para que el dolor no impida que tu beb\u00e9 o hijo\/a pueda descansar y comer con normalidad hasta que finalice el proceso. En este caso necesitar\u00e1s receta m\u00e9dica.<\/li>\n<\/ul>\n\n\n<div class=\"kk-star-ratings kksr-auto kksr-align-center kksr-valign-bottom\"\n    data-payload='{&quot;align&quot;:&quot;center&quot;,&quot;id&quot;:&quot;109557&quot;,&quot;slug&quot;:&quot;default&quot;,&quot;valign&quot;:&quot;bottom&quot;,&quot;ignore&quot;:&quot;&quot;,&quot;reference&quot;:&quot;auto&quot;,&quot;class&quot;:&quot;&quot;,&quot;count&quot;:&quot;0&quot;,&quot;legendonly&quot;:&quot;&quot;,&quot;readonly&quot;:&quot;&quot;,&quot;score&quot;:&quot;0&quot;,&quot;starsonly&quot;:&quot;&quot;,&quot;best&quot;:&quot;5&quot;,&quot;gap&quot;:&quot;5&quot;,&quot;greet&quot;:&quot;Valora este art\u00edculo&quot;,&quot;legend&quot;:&quot;0\\\/5 - (0 votos)&quot;,&quot;size&quot;:&quot;24&quot;,&quot;title&quot;:&quot;C\u00f3mo detectar si un ni\u00f1o o un beb\u00e9 tiene otitis: qu\u00e9 debemos hacer&quot;,&quot;width&quot;:&quot;0&quot;,&quot;_legend&quot;:&quot;{score}\\\/{best} - ({count} {votes})&quot;,&quot;font_factor&quot;:&quot;1.25&quot;}'>\n            \n<div class=\"kksr-stars\">\n    \n<div class=\"kksr-stars-inactive\">\n            <div class=\"kksr-star\" data-star=\"1\" style=\"padding-right: 5px\">\n            \n\n<div class=\"kksr-icon\" style=\"width: 24px; height: 24px;\"><\/div>\n        <\/div>\n            <div class=\"kksr-star\" data-star=\"2\" style=\"padding-right: 5px\">\n            \n\n<div class=\"kksr-icon\" style=\"width: 24px; height: 24px;\"><\/div>\n        <\/div>\n            <div class=\"kksr-star\" data-star=\"3\" style=\"padding-right: 5px\">\n            \n\n<div class=\"kksr-icon\" style=\"width: 24px; height: 24px;\"><\/div>\n        <\/div>\n            <div class=\"kksr-star\" data-star=\"4\" style=\"padding-right: 5px\">\n            \n\n<div class=\"kksr-icon\" style=\"width: 24px; height: 24px;\"><\/div>\n        <\/div>\n            <div class=\"kksr-star\" data-star=\"5\" style=\"padding-right: 5px\">\n            \n\n<div class=\"kksr-icon\" style=\"width: 24px; height: 24px;\"><\/div>\n        <\/div>\n    <\/div>\n    \n<div class=\"kksr-stars-active\" style=\"width: 0px;\">\n            <div class=\"kksr-star\" style=\"padding-right: 5px\">\n            \n\n<div class=\"kksr-icon\" style=\"width: 24px; height: 24px;\"><\/div>\n        <\/div>\n            <div class=\"kksr-star\" style=\"padding-right: 5px\">\n            \n\n<div class=\"kksr-icon\" style=\"width: 24px; height: 24px;\"><\/div>\n        <\/div>\n            <div class=\"kksr-star\" style=\"padding-right: 5px\">\n            \n\n<div class=\"kksr-icon\" style=\"width: 24px; height: 24px;\"><\/div>\n        <\/div>\n            <div class=\"kksr-star\" style=\"padding-right: 5px\">\n            \n\n<div class=\"kksr-icon\" style=\"width: 24px; height: 24px;\"><\/div>\n        <\/div>\n            <div class=\"kksr-star\" style=\"padding-right: 5px\">\n            \n\n<div class=\"kksr-icon\" style=\"width: 24px; height: 24px;\"><\/div>\n        <\/div>\n    <\/div>\n<\/div>\n                \n\n<div class=\"kksr-legend\" style=\"font-size: 19.2px;\">\n            <span class=\"kksr-muted\">Valora este art\u00edculo<\/span>\n    <\/div>\n    <\/div>\n","protected":false},"excerpt":{"rendered":"<p>Los cuidados para la otitis en ni\u00f1os deben aplicarse lo antes posible. Hay que tener en cuenta que la otitis es una infecci\u00f3n de los o\u00eddos, por lo que actuar lo m\u00e1s r\u00e1pido posible puede paliar sus s\u00edntomas y consecuencias. La otitis es com\u00fan en beb\u00e9s y ni\u00f1os. El problema que puedes tener es que [&hellip;]<\/p>\n","protected":false},"author":30,"featured_media":109558,"comment_status":"closed","ping_status":"closed","sticky":false,"template":"","format":"standard","meta":{"jnews-multi-image_gallery":[],"jnews_single_post":{"subtitle":"","format":"standard","video":"","gallery":"","source_name":"","source_url":"","via_name":"","via_url":"","override_template":"0","override":[{"template":"1","single_blog_custom":"","parallax":"1","fullscreen":"1","layout":"right-sidebar","sidebar":"home-2","second_sidebar":"default-sidebar","sticky_sidebar":"0","share_position":"float","share_float_style":"share-monocrhome","show_share_counter":"0","show_view_counter":"0","show_featured":"1","show_post_meta":"1","show_post_author":"0","show_post_author_image":"1","show_post_date":"1","post_date_format":"default","post_date_format_custom":"Y\/m\/d","show_post_category":"1","show_post_reading_time":"0","post_reading_time_wpm":"300","show_zoom_button":"0","zoom_button_out_step":"2","zoom_button_in_step":"3","show_post_tag":"0","show_prev_next_post":"0","show_popup_post":"0","number_popup_post":"2","show_author_box":"0","show_post_related":"0","show_inline_post_related":"1"}],"override_image_size":"0","image_override":[{"single_post_thumbnail_size":"no-crop","single_post_gallery_size":"crop-500"}],"trending_post":"0","trending_post_position":"meta","trending_post_label":"Trending","sponsored_post":"0","sponsored_post_label":"Sponsored by","sponsored_post_name":"","sponsored_post_url":"","sponsored_post_logo_enable":"0","sponsored_post_logo":"","sponsored_post_desc":"","disable_ad":"0"},"jnews_primary_category":{"id":"","hide":""},"jnews_social_meta":{"fb_title":"","fb_description":"","fb_image":"","twitter_title":"","twitter_description":"","twitter_image":""},"jnews_override_counter":{"override_view_counter":"0","view_counter_number":"0","override_share_counter":"0","share_counter_number":"0","override_like_counter":"0","like_counter_number":"0","override_dislike_counter":"0","dislike_counter_number":"0"},"footnotes":""},"categories":[6299],"tags":[],"class_list":["post-109557","post","type-post","status-publish","format-standard","has-post-thumbnail","hentry","category-bienestar"],"_links":{"self":[{"href":"https:\/\/www.primor.eu\/blog\/wp-json\/wp\/v2\/posts\/109557","targetHints":{"allow":["GET"]}}],"collection":[{"href":"https:\/\/www.primor.eu\/blog\/wp-json\/wp\/v2\/posts"}],"about":[{"href":"https:\/\/www.primor.eu\/blog\/wp-json\/wp\/v2\/types\/post"}],"author":[{"embeddable":true,"href":"https:\/\/www.primor.eu\/blog\/wp-json\/wp\/v2\/users\/30"}],"replies":[{"embeddable":true,"href":"https:\/\/www.primor.eu\/blog\/wp-json\/wp\/v2\/comments?post=109557"}],"version-history":[{"count":2,"href":"https:\/\/www.primor.eu\/blog\/wp-json\/wp\/v2\/posts\/109557\/revisions"}],"predecessor-version":[{"id":141300,"href":"https:\/\/www.primor.eu\/blog\/wp-json\/wp\/v2\/posts\/109557\/revisions\/141300"}],"wp:featuredmedia":[{"embeddable":true,"href":"https:\/\/www.primor.eu\/blog\/wp-json\/wp\/v2\/media\/109558"}],"wp:attachment":[{"href":"https:\/\/www.primor.eu\/blog\/wp-json\/wp\/v2\/media?parent=109557"}],"wp:term":[{"taxonomy":"category","embeddable":true,"href":"https:\/\/www.primor.eu\/blog\/wp-json\/wp\/v2\/categories?post=109557"},{"taxonomy":"post_tag","embeddable":true,"href":"https:\/\/www.primor.eu\/blog\/wp-json\/wp\/v2\/tags?post=109557"}],"curies":[{"name":"wp","href":"https:\/\/api.w.org\/{rel}","templated":true}]}}