{"id":109080,"date":"2024-07-13T15:00:00","date_gmt":"2024-07-13T15:00:00","guid":{"rendered":"https:\/\/www.primor.eu\/blog\/?p=109080"},"modified":"2025-05-09T11:27:17","modified_gmt":"2025-05-09T11:27:17","slug":"mejores-formas-conservar-maquillaje","status":"publish","type":"post","link":"https:\/\/www.primor.eu\/blog\/mejores-formas-conservar-maquillaje\/","title":{"rendered":"Todo lo que debes tener en cuenta para conservar tu maquillaje"},"content":{"rendered":"\n<p><strong>Conservar tu <a href=\"https:\/\/www.primor.eu\/blog\/mejores-productos-alternativas-purpurina\/\" data-type=\"link\" data-id=\"https:\/\/www.primor.eu\/blog\/mejores-productos-alternativas-purpurina\/\">maquillaje <\/a><\/strong>no solamente se trata de estar pendiente de la <strong>fecha de caducidad<\/strong>, aunque este punto es sumamente importante. Debes cuidar tus herramientas y tus productos de maquillaje para asegurar su duraci\u00f3n y la salud de tu piel. Cuando <strong>bacterias u hongos<\/strong> entran en contacto con \u00e9l puedes sufrir afecciones en tu piel. Por otro lado, cuando se trata de sombras que se pueden abrir o barras de labios, el desastre puede ser grande. Pero a\u00fan hay m\u00e1s factores. Te contamos c\u00f3mo conservar tu maquillaje<\/p>\n\n\n\n<h2 class=\"wp-block-heading\">Claves conservar tu maquillaje<\/h2>\n\n\n\n<p>Para conservar tus productos de maquillaje debes tener en cuenta algunos puntos, adem\u00e1s de observar la fecha de caducidad antes de usarlos si llevan tiempo abiertos. O de probar un poco en una peque\u00f1a \u00e1rea de tu piel si sospechas que le ha podido pasar algo a alguno. Te contamos las claves que debes seguir para conservar tu maquillaje:<\/p>\n\n\n\n<ul class=\"wp-block-list\">\n<li><strong>Cuida tu maquillaje ecol\u00f3gico<\/strong>: algunas marcas profesionales utilizan conservantes especializados que, aunque son naturales o menos da\u00f1inos como el alcohol u otros, hacen que se conserven. Eso s\u00ed, cuando se trata de maquillaje ecol\u00f3gico elaborado por artesanas o no certificado, incluso suelen avisar de que la mejor opci\u00f3n es conservar sus productos en la nevera.<\/li>\n\n\n\n<li><strong>No uses productos de maquillaje caducados:<\/strong> nunca. Porque pueden da\u00f1ar tu piel. Este punto es igual de importante que peligrosas o molestas pueden ser las consecuencias de no tenerlo en cuenta para tu piel. Puedes ver la fecha de caducidad en el icono que aparece con un peque\u00f1o bote con la tapa abierta y un n\u00famero que suele ser 12M, correspondiente a los meses que dura abierto.<\/li>\n\n\n\n<li><strong>Limpia tus herramientas de maquillaje<\/strong>: para evitar que bacterias u hongos entren en contacto con \u00e9l y puedas sufrir de alguna afecci\u00f3n cut\u00e1nea.<\/li>\n\n\n\n<li><strong>Guarda y almacena bien los productos de maquillaje<\/strong>: las brochas en un recipiente que las mantenga en vertical u horizontal pero fuera del roce con otros elementos de tu tocador o cajones y estanter\u00edas. Los labiales deber\u00e1n estar protegidos en una caja especial o neceser para que no se abran y se estropeen, los l\u00e1pices etc.<\/li>\n\n\n\n<li><strong>Guarda tu maquillaje en un lugar fresco y seco<\/strong>: para que no le d\u00e9 el sol directamente. Es muy importante que no permanezcan abiertos sobre todo los que son de procedencia ecol\u00f3gica y apenas llevan conservantes, porque pueden estropearse r\u00e1pido.<\/li>\n<\/ul>\n\n\n\n<h2 class=\"wp-block-heading\">Los mejores productos para conservar tu maquillaje y guardarlo<\/h2>\n\n\n        <product-table class=\"pr-slider\">\r\n            <product-headers class=\"grid-table-rows\">\r\n                <div>Foto<\/div>\r\n                <div>Producto<\/div>\r\n                <div>Marca<\/div>\r\n                <div>Valoraciones<\/div>\r\n                <div>Precio<\/div>\r\n            <\/product-headers>\r\n\r\n            <product-list>\r\n                                    <a href=\"https:\/\/www.primor.eu\/es_es\/under-the-rainbow-esponja-de-maquillaje-con-funda-protectora-77727.html\" class=\"product-item grid-table-rows\" target=\"_blank\">\r\n                        <div>\r\n                            <img decoding=\"async\" class=\"product-img\" width=\"80px\" height=\"80px\" src=\"https:\/\/cdn2.primor.eu\/media\/catalog\/product\/cache\/8d3aba296f7a18b5251ee30fa5db42b2\/e\/s\/esponja_de_maquillaje_con_funda_protectora_6a0d.jpg\" alt=\"Esponja de Maquillaje con Funda Protectora\">\r\n                        <\/div>\r\n\r\n                        <!-- Contenido de producto  -->\r\n                        <div>\r\n                            <div class=\"product-position\">\r\n                                #1 Top Ventas                            <\/div>\r\n\r\n                            <h2>\r\n                                Esponja de Maquillaje con Funda Protectora                            <\/h2>\r\n                        <\/div>\r\n\r\n                        <!-- Imagen y\/o nombre de la marca -->\r\n                        <div>\r\n                                                            <img decoding=\"async\" width=\"70\" src=\"https:\/\/www.primor.eu\/media\/catalog\/category\/UNDER_THE_RAINBOW.jpg\" alt=\"\">\r\n                                                    <\/div>\r\n\r\n                        <!-- Puntuaci\u00f3n del producto  -->\r\n                        <div class=\"rating\">\r\n                                                            <div class=\"rate\" style=\"--p:100;\"><\/div>\r\n                                <b>5\/5<\/b>\r\n                                <div class=\"rate-stars\">\r\n                                                                            <div\r\n                                            class=\"rate-star  \">\r\n                                        <\/div>\r\n                                                                            <div\r\n                                            class=\"rate-star  \">\r\n                                        <\/div>\r\n                                                                            <div\r\n                                            class=\"rate-star  \">\r\n                                        <\/div>\r\n                                                                            <div\r\n                                            class=\"rate-star  \">\r\n                                        <\/div>\r\n                                                                            <div\r\n                                            class=\"rate-star  \">\r\n                                        <\/div>\r\n                                                                    <\/div>\r\n                                                    <\/div>\r\n\r\n                        <!-- Bot\u00f3n de producto  -->\r\n                        <div>\r\n                            <span class=\"price-claim\">\r\n                                VER PRECIO                            <\/span>\r\n                        <\/div>\r\n                    <\/a>\r\n                                    <a href=\"https:\/\/www.primor.eu\/es_es\/fornor-organizador-cuadrado-de-cosmeticos-de-9-compartimentos-20575.html\" class=\"product-item grid-table-rows\" target=\"_blank\">\r\n                        <div>\r\n                            <img decoding=\"async\" class=\"product-img\" width=\"80px\" height=\"80px\" src=\"https:\/\/cdn2.primor.eu\/media\/catalog\/product\/cache\/8d3aba296f7a18b5251ee30fa5db42b2\/6\/V\/6VA18621_1_9f6c.jpg\" alt=\"Organizador Cuadrado de Cosm\u00e9ticos de 9 Compartimentos\">\r\n                        <\/div>\r\n\r\n                        <!-- Contenido de producto  -->\r\n                        <div>\r\n                            <div class=\"product-position\">\r\n                                #2                            <\/div>\r\n\r\n                            <h2>\r\n                                Organizador Cuadrado de Cosm\u00e9ticos de 9 Compartimentos                            <\/h2>\r\n                        <\/div>\r\n\r\n                        <!-- Imagen y\/o nombre de la marca -->\r\n                        <div>\r\n                                                            <img decoding=\"async\" width=\"70\" src=\"https:\/\/www.primor.eu\/media\/catalog\/category\/FORNOR_Spain.jpg\" alt=\"\">\r\n                                                    <\/div>\r\n\r\n                        <!-- Puntuaci\u00f3n del producto  -->\r\n                        <div class=\"rating\">\r\n                                                            <div class=\"rate\" style=\"--p:92;\"><\/div>\r\n                                <b>4.6\/5<\/b>\r\n                                <div class=\"rate-stars\">\r\n                                                                            <div\r\n                                            class=\"rate-star  \">\r\n                                        <\/div>\r\n                                                                            <div\r\n                                            class=\"rate-star  \">\r\n                                        <\/div>\r\n                                                                            <div\r\n                                            class=\"rate-star  \">\r\n                                        <\/div>\r\n                                                                            <div\r\n                                            class=\"rate-star  \">\r\n                                        <\/div>\r\n                                                                            <div\r\n                                            class=\"rate-star  \">\r\n                                        <\/div>\r\n                                                                    <\/div>\r\n                                                    <\/div>\r\n\r\n                        <!-- Bot\u00f3n de producto  -->\r\n                        <div>\r\n                            <span class=\"price-claim\">\r\n                                VER PRECIO                            <\/span>\r\n                        <\/div>\r\n                    <\/a>\r\n                                    <a href=\"https:\/\/www.primor.eu\/es_es\/woo-oow-maxi-organizador-de-maquillaje-rosa-99151.html\" class=\"product-item grid-table-rows\" target=\"_blank\">\r\n                        <div>\r\n                            <img decoding=\"async\" class=\"product-img\" width=\"80px\" height=\"80px\" src=\"https:\/\/cdn2.primor.eu\/media\/catalog\/product\/cache\/8d3aba296f7a18b5251ee30fa5db42b2\/o\/r\/organizador_II_bueno_059b.jpg\" alt=\"Maxi Organizador De Maquillaje Rosa\">\r\n                        <\/div>\r\n\r\n                        <!-- Contenido de producto  -->\r\n                        <div>\r\n                            <div class=\"product-position\">\r\n                                #3                            <\/div>\r\n\r\n                            <h2>\r\n                                Maxi Organizador De Maquillaje Rosa                            <\/h2>\r\n                        <\/div>\r\n\r\n                        <!-- Imagen y\/o nombre de la marca -->\r\n                        <div>\r\n                                                            <img decoding=\"async\" width=\"70\" src=\"https:\/\/www.primor.eu\/media\/catalog\/category\/WOO-OOW.jpg\" alt=\"\">\r\n                                                    <\/div>\r\n\r\n                        <!-- Puntuaci\u00f3n del producto  -->\r\n                        <div class=\"rating\">\r\n                                                            <p>No hay valoraciones disponibles<\/p>\r\n                                                    <\/div>\r\n\r\n                        <!-- Bot\u00f3n de producto  -->\r\n                        <div>\r\n                            <span class=\"price-claim\">\r\n                                VER PRECIO                            <\/span>\r\n                        <\/div>\r\n                    <\/a>\r\n                                    <a href=\"https:\/\/www.primor.eu\/es_es\/catrice-wonder-woman-neceser-para-maquillaje-125697.html\" class=\"product-item grid-table-rows\" target=\"_blank\">\r\n                        <div>\r\n                            <img decoding=\"async\" class=\"product-img\" width=\"80px\" height=\"80px\" src=\"https:\/\/cdn2.primor.eu\/media\/catalog\/product\/cache\/8d3aba296f7a18b5251ee30fa5db42b2\/4\/0\/4059729533050_2Catrice_Wonder_Woman_Make_up_Bag_7428.jpg\" alt=\"Wonder Woman Neceser para Maquillaje\">\r\n                        <\/div>\r\n\r\n                        <!-- Contenido de producto  -->\r\n                        <div>\r\n                            <div class=\"product-position\">\r\n                                #4                            <\/div>\r\n\r\n                            <h2>\r\n                                Wonder Woman Neceser para Maquillaje                            <\/h2>\r\n                        <\/div>\r\n\r\n                        <!-- Imagen y\/o nombre de la marca -->\r\n                        <div>\r\n                                                            <img decoding=\"async\" width=\"70\" src=\"https:\/\/www.primor.eu\/media\/catalog\/category\/catrice.png\" alt=\"\">\r\n                                                    <\/div>\r\n\r\n                        <!-- Puntuaci\u00f3n del producto  -->\r\n                        <div class=\"rating\">\r\n                                                            <p>No hay valoraciones disponibles<\/p>\r\n                                                    <\/div>\r\n\r\n                        <!-- Bot\u00f3n de producto  -->\r\n                        <div>\r\n                            <span class=\"price-claim\">\r\n                                VER PRECIO                            <\/span>\r\n                        <\/div>\r\n                    <\/a>\r\n                                    <a href=\"https:\/\/www.primor.eu\/es_es\/you-are-the-princess-funda-para-esponja-de-maquillaje-2-en-1-106988.html?#779=41220\" class=\"product-item grid-table-rows\" target=\"_blank\">\r\n                        <div>\r\n                            <img decoding=\"async\" class=\"product-img\" width=\"80px\" height=\"80px\" src=\"https:\/\/cdn2.primor.eu\/media\/catalog\/product\/cache\/8d3aba296f7a18b5251ee30fa5db42b2\/M\/_\/M_6VA21796_1_115f.jpg\" alt=\"Must Have Beauty Sponge Case Funda para Esponja de Maquillaje 2 en 1\">\r\n                        <\/div>\r\n\r\n                        <!-- Contenido de producto  -->\r\n                        <div>\r\n                            <div class=\"product-position\">\r\n                                #5                            <\/div>\r\n\r\n                            <h2>\r\n                                Must Have Beauty Sponge Case Funda para Esponja de Maquillaje 2 en 1                            <\/h2>\r\n                        <\/div>\r\n\r\n                        <!-- Imagen y\/o nombre de la marca -->\r\n                        <div>\r\n                                                            <img decoding=\"async\" width=\"70\" src=\"https:\/\/www.primor.eu\/media\/catalog\/category\/you_are_the_princess.jpg\" alt=\"You Are The Princess\">\r\n                                                    <\/div>\r\n\r\n                        <!-- Puntuaci\u00f3n del producto  -->\r\n                        <div class=\"rating\">\r\n                                                            <div class=\"rate\" style=\"--p:70;\"><\/div>\r\n                                <b>3.5\/5<\/b>\r\n                                <div class=\"rate-stars\">\r\n                                                                            <div\r\n                                            class=\"rate-star  \">\r\n                                        <\/div>\r\n                                                                            <div\r\n                                            class=\"rate-star  \">\r\n                                        <\/div>\r\n                                                                            <div\r\n                                            class=\"rate-star  \">\r\n                                        <\/div>\r\n                                                                            <div\r\n                                            class=\"rate-star  middle\">\r\n                                        <\/div>\r\n                                                                            <div\r\n                                            class=\"rate-star disable \">\r\n                                        <\/div>\r\n                                                                    <\/div>\r\n                                                    <\/div>\r\n\r\n                        <!-- Bot\u00f3n de producto  -->\r\n                        <div>\r\n                            <span class=\"price-claim\">\r\n                                VER PRECIO                            <\/span>\r\n                        <\/div>\r\n                    <\/a>\r\n                            <\/product-list>\r\n        <\/product-table>\r\n\r\n        \n\n\n\n<h3 class=\"wp-block-heading\">Esponja de Maquillaje con Funda Protectora de Under The Rainbow<\/h3>\n\n\n\n<p>Cuidar las esponja de maquillaje es fundamental para que duren mucho m\u00e1s tiempo y no acumulen bacterias. Esta funda de osito es perfecta para guardar y secar tu esponja de maquillaje sin generar humedad. Adem\u00e1s, podr\u00e1s utilizar este accesorio para transportarla de forma higi\u00e9nica en tu neceser de maquillaje. Es el accesorio ideal para llevar a tus viajes. Adem\u00e1s, tiene el tama\u00f1o perfecto para guardarla cuando est\u00e1 h\u00fameda. Contenido: Funda de esponja de maquillaje y esponja de maquillaje sin l\u00e1tex.<\/p>\n\n\n    <a class='product' target='_blank' href='https:\/\/www.primor.eu\/es_es\/under-the-rainbow-esponja-de-maquillaje-con-funda-protectora-77727.html'>\r\n        <img loading='async' src='https:\/\/cdn2.primor.eu\/media\/catalog\/product\/cache\/8d3aba296f7a18b5251ee30fa5db42b2\/e\/s\/esponja_de_maquillaje_con_funda_protectora_6a0d.jpg' alt='COMPRAR AHORA'>\r\n            <div class=\"claim\">\r\n                COMPRAR AHORA            <\/div>\r\n        <\/a>\r\n    \n\n\n\n<h3 class=\"wp-block-heading\">Organizador Cuadrado de Cosm\u00e9ticos de 9 Compartimentos de Fornor<\/h3>\n\n\n\n<p>Es el mejor lugar para almacenar de manera ordenada tus cosm\u00e9ticos gracias a sus 9 compartimentos cuadrados. Podr\u00e1s organizarlos como m\u00e1s te guste, ya sea por colores, por partes del cuerpo o como t\u00fa prefieras. Es ideal para guardar l\u00e1pices y brochas. Es muy resistente ya que est\u00e1 fabricado con metacrilato.<\/p>\n\n\n    <a class='product' target='_blank' href='https:\/\/www.primor.eu\/es_es\/fornor-organizador-cuadrado-de-cosmeticos-de-9-compartimentos-20575.html'>\r\n        <img loading='async' src='https:\/\/cdn2.primor.eu\/media\/catalog\/product\/cache\/8d3aba296f7a18b5251ee30fa5db42b2\/6\/V\/6VA18621_1_9f6c.jpg' alt='COMPRAR AHORA'>\r\n            <div class=\"claim\">\r\n                COMPRAR AHORA            <\/div>\r\n        <\/a>\r\n    \n\n\n\n<h3 class=\"wp-block-heading\">Maxi Organizador De Maquillaje Rosa de Woo Oow<\/h3>\n\n\n\n<p>Organiza tus productos cosm\u00e9ticos y accesorios de maquillaje en este organizador giratorio 360\u00ba con forma de torre. Un accesorio ideal para poner en tu tocador y tener ordenados tus productos cosm\u00e9ticos favoritos. Podr\u00e1s colocar los estantes a tu medida seg\u00fan los productos que quieras guardar. En la parte superior cuenta con 17 separadores para guardar tus joyas, o productos cosm\u00e9ticos de menor tama\u00f1o. Cuenta con una estructura giratoria para poder manejarlo mejor. Fabricado en poliestireno.<\/p>\n\n\n    <a class='product' target='_blank' href='https:\/\/www.primor.eu\/es_es\/woo-oow-maxi-organizador-de-maquillaje-rosa-99151.html'>\r\n        <img loading='async' src='https:\/\/cdn2.primor.eu\/media\/catalog\/product\/cache\/8d3aba296f7a18b5251ee30fa5db42b2\/o\/r\/organizador_II_bueno_059b.jpg' alt='COMPRAR AHORA'>\r\n            <div class=\"claim\">\r\n                COMPRAR AHORA            <\/div>\r\n        <\/a>\r\n    \n\n\n\n<h3 class=\"wp-block-heading\">Wonder Woman Neceser para Maquillaje de Catrice<\/h3>\n\n\n\n<p>Confeccionado en PVC dorado con detalles en rojo, el Neceser para Maquillaje Wonder Woman de CATRICE ofrece un dise\u00f1o resistente y f\u00e1cil de limpiar. El interior del Neceser para Maquillaje Wonder Woman de CATRICE tiene espacio suficiente para guardar productos b\u00e1sicos de maquillaje, brochas y otros elementos esenciales de belleza.<\/p>\n\n\n    <a class='product' target='_blank' href='https:\/\/www.primor.eu\/es_es\/catrice-wonder-woman-neceser-para-maquillaje-125697.html'>\r\n        <img loading='async' src='https:\/\/cdn2.primor.eu\/media\/catalog\/product\/cache\/8d3aba296f7a18b5251ee30fa5db42b2\/4\/0\/4059729533050_2Catrice_Wonder_Woman_Make_up_Bag_7428.jpg' alt='COMPRAR AHORA'>\r\n            <div class=\"claim\">\r\n                COMPRAR AHORA            <\/div>\r\n        <\/a>\r\n    \n\n\n\n<h3 class=\"wp-block-heading\">Funda para Esponja de Maquillaje 2 en 1 de You Are The Princess<\/h3>\n\n\n\n<ol class=\"wp-block-list\">\n<li>Mayor ventilacio\u0301n para un secado ma\u0301s ra\u0301pido y mejor conservacio\u0301n.<\/li>\n\n\n\n<li>Ma\u0301s grande: permite guardar tu esponja recie\u0301n usada.<\/li>\n\n\n\n<li>Material antibacteriano y ma\u0301s fa\u0301cil de limpiar.<\/li>\n<\/ol>\n\n\n\n<p>Medidas: 5 x 7,9 cm<\/p>\n\n\n    <a class='product' target='_blank' href='https:\/\/www.primor.eu\/es_es\/you-are-the-princess-funda-para-esponja-de-maquillaje-2-en-1-106988.html?#779=41220'>\r\n        <img loading='async' src='https:\/\/cdn2.primor.eu\/media\/catalog\/product\/cache\/8d3aba296f7a18b5251ee30fa5db42b2\/M\/_\/M_6VA21796_1_115f.jpg' alt='COMPRAR AHORA'>\r\n            <div class=\"claim\">\r\n                COMPRAR AHORA            <\/div>\r\n        <\/a>\r\n    \n\n\n\n<h3 class=\"wp-block-heading\">Libro de la Selva Neceser de Mad Beauty<\/h3>\n\n\n\n<p>Este neceser, inspirado en El libro de la selva de Disney, cuenta con una amplia cremallera en forma de arco que permite un acceso r\u00e1pido y sencillo a todos tus art\u00edculos. El dise\u00f1o atractivo, que incluye el cl\u00e1sico estampado de El libro de la selva junto a Baloo y Mowgli, no solo es funcional, sino que tambi\u00e9n a\u00f1ade un toque especial a tu colecci\u00f3n.<\/p>\n\n\n    <a class='product' target='_blank' href='https:\/\/www.primor.eu\/es_es\/mad-beauty-libro-de-la-selva-neceser-116056.html'>\r\n        <img loading='async' src='https:\/\/cdn2.primor.eu\/media\/catalog\/product\/cache\/8d3aba296f7a18b5251ee30fa5db42b2\/D\/J\/DJBFG140216_5061038770148__1__6b8a.jpg' alt='COMPRAR AHORA'>\r\n            <div class=\"claim\">\r\n                COMPRAR AHORA            <\/div>\r\n        <\/a>\r\n    \n\n\n<div class=\"kk-star-ratings kksr-auto kksr-align-center kksr-valign-bottom\"\n    data-payload='{&quot;align&quot;:&quot;center&quot;,&quot;id&quot;:&quot;109080&quot;,&quot;slug&quot;:&quot;default&quot;,&quot;valign&quot;:&quot;bottom&quot;,&quot;ignore&quot;:&quot;&quot;,&quot;reference&quot;:&quot;auto&quot;,&quot;class&quot;:&quot;&quot;,&quot;count&quot;:&quot;0&quot;,&quot;legendonly&quot;:&quot;&quot;,&quot;readonly&quot;:&quot;&quot;,&quot;score&quot;:&quot;0&quot;,&quot;starsonly&quot;:&quot;&quot;,&quot;best&quot;:&quot;5&quot;,&quot;gap&quot;:&quot;5&quot;,&quot;greet&quot;:&quot;Valora este art\u00edculo&quot;,&quot;legend&quot;:&quot;0\\\/5 - (0 votos)&quot;,&quot;size&quot;:&quot;24&quot;,&quot;title&quot;:&quot;Todo lo que debes tener en cuenta para conservar tu maquillaje&quot;,&quot;width&quot;:&quot;0&quot;,&quot;_legend&quot;:&quot;{score}\\\/{best} - ({count} {votes})&quot;,&quot;font_factor&quot;:&quot;1.25&quot;}'>\n            \n<div class=\"kksr-stars\">\n    \n<div class=\"kksr-stars-inactive\">\n            <div class=\"kksr-star\" data-star=\"1\" style=\"padding-right: 5px\">\n            \n\n<div class=\"kksr-icon\" style=\"width: 24px; height: 24px;\"><\/div>\n        <\/div>\n            <div class=\"kksr-star\" data-star=\"2\" style=\"padding-right: 5px\">\n            \n\n<div class=\"kksr-icon\" style=\"width: 24px; height: 24px;\"><\/div>\n        <\/div>\n            <div class=\"kksr-star\" data-star=\"3\" style=\"padding-right: 5px\">\n            \n\n<div class=\"kksr-icon\" style=\"width: 24px; height: 24px;\"><\/div>\n        <\/div>\n            <div class=\"kksr-star\" data-star=\"4\" style=\"padding-right: 5px\">\n            \n\n<div class=\"kksr-icon\" style=\"width: 24px; height: 24px;\"><\/div>\n        <\/div>\n            <div class=\"kksr-star\" data-star=\"5\" style=\"padding-right: 5px\">\n            \n\n<div class=\"kksr-icon\" style=\"width: 24px; height: 24px;\"><\/div>\n        <\/div>\n    <\/div>\n    \n<div class=\"kksr-stars-active\" style=\"width: 0px;\">\n            <div class=\"kksr-star\" style=\"padding-right: 5px\">\n            \n\n<div class=\"kksr-icon\" style=\"width: 24px; height: 24px;\"><\/div>\n        <\/div>\n            <div class=\"kksr-star\" style=\"padding-right: 5px\">\n            \n\n<div class=\"kksr-icon\" style=\"width: 24px; height: 24px;\"><\/div>\n        <\/div>\n            <div class=\"kksr-star\" style=\"padding-right: 5px\">\n            \n\n<div class=\"kksr-icon\" style=\"width: 24px; height: 24px;\"><\/div>\n        <\/div>\n            <div class=\"kksr-star\" style=\"padding-right: 5px\">\n            \n\n<div class=\"kksr-icon\" style=\"width: 24px; height: 24px;\"><\/div>\n        <\/div>\n            <div class=\"kksr-star\" style=\"padding-right: 5px\">\n            \n\n<div class=\"kksr-icon\" style=\"width: 24px; height: 24px;\"><\/div>\n        <\/div>\n    <\/div>\n<\/div>\n                \n\n<div class=\"kksr-legend\" style=\"font-size: 19.2px;\">\n            <span class=\"kksr-muted\">Valora este art\u00edculo<\/span>\n    <\/div>\n    <\/div>\n","protected":false},"excerpt":{"rendered":"<p>Conservar tu maquillaje no solamente se trata de estar pendiente de la fecha de caducidad, aunque este punto es sumamente importante. Debes cuidar tus herramientas y tus productos de maquillaje para asegurar su duraci\u00f3n y la salud de tu piel. Cuando bacterias u hongos entran en contacto con \u00e9l puedes sufrir afecciones en tu piel. [&hellip;]<\/p>\n","protected":false},"author":30,"featured_media":109081,"comment_status":"closed","ping_status":"closed","sticky":false,"template":"","format":"standard","meta":{"jnews-multi-image_gallery":[],"jnews_single_post":{"subtitle":"","format":"standard","video":"","gallery":"","source_name":"","source_url":"","via_name":"","via_url":"","override_template":"0","override":[{"template":"1","single_blog_custom":"","parallax":"1","fullscreen":"1","layout":"right-sidebar","sidebar":"home-2","second_sidebar":"default-sidebar","sticky_sidebar":"0","share_position":"float","share_float_style":"share-monocrhome","show_share_counter":"0","show_view_counter":"0","show_featured":"1","show_post_meta":"1","show_post_author":"0","show_post_author_image":"1","show_post_date":"1","post_date_format":"default","post_date_format_custom":"Y\/m\/d","show_post_category":"1","show_post_reading_time":"0","post_reading_time_wpm":"300","show_zoom_button":"0","zoom_button_out_step":"2","zoom_button_in_step":"3","show_post_tag":"0","show_prev_next_post":"0","show_popup_post":"0","number_popup_post":"2","show_author_box":"0","show_post_related":"0","show_inline_post_related":"1"}],"override_image_size":"0","image_override":[{"single_post_thumbnail_size":"no-crop","single_post_gallery_size":"crop-500"}],"trending_post":"0","trending_post_position":"meta","trending_post_label":"Trending","sponsored_post":"0","sponsored_post_label":"Sponsored by","sponsored_post_name":"","sponsored_post_url":"","sponsored_post_logo_enable":"0","sponsored_post_logo":"","sponsored_post_desc":"","disable_ad":"0"},"jnews_primary_category":{"id":"","hide":""},"jnews_social_meta":{"fb_title":"","fb_description":"","fb_image":"","twitter_title":"","twitter_description":"","twitter_image":""},"jnews_override_counter":{"override_view_counter":"0","view_counter_number":"0","override_share_counter":"0","share_counter_number":"0","override_like_counter":"0","like_counter_number":"0","override_dislike_counter":"0","dislike_counter_number":"0"},"footnotes":""},"categories":[6303],"tags":[],"class_list":["post-109080","post","type-post","status-publish","format-standard","has-post-thumbnail","hentry","category-trucos-de-belleza"],"_links":{"self":[{"href":"https:\/\/www.primor.eu\/blog\/wp-json\/wp\/v2\/posts\/109080","targetHints":{"allow":["GET"]}}],"collection":[{"href":"https:\/\/www.primor.eu\/blog\/wp-json\/wp\/v2\/posts"}],"about":[{"href":"https:\/\/www.primor.eu\/blog\/wp-json\/wp\/v2\/types\/post"}],"author":[{"embeddable":true,"href":"https:\/\/www.primor.eu\/blog\/wp-json\/wp\/v2\/users\/30"}],"replies":[{"embeddable":true,"href":"https:\/\/www.primor.eu\/blog\/wp-json\/wp\/v2\/comments?post=109080"}],"version-history":[{"count":3,"href":"https:\/\/www.primor.eu\/blog\/wp-json\/wp\/v2\/posts\/109080\/revisions"}],"predecessor-version":[{"id":126048,"href":"https:\/\/www.primor.eu\/blog\/wp-json\/wp\/v2\/posts\/109080\/revisions\/126048"}],"wp:featuredmedia":[{"embeddable":true,"href":"https:\/\/www.primor.eu\/blog\/wp-json\/wp\/v2\/media\/109081"}],"wp:attachment":[{"href":"https:\/\/www.primor.eu\/blog\/wp-json\/wp\/v2\/media?parent=109080"}],"wp:term":[{"taxonomy":"category","embeddable":true,"href":"https:\/\/www.primor.eu\/blog\/wp-json\/wp\/v2\/categories?post=109080"},{"taxonomy":"post_tag","embeddable":true,"href":"https:\/\/www.primor.eu\/blog\/wp-json\/wp\/v2\/tags?post=109080"}],"curies":[{"name":"wp","href":"https:\/\/api.w.org\/{rel}","templated":true}]}}