{"id":108852,"date":"2024-07-22T08:49:55","date_gmt":"2024-07-22T08:49:55","guid":{"rendered":"https:\/\/www.primor.eu\/blog\/?p=108852"},"modified":"2024-07-07T09:12:45","modified_gmt":"2024-07-07T09:12:45","slug":"acidos-usar-verano","status":"publish","type":"post","link":"https:\/\/www.primor.eu\/blog\/acidos-usar-verano\/","title":{"rendered":"Los \u00e1cidos que puedes usar en verano (y de los que deber\u00e1s alejarte)"},"content":{"rendered":"\n<p>En <strong>verano<\/strong> el cuidado de la piel cambia, y aunque hay activos inofensivos que puedes usar durante todo el a\u00f1o, hay otros a los que debes prestarle cautela, sobre todo si son \u00e1cidos. Usar <strong>\u00e1cidos<\/strong> en verano puede ser beneficioso, pero es <strong>crucial<\/strong> elegir los adecuados y usarlos correctamente para evitar sensibilizar la piel al sol. Te contamos en este art\u00edculo de Primor todo lo que debes saber:<\/p>\n\n\n\n<h2 class=\"wp-block-heading\">\u00c1cidos seguros para el verano<\/h2>\n\n\n\n<ul class=\"wp-block-list\">\n<li><a href=\"https:\/\/www.primor.eu\/blog\/acido-hialuronico-que-es-para-que-sirve\/\"><strong>\u00c1cido Hialur\u00f3nico.<\/strong><\/a><strong> <\/strong>Es un hidratante profundo que ayuda a retener la humedad en la piel, manteni\u00e9ndola suave y flexible. Apto para todo tipo de dermis, incluyendo las m\u00e1s sensibles, lo podr\u00e1s usar tanto de d\u00eda como de noche.<\/li>\n\n\n\n<li><a href=\"https:\/\/www.primor.eu\/blog\/acido-lactico-que-es-para-que-sirve\/\"><strong>\u00c1cido L\u00e1ctico.<\/strong><\/a><strong> <\/strong>Es un<strong> <\/strong>exfoliante suave que ayuda a eliminar c\u00e9lulas muertas y a mejorar la textura de la piel. Tambi\u00e9n tiene propiedades hidratantes. Util\u00edzalo en concentraciones bajas (alrededor del 5%) durante el verano para evitar la sensibilizaci\u00f3n excesiva por la noche y con protector solar durante el d\u00eda.<\/li>\n\n\n\n<li><a href=\"https:\/\/www.primor.eu\/blog\/acido-mandelico\/\"><strong>\u00c1cido Mand\u00e9lico<\/strong><\/a><strong>. <\/strong>Como el anterior, es un exfoliante suave, ideal para pieles sensibles y propensas al acn\u00e9. Ayuda a aclarar la piel y mejorar la textura sin causar irritaci\u00f3n. Aplica por la noche y siempre sigue con protector solar durante el d\u00eda.<\/li>\n\n\n\n<li><a href=\"https:\/\/www.primor.eu\/blog\/acido-azelaico\/\"><strong>\u00c1cido Azelaico<\/strong><\/a><strong>.<\/strong> Ayuda a tratar el acn\u00e9, la ros\u00e1cea y la hiperpigmentaci\u00f3n. Tiene propiedades antiinflamatorias y antibacterianas; y puede ser usado tanto de d\u00eda como de noche. Sin embargo, se recomienda usar protector solar durante el d\u00eda.<\/li>\n\n\n\n<li><a href=\"https:\/\/www.primor.eu\/blog\/acido-salilico-que-es\/\"><strong>\u00c1cido Salic\u00edlico<\/strong><\/a><strong>.<\/strong> Ideal para pieles grasas y propensas al acn\u00e9, penetra en los poros para eliminar el exceso de sebo y c\u00e9lulas muertas, ayudando a prevenir brotes. Aplica por la noche y usa protector solar durante el d\u00eda.<\/li>\n<\/ul>\n\n\n\n<h2 class=\"wp-block-heading\">Qu\u00e9 \u00e1cidos es recomendable ir con cautela en verano<\/h2>\n\n\n\n<ul class=\"wp-block-list\">\n<li><a href=\"https:\/\/www.primor.eu\/blog\/acido-glicolico\/\"><strong>\u00c1cido Glic\u00f3lico<\/strong><\/a>, ya que es un potente exfoliante que ayuda a mejorar la textura de la piel y reducir la hiperpigmentaci\u00f3n. Si lo usas, hazlo en concentraciones bajas y apl\u00edcalo solo por la noche. Es crucial el uso de protector solar durante el d\u00eda.<\/li>\n\n\n\n<li><a href=\"https:\/\/www.primor.eu\/blog\/retinoides\/\"><strong>Retinoides<\/strong><\/a><strong> (como el \u00c1cido Retinoico)<\/strong>. Estimula la renovaci\u00f3n celular, reduce arrugas y mejora la textura de la piel. Ten en cuenta que es fotosensible, por lo que \u00fanicamente se recomienda usar por la noche y seguir estrictamente con el uso de protector solar durante el d\u00eda.<\/li>\n<\/ul>\n\n\n\n<h2 class=\"wp-block-heading\">\u00c1cidos en verano: consejos<\/h2>\n\n\n\n<ul class=\"wp-block-list\">\n<li><strong>Usa protector solar.<\/strong> SIEMPRE. El uso de \u00e1cidos puede hacer que tu piel sea m\u00e1s sensible al sol. Siempre aplica un protector solar de amplio espectro con SPF 30 o superior durante el d\u00eda.<\/li>\n\n\n\n<li><strong>Menos es m\u00e1s<\/strong>. Ser\u00eda recomendable reducir la frecuencia de uso de \u00e1cidos m\u00e1s fuertes como el glic\u00f3lico y el retinoico durante el verano para evitar la irritaci\u00f3n.<\/li>\n\n\n\n<li><strong>Hidrata.<\/strong> Aseg\u00farate de mantener tu piel bien hidratada con productos que contengan ingredientes calmantes y humectantes como el \u00e1cido hialur\u00f3nico, la glicerina y el aloe vera.<\/li>\n\n\n\n<li><strong>Mejor por la noche<\/strong>. Usa \u00e1cidos exfoliantes como el glic\u00f3lico, l\u00e1ctico y salic\u00edlico por la noche para reducir el riesgo de fotosensibilidad.<\/li>\n\n\n\n<li><strong>Cuidado con las combinaciones<\/strong>. Evita combinar m\u00faltiples \u00e1cidos fuertes en una sola rutina, ya que esto puede causar irritaci\u00f3n. Si decides usar m\u00e1s de un \u00e1cido, alterna su uso en d\u00edas diferentes.<\/li>\n<\/ul>\n\n\n<div class=\"kk-star-ratings kksr-auto kksr-align-center kksr-valign-bottom\"\n    data-payload='{&quot;align&quot;:&quot;center&quot;,&quot;id&quot;:&quot;108852&quot;,&quot;slug&quot;:&quot;default&quot;,&quot;valign&quot;:&quot;bottom&quot;,&quot;ignore&quot;:&quot;&quot;,&quot;reference&quot;:&quot;auto&quot;,&quot;class&quot;:&quot;&quot;,&quot;count&quot;:&quot;1&quot;,&quot;legendonly&quot;:&quot;&quot;,&quot;readonly&quot;:&quot;&quot;,&quot;score&quot;:&quot;5&quot;,&quot;starsonly&quot;:&quot;&quot;,&quot;best&quot;:&quot;5&quot;,&quot;gap&quot;:&quot;5&quot;,&quot;greet&quot;:&quot;Valora este art\u00edculo&quot;,&quot;legend&quot;:&quot;5\\\/5 - (1 voto)&quot;,&quot;size&quot;:&quot;24&quot;,&quot;title&quot;:&quot;Los \u00e1cidos que puedes usar en verano (y de los que deber\u00e1s alejarte)&quot;,&quot;width&quot;:&quot;142.5&quot;,&quot;_legend&quot;:&quot;{score}\\\/{best} - ({count} {votes})&quot;,&quot;font_factor&quot;:&quot;1.25&quot;}'>\n            \n<div class=\"kksr-stars\">\n    \n<div class=\"kksr-stars-inactive\">\n            <div class=\"kksr-star\" data-star=\"1\" style=\"padding-right: 5px\">\n            \n\n<div class=\"kksr-icon\" style=\"width: 24px; height: 24px;\"><\/div>\n        <\/div>\n            <div class=\"kksr-star\" data-star=\"2\" style=\"padding-right: 5px\">\n            \n\n<div class=\"kksr-icon\" style=\"width: 24px; height: 24px;\"><\/div>\n        <\/div>\n            <div class=\"kksr-star\" data-star=\"3\" style=\"padding-right: 5px\">\n            \n\n<div class=\"kksr-icon\" style=\"width: 24px; height: 24px;\"><\/div>\n        <\/div>\n            <div class=\"kksr-star\" data-star=\"4\" style=\"padding-right: 5px\">\n            \n\n<div class=\"kksr-icon\" style=\"width: 24px; height: 24px;\"><\/div>\n        <\/div>\n            <div class=\"kksr-star\" data-star=\"5\" style=\"padding-right: 5px\">\n            \n\n<div class=\"kksr-icon\" style=\"width: 24px; height: 24px;\"><\/div>\n        <\/div>\n    <\/div>\n    \n<div class=\"kksr-stars-active\" style=\"width: 142.5px;\">\n            <div class=\"kksr-star\" style=\"padding-right: 5px\">\n            \n\n<div class=\"kksr-icon\" style=\"width: 24px; height: 24px;\"><\/div>\n        <\/div>\n            <div class=\"kksr-star\" style=\"padding-right: 5px\">\n            \n\n<div class=\"kksr-icon\" style=\"width: 24px; height: 24px;\"><\/div>\n        <\/div>\n            <div class=\"kksr-star\" style=\"padding-right: 5px\">\n            \n\n<div class=\"kksr-icon\" style=\"width: 24px; height: 24px;\"><\/div>\n        <\/div>\n            <div class=\"kksr-star\" style=\"padding-right: 5px\">\n            \n\n<div class=\"kksr-icon\" style=\"width: 24px; height: 24px;\"><\/div>\n        <\/div>\n            <div class=\"kksr-star\" style=\"padding-right: 5px\">\n            \n\n<div class=\"kksr-icon\" style=\"width: 24px; height: 24px;\"><\/div>\n        <\/div>\n    <\/div>\n<\/div>\n                \n\n<div class=\"kksr-legend\" style=\"font-size: 19.2px;\">\n            5\/5 - (1 voto)    <\/div>\n    <\/div>\n","protected":false},"excerpt":{"rendered":"<p>En verano el cuidado de la piel cambia, y aunque hay activos inofensivos que puedes usar durante todo el a\u00f1o, hay otros a los que debes prestarle cautela, sobre todo si son \u00e1cidos. Usar \u00e1cidos en verano puede ser beneficioso, pero es crucial elegir los adecuados y usarlos correctamente para evitar sensibilizar la piel al [&hellip;]<\/p>\n","protected":false},"author":14,"featured_media":108867,"comment_status":"closed","ping_status":"closed","sticky":false,"template":"","format":"standard","meta":{"jnews-multi-image_gallery":[],"jnews_single_post":{"subtitle":"","format":"standard","video":"","gallery":"","source_name":"","source_url":"","via_name":"","via_url":"","override_template":"0","override":[{"template":"1","single_blog_custom":"","parallax":"1","fullscreen":"1","layout":"right-sidebar","sidebar":"home-2","second_sidebar":"default-sidebar","sticky_sidebar":"0","share_position":"float","share_float_style":"share-monocrhome","show_share_counter":"0","show_view_counter":"0","show_featured":"1","show_post_meta":"1","show_post_author":"0","show_post_author_image":"1","show_post_date":"1","post_date_format":"default","post_date_format_custom":"Y\/m\/d","show_post_category":"1","show_post_reading_time":"0","post_reading_time_wpm":"300","show_zoom_button":"0","zoom_button_out_step":"2","zoom_button_in_step":"3","show_post_tag":"0","show_prev_next_post":"0","show_popup_post":"0","number_popup_post":"2","show_author_box":"0","show_post_related":"0","show_inline_post_related":"1"}],"override_image_size":"0","image_override":[{"single_post_thumbnail_size":"no-crop","single_post_gallery_size":"crop-500"}],"trending_post":"0","trending_post_position":"meta","trending_post_label":"Trending","sponsored_post":"0","sponsored_post_label":"Sponsored by","sponsored_post_name":"","sponsored_post_url":"","sponsored_post_logo_enable":"0","sponsored_post_logo":"","sponsored_post_desc":"","disable_ad":"0"},"jnews_primary_category":{"id":"","hide":""},"jnews_social_meta":{"fb_title":"","fb_description":"","fb_image":"","twitter_title":"","twitter_description":"","twitter_image":""},"jnews_override_counter":{"override_view_counter":"0","view_counter_number":"0","override_share_counter":"0","share_counter_number":"0","override_like_counter":"0","like_counter_number":"0","override_dislike_counter":"0","dislike_counter_number":"0"},"footnotes":""},"categories":[4950],"tags":[],"class_list":["post-108852","post","type-post","status-publish","format-standard","has-post-thumbnail","hentry","category-principios-activos"],"_links":{"self":[{"href":"https:\/\/www.primor.eu\/blog\/wp-json\/wp\/v2\/posts\/108852","targetHints":{"allow":["GET"]}}],"collection":[{"href":"https:\/\/www.primor.eu\/blog\/wp-json\/wp\/v2\/posts"}],"about":[{"href":"https:\/\/www.primor.eu\/blog\/wp-json\/wp\/v2\/types\/post"}],"author":[{"embeddable":true,"href":"https:\/\/www.primor.eu\/blog\/wp-json\/wp\/v2\/users\/14"}],"replies":[{"embeddable":true,"href":"https:\/\/www.primor.eu\/blog\/wp-json\/wp\/v2\/comments?post=108852"}],"version-history":[{"count":1,"href":"https:\/\/www.primor.eu\/blog\/wp-json\/wp\/v2\/posts\/108852\/revisions"}],"predecessor-version":[{"id":108884,"href":"https:\/\/www.primor.eu\/blog\/wp-json\/wp\/v2\/posts\/108852\/revisions\/108884"}],"wp:featuredmedia":[{"embeddable":true,"href":"https:\/\/www.primor.eu\/blog\/wp-json\/wp\/v2\/media\/108867"}],"wp:attachment":[{"href":"https:\/\/www.primor.eu\/blog\/wp-json\/wp\/v2\/media?parent=108852"}],"wp:term":[{"taxonomy":"category","embeddable":true,"href":"https:\/\/www.primor.eu\/blog\/wp-json\/wp\/v2\/categories?post=108852"},{"taxonomy":"post_tag","embeddable":true,"href":"https:\/\/www.primor.eu\/blog\/wp-json\/wp\/v2\/tags?post=108852"}],"curies":[{"name":"wp","href":"https:\/\/api.w.org\/{rel}","templated":true}]}}