{"id":108813,"date":"2024-07-18T08:36:35","date_gmt":"2024-07-18T08:36:35","guid":{"rendered":"https:\/\/www.primor.eu\/blog\/?p=108813"},"modified":"2024-07-07T08:44:48","modified_gmt":"2024-07-07T08:44:48","slug":"mejores-productos-hombres-egf","status":"publish","type":"post","link":"https:\/\/www.primor.eu\/blog\/mejores-productos-hombres-egf\/","title":{"rendered":"Hombres, estos son los 3 mejores productos con EGF que todos deber\u00edais tener"},"content":{"rendered":"\n<p>Hombres, atentos al activo que os va a cambiar la vida: los EGF. Los <strong>factores de crecimiento epid\u00e9rmico (EGF)<\/strong> son prote\u00ednas bioactivas que se utilizan en productos para el cuidado de la piel debido a sus propiedades regenerativas y rejuvenecedoras. El EGF act\u00faa estimulando la proliferaci\u00f3n y diferenciaci\u00f3n celular, lo que contribuye activamente a mejorar la apariencia y salud de la piel. Te contamos por qu\u00e9 deber\u00edas usar productos de hombre con EGF si buscas una piel joven y saludable.&nbsp;<\/p>\n\n\n\n<h2 class=\"wp-block-heading\">Beneficios del EGF en cosm\u00e9tica<\/h2>\n\n\n\n<ul class=\"wp-block-list\">\n<li><strong>Estimula la renovaci\u00f3n celular<\/strong>, ya que promueve la renovaci\u00f3n de las c\u00e9lulas de la piel, manteni\u00e9ndola m\u00e1s joven y saludable. Adem\u00e1s, de que su textura mejora y pasa a ser m\u00e1s suave y uniforme.\u00a0<\/li>\n\n\n\n<li><strong>Reduce la aparici\u00f3n de arrugas y l\u00edneas finas<\/strong>, ya que favorece la producci\u00f3n de col\u00e1geno y mejora la elasticidad de la piel, haciendo que se vea m\u00e1s firme y tonificada.<\/li>\n\n\n\n<li><strong>Repara y cicatriza<\/strong>. Ayuda a reducir cicatrices y marcas de acn\u00e9 al promover una mejor regeneraci\u00f3n celular. Tambi\u00e9n acelera la cicatrizaci\u00f3n de peque\u00f1as heridas y da\u00f1os en la piel.<\/li>\n\n\n\n<li><strong>Aporta hidrataci\u00f3n y luminosidad<\/strong> a todo tipo de pieles (y a todas las edades).<\/li>\n\n\n\n<li><strong>Reduce manchas oscuras<\/strong>, mejorando el tono de la piel con su uso continuado.<\/li>\n<\/ul>\n\n\n\n<h2 class=\"wp-block-heading\">Mejores productos de hombre con EGF<\/h2>\n\n\n        <product-table class=\"pr-slider\">\r\n            <product-headers class=\"grid-table-rows\">\r\n                <div>Foto<\/div>\r\n                <div>Producto<\/div>\r\n                <div>Marca<\/div>\r\n                <div>Valoraciones<\/div>\r\n                <div>Precio<\/div>\r\n            <\/product-headers>\r\n\r\n            <product-list>\r\n                                    <a href=\"https:\/\/www.primor.eu\/es_es\/sensilis-origin-pro-egf-5-crema-antiedad-69163.html \" class=\"product-item grid-table-rows\" target=\"_blank\">\r\n                        <div>\r\n                            <img decoding=\"async\" class=\"product-img\" width=\"80px\" height=\"80px\" src=\"https:\/\/www.primor.eu\/blog\/wp-content\/uploads\/2024\/07\/6XS08978_1_09ad.jpg\" alt=\"Sensilis Origin Pro EGF-5 Crema Antiedad\">\r\n                        <\/div>\r\n\r\n                        <!-- Contenido de producto  -->\r\n                        <div>\r\n                            <div class=\"product-position\">\r\n                                #1 Top Ventas                            <\/div>\r\n\r\n                            <h2>\r\n                                Sensilis Origin Pro EGF-5 Crema Antiedad                            <\/h2>\r\n                        <\/div>\r\n\r\n                        <!-- Imagen y\/o nombre de la marca -->\r\n                        <div>\r\n                                                            <img decoding=\"async\" width=\"70\" src=\"https:\/\/www.primor.eu\/blog\/wp-content\/uploads\/2023\/11\/LOGO_OK_SSL_Black.png\" alt=\"91291\">\r\n                                                    <\/div>\r\n\r\n                        <!-- Puntuaci\u00f3n del producto  -->\r\n                        <div class=\"rating\">\r\n                                                            <div class=\"rate\" style=\"--p:100;\"><\/div>\r\n                                <b>5\/5<\/b>\r\n                                <div class=\"rate-stars\">\r\n                                                                            <div\r\n                                            class=\"rate-star  \">\r\n                                        <\/div>\r\n                                                                            <div\r\n                                            class=\"rate-star  \">\r\n                                        <\/div>\r\n                                                                            <div\r\n                                            class=\"rate-star  \">\r\n                                        <\/div>\r\n                                                                            <div\r\n                                            class=\"rate-star  \">\r\n                                        <\/div>\r\n                                                                            <div\r\n                                            class=\"rate-star  \">\r\n                                        <\/div>\r\n                                                                    <\/div>\r\n                                                    <\/div>\r\n\r\n                        <!-- Bot\u00f3n de producto  -->\r\n                        <div>\r\n                            <span class=\"price-claim\">\r\n                                VER PRECIO                            <\/span>\r\n                        <\/div>\r\n                    <\/a>\r\n                                    <a href=\"https:\/\/www.primor.eu\/es_es\/hyskin-crema-antiarrugas-para-rostro-y-cuello-84583.html \" class=\"product-item grid-table-rows\" target=\"_blank\">\r\n                        <div>\r\n                            <img decoding=\"async\" class=\"product-img\" width=\"80px\" height=\"80px\" src=\"https:\/\/www.primor.eu\/blog\/wp-content\/uploads\/2024\/07\/8437014528343__1__6682.jpg\" alt=\"Hyskin Crema Antiarrugas para Rostro y Cuello\">\r\n                        <\/div>\r\n\r\n                        <!-- Contenido de producto  -->\r\n                        <div>\r\n                            <div class=\"product-position\">\r\n                                #2                            <\/div>\r\n\r\n                            <h2>\r\n                                Hyskin Crema Antiarrugas para Rostro y Cuello                            <\/h2>\r\n                        <\/div>\r\n\r\n                        <!-- Imagen y\/o nombre de la marca -->\r\n                        <div>\r\n                                                            <img decoding=\"async\" width=\"70\" src=\"https:\/\/www.primor.eu\/blog\/wp-content\/uploads\/2024\/07\/logo_1.png\" alt=\"108818\">\r\n                                                    <\/div>\r\n\r\n                        <!-- Puntuaci\u00f3n del producto  -->\r\n                        <div class=\"rating\">\r\n                                                            <p>No hay valoraciones disponibles<\/p>\r\n                                                    <\/div>\r\n\r\n                        <!-- Bot\u00f3n de producto  -->\r\n                        <div>\r\n                            <span class=\"price-claim\">\r\n                                VER PRECIO                            <\/span>\r\n                        <\/div>\r\n                    <\/a>\r\n                                    <a href=\"https:\/\/www.primor.eu\/es_es\/la-cabine-ampolla-elastin-flex-16461.html\" class=\"product-item grid-table-rows\" target=\"_blank\">\r\n                        <div>\r\n                            <img decoding=\"async\" class=\"product-img\" width=\"80px\" height=\"80px\" src=\"https:\/\/www.primor.eu\/blog\/wp-content\/uploads\/2024\/07\/b25399de_f3c5_42a0_b1fc_8cc61bdf1877_fd6b.jpg\" alt=\"La Cabine Ampolla Elastin Flex\">\r\n                        <\/div>\r\n\r\n                        <!-- Contenido de producto  -->\r\n                        <div>\r\n                            <div class=\"product-position\">\r\n                                #3                            <\/div>\r\n\r\n                            <h2>\r\n                                La Cabine Ampolla Elastin Flex                            <\/h2>\r\n                        <\/div>\r\n\r\n                        <!-- Imagen y\/o nombre de la marca -->\r\n                        <div>\r\n                                                            <img decoding=\"async\" width=\"70\" src=\"https:\/\/www.primor.eu\/blog\/wp-content\/uploads\/2023\/09\/La_Cabine.jpg\" alt=\"85978\">\r\n                                                    <\/div>\r\n\r\n                        <!-- Puntuaci\u00f3n del producto  -->\r\n                        <div class=\"rating\">\r\n                                                            <div class=\"rate\" style=\"--p:90;\"><\/div>\r\n                                <b>4.5\/5<\/b>\r\n                                <div class=\"rate-stars\">\r\n                                                                            <div\r\n                                            class=\"rate-star  \">\r\n                                        <\/div>\r\n                                                                            <div\r\n                                            class=\"rate-star  \">\r\n                                        <\/div>\r\n                                                                            <div\r\n                                            class=\"rate-star  \">\r\n                                        <\/div>\r\n                                                                            <div\r\n                                            class=\"rate-star  \">\r\n                                        <\/div>\r\n                                                                            <div\r\n                                            class=\"rate-star  middle\">\r\n                                        <\/div>\r\n                                                                    <\/div>\r\n                                                    <\/div>\r\n\r\n                        <!-- Bot\u00f3n de producto  -->\r\n                        <div>\r\n                            <span class=\"price-claim\">\r\n                                VER PRECIO                            <\/span>\r\n                        <\/div>\r\n                    <\/a>\r\n                            <\/product-list>\r\n        <\/product-table>\r\n\r\n        \n\n\n\n<h3 class=\"wp-block-heading\">La Cabine Ampolla Elastin Flex<\/h3>\n\n\n\n<p>Te encantar\u00e1n (y de verdad). Porque estas ampollas especialmente desarrolladas para mejorar la elasticidad y flexibilidad de la piel, son aptas para todo tipo de pieles.Gracias a su f\u00f3rmula con Elastina, Calcio, Fosfatidilcolina y Egf Vegetal, desencadenan procesos bioqu\u00edmicos que contrarrestan los signos visibles del envejecimiento de la piel, provocan un aumento significativo de \u00e1cido Hialur\u00f3nico extracelular, mol\u00e9cula clave para unir y retener la humedad de la piel, y previenen la degradaci\u00f3n del col\u00e1geno, provocando un rejuvenecimiento de la piel de forma visible.<\/p>\n\n\n\n<p>Adem\u00e1s, los EGF vegetales proporcionan a la piel madura el contenido \u00f3ptimo de matriz extracelular y la capacidad regenerativa que pierden con la edad.<\/p>\n\n\n    <a class='product' target='_blank' href='https:\/\/www.primor.eu\/es_es\/la-cabine-ampolla-elastin-flex-16461.html'>\r\n        <img loading='async' src='https:\/\/cdn2.primor.eu\/media\/catalog\/product\/cache\/8d3aba296f7a18b5251ee30fa5db42b2\/b\/2\/b25399de_f3c5_42a0_b1fc_8cc61bdf1877_fd6b.jpg' alt='COMPRAR AHORA'>\r\n            <div class=\"claim\">\r\n                COMPRAR AHORA            <\/div>\r\n        <\/a>\r\n    \n\n\n\n<h3 class=\"wp-block-heading\">Sensilis Origin Pro EGF-5 Crema Antiedad<\/h3>\n\n\n\n<p>Es uno de nuestros favoritos porque es un tratamiento d\u00eda y noche antiedad global con 5 factores de crecimiento. Su f\u00f3rmula eficaz rejuvenece y repara los signos de la edad, al mismo tiempo que protege el entorno que rodea las c\u00e9lulas madre y estimula la formaci\u00f3n de otras nuevas.<\/p>\n\n\n\n<p>La acci\u00f3n reparadora de esta crema Origin Pro EGF-5 Crema Antiedad reduce las arrugas y aumenta la elasticidad de la piel. Adem\u00e1s, es apta para todo tipo de pieles y elimina los signos del envejecimiento en la piel.\u00a0<\/p>\n\n\n    <a class='product' target='_blank' href='https:\/\/www.primor.eu\/es_es\/sensilis-origin-pro-egf-5-crema-antiedad-69163.html'>\r\n        <img loading='async' src='https:\/\/cdn2.primor.eu\/media\/catalog\/product\/cache\/8d3aba296f7a18b5251ee30fa5db42b2\/O\/R\/ORIGIN_PRO_CREAM___D3001L160___8428749918004__1__d3d1.png' alt='COMPRAR AHORA'>\r\n            <div class=\"claim\">\r\n                COMPRAR AHORA            <\/div>\r\n        <\/a>\r\n    \n\n\n\n<h3 class=\"wp-block-heading\">HYSKIN Crema Antiarrugas para Rostro y Cuello<\/h3>\n\n\n\n<p>Atenta, porque se convertir\u00e1 en tu mayor aliado a la hora de querer ganarle la batalla al paso del tiempo. Esta crema de textura ligera que no deja sensaci\u00f3n grasa en el rostro contiene Hydrogen EGF ComplexTM, eel poderoso y exclusivo complejo activo que combina vitamina e, aceite de pepita de uva y col\u00e1geno con alta concentraci\u00f3n de mol\u00e9culas de hidr\u00f3geno con factor de crecimiento epid\u00e9rmico (EGF) para alcanzar un extraordinario efecto regenerador devolviendo a la piel su volumen inicial, hidratando en profundidad. Te encantar\u00e1.<\/p>\n\n\n       \r\n        \n\n\n<div class=\"kk-star-ratings kksr-auto kksr-align-center kksr-valign-bottom\"\n    data-payload='{&quot;align&quot;:&quot;center&quot;,&quot;id&quot;:&quot;108813&quot;,&quot;slug&quot;:&quot;default&quot;,&quot;valign&quot;:&quot;bottom&quot;,&quot;ignore&quot;:&quot;&quot;,&quot;reference&quot;:&quot;auto&quot;,&quot;class&quot;:&quot;&quot;,&quot;count&quot;:&quot;0&quot;,&quot;legendonly&quot;:&quot;&quot;,&quot;readonly&quot;:&quot;&quot;,&quot;score&quot;:&quot;0&quot;,&quot;starsonly&quot;:&quot;&quot;,&quot;best&quot;:&quot;5&quot;,&quot;gap&quot;:&quot;5&quot;,&quot;greet&quot;:&quot;Valora este art\u00edculo&quot;,&quot;legend&quot;:&quot;0\\\/5 - (0 votos)&quot;,&quot;size&quot;:&quot;24&quot;,&quot;title&quot;:&quot;Hombres, estos son los 3 mejores productos con EGF que todos deber\u00edais tener&quot;,&quot;width&quot;:&quot;0&quot;,&quot;_legend&quot;:&quot;{score}\\\/{best} - ({count} {votes})&quot;,&quot;font_factor&quot;:&quot;1.25&quot;}'>\n            \n<div class=\"kksr-stars\">\n    \n<div class=\"kksr-stars-inactive\">\n            <div class=\"kksr-star\" data-star=\"1\" style=\"padding-right: 5px\">\n            \n\n<div class=\"kksr-icon\" style=\"width: 24px; height: 24px;\"><\/div>\n        <\/div>\n            <div class=\"kksr-star\" data-star=\"2\" style=\"padding-right: 5px\">\n            \n\n<div class=\"kksr-icon\" style=\"width: 24px; height: 24px;\"><\/div>\n        <\/div>\n            <div class=\"kksr-star\" data-star=\"3\" style=\"padding-right: 5px\">\n            \n\n<div class=\"kksr-icon\" style=\"width: 24px; height: 24px;\"><\/div>\n        <\/div>\n            <div class=\"kksr-star\" data-star=\"4\" style=\"padding-right: 5px\">\n            \n\n<div class=\"kksr-icon\" style=\"width: 24px; height: 24px;\"><\/div>\n        <\/div>\n            <div class=\"kksr-star\" data-star=\"5\" style=\"padding-right: 5px\">\n            \n\n<div class=\"kksr-icon\" style=\"width: 24px; height: 24px;\"><\/div>\n        <\/div>\n    <\/div>\n    \n<div class=\"kksr-stars-active\" style=\"width: 0px;\">\n            <div class=\"kksr-star\" style=\"padding-right: 5px\">\n            \n\n<div class=\"kksr-icon\" style=\"width: 24px; height: 24px;\"><\/div>\n        <\/div>\n            <div class=\"kksr-star\" style=\"padding-right: 5px\">\n            \n\n<div class=\"kksr-icon\" style=\"width: 24px; height: 24px;\"><\/div>\n        <\/div>\n            <div class=\"kksr-star\" style=\"padding-right: 5px\">\n            \n\n<div class=\"kksr-icon\" style=\"width: 24px; height: 24px;\"><\/div>\n        <\/div>\n            <div class=\"kksr-star\" style=\"padding-right: 5px\">\n            \n\n<div class=\"kksr-icon\" style=\"width: 24px; height: 24px;\"><\/div>\n        <\/div>\n            <div class=\"kksr-star\" style=\"padding-right: 5px\">\n            \n\n<div class=\"kksr-icon\" style=\"width: 24px; height: 24px;\"><\/div>\n        <\/div>\n    <\/div>\n<\/div>\n                \n\n<div class=\"kksr-legend\" style=\"font-size: 19.2px;\">\n            <span class=\"kksr-muted\">Valora este art\u00edculo<\/span>\n    <\/div>\n    <\/div>\n","protected":false},"excerpt":{"rendered":"<p>Hombres, atentos al activo que os va a cambiar la vida: los EGF. Los factores de crecimiento epid\u00e9rmico (EGF) son prote\u00ednas bioactivas que se utilizan en productos para el cuidado de la piel debido a sus propiedades regenerativas y rejuvenecedoras. El EGF act\u00faa estimulando la proliferaci\u00f3n y diferenciaci\u00f3n celular, lo que contribuye activamente a mejorar [&hellip;]<\/p>\n","protected":false},"author":14,"featured_media":108766,"comment_status":"closed","ping_status":"closed","sticky":false,"template":"","format":"standard","meta":{"jnews-multi-image_gallery":[],"jnews_single_post":{"subtitle":"","format":"standard","video":"","gallery":"","source_name":"","source_url":"","via_name":"","via_url":"","override_template":"0","override":[{"template":"1","single_blog_custom":"","parallax":"1","fullscreen":"1","layout":"right-sidebar","sidebar":"home-2","second_sidebar":"default-sidebar","sticky_sidebar":"0","share_position":"float","share_float_style":"share-monocrhome","show_share_counter":"0","show_view_counter":"0","show_featured":"1","show_post_meta":"1","show_post_author":"0","show_post_author_image":"1","show_post_date":"1","post_date_format":"default","post_date_format_custom":"Y\/m\/d","show_post_category":"1","show_post_reading_time":"0","post_reading_time_wpm":"300","show_zoom_button":"0","zoom_button_out_step":"2","zoom_button_in_step":"3","show_post_tag":"0","show_prev_next_post":"0","show_popup_post":"0","number_popup_post":"2","show_author_box":"0","show_post_related":"0","show_inline_post_related":"1"}],"override_image_size":"0","image_override":[{"single_post_thumbnail_size":"no-crop","single_post_gallery_size":"crop-500"}],"trending_post":"0","trending_post_position":"meta","trending_post_label":"Trending","sponsored_post":"0","sponsored_post_label":"Sponsored by","sponsored_post_name":"","sponsored_post_url":"","sponsored_post_logo_enable":"0","sponsored_post_logo":"","sponsored_post_desc":"","disable_ad":"0"},"jnews_primary_category":{"id":"","hide":""},"jnews_social_meta":{"fb_title":"","fb_description":"","fb_image":"","twitter_title":"","twitter_description":"","twitter_image":""},"jnews_override_counter":{"override_view_counter":"0","view_counter_number":"0","override_share_counter":"0","share_counter_number":"0","override_like_counter":"0","like_counter_number":"0","override_dislike_counter":"0","dislike_counter_number":"0"},"footnotes":""},"categories":[29],"tags":[],"class_list":["post-108813","post","type-post","status-publish","format-standard","has-post-thumbnail","hentry","category-cosmetica"],"_links":{"self":[{"href":"https:\/\/www.primor.eu\/blog\/wp-json\/wp\/v2\/posts\/108813","targetHints":{"allow":["GET"]}}],"collection":[{"href":"https:\/\/www.primor.eu\/blog\/wp-json\/wp\/v2\/posts"}],"about":[{"href":"https:\/\/www.primor.eu\/blog\/wp-json\/wp\/v2\/types\/post"}],"author":[{"embeddable":true,"href":"https:\/\/www.primor.eu\/blog\/wp-json\/wp\/v2\/users\/14"}],"replies":[{"embeddable":true,"href":"https:\/\/www.primor.eu\/blog\/wp-json\/wp\/v2\/comments?post=108813"}],"version-history":[{"count":1,"href":"https:\/\/www.primor.eu\/blog\/wp-json\/wp\/v2\/posts\/108813\/revisions"}],"predecessor-version":[{"id":108839,"href":"https:\/\/www.primor.eu\/blog\/wp-json\/wp\/v2\/posts\/108813\/revisions\/108839"}],"wp:featuredmedia":[{"embeddable":true,"href":"https:\/\/www.primor.eu\/blog\/wp-json\/wp\/v2\/media\/108766"}],"wp:attachment":[{"href":"https:\/\/www.primor.eu\/blog\/wp-json\/wp\/v2\/media?parent=108813"}],"wp:term":[{"taxonomy":"category","embeddable":true,"href":"https:\/\/www.primor.eu\/blog\/wp-json\/wp\/v2\/categories?post=108813"},{"taxonomy":"post_tag","embeddable":true,"href":"https:\/\/www.primor.eu\/blog\/wp-json\/wp\/v2\/tags?post=108813"}],"curies":[{"name":"wp","href":"https:\/\/api.w.org\/{rel}","templated":true}]}}