{"id":108410,"date":"2026-04-20T07:19:42","date_gmt":"2026-04-20T07:19:42","guid":{"rendered":"https:\/\/www.primor.eu\/blog\/?p=108410"},"modified":"2026-04-28T10:04:03","modified_gmt":"2026-04-28T10:04:03","slug":"manicura-unas-baby-boomer","status":"publish","type":"post","link":"https:\/\/www.primor.eu\/blog\/manicura-unas-baby-boomer\/","title":{"rendered":"Perfecta para u\u00f1as largas y cortas: la manicura baby boomer es tendencia en 2026"},"content":{"rendered":"\n<p>Las <strong><a href=\"https:\/\/www.primor.eu\/es_es\/cuidado-de-unas-lujo\" data-type=\"link\" data-id=\"https:\/\/www.primor.eu\/es_es\/cuidado-de-unas-lujo\">u\u00f1as <\/a>baby boomer <\/strong>son una tendencia de manicura de lo m\u00e1s natural. Esta t\u00e9cnica es una derivada de la <a href=\"https:\/\/www.primor.eu\/blog\/mejores-ideas-manicuras-unas-francesas-difuminadas\/\" data-type=\"link\" data-id=\"https:\/\/www.primor.eu\/blog\/mejores-ideas-manicuras-unas-francesas-difuminadas\/\"><strong>manicura francesa<\/strong><\/a>, que ya de por s\u00ed es la m\u00e1s natural que existe cuando hablamos de utilizar esmalte. En las u\u00f1as baby boomer, la diferencia es que la l\u00ednea que se marca en la manicura francesa y que separa la l\u00ednea blanca que tenemos en las u\u00f1as se difumina. Es decir, las u\u00f1as baby boomer son, si cabe, a\u00fan m\u00e1s naturales que la francesa.<\/p>\n\n\n\n<h2 class=\"wp-block-heading\">Tipos de u\u00f1as baby boomer<\/h2>\n\n\n\n<p>Si est\u00e1s pensando que solamente hay una manera de llevar las u\u00f1as baby boomer, no es cierto. Puedes llevarlas cortas, largas, naturales o de alg\u00fan material permanente o semipermanente. Te enumeramos los tipos de u\u00f1as baby boomer entre las que puedes elegir:<\/p>\n\n\n\n<ul class=\"wp-block-list\">\n<li><strong>U\u00f1as cortas<\/strong>: La manicura baby boomer es de lo m\u00e1s natural y perfecta para llevar las u\u00f1as cortas. Solo necesitar\u00e1s un <strong>kit de manicura francesa<\/strong> para hacerte esta manicura en casa y sin tener que ir al sal\u00f3n.<\/li>\n\n\n\n<li><strong>U\u00f1as largas<\/strong>: Puedes elegir unas u\u00f1as baby boomer largas pero naturales. Lo \u00fanico que necesitas es algo de paciencia si las tienes a\u00fan cortas, una buena lima de u\u00f1as y un set de manicura francesa.<\/li>\n\n\n\n<li><strong>U\u00f1as de gel baby boomer<\/strong>: Siempre puedes optar por las u\u00f1as de gel con aquel estilo que elijas. Si quieres unas u\u00f1as baby boomer de gel y vas al sal\u00f3n a pedirlas, eso s\u00ed, lleva algunas fotos por si no saben lo que es.<\/li>\n\n\n\n<li><strong>U\u00f1as de porcelana baby boomer<\/strong>: Quedar\u00e1n genial porque siempre quedaron bien con la manicura francesa.<\/li>\n<\/ul>\n\n\n\n<h2 class=\"wp-block-heading\">Los mejores productos para conseguir tus u\u00f1as baby boomer en casa<\/h2>\n\n\n        <product-table class=\"pr-slider\">\r\n            <product-headers class=\"grid-table-rows\">\r\n                <div>Foto<\/div>\r\n                <div>Producto<\/div>\r\n                <div>Marca<\/div>\r\n                <div>Valoraciones<\/div>\r\n                <div>Precio<\/div>\r\n            <\/product-headers>\r\n\r\n            <product-list>\r\n                                    <a href=\"https:\/\/www.primor.eu\/es_es\/rimmel-super-gel-french-manicure-109708.html?#803=47102\" class=\"product-item grid-table-rows\" target=\"_blank\">\r\n                        <div>\r\n                            <img decoding=\"async\" class=\"product-img\" width=\"80px\" height=\"80px\" src=\"https:\/\/cdn2.primor.eu\/media\/catalog\/product\/cache\/8d3aba296f7a18b5251ee30fa5db42b2\/0\/M\/0MM11207_1_7bda.jpg\" alt=\"S\u00faper Gel French Manicure\">\r\n                        <\/div>\r\n\r\n                        <!-- Contenido de producto  -->\r\n                        <div>\r\n                            <div class=\"product-position\">\r\n                                #1 Top Ventas                            <\/div>\r\n\r\n                            <h2>\r\n                                S\u00faper Gel French Manicure                            <\/h2>\r\n                        <\/div>\r\n\r\n                        <!-- Imagen y\/o nombre de la marca -->\r\n                        <div>\r\n                                                            <img decoding=\"async\" width=\"70\" src=\"https:\/\/www.primor.eu\/media\/catalog\/category\/rimmel.jpg\" alt=\"Rimmel\">\r\n                                                    <\/div>\r\n\r\n                        <!-- Puntuaci\u00f3n del producto  -->\r\n                        <div class=\"rating\">\r\n                                                            <div class=\"rate\" style=\"--p:90;\"><\/div>\r\n                                <b>4.5\/5<\/b>\r\n                                <div class=\"rate-stars\">\r\n                                                                            <div\r\n                                            class=\"rate-star  \">\r\n                                        <\/div>\r\n                                                                            <div\r\n                                            class=\"rate-star  \">\r\n                                        <\/div>\r\n                                                                            <div\r\n                                            class=\"rate-star  \">\r\n                                        <\/div>\r\n                                                                            <div\r\n                                            class=\"rate-star  \">\r\n                                        <\/div>\r\n                                                                            <div\r\n                                            class=\"rate-star  middle\">\r\n                                        <\/div>\r\n                                                                    <\/div>\r\n                                                    <\/div>\r\n\r\n                        <!-- Bot\u00f3n de producto  -->\r\n                        <div>\r\n                            <span class=\"price-claim\">\r\n                                VER PRECIO                            <\/span>\r\n                        <\/div>\r\n                    <\/a>\r\n                                    <a href=\"https:\/\/www.primor.eu\/es_es\/beter-set-esmaltes-de-unas-mi-manicura-francesa-44506.html\" class=\"product-item grid-table-rows\" target=\"_blank\">\r\n                        <div>\r\n                            <img decoding=\"async\" class=\"product-img\" width=\"80px\" height=\"80px\" src=\"https:\/\/cdn2.primor.eu\/media\/catalog\/product\/cache\/8d3aba296f7a18b5251ee30fa5db42b2\/0\/M\/0MM15904_1_ff41.jpg\" alt=\"Set Esmaltes de U\u00f1as Mi Manicura Francesa\">\r\n                        <\/div>\r\n\r\n                        <!-- Contenido de producto  -->\r\n                        <div>\r\n                            <div class=\"product-position\">\r\n                                #2                            <\/div>\r\n\r\n                            <h2>\r\n                                Set Esmaltes de U\u00f1as Mi Manicura Francesa                            <\/h2>\r\n                        <\/div>\r\n\r\n                        <!-- Imagen y\/o nombre de la marca -->\r\n                        <div>\r\n                                                            <img decoding=\"async\" width=\"70\" src=\"https:\/\/www.primor.eu\/media\/catalog\/category\/BETER.jpg\" alt=\"\">\r\n                                                    <\/div>\r\n\r\n                        <!-- Puntuaci\u00f3n del producto  -->\r\n                        <div class=\"rating\">\r\n                                                            <div class=\"rate\" style=\"--p:100;\"><\/div>\r\n                                <b>5\/5<\/b>\r\n                                <div class=\"rate-stars\">\r\n                                                                            <div\r\n                                            class=\"rate-star  \">\r\n                                        <\/div>\r\n                                                                            <div\r\n                                            class=\"rate-star  \">\r\n                                        <\/div>\r\n                                                                            <div\r\n                                            class=\"rate-star  \">\r\n                                        <\/div>\r\n                                                                            <div\r\n                                            class=\"rate-star  \">\r\n                                        <\/div>\r\n                                                                            <div\r\n                                            class=\"rate-star  \">\r\n                                        <\/div>\r\n                                                                    <\/div>\r\n                                                    <\/div>\r\n\r\n                        <!-- Bot\u00f3n de producto  -->\r\n                        <div>\r\n                            <span class=\"price-claim\">\r\n                                VER PRECIO                            <\/span>\r\n                        <\/div>\r\n                    <\/a>\r\n                                    <a href=\"https:\/\/www.primor.eu\/es_es\/depend-gel-iq-kit-de-iniciacion-manicura-39857.html\" class=\"product-item grid-table-rows\" target=\"_blank\">\r\n                        <div>\r\n                            <img decoding=\"async\" class=\"product-img\" width=\"80px\" height=\"80px\" src=\"https:\/\/cdn2.primor.eu\/media\/catalog\/product\/cache\/8d3aba296f7a18b5251ee30fa5db42b2\/6\/V\/6VA26117_1_3602.jpg\" alt=\"Kit de Iniciaci\u00f3n Manicura\">\r\n                        <\/div>\r\n\r\n                        <!-- Contenido de producto  -->\r\n                        <div>\r\n                            <div class=\"product-position\">\r\n                                #3                            <\/div>\r\n\r\n                            <h2>\r\n                                Kit de Iniciaci\u00f3n Manicura                            <\/h2>\r\n                        <\/div>\r\n\r\n                        <!-- Imagen y\/o nombre de la marca -->\r\n                        <div>\r\n                                                            <img decoding=\"async\" width=\"70\" src=\"https:\/\/www.primor.eu\/media\/catalog\/category\/logo-geliq_1.png\" alt=\"\">\r\n                                                    <\/div>\r\n\r\n                        <!-- Puntuaci\u00f3n del producto  -->\r\n                        <div class=\"rating\">\r\n                                                            <div class=\"rate\" style=\"--p:92;\"><\/div>\r\n                                <b>4.6\/5<\/b>\r\n                                <div class=\"rate-stars\">\r\n                                                                            <div\r\n                                            class=\"rate-star  \">\r\n                                        <\/div>\r\n                                                                            <div\r\n                                            class=\"rate-star  \">\r\n                                        <\/div>\r\n                                                                            <div\r\n                                            class=\"rate-star  \">\r\n                                        <\/div>\r\n                                                                            <div\r\n                                            class=\"rate-star  \">\r\n                                        <\/div>\r\n                                                                            <div\r\n                                            class=\"rate-star  \">\r\n                                        <\/div>\r\n                                                                    <\/div>\r\n                                                    <\/div>\r\n\r\n                        <!-- Bot\u00f3n de producto  -->\r\n                        <div>\r\n                            <span class=\"price-claim\">\r\n                                VER PRECIO                            <\/span>\r\n                        <\/div>\r\n                    <\/a>\r\n                                    <a href=\"https:\/\/www.primor.eu\/es_es\/catrice-french-mani-stamper-sello-para-manicura-francesa-115344.html\" class=\"product-item grid-table-rows\" target=\"_blank\">\r\n                        <div>\r\n                            <img decoding=\"async\" class=\"product-img\" width=\"80px\" height=\"80px\" src=\"https:\/\/cdn2.primor.eu\/media\/catalog\/product\/cache\/8d3aba296f7a18b5251ee30fa5db42b2\/4\/0\/4059729490186_bf1a.jpg\" alt=\"French Mani Stamper Sello Para Manicura Francesa\">\r\n                        <\/div>\r\n\r\n                        <!-- Contenido de producto  -->\r\n                        <div>\r\n                            <div class=\"product-position\">\r\n                                #4                            <\/div>\r\n\r\n                            <h2>\r\n                                French Mani Stamper Sello Para Manicura Francesa                            <\/h2>\r\n                        <\/div>\r\n\r\n                        <!-- Imagen y\/o nombre de la marca -->\r\n                        <div>\r\n                                                            <img decoding=\"async\" width=\"70\" src=\"https:\/\/www.primor.eu\/media\/catalog\/category\/catrice.png\" alt=\"\">\r\n                                                    <\/div>\r\n\r\n                        <!-- Puntuaci\u00f3n del producto  -->\r\n                        <div class=\"rating\">\r\n                                                            <div class=\"rate\" style=\"--p:100;\"><\/div>\r\n                                <b>5\/5<\/b>\r\n                                <div class=\"rate-stars\">\r\n                                                                            <div\r\n                                            class=\"rate-star  \">\r\n                                        <\/div>\r\n                                                                            <div\r\n                                            class=\"rate-star  \">\r\n                                        <\/div>\r\n                                                                            <div\r\n                                            class=\"rate-star  \">\r\n                                        <\/div>\r\n                                                                            <div\r\n                                            class=\"rate-star  \">\r\n                                        <\/div>\r\n                                                                            <div\r\n                                            class=\"rate-star  \">\r\n                                        <\/div>\r\n                                                                    <\/div>\r\n                                                    <\/div>\r\n\r\n                        <!-- Bot\u00f3n de producto  -->\r\n                        <div>\r\n                            <span class=\"price-claim\">\r\n                                VER PRECIO                            <\/span>\r\n                        <\/div>\r\n                    <\/a>\r\n                            <\/product-list>\r\n        <\/product-table>\r\n\r\n        \n\n\n\n<h3 class=\"wp-block-heading\">S\u00faper Gel French Manicure de Rimmel<\/h3>\n\n\n\n<p>Innovador esmalte de 2 pasos para un efecto de gel manicura francesa impecable con el sistema Super Gel French Manicure de <strong><a href=\"https:\/\/www.primor.eu\/es_es\/rimmel\">Rimmel<\/a><\/strong>: Resultado profesional de larga duraci\u00f3n de hasta 14 d\u00edas. Sin el uso de la l\u00e1mpara. Se elimina f\u00e1cilmente con cualquier quitaesmalte.<\/p>\n\n\n    <a class='product' target='_blank' href='https:\/\/www.primor.eu\/es_es\/rimmel-super-gel-french-manicure-109708.html?#803=47102'>\r\n        <img loading='async' src='https:\/\/cdn2.primor.eu\/media\/catalog\/product\/cache\/8d3aba296f7a18b5251ee30fa5db42b2\/0\/M\/0MM11207_1_7bda.jpg' alt='COMPRAR AHORA'>\r\n            <div class=\"claim\">\r\n                COMPRAR AHORA            <\/div>\r\n        <\/a>\r\n    \n\n\n\n<h3 class=\"wp-block-heading\">Set Esmaltes de U\u00f1as Mi Manicura Francesa de Beter<\/h3>\n\n\n\n<p>Set de esmaltes Youth color en tonos nude, perfectos para una manicura francesa. Veganos. Brillo extraordinario. Alta duraci\u00f3n. El kit contiene los siguientes tonos:<\/p>\n\n\n\n<ul class=\"wp-block-list\">\n<li>061 White French<\/li>\n\n\n\n<li>062 Beige French<\/li>\n\n\n\n<li>063 Pink French<\/li>\n<\/ul>\n\n\n\n<p>El esmalte rejuvenecedor Youth Color protege a tus u\u00f1as del envejecimiento: f\u00f3rmula con Pro-Age Complex muy rico en vitamina C de alto poder antioxidante, \u00e1cido hialur\u00f3nico de efecto antiedad y plancton foto reactivo que protege las u\u00f1as. Con filtro UV.<\/p>\n\n\n    <a class='product' target='_blank' href='https:\/\/www.primor.eu\/es_es\/beter-set-esmaltes-de-unas-mi-manicura-francesa-44506.html'>\r\n        <img loading='async' src='https:\/\/cdn2.primor.eu\/media\/catalog\/product\/cache\/8d3aba296f7a18b5251ee30fa5db42b2\/0\/M\/0MM15904_1_ff41.jpg' alt='COMPRAR AHORA'>\r\n            <div class=\"claim\">\r\n                COMPRAR AHORA            <\/div>\r\n        <\/a>\r\n    \n\n\n\n<h3 class=\"wp-block-heading\">Kit de Iniciaci\u00f3n Manicura de Depend Gel IQ<\/h3>\n\n\n\n<p>Con este Kit tendr\u00e1s todo lo necesario para tener unas u\u00f1as perfectas. El Kit Start Kit de Depend Gel iQ incluye l\u00e1mpara LED\/UV. Nuevo sistema de esmaltado gel semipermanente con f\u00f3rmula inteligente. Aplicaci\u00f3n r\u00e1pida y sencilla que proporciona un resultado superbrillante, con un efecto voluminizador distinto al del esmalte convencional. F\u00e1cil de retirar.<\/p>\n\n\n\n<p>Contenido:<\/p>\n\n\n\n<p>- 5 ml de Base Coat.<\/p>\n\n\n\n<p>- 5 ml de Top Coat.<\/p>\n\n\n\n<p>- 25 ml de Pre-Cleanser.<\/p>\n\n\n\n<p>- 25 ml de High Shine Cleanser.<\/p>\n\n\n\n<p>- 1 lima de u\u00f1as.<\/p>\n\n\n\n<p>- 1 palito de naranjo.<\/p>\n\n\n\n<p>- 1 l\u00e1mpara LED\/UV con adaptador e instrucciones de uso.<\/p>\n\n\n\n<p>El kit de inicio contiene todo lo necesario, excepto tu esmalte color favorito y los productos para retirarlo, que se venden por separado.<\/p>\n\n\n    <a class='product' target='_blank' href='https:\/\/www.primor.eu\/es_es\/depend-gel-iq-kit-de-iniciacion-manicura-39857.html'>\r\n        <img loading='async' src='https:\/\/cdn2.primor.eu\/media\/catalog\/product\/cache\/8d3aba296f7a18b5251ee30fa5db42b2\/6\/V\/6VA26117_1_3602.jpg' alt='COMPRAR AHORA'>\r\n            <div class=\"claim\">\r\n                COMPRAR AHORA            <\/div>\r\n        <\/a>\r\n    \n\n\n\n<h3 class=\"wp-block-heading\">French Mani Stamper Sello para manicura francesa de Catrice<\/h3>\n\n\n\n<p>Puedes crear una manicura francesa similar a la de un sal\u00f3n utilizando el esmalte de u\u00f1as de tu elecci\u00f3n. Despu\u00e9s de cada uso, simplemente elimina los restos de esmalte con una cinta adhesiva para mantener el sello en \u00f3ptimas condiciones. Este sello para manicura francesa es la opci\u00f3n pr\u00e1ctica y eficaz para quienes buscan resultados profesionales sin necesidad de visitar un sal\u00f3n. Adem\u00e1s, <strong><a href=\"https:\/\/www.primor.eu\/es_es\/catrice\">CATRICE <\/a><\/strong>garantiza que este producto es libre de crueldad animal, lo que lo hace ideal para quienes prefieren opciones \u00e9ticas en su rutina de belleza.<\/p>\n\n\n    <a class='product' target='_blank' href='https:\/\/www.primor.eu\/es_es\/catrice-french-mani-stamper-sello-para-manicura-francesa-115344.html'>\r\n        <img loading='async' src='https:\/\/cdn2.primor.eu\/media\/catalog\/product\/cache\/8d3aba296f7a18b5251ee30fa5db42b2\/4\/0\/4059729490186_bf1a.jpg' alt='COMPRAR AHORA'>\r\n            <div class=\"claim\">\r\n                COMPRAR AHORA            <\/div>\r\n        <\/a>\r\n    \n\n\n<div class=\"kk-star-ratings kksr-auto kksr-align-center kksr-valign-bottom\"\n    data-payload='{&quot;align&quot;:&quot;center&quot;,&quot;id&quot;:&quot;108410&quot;,&quot;slug&quot;:&quot;default&quot;,&quot;valign&quot;:&quot;bottom&quot;,&quot;ignore&quot;:&quot;&quot;,&quot;reference&quot;:&quot;auto&quot;,&quot;class&quot;:&quot;&quot;,&quot;count&quot;:&quot;0&quot;,&quot;legendonly&quot;:&quot;&quot;,&quot;readonly&quot;:&quot;&quot;,&quot;score&quot;:&quot;0&quot;,&quot;starsonly&quot;:&quot;&quot;,&quot;best&quot;:&quot;5&quot;,&quot;gap&quot;:&quot;5&quot;,&quot;greet&quot;:&quot;Valora este art\u00edculo&quot;,&quot;legend&quot;:&quot;0\\\/5 - (0 votos)&quot;,&quot;size&quot;:&quot;24&quot;,&quot;title&quot;:&quot;Perfecta para u\u00f1as largas y cortas: la manicura baby boomer es tendencia en 2026&quot;,&quot;width&quot;:&quot;0&quot;,&quot;_legend&quot;:&quot;{score}\\\/{best} - ({count} {votes})&quot;,&quot;font_factor&quot;:&quot;1.25&quot;}'>\n            \n<div class=\"kksr-stars\">\n    \n<div class=\"kksr-stars-inactive\">\n            <div class=\"kksr-star\" data-star=\"1\" style=\"padding-right: 5px\">\n            \n\n<div class=\"kksr-icon\" style=\"width: 24px; height: 24px;\"><\/div>\n        <\/div>\n            <div class=\"kksr-star\" data-star=\"2\" style=\"padding-right: 5px\">\n            \n\n<div class=\"kksr-icon\" style=\"width: 24px; height: 24px;\"><\/div>\n        <\/div>\n            <div class=\"kksr-star\" data-star=\"3\" style=\"padding-right: 5px\">\n            \n\n<div class=\"kksr-icon\" style=\"width: 24px; height: 24px;\"><\/div>\n        <\/div>\n            <div class=\"kksr-star\" data-star=\"4\" style=\"padding-right: 5px\">\n            \n\n<div class=\"kksr-icon\" style=\"width: 24px; height: 24px;\"><\/div>\n        <\/div>\n            <div class=\"kksr-star\" data-star=\"5\" style=\"padding-right: 5px\">\n            \n\n<div class=\"kksr-icon\" style=\"width: 24px; height: 24px;\"><\/div>\n        <\/div>\n    <\/div>\n    \n<div class=\"kksr-stars-active\" style=\"width: 0px;\">\n            <div class=\"kksr-star\" style=\"padding-right: 5px\">\n            \n\n<div class=\"kksr-icon\" style=\"width: 24px; height: 24px;\"><\/div>\n        <\/div>\n            <div class=\"kksr-star\" style=\"padding-right: 5px\">\n            \n\n<div class=\"kksr-icon\" style=\"width: 24px; height: 24px;\"><\/div>\n        <\/div>\n            <div class=\"kksr-star\" style=\"padding-right: 5px\">\n            \n\n<div class=\"kksr-icon\" style=\"width: 24px; height: 24px;\"><\/div>\n        <\/div>\n            <div class=\"kksr-star\" style=\"padding-right: 5px\">\n            \n\n<div class=\"kksr-icon\" style=\"width: 24px; height: 24px;\"><\/div>\n        <\/div>\n            <div class=\"kksr-star\" style=\"padding-right: 5px\">\n            \n\n<div class=\"kksr-icon\" style=\"width: 24px; height: 24px;\"><\/div>\n        <\/div>\n    <\/div>\n<\/div>\n                \n\n<div class=\"kksr-legend\" style=\"font-size: 19.2px;\">\n            <span class=\"kksr-muted\">Valora este art\u00edculo<\/span>\n    <\/div>\n    <\/div>\n","protected":false},"excerpt":{"rendered":"<p>Las u\u00f1as baby boomer son una tendencia de manicura de lo m\u00e1s natural. Esta t\u00e9cnica es una derivada de la manicura francesa, que ya de por s\u00ed es la m\u00e1s natural que existe cuando hablamos de utilizar esmalte. En las u\u00f1as baby boomer, la diferencia es que la l\u00ednea que se marca en la manicura [&hellip;]<\/p>\n","protected":false},"author":30,"featured_media":108414,"comment_status":"closed","ping_status":"closed","sticky":false,"template":"","format":"standard","meta":{"jnews-multi-image_gallery":[],"jnews_single_post":{"subtitle":"","format":"standard","video":"","gallery":"","source_name":"","source_url":"","via_name":"","via_url":"","override_template":"0","override":[{"template":"1","single_blog_custom":"","parallax":"1","fullscreen":"1","layout":"right-sidebar","sidebar":"home-2","second_sidebar":"default-sidebar","sticky_sidebar":"0","share_position":"float","share_float_style":"share-monocrhome","show_share_counter":"0","show_view_counter":"0","show_featured":"1","show_post_meta":"1","show_post_author":"0","show_post_author_image":"1","show_post_date":"1","post_date_format":"default","post_date_format_custom":"Y\/m\/d","show_post_category":"1","show_post_reading_time":"0","post_reading_time_wpm":"300","show_zoom_button":"0","zoom_button_out_step":"2","zoom_button_in_step":"3","show_post_tag":"0","show_prev_next_post":"0","show_popup_post":"0","number_popup_post":"2","show_author_box":"0","show_post_related":"0","show_inline_post_related":"1"}],"override_image_size":"0","image_override":[{"single_post_thumbnail_size":"no-crop","single_post_gallery_size":"crop-500"}],"trending_post":"0","trending_post_position":"meta","trending_post_label":"Trending","sponsored_post":"0","sponsored_post_label":"Sponsored by","sponsored_post_name":"","sponsored_post_url":"","sponsored_post_logo_enable":"0","sponsored_post_logo":"","sponsored_post_desc":"","disable_ad":"0"},"jnews_primary_category":{"id":"","hide":""},"jnews_social_meta":{"fb_title":"","fb_description":"","fb_image":"","twitter_title":"","twitter_description":"","twitter_image":""},"jnews_override_counter":{"override_view_counter":"0","view_counter_number":"0","override_share_counter":"0","share_counter_number":"0","override_like_counter":"0","like_counter_number":"0","override_dislike_counter":"0","dislike_counter_number":"0"},"footnotes":""},"categories":[1831],"tags":[],"class_list":["post-108410","post","type-post","status-publish","format-standard","has-post-thumbnail","hentry","category-manicuras"],"_links":{"self":[{"href":"https:\/\/www.primor.eu\/blog\/wp-json\/wp\/v2\/posts\/108410","targetHints":{"allow":["GET"]}}],"collection":[{"href":"https:\/\/www.primor.eu\/blog\/wp-json\/wp\/v2\/posts"}],"about":[{"href":"https:\/\/www.primor.eu\/blog\/wp-json\/wp\/v2\/types\/post"}],"author":[{"embeddable":true,"href":"https:\/\/www.primor.eu\/blog\/wp-json\/wp\/v2\/users\/30"}],"replies":[{"embeddable":true,"href":"https:\/\/www.primor.eu\/blog\/wp-json\/wp\/v2\/comments?post=108410"}],"version-history":[{"count":5,"href":"https:\/\/www.primor.eu\/blog\/wp-json\/wp\/v2\/posts\/108410\/revisions"}],"predecessor-version":[{"id":141893,"href":"https:\/\/www.primor.eu\/blog\/wp-json\/wp\/v2\/posts\/108410\/revisions\/141893"}],"wp:featuredmedia":[{"embeddable":true,"href":"https:\/\/www.primor.eu\/blog\/wp-json\/wp\/v2\/media\/108414"}],"wp:attachment":[{"href":"https:\/\/www.primor.eu\/blog\/wp-json\/wp\/v2\/media?parent=108410"}],"wp:term":[{"taxonomy":"category","embeddable":true,"href":"https:\/\/www.primor.eu\/blog\/wp-json\/wp\/v2\/categories?post=108410"},{"taxonomy":"post_tag","embeddable":true,"href":"https:\/\/www.primor.eu\/blog\/wp-json\/wp\/v2\/tags?post=108410"}],"curies":[{"name":"wp","href":"https:\/\/api.w.org\/{rel}","templated":true}]}}