{"id":108287,"date":"2025-10-27T07:02:10","date_gmt":"2025-10-27T07:02:10","guid":{"rendered":"https:\/\/www.primor.eu\/blog\/?p=108287"},"modified":"2026-01-29T08:55:40","modified_gmt":"2026-01-29T08:55:40","slug":"mejores-serums-antiedad-pieles-con-rosacea","status":"publish","type":"post","link":"https:\/\/www.primor.eu\/blog\/mejores-serums-antiedad-pieles-con-rosacea\/","title":{"rendered":"Los 4 mejores s\u00e9rums antiedad para pieles con ros\u00e1cea en 2026"},"content":{"rendered":"\n<p>Quien avisa, no es traidor: los <a href=\"https:\/\/www.primor.eu\/es_es\/serums\">s\u00e9rums antiedad<\/a> para piel con <a href=\"https:\/\/www.primor.eu\/blog\/piel-rosacea\/\">ros\u00e1cea<\/a> deben formularse cuidadosamente para abordar las preocupaciones relacionadas con el envejecimiento de la piel sin causar irritaci\u00f3n adicional o empeorar los s\u00edntomas de la ros\u00e1cea. Te contamos c\u00f3mo deben ser los <strong>s\u00e9rums antiedad para pieles con ros\u00e1cea<\/strong> y las mejores que puedes encontrar en Primor.\u00a0<\/p>\n\n\n\n<h2 class=\"wp-block-heading\">C\u00f3mo tienen que ser los s\u00e9rums antiedad para pieles con ros\u00e1cea<\/h2>\n\n\n\n<ul class=\"wp-block-list\">\n<li><strong>F\u00f3rmula suave y calmante <\/strong>para la piel sensible con ros\u00e1cea. Deben estar libres de fragancias, alcohol y otros irritantes conocidos que puedan desencadenar brotes o enrojecimiento.<\/li>\n\n\n\n<li><strong>Ingredientes calmantes y antiinflamatorios. <\/strong>Busca s\u00e9rums que contengan ingredientes como aloe vera, bisabolol, extracto de camomila, t\u00e9 verde o centella asi\u00e1tica. Estos ingredientes ayudan a reducir la inflamaci\u00f3n y el enrojecimiento caracter\u00edsticos de la ros\u00e1cea.<\/li>\n\n\n\n<li><strong>Hidrataci\u00f3n intensiva. <\/strong>La piel con ros\u00e1cea tiende a ser seca y deshidratada. Los s\u00e9rums antiedad deben proporcionar una hidrataci\u00f3n intensa y duradera para fortalecer la barrera cut\u00e1nea y mejorar la textura de la piel.<\/li>\n\n\n\n<li><strong>Antioxidantes protectores. <\/strong>Los antioxidantes como la vitamina C, la vitamina E, el resveratrol o el extracto de t\u00e9 verde protegen la piel del estr\u00e9s oxidativo y los da\u00f1os ambientales, promoviendo una piel m\u00e1s saludable y rejuvenecida.<\/li>\n\n\n\n<li><strong>Ausencia de ingredientes agresivos. <\/strong>Evita s\u00e9rums que contengan ingredientes agresivos como \u00e1cidos exfoliantes (\u00e1cido glic\u00f3lico, \u00e1cido salic\u00edlico) o retinoides en concentraciones altas, ya que pueden irritar la piel sensible con ros\u00e1cea.<\/li>\n<\/ul>\n\n\n\n<h2 class=\"wp-block-heading\">Mejores s\u00e9rums antiedad para pieles con ros\u00e1cea<\/h2>\n\n\n        <product-table class=\"pr-slider\">\r\n            <product-headers class=\"grid-table-rows\">\r\n                <div>Foto<\/div>\r\n                <div>Producto<\/div>\r\n                <div>Marca<\/div>\r\n                <div>Valoraciones<\/div>\r\n                <div>Precio<\/div>\r\n            <\/product-headers>\r\n\r\n            <product-list>\r\n                                    <a href=\"https:\/\/www.primor.eu\/es_es\/sesderma-azelac-ru-serum-liposomado-14417.html\" class=\"product-item grid-table-rows\" target=\"_blank\">\r\n                        <div>\r\n                            <img decoding=\"async\" class=\"product-img\" width=\"80px\" height=\"80px\" src=\"https:\/\/www.primor.eu\/blog\/wp-content\/uploads\/2023\/11\/6XS06183_1_26c7.jpg\" alt=\"Sesderma Azelac Ru Serum Liposomado\">\r\n                        <\/div>\r\n\r\n                        <!-- Contenido de producto  -->\r\n                        <div>\r\n                            <div class=\"product-position\">\r\n                                #1 Top Ventas                            <\/div>\r\n\r\n                            <h2>\r\n                                Sesderma Azelac Ru Serum Liposomado                            <\/h2>\r\n                        <\/div>\r\n\r\n                        <!-- Imagen y\/o nombre de la marca -->\r\n                        <div>\r\n                                                            <img decoding=\"async\" width=\"70\" src=\"https:\/\/www.primor.eu\/blog\/wp-content\/uploads\/2023\/08\/sesderma.jpg\" alt=\"84454\">\r\n                                                    <\/div>\r\n\r\n                        <!-- Puntuaci\u00f3n del producto  -->\r\n                        <div class=\"rating\">\r\n                                                            <div class=\"rate\" style=\"--p:91.8;\"><\/div>\r\n                                <b>4.59\/5<\/b>\r\n                                <div class=\"rate-stars\">\r\n                                                                            <div\r\n                                            class=\"rate-star  \">\r\n                                        <\/div>\r\n                                                                            <div\r\n                                            class=\"rate-star  \">\r\n                                        <\/div>\r\n                                                                            <div\r\n                                            class=\"rate-star  \">\r\n                                        <\/div>\r\n                                                                            <div\r\n                                            class=\"rate-star  \">\r\n                                        <\/div>\r\n                                                                            <div\r\n                                            class=\"rate-star  \">\r\n                                        <\/div>\r\n                                                                    <\/div>\r\n                                                    <\/div>\r\n\r\n                        <!-- Bot\u00f3n de producto  -->\r\n                        <div>\r\n                            <span class=\"price-claim\">\r\n                                VER PRECIO                            <\/span>\r\n                        <\/div>\r\n                    <\/a>\r\n                                    <a href=\"https:\/\/www.primor.eu\/es_es\/vichy-mineral-89-18711.html\" class=\"product-item grid-table-rows\" target=\"_blank\">\r\n                        <div>\r\n                            <img decoding=\"async\" class=\"product-img\" width=\"80px\" height=\"80px\" src=\"https:\/\/www.primor.eu\/blog\/wp-content\/uploads\/2024\/06\/3337875609418_9f9c.jpg\" alt=\"Vichy Mineral 89\">\r\n                        <\/div>\r\n\r\n                        <!-- Contenido de producto  -->\r\n                        <div>\r\n                            <div class=\"product-position\">\r\n                                #2                            <\/div>\r\n\r\n                            <h2>\r\n                                Vichy Mineral 89                            <\/h2>\r\n                        <\/div>\r\n\r\n                        <!-- Imagen y\/o nombre de la marca -->\r\n                        <div>\r\n                                                            <img decoding=\"async\" width=\"70\" src=\"https:\/\/www.primor.eu\/blog\/wp-content\/uploads\/2023\/08\/vichy.png\" alt=\"84283\">\r\n                                                    <\/div>\r\n\r\n                        <!-- Puntuaci\u00f3n del producto  -->\r\n                        <div class=\"rating\">\r\n                                                            <div class=\"rate\" style=\"--p:97.6;\"><\/div>\r\n                                <b>4.88\/5<\/b>\r\n                                <div class=\"rate-stars\">\r\n                                                                            <div\r\n                                            class=\"rate-star  \">\r\n                                        <\/div>\r\n                                                                            <div\r\n                                            class=\"rate-star  \">\r\n                                        <\/div>\r\n                                                                            <div\r\n                                            class=\"rate-star  \">\r\n                                        <\/div>\r\n                                                                            <div\r\n                                            class=\"rate-star  \">\r\n                                        <\/div>\r\n                                                                            <div\r\n                                            class=\"rate-star  \">\r\n                                        <\/div>\r\n                                                                    <\/div>\r\n                                                    <\/div>\r\n\r\n                        <!-- Bot\u00f3n de producto  -->\r\n                        <div>\r\n                            <span class=\"price-claim\">\r\n                                VER PRECIO                            <\/span>\r\n                        <\/div>\r\n                    <\/a>\r\n                                    <a href=\"https:\/\/www.primor.eu\/es_es\/isdin-isdinceutics-hyaluronic-concentrate-serum-60935.html\" class=\"product-item grid-table-rows\" target=\"_blank\">\r\n                        <div>\r\n                            <img decoding=\"async\" class=\"product-img\" width=\"80px\" height=\"80px\" src=\"https:\/\/www.primor.eu\/blog\/wp-content\/uploads\/2023\/12\/M_6XS13333_1_df0c.jpg\" alt=\"Isdin Serum Hidratante Isdinceutics Hyaluronic Concentrate\">\r\n                        <\/div>\r\n\r\n                        <!-- Contenido de producto  -->\r\n                        <div>\r\n                            <div class=\"product-position\">\r\n                                #3                            <\/div>\r\n\r\n                            <h2>\r\n                                Isdin Serum Hidratante Isdinceutics Hyaluronic Concentrate                            <\/h2>\r\n                        <\/div>\r\n\r\n                        <!-- Imagen y\/o nombre de la marca -->\r\n                        <div>\r\n                                                            <img decoding=\"async\" width=\"70\" src=\"https:\/\/www.primor.eu\/blog\/wp-content\/uploads\/2023\/08\/isdin.png\" alt=\"84480\">\r\n                                                    <\/div>\r\n\r\n                        <!-- Puntuaci\u00f3n del producto  -->\r\n                        <div class=\"rating\">\r\n                                                            <div class=\"rate\" style=\"--p:100;\"><\/div>\r\n                                <b>5\/5<\/b>\r\n                                <div class=\"rate-stars\">\r\n                                                                            <div\r\n                                            class=\"rate-star  \">\r\n                                        <\/div>\r\n                                                                            <div\r\n                                            class=\"rate-star  \">\r\n                                        <\/div>\r\n                                                                            <div\r\n                                            class=\"rate-star  \">\r\n                                        <\/div>\r\n                                                                            <div\r\n                                            class=\"rate-star  \">\r\n                                        <\/div>\r\n                                                                            <div\r\n                                            class=\"rate-star  \">\r\n                                        <\/div>\r\n                                                                    <\/div>\r\n                                                    <\/div>\r\n\r\n                        <!-- Bot\u00f3n de producto  -->\r\n                        <div>\r\n                            <span class=\"price-claim\">\r\n                                VER PRECIO                            <\/span>\r\n                        <\/div>\r\n                    <\/a>\r\n                                    <a href=\"https:\/\/www.primor.eu\/es_es\/la-roche-posay-hyalu-b5-acido-hyaluronico-serum-15403.html\" class=\"product-item grid-table-rows\" target=\"_blank\">\r\n                        <div>\r\n                            <img decoding=\"async\" class=\"product-img\" width=\"80px\" height=\"80px\" src=\"https:\/\/www.primor.eu\/blog\/wp-content\/uploads\/2024\/06\/3337875583626_15b8.jpg\" alt=\"La Roche-Posay Serum \u00c1cido Hialur\u00f3nico Hyalu B5 - S\u00e9rum Concentrado Anti Arrugas\">\r\n                        <\/div>\r\n\r\n                        <!-- Contenido de producto  -->\r\n                        <div>\r\n                            <div class=\"product-position\">\r\n                                #4                            <\/div>\r\n\r\n                            <h2>\r\n                                La Roche-Posay Serum \u00c1cido Hialur\u00f3nico Hyalu B5 - S\u00e9rum Concentrado Anti Arrugas                            <\/h2>\r\n                        <\/div>\r\n\r\n                        <!-- Imagen y\/o nombre de la marca -->\r\n                        <div>\r\n                                                            <img decoding=\"async\" width=\"70\" src=\"https:\/\/www.primor.eu\/blog\/wp-content\/uploads\/2023\/07\/la-roche-posay.png\" alt=\"83041\">\r\n                                                    <\/div>\r\n\r\n                        <!-- Puntuaci\u00f3n del producto  -->\r\n                        <div class=\"rating\">\r\n                                                            <div class=\"rate\" style=\"--p:92.8;\"><\/div>\r\n                                <b>4.64\/5<\/b>\r\n                                <div class=\"rate-stars\">\r\n                                                                            <div\r\n                                            class=\"rate-star  \">\r\n                                        <\/div>\r\n                                                                            <div\r\n                                            class=\"rate-star  \">\r\n                                        <\/div>\r\n                                                                            <div\r\n                                            class=\"rate-star  \">\r\n                                        <\/div>\r\n                                                                            <div\r\n                                            class=\"rate-star  \">\r\n                                        <\/div>\r\n                                                                            <div\r\n                                            class=\"rate-star  \">\r\n                                        <\/div>\r\n                                                                    <\/div>\r\n                                                    <\/div>\r\n\r\n                        <!-- Bot\u00f3n de producto  -->\r\n                        <div>\r\n                            <span class=\"price-claim\">\r\n                                VER PRECIO                            <\/span>\r\n                        <\/div>\r\n                    <\/a>\r\n                            <\/product-list>\r\n        <\/product-table>\r\n\r\n        \n\n\n\n<h3 class=\"wp-block-heading\">Azelac Ru Serum Liposomado de Sesderma<\/h3>\n\n\n\n<p>\u00bfY si te dijera que el \u00e1cido azelaico es uno de los mayores aliados cosm\u00e9ticos contra la ros\u00e1cea? Muchos dermat\u00f3logos recomiendan s\u00e9rums que incluyen este \u00e1cido en lugar del \u00e1cido glic\u00f3lico, como este que os presentamos a continuaci\u00f3n. Es un producto despigmentante para acabar con las manchas y el tono desigual, pero a su vez disminuye las rojeces de las pieles con ros\u00e1cea de forma muy efectiva.<\/p>\n\n\n    <a class='product' target='_blank' href='https:\/\/www.primor.eu\/es_es\/sesderma-azelac-ru-serum-liposomado-14417.html'>\r\n        <img loading='async' src='https:\/\/cdn2.primor.eu\/media\/catalog\/product\/cache\/8d3aba296f7a18b5251ee30fa5db42b2\/8\/4\/8429979208040_3c20.jpg' alt='COMPRAR AHORA'>\r\n            <div class=\"claim\">\r\n                COMPRAR AHORA            <\/div>\r\n        <\/a>\r\n    \n\n\n\n<h3 class=\"wp-block-heading\">Mineral 89 de Vichy<\/h3>\n\n\n\n<p>La ros\u00e1cea y el \u00e1cido hialur\u00f3nico pueden llevarse tremendamente bien. La f\u00f3rmula de Mineral 89 de Vichy contiene \u00c1cido Hialur\u00f3nico de origen natural y un 89% del Agua Termal Mineralizante de Vichy, dos ingredientes que lo convierten en un hidratante facial apto para todo tipo de pieles. Adem\u00e1s, Vichy Mineral 89 no contiene siliconas, ni parabenos ni perfume. Es el cosm\u00e9tico perfecto para todo aquel que busque m\u00e1s por menos.<\/p>\n\n\n    <a class='product' target='_blank' href='https:\/\/www.primor.eu\/es_es\/vichy-mineral-89-106600.html?#854=66330'>\r\n        <img loading='async' src='https:\/\/cdn2.primor.eu\/media\/catalog\/product\/cache\/8d3aba296f7a18b5251ee30fa5db42b2\/3\/3\/3337875543248_3a8f.jpg' alt='COMPRAR AHORA'>\r\n            <div class=\"claim\">\r\n                COMPRAR AHORA            <\/div>\r\n        <\/a>\r\n    \n\n\n\n<h3 class=\"wp-block-heading\">Isdinceutics Hyaluronic Concentrate Serum de ISDIN<\/h3>\n\n\n\n<p>Proporciona una hidrataci\u00f3n intensa y ayuda a mantener la funci\u00f3n barrera de la piel a la par que aporta el ansiado efecto \u201cplump\u201d. \u00bfEso qu\u00e9 es? Un efecto de relleno parecido al que se consigue inyectando el \u00e1cido hialur\u00f3nico a trav\u00e9s de rellenos faciales. De esta manera se redensifica la piel desde dentro, rellenando las arrugas para conseguir una piel m\u00e1s tersa, firme y con un mejor tono. Adem\u00e1s mejora la apariencia de la piel al reducir los poros.<\/p>\n\n\n    <a class='product' target='_blank' href='https:\/\/www.primor.eu\/es_es\/isdin-serum-hidratante-isdinceutics-hyaluronic-concentrate-106645.html?#863=67055'>\r\n        <img loading='async' src='https:\/\/cdn2.primor.eu\/media\/catalog\/product\/cache\/8d3aba296f7a18b5251ee30fa5db42b2\/i\/m\/img_6XS13333_1_7ba5.jpg' alt='COMPRAR AHORA'>\r\n            <div class=\"claim\">\r\n                COMPRAR AHORA            <\/div>\r\n        <\/a>\r\n    \n\n\n\n<h3 class=\"wp-block-heading\">Hyalu B5 \u00c1cido Hialur\u00f3nico S\u00e9rum de La Roche Posay<\/h3>\n\n\n\n<p>Estamos ante un s\u00e9rum dermatol\u00f3gico antiarrugas que hidrata, repara y rellena la piel al mismo tiempo que suaviza arrugas y l\u00edneas de expresi\u00f3n. Su f\u00f3rmula a\u00fana \u00e1cido hialur\u00f3nico y vitamina B5 que repara tu dermis desde el interior dando como resultado un rostro hidratado, suave y visiblemente m\u00e1s joven y luminoso.<\/p>\n\n\n    <a class='product' target='_blank' href='https:\/\/www.primor.eu\/es_es\/la-roche-posay-hyalu-b5-acido-hyaluronico-serum-15403.html'>\r\n        <img loading='async' src='https:\/\/cdn2.primor.eu\/media\/catalog\/product\/cache\/8d3aba296f7a18b5251ee30fa5db42b2\/3\/3\/3337875583626_15b8.jpg' alt='COMPRAR AHORA'>\r\n            <div class=\"claim\">\r\n                COMPRAR AHORA            <\/div>\r\n        <\/a>\r\n    \n\n\n<div class=\"kk-star-ratings kksr-auto kksr-align-center kksr-valign-bottom\"\n    data-payload='{&quot;align&quot;:&quot;center&quot;,&quot;id&quot;:&quot;108287&quot;,&quot;slug&quot;:&quot;default&quot;,&quot;valign&quot;:&quot;bottom&quot;,&quot;ignore&quot;:&quot;&quot;,&quot;reference&quot;:&quot;auto&quot;,&quot;class&quot;:&quot;&quot;,&quot;count&quot;:&quot;48&quot;,&quot;legendonly&quot;:&quot;&quot;,&quot;readonly&quot;:&quot;&quot;,&quot;score&quot;:&quot;3&quot;,&quot;starsonly&quot;:&quot;&quot;,&quot;best&quot;:&quot;5&quot;,&quot;gap&quot;:&quot;5&quot;,&quot;greet&quot;:&quot;Valora este art\u00edculo&quot;,&quot;legend&quot;:&quot;3\\\/5 - (48 votos)&quot;,&quot;size&quot;:&quot;24&quot;,&quot;title&quot;:&quot;Los 4 mejores s\u00e9rums antiedad para pieles con ros\u00e1cea en 2026&quot;,&quot;width&quot;:&quot;84.5&quot;,&quot;_legend&quot;:&quot;{score}\\\/{best} - ({count} {votes})&quot;,&quot;font_factor&quot;:&quot;1.25&quot;}'>\n            \n<div class=\"kksr-stars\">\n    \n<div class=\"kksr-stars-inactive\">\n            <div class=\"kksr-star\" data-star=\"1\" style=\"padding-right: 5px\">\n            \n\n<div class=\"kksr-icon\" style=\"width: 24px; height: 24px;\"><\/div>\n        <\/div>\n            <div class=\"kksr-star\" data-star=\"2\" style=\"padding-right: 5px\">\n            \n\n<div class=\"kksr-icon\" style=\"width: 24px; height: 24px;\"><\/div>\n        <\/div>\n            <div class=\"kksr-star\" data-star=\"3\" style=\"padding-right: 5px\">\n            \n\n<div class=\"kksr-icon\" style=\"width: 24px; height: 24px;\"><\/div>\n        <\/div>\n            <div class=\"kksr-star\" data-star=\"4\" style=\"padding-right: 5px\">\n            \n\n<div class=\"kksr-icon\" style=\"width: 24px; height: 24px;\"><\/div>\n        <\/div>\n            <div class=\"kksr-star\" data-star=\"5\" style=\"padding-right: 5px\">\n            \n\n<div class=\"kksr-icon\" style=\"width: 24px; height: 24px;\"><\/div>\n        <\/div>\n    <\/div>\n    \n<div class=\"kksr-stars-active\" style=\"width: 84.5px;\">\n            <div class=\"kksr-star\" style=\"padding-right: 5px\">\n            \n\n<div class=\"kksr-icon\" style=\"width: 24px; height: 24px;\"><\/div>\n        <\/div>\n            <div class=\"kksr-star\" style=\"padding-right: 5px\">\n            \n\n<div class=\"kksr-icon\" style=\"width: 24px; height: 24px;\"><\/div>\n        <\/div>\n            <div class=\"kksr-star\" style=\"padding-right: 5px\">\n            \n\n<div class=\"kksr-icon\" style=\"width: 24px; height: 24px;\"><\/div>\n        <\/div>\n            <div class=\"kksr-star\" style=\"padding-right: 5px\">\n            \n\n<div class=\"kksr-icon\" style=\"width: 24px; height: 24px;\"><\/div>\n        <\/div>\n            <div class=\"kksr-star\" style=\"padding-right: 5px\">\n            \n\n<div class=\"kksr-icon\" style=\"width: 24px; height: 24px;\"><\/div>\n        <\/div>\n    <\/div>\n<\/div>\n                \n\n<div class=\"kksr-legend\" style=\"font-size: 19.2px;\">\n            3\/5 - (48 votos)    <\/div>\n    <\/div>\n","protected":false},"excerpt":{"rendered":"<p>Quien avisa, no es traidor: los s\u00e9rums antiedad para piel con ros\u00e1cea deben formularse cuidadosamente para abordar las preocupaciones relacionadas con el envejecimiento de la piel sin causar irritaci\u00f3n adicional o empeorar los s\u00edntomas de la ros\u00e1cea. Te contamos c\u00f3mo deben ser los s\u00e9rums antiedad para pieles con ros\u00e1cea y las mejores que puedes encontrar [&hellip;]<\/p>\n","protected":false},"author":14,"featured_media":108315,"comment_status":"closed","ping_status":"closed","sticky":false,"template":"","format":"standard","meta":{"jnews-multi-image_gallery":[],"jnews_single_post":{"subtitle":"","format":"standard","video":"","gallery":"","source_name":"","source_url":"","via_name":"","via_url":"","override_template":"0","override":[{"template":"1","single_blog_custom":"","parallax":"1","fullscreen":"1","layout":"right-sidebar","sidebar":"home-2","second_sidebar":"default-sidebar","sticky_sidebar":"0","share_position":"float","share_float_style":"share-monocrhome","show_share_counter":"0","show_view_counter":"0","show_featured":"1","show_post_meta":"1","show_post_author":"0","show_post_author_image":"1","show_post_date":"1","post_date_format":"default","post_date_format_custom":"Y\/m\/d","show_post_category":"1","show_post_reading_time":"0","post_reading_time_wpm":"300","show_zoom_button":"0","zoom_button_out_step":"2","zoom_button_in_step":"3","show_post_tag":"0","show_prev_next_post":"0","show_popup_post":"0","number_popup_post":"2","show_author_box":"0","show_post_related":"0","show_inline_post_related":"1"}],"override_image_size":"0","image_override":[{"single_post_thumbnail_size":"no-crop","single_post_gallery_size":"crop-500"}],"trending_post":"0","trending_post_position":"meta","trending_post_label":"Trending","sponsored_post":"0","sponsored_post_label":"Sponsored by","sponsored_post_name":"","sponsored_post_url":"","sponsored_post_logo_enable":"0","sponsored_post_logo":"","sponsored_post_desc":"","disable_ad":"0"},"jnews_primary_category":{"id":"","hide":""},"jnews_social_meta":{"fb_title":"","fb_description":"","fb_image":"","twitter_title":"","twitter_description":"","twitter_image":""},"jnews_override_counter":{"override_view_counter":"0","view_counter_number":"0","override_share_counter":"0","share_counter_number":"0","override_like_counter":"0","like_counter_number":"0","override_dislike_counter":"0","dislike_counter_number":"0"},"footnotes":""},"categories":[29],"tags":[],"class_list":["post-108287","post","type-post","status-publish","format-standard","has-post-thumbnail","hentry","category-cosmetica"],"_links":{"self":[{"href":"https:\/\/www.primor.eu\/blog\/wp-json\/wp\/v2\/posts\/108287","targetHints":{"allow":["GET"]}}],"collection":[{"href":"https:\/\/www.primor.eu\/blog\/wp-json\/wp\/v2\/posts"}],"about":[{"href":"https:\/\/www.primor.eu\/blog\/wp-json\/wp\/v2\/types\/post"}],"author":[{"embeddable":true,"href":"https:\/\/www.primor.eu\/blog\/wp-json\/wp\/v2\/users\/14"}],"replies":[{"embeddable":true,"href":"https:\/\/www.primor.eu\/blog\/wp-json\/wp\/v2\/comments?post=108287"}],"version-history":[{"count":4,"href":"https:\/\/www.primor.eu\/blog\/wp-json\/wp\/v2\/posts\/108287\/revisions"}],"predecessor-version":[{"id":138306,"href":"https:\/\/www.primor.eu\/blog\/wp-json\/wp\/v2\/posts\/108287\/revisions\/138306"}],"wp:featuredmedia":[{"embeddable":true,"href":"https:\/\/www.primor.eu\/blog\/wp-json\/wp\/v2\/media\/108315"}],"wp:attachment":[{"href":"https:\/\/www.primor.eu\/blog\/wp-json\/wp\/v2\/media?parent=108287"}],"wp:term":[{"taxonomy":"category","embeddable":true,"href":"https:\/\/www.primor.eu\/blog\/wp-json\/wp\/v2\/categories?post=108287"},{"taxonomy":"post_tag","embeddable":true,"href":"https:\/\/www.primor.eu\/blog\/wp-json\/wp\/v2\/tags?post=108287"}],"curies":[{"name":"wp","href":"https:\/\/api.w.org\/{rel}","templated":true}]}}