{"id":108275,"date":"2024-07-10T02:30:00","date_gmt":"2024-07-10T02:30:00","guid":{"rendered":"https:\/\/www.primor.eu\/blog\/?p=108275"},"modified":"2024-06-30T13:53:10","modified_gmt":"2024-06-30T13:53:10","slug":"mejores-cremas-faciales-spf-50","status":"publish","type":"post","link":"https:\/\/www.primor.eu\/blog\/mejores-cremas-faciales-spf-50\/","title":{"rendered":"Las 4 mejores cremas faciales con SPF 50"},"content":{"rendered":"\n<p>Son las m\u00e1s recomendadas por los expertos: las<strong> cremas faciales con SPF 50<\/strong>. Y la raz\u00f3n no es otra que ofrecen una protecci\u00f3n significativa contra los da\u00f1os causados por la radiaci\u00f3n ultravioleta (UV) del sol. Adem\u00e1s de que previenen arrugas, manchas y l\u00edneas de expresi\u00f3n. Te contamos cu\u00e1les son las mejores.<\/p>\n\n\n\n<h2 class=\"wp-block-heading\">Beneficios de usar cremas faciales con SPF50<\/h2>\n\n\n\n<ul class=\"wp-block-list\">\n<li><strong>Reducen el riesgo de c\u00e1ncer de piel. <\/strong>La exposici\u00f3n a los rayos UV es una de las principales causas del c\u00e1ncer de piel. Usar una crema con SPF 50 ayuda a proteger tu piel de estos rayos da\u00f1inos, reduciendo significativamente el riesgo de desarrollar c\u00e1ncer de piel, incluido el melanoma.<\/li>\n\n\n\n<li><strong>Previenen el envejecimiento prematuro. <\/strong>Los rayos UV aceleran el proceso de envejecimiento prematuro de la piel, conocido como fotoenvejecimiento, que se manifiesta en forma de arrugas, l\u00edneas finas, manchas solares y p\u00e9rdida de elasticidad. Una crema con SPF 50 protege tu piel de estos efectos da\u00f1inos, ayudando a mantener una apariencia joven por m\u00e1s tiempo.<\/li>\n\n\n\n<li><strong>Evita la aparici\u00f3n de manchas. <\/strong>La exposici\u00f3n al sol puede causar manchas oscuras y decoloraci\u00f3n de la piel. Usar una crema con SPF 50 ayuda a prevenir la aparici\u00f3n de estas manchas, manteniendo un tono de piel m\u00e1s uniforme.<\/li>\n\n\n\n<li><strong>Protege tu piel en cualquier clima. <\/strong>Incluso en d\u00edas nublados o fr\u00edos, los rayos UV pueden penetrar las nubes y afectar tu piel. Una crema facial con SPF 50 asegura que est\u00e9s protegido en todo momento, independientemente del clima.<\/li>\n\n\n\n<li><strong>Aptas para todo tipo de pieles, incluidas las m\u00e1s sensibles.<\/strong> Las pieles sensibles o propensas a las rojeces aman este tipo de cremas por su protecci\u00f3n solar alta. El SPF 50 ayuda a prevenir la irritaci\u00f3n y el enrojecimiento causados por la exposici\u00f3n al sol.<\/li>\n<\/ul>\n\n\n\n<h2 class=\"wp-block-heading\">Las mejores cremas faciales SPF 50<\/h2>\n\n\n        <product-table class=\"pr-slider\">\r\n            <product-headers class=\"grid-table-rows\">\r\n                <div>Foto<\/div>\r\n                <div>Producto<\/div>\r\n                <div>Marca<\/div>\r\n                <div>Valoraciones<\/div>\r\n                <div>Precio<\/div>\r\n            <\/product-headers>\r\n\r\n            <product-list>\r\n                                    <a href=\"https:\/\/www.primor.eu\/es_es\/byphasse-crema-facial-antiedad-spf-50-95203.html\" class=\"product-item grid-table-rows\" target=\"_blank\">\r\n                        <div>\r\n                            <img decoding=\"async\" class=\"product-img\" width=\"80px\" height=\"80px\" src=\"https:\/\/www.primor.eu\/blog\/wp-content\/uploads\/2024\/06\/0TF25360_1_9596.jpg\" alt=\"Byphasse Crema Facial Antiedad SPF 50+\">\r\n                        <\/div>\r\n\r\n                        <!-- Contenido de producto  -->\r\n                        <div>\r\n                            <div class=\"product-position\">\r\n                                #1 Top Ventas                            <\/div>\r\n\r\n                            <h2>\r\n                                Byphasse Crema Facial Antiedad SPF 50+                            <\/h2>\r\n                        <\/div>\r\n\r\n                        <!-- Imagen y\/o nombre de la marca -->\r\n                        <div>\r\n                                                            <img decoding=\"async\" width=\"70\" src=\"https:\/\/www.primor.eu\/blog\/wp-content\/uploads\/2024\/04\/BYphasse_Personalizado_.jpg\" alt=\"100804\">\r\n                                                    <\/div>\r\n\r\n                        <!-- Puntuaci\u00f3n del producto  -->\r\n                        <div class=\"rating\">\r\n                                                            <div class=\"rate\" style=\"--p:94;\"><\/div>\r\n                                <b>4.7\/5<\/b>\r\n                                <div class=\"rate-stars\">\r\n                                                                            <div\r\n                                            class=\"rate-star  \">\r\n                                        <\/div>\r\n                                                                            <div\r\n                                            class=\"rate-star  \">\r\n                                        <\/div>\r\n                                                                            <div\r\n                                            class=\"rate-star  \">\r\n                                        <\/div>\r\n                                                                            <div\r\n                                            class=\"rate-star  \">\r\n                                        <\/div>\r\n                                                                            <div\r\n                                            class=\"rate-star  \">\r\n                                        <\/div>\r\n                                                                    <\/div>\r\n                                                    <\/div>\r\n\r\n                        <!-- Bot\u00f3n de producto  -->\r\n                        <div>\r\n                            <span class=\"price-claim\">\r\n                                VER PRECIO                            <\/span>\r\n                        <\/div>\r\n                    <\/a>\r\n                                    <a href=\"https:\/\/www.primor.eu\/es_es\/vichy-liftactiv-b3-crema-dia-spf-50-antimanchas-74316.html\" class=\"product-item grid-table-rows\" target=\"_blank\">\r\n                        <div>\r\n                            <img decoding=\"async\" class=\"product-img\" width=\"80px\" height=\"80px\" src=\"https:\/\/www.primor.eu\/blog\/wp-content\/uploads\/2024\/06\/3337875832724_fad5.jpg\" alt=\"Vichy Liftactiv B3 Crema D\u00eda SPF 50 Antimanchas\">\r\n                        <\/div>\r\n\r\n                        <!-- Contenido de producto  -->\r\n                        <div>\r\n                            <div class=\"product-position\">\r\n                                #2                            <\/div>\r\n\r\n                            <h2>\r\n                                Vichy Liftactiv B3 Crema D\u00eda SPF 50 Antimanchas                            <\/h2>\r\n                        <\/div>\r\n\r\n                        <!-- Imagen y\/o nombre de la marca -->\r\n                        <div>\r\n                                                            <img decoding=\"async\" width=\"70\" src=\"https:\/\/www.primor.eu\/blog\/wp-content\/uploads\/2023\/08\/vichy.png\" alt=\"84283\">\r\n                                                    <\/div>\r\n\r\n                        <!-- Puntuaci\u00f3n del producto  -->\r\n                        <div class=\"rating\">\r\n                                                            <div class=\"rate\" style=\"--p:60;\"><\/div>\r\n                                <b>3\/5<\/b>\r\n                                <div class=\"rate-stars\">\r\n                                                                            <div\r\n                                            class=\"rate-star  \">\r\n                                        <\/div>\r\n                                                                            <div\r\n                                            class=\"rate-star  \">\r\n                                        <\/div>\r\n                                                                            <div\r\n                                            class=\"rate-star  \">\r\n                                        <\/div>\r\n                                                                            <div\r\n                                            class=\"rate-star disable \">\r\n                                        <\/div>\r\n                                                                            <div\r\n                                            class=\"rate-star disable \">\r\n                                        <\/div>\r\n                                                                    <\/div>\r\n                                                    <\/div>\r\n\r\n                        <!-- Bot\u00f3n de producto  -->\r\n                        <div>\r\n                            <span class=\"price-claim\">\r\n                                VER PRECIO                            <\/span>\r\n                        <\/div>\r\n                    <\/a>\r\n                                    <a href=\"https:\/\/www.primor.eu\/es_es\/nivea-luminous-630-crema-de-dia-antimanchas-spf50-15362.html\" class=\"product-item grid-table-rows\" target=\"_blank\">\r\n                        <div>\r\n                            <img decoding=\"async\" class=\"product-img\" width=\"80px\" height=\"80px\" src=\"https:\/\/www.primor.eu\/blog\/wp-content\/uploads\/2024\/06\/4005900782892_5112.jpg\" alt=\"Nivea Luminous 630 Crema de D\u00eda Antimanchas SPF50\">\r\n                        <\/div>\r\n\r\n                        <!-- Contenido de producto  -->\r\n                        <div>\r\n                            <div class=\"product-position\">\r\n                                #3                            <\/div>\r\n\r\n                            <h2>\r\n                                Nivea Luminous 630 Crema de D\u00eda Antimanchas SPF50                            <\/h2>\r\n                        <\/div>\r\n\r\n                        <!-- Imagen y\/o nombre de la marca -->\r\n                        <div>\r\n                                                            <img decoding=\"async\" width=\"70\" src=\"https:\/\/www.primor.eu\/blog\/wp-content\/uploads\/2023\/09\/nivea.png\" alt=\"85289\">\r\n                                                    <\/div>\r\n\r\n                        <!-- Puntuaci\u00f3n del producto  -->\r\n                        <div class=\"rating\">\r\n                                                            <div class=\"rate\" style=\"--p:89.6;\"><\/div>\r\n                                <b>4.48\/5<\/b>\r\n                                <div class=\"rate-stars\">\r\n                                                                            <div\r\n                                            class=\"rate-star  \">\r\n                                        <\/div>\r\n                                                                            <div\r\n                                            class=\"rate-star  \">\r\n                                        <\/div>\r\n                                                                            <div\r\n                                            class=\"rate-star  \">\r\n                                        <\/div>\r\n                                                                            <div\r\n                                            class=\"rate-star  \">\r\n                                        <\/div>\r\n                                                                            <div\r\n                                            class=\"rate-star  \">\r\n                                        <\/div>\r\n                                                                    <\/div>\r\n                                                    <\/div>\r\n\r\n                        <!-- Bot\u00f3n de producto  -->\r\n                        <div>\r\n                            <span class=\"price-claim\">\r\n                                VER PRECIO                            <\/span>\r\n                        <\/div>\r\n                    <\/a>\r\n                            <\/product-list>\r\n        <\/product-table>\r\n\r\n        \n\n\n\n<h3 class=\"wp-block-heading\">Your gorgeous Skin crema de d\u00eda SPF 50<\/h3>\n\n\n\n<p>Es una f\u00f3rmula de crema de d\u00eda protectora, sin perfume y vegana. Con SPF50 y PA++++ a\u00f1adidos. Potenciada con PAPAYALURONIC\u00a0 que proporciona los efectos nutritivos y calmantes del extracto de papaya, asociado con 8x \u00e1cidos hialur\u00f3nicos que se absorben en las 5 capas de la piel para una hidrataci\u00f3n instant\u00e1nea y duradera, resultando en una piel s\u00faper suave.<\/p>\n\n\n    <a class='product' target='_blank' href='https:\/\/www.primor.eu\/es_es\/dr-pawpaw-crema-de-dia-spf50-86539.html'>\r\n        <img loading='async' src='https:\/\/cdn2.primor.eu\/media\/catalog\/product\/cache\/8d3aba296f7a18b5251ee30fa5db42b2\/S\/P\/SPF_Day_Cream_tube_front_3427.png' alt='COMPRAR AHORA'>\r\n            <div class=\"claim\">\r\n                COMPRAR AHORA            <\/div>\r\n        <\/a>\r\n    \n\n\n\n<h3 class=\"wp-block-heading\">Byphasse Crema Facial Antiedad SPF 50+<\/h3>\n\n\n\n<p>La crema facial de d\u00eda antiedad SPF 50+ Byphasse ofrece una protecci\u00f3n solar UVB-UVA muy alta. Enriquecida con \u00e1cido hialur\u00f3nico y vitamina E*, hidrata, protege y previene el envejecimiento prematuro de la piel debido a la exposici\u00f3n solar.\u00a0<\/p>\n\n\n    <a class='product' target='_blank' href='https:\/\/www.primor.eu\/es_es\/byphasse-crema-facial-antiedad-spf-50-95203.html'>\r\n        <img loading='async' src='https:\/\/cdn2.primor.eu\/media\/catalog\/product\/cache\/8d3aba296f7a18b5251ee30fa5db42b2\/1\/b\/1by_2e8e.JPG' alt='COMPRAR AHORA'>\r\n            <div class=\"claim\">\r\n                COMPRAR AHORA            <\/div>\r\n        <\/a>\r\n    \n\n\n\n<h3 class=\"wp-block-heading\">Vichy Liftactiv B3 Crema D\u00eda SPF 50 Antimanchas<\/h3>\n\n\n\n<p>La nueva crema B3 Antimanchas Oscuras combina un complejo Antimanchas con una protecci\u00f3n de amplio espectro FPS 50+. Recomendada para mujeres que buscan resultados Antiedad, reducci\u00f3n de arrugas y manchas, y a la vez ayude a prevenir manchas oscuras debidas a los rayos UV.<\/p>\n\n\n    <a class='product' target='_blank' href='https:\/\/www.primor.eu\/es_es\/vichy-liftactiv-b3-crema-dia-spf-50-antimanchas-74316.html'>\r\n        <img loading='async' src='https:\/\/cdn2.primor.eu\/media\/catalog\/product\/cache\/8d3aba296f7a18b5251ee30fa5db42b2\/3\/3\/3337875832724_fad5.jpg' alt='COMPRAR AHORA'>\r\n            <div class=\"claim\">\r\n                COMPRAR AHORA            <\/div>\r\n        <\/a>\r\n    \n\n\n\n<h3 class=\"wp-block-heading\">Crema de D\u00eda Cellular Luminous630 Antimanchas FP50 de Nivea&nbsp;<\/h3>\n\n\n\n<p>Ofrece una f\u00f3rmula protectora avanzada de textura ligera. Enriquecida con el ingrediente patentado LUMINOUS630, el doble de Vitamina E que la f\u00f3rmula anterior, \u00c1cido Hialur\u00f3nico Activador Celular (in vitro) y filtros UVA\/UVB para brindar una alta protecci\u00f3n solar con factor 50.<\/p>\n\n\n    <a class='product' target='_blank' href='https:\/\/www.primor.eu\/es_es\/nivea-luminous-630-crema-de-dia-antimanchas-spf50-15362.html'>\r\n        <img loading='async' src='https:\/\/cdn2.primor.eu\/media\/catalog\/product\/cache\/8d3aba296f7a18b5251ee30fa5db42b2\/4\/0\/4005900782892_7109.jpeg' alt='COMPRAR AHORA'>\r\n            <div class=\"claim\">\r\n                COMPRAR AHORA            <\/div>\r\n        <\/a>\r\n    \n\n\n<div class=\"kk-star-ratings kksr-auto kksr-align-center kksr-valign-bottom\"\n    data-payload='{&quot;align&quot;:&quot;center&quot;,&quot;id&quot;:&quot;108275&quot;,&quot;slug&quot;:&quot;default&quot;,&quot;valign&quot;:&quot;bottom&quot;,&quot;ignore&quot;:&quot;&quot;,&quot;reference&quot;:&quot;auto&quot;,&quot;class&quot;:&quot;&quot;,&quot;count&quot;:&quot;0&quot;,&quot;legendonly&quot;:&quot;&quot;,&quot;readonly&quot;:&quot;&quot;,&quot;score&quot;:&quot;0&quot;,&quot;starsonly&quot;:&quot;&quot;,&quot;best&quot;:&quot;5&quot;,&quot;gap&quot;:&quot;5&quot;,&quot;greet&quot;:&quot;Valora este art\u00edculo&quot;,&quot;legend&quot;:&quot;0\\\/5 - (0 votos)&quot;,&quot;size&quot;:&quot;24&quot;,&quot;title&quot;:&quot;Las 4 mejores cremas faciales con SPF 50&quot;,&quot;width&quot;:&quot;0&quot;,&quot;_legend&quot;:&quot;{score}\\\/{best} - ({count} {votes})&quot;,&quot;font_factor&quot;:&quot;1.25&quot;}'>\n            \n<div class=\"kksr-stars\">\n    \n<div class=\"kksr-stars-inactive\">\n            <div class=\"kksr-star\" data-star=\"1\" style=\"padding-right: 5px\">\n            \n\n<div class=\"kksr-icon\" style=\"width: 24px; height: 24px;\"><\/div>\n        <\/div>\n            <div class=\"kksr-star\" data-star=\"2\" style=\"padding-right: 5px\">\n            \n\n<div class=\"kksr-icon\" style=\"width: 24px; height: 24px;\"><\/div>\n        <\/div>\n            <div class=\"kksr-star\" data-star=\"3\" style=\"padding-right: 5px\">\n            \n\n<div class=\"kksr-icon\" style=\"width: 24px; height: 24px;\"><\/div>\n        <\/div>\n            <div class=\"kksr-star\" data-star=\"4\" style=\"padding-right: 5px\">\n            \n\n<div class=\"kksr-icon\" style=\"width: 24px; height: 24px;\"><\/div>\n        <\/div>\n            <div class=\"kksr-star\" data-star=\"5\" style=\"padding-right: 5px\">\n            \n\n<div class=\"kksr-icon\" style=\"width: 24px; height: 24px;\"><\/div>\n        <\/div>\n    <\/div>\n    \n<div class=\"kksr-stars-active\" style=\"width: 0px;\">\n            <div class=\"kksr-star\" style=\"padding-right: 5px\">\n            \n\n<div class=\"kksr-icon\" style=\"width: 24px; height: 24px;\"><\/div>\n        <\/div>\n            <div class=\"kksr-star\" style=\"padding-right: 5px\">\n            \n\n<div class=\"kksr-icon\" style=\"width: 24px; height: 24px;\"><\/div>\n        <\/div>\n            <div class=\"kksr-star\" style=\"padding-right: 5px\">\n            \n\n<div class=\"kksr-icon\" style=\"width: 24px; height: 24px;\"><\/div>\n        <\/div>\n            <div class=\"kksr-star\" style=\"padding-right: 5px\">\n            \n\n<div class=\"kksr-icon\" style=\"width: 24px; height: 24px;\"><\/div>\n        <\/div>\n            <div class=\"kksr-star\" style=\"padding-right: 5px\">\n            \n\n<div class=\"kksr-icon\" style=\"width: 24px; height: 24px;\"><\/div>\n        <\/div>\n    <\/div>\n<\/div>\n                \n\n<div class=\"kksr-legend\" style=\"font-size: 19.2px;\">\n            <span class=\"kksr-muted\">Valora este art\u00edculo<\/span>\n    <\/div>\n    <\/div>\n","protected":false},"excerpt":{"rendered":"<p>Son las m\u00e1s recomendadas por los expertos: las cremas faciales con SPF 50. Y la raz\u00f3n no es otra que ofrecen una protecci\u00f3n significativa contra los da\u00f1os causados por la radiaci\u00f3n ultravioleta (UV) del sol. Adem\u00e1s de que previenen arrugas, manchas y l\u00edneas de expresi\u00f3n. Te contamos cu\u00e1les son las mejores. Beneficios de usar cremas [&hellip;]<\/p>\n","protected":false},"author":14,"featured_media":108306,"comment_status":"closed","ping_status":"closed","sticky":false,"template":"","format":"standard","meta":{"jnews-multi-image_gallery":[],"jnews_single_post":{"subtitle":"","format":"standard","video":"","gallery":"","source_name":"","source_url":"","via_name":"","via_url":"","override_template":"0","override":[{"template":"1","single_blog_custom":"","parallax":"1","fullscreen":"1","layout":"right-sidebar","sidebar":"home-2","second_sidebar":"default-sidebar","sticky_sidebar":"0","share_position":"float","share_float_style":"share-monocrhome","show_share_counter":"0","show_view_counter":"0","show_featured":"1","show_post_meta":"1","show_post_author":"0","show_post_author_image":"1","show_post_date":"1","post_date_format":"default","post_date_format_custom":"Y\/m\/d","show_post_category":"1","show_post_reading_time":"0","post_reading_time_wpm":"300","show_zoom_button":"0","zoom_button_out_step":"2","zoom_button_in_step":"3","show_post_tag":"0","show_prev_next_post":"0","show_popup_post":"0","number_popup_post":"2","show_author_box":"0","show_post_related":"0","show_inline_post_related":"1"}],"override_image_size":"0","image_override":[{"single_post_thumbnail_size":"no-crop","single_post_gallery_size":"crop-500"}],"trending_post":"0","trending_post_position":"meta","trending_post_label":"Trending","sponsored_post":"0","sponsored_post_label":"Sponsored by","sponsored_post_name":"","sponsored_post_url":"","sponsored_post_logo_enable":"0","sponsored_post_logo":"","sponsored_post_desc":"","disable_ad":"0"},"jnews_primary_category":{"id":"","hide":""},"jnews_social_meta":{"fb_title":"","fb_description":"","fb_image":"","twitter_title":"","twitter_description":"","twitter_image":""},"jnews_override_counter":{"override_view_counter":"0","view_counter_number":"0","override_share_counter":"0","share_counter_number":"0","override_like_counter":"0","like_counter_number":"0","override_dislike_counter":"0","dislike_counter_number":"0"},"footnotes":""},"categories":[29],"tags":[],"class_list":["post-108275","post","type-post","status-publish","format-standard","has-post-thumbnail","hentry","category-cosmetica"],"_links":{"self":[{"href":"https:\/\/www.primor.eu\/blog\/wp-json\/wp\/v2\/posts\/108275","targetHints":{"allow":["GET"]}}],"collection":[{"href":"https:\/\/www.primor.eu\/blog\/wp-json\/wp\/v2\/posts"}],"about":[{"href":"https:\/\/www.primor.eu\/blog\/wp-json\/wp\/v2\/types\/post"}],"author":[{"embeddable":true,"href":"https:\/\/www.primor.eu\/blog\/wp-json\/wp\/v2\/users\/14"}],"replies":[{"embeddable":true,"href":"https:\/\/www.primor.eu\/blog\/wp-json\/wp\/v2\/comments?post=108275"}],"version-history":[{"count":1,"href":"https:\/\/www.primor.eu\/blog\/wp-json\/wp\/v2\/posts\/108275\/revisions"}],"predecessor-version":[{"id":108353,"href":"https:\/\/www.primor.eu\/blog\/wp-json\/wp\/v2\/posts\/108275\/revisions\/108353"}],"wp:featuredmedia":[{"embeddable":true,"href":"https:\/\/www.primor.eu\/blog\/wp-json\/wp\/v2\/media\/108306"}],"wp:attachment":[{"href":"https:\/\/www.primor.eu\/blog\/wp-json\/wp\/v2\/media?parent=108275"}],"wp:term":[{"taxonomy":"category","embeddable":true,"href":"https:\/\/www.primor.eu\/blog\/wp-json\/wp\/v2\/categories?post=108275"},{"taxonomy":"post_tag","embeddable":true,"href":"https:\/\/www.primor.eu\/blog\/wp-json\/wp\/v2\/tags?post=108275"}],"curies":[{"name":"wp","href":"https:\/\/api.w.org\/{rel}","templated":true}]}}