{"id":108050,"date":"2024-06-30T12:00:00","date_gmt":"2024-06-30T12:00:00","guid":{"rendered":"https:\/\/www.primor.eu\/blog\/?p=108050"},"modified":"2024-06-26T11:35:04","modified_gmt":"2024-06-26T11:35:04","slug":"quitar-pelo-enquistado-ingle","status":"publish","type":"post","link":"https:\/\/www.primor.eu\/blog\/quitar-pelo-enquistado-ingle\/","title":{"rendered":"\u00bfC\u00f3mo quitar un pelo enquistado en la ingle?"},"content":{"rendered":"\n<p>Un<strong> <a href=\"https:\/\/www.primor.eu\/blog\/eliminar-pelos-enquistados-piernas\/\" data-type=\"link\" data-id=\"https:\/\/www.primor.eu\/blog\/eliminar-pelos-enquistados-piernas\/\">pelo enquistado <\/a>en la ingle<\/strong> puede ser muy <strong>molesto<\/strong>, sobre todo si se infecta. La zona de las ingles es muy sensible y, al mismo tiempo, recibe <strong>roce <\/strong>gran parte del tiempo. La goma de las braguitas, los pantalones ajustados o algunos bikinis pueden rozar de m\u00e1s esa zona y hacer que un pelo enquistado en la ingle se convierta en una verdadera pesadilla. Existen algunos <strong>pasos <\/strong>para deshacerse de un pelo enquistado en la ingle y te los vamos a desvelar.<\/p>\n\n\n\n<h2 class=\"wp-block-heading\">Quitar un pelo enquistado en la ingle: paso a paso<\/h2>\n\n\n\n<p>Antes de comenzar a ver el paso a paso para quitar un pelo enquistado en la ingle, vamos a ver cu\u00e1les son los <strong>materiales que se necesitan<\/strong> para ello:<\/p>\n\n\n\n<ul class=\"wp-block-list\">\n<li>Toalla limpia<\/li>\n\n\n\n<li>Pinzas esterilizadas<\/li>\n\n\n\n<li>Alcohol<\/li>\n\n\n\n<li>Crema antibi\u00f3tica<\/li>\n\n\n\n<li>Gasa o vendaje<\/li>\n\n\n\n<li>Agua tibia<\/li>\n\n\n\n<li>Jab\u00f3n neutro<\/li>\n<\/ul>\n\n\n\n<p>Una vez que tengas listos estos materiales y herramientas, el paso a paso para deshacerte de un pelo enquistado en la ingle es el siguiente:<\/p>\n\n\n\n<ul class=\"wp-block-list\">\n<li><strong>Limpia el \u00e1rea afectada<\/strong>: con jab\u00f3n neutro a poder ser. Lava tus manos tambi\u00e9n para asegurarte de que no se infectar\u00e1 al tocarlo e intentar quitarlo.<\/li>\n\n\n\n<li><strong>Prepara una compresa o gasa con agua tibia<\/strong>: d\u00e9jala actuar durante quince minutos sobre el pelo enquistado en la ingle antes de proceder a quitarlo.<\/li>\n\n\n\n<li><strong>Exfolia la zona<\/strong>: con un exfoliante especial para cuerpo. Despu\u00e9s te recomendaremos algunas opciones de nuestra tienda. Hazlo hasta que el pelo est\u00e9 cada vez m\u00e1s accesible. Si no eres capaz de sacarlo a\u00fan porque sigue muy enquistado, repite el paso anterior y este hasta que puedes proceder a sacarlo.<\/li>\n\n\n\n<li><strong>Extrae el pelo con unas pinzas de depilar<\/strong>: antes de nada esteriliza las pinzas con alcohol para asegurarte de que no se infecta el pelo enquistado en la ingle.<\/li>\n\n\n\n<li><strong>Desinfecta la zona<\/strong>: despu\u00e9s tambi\u00e9n utilizando un poco de alcohol en una gasa o una compresa como la que utilizaste con el agua tibia.<\/li>\n<\/ul>\n\n\n\n<h2 class=\"wp-block-heading\">Los productos que necesitas para quitar un pelo enquistado en la ingle<\/h2>\n\n\n        <product-table class=\"pr-slider\">\r\n            <product-headers class=\"grid-table-rows\">\r\n                <div>Foto<\/div>\r\n                <div>Producto<\/div>\r\n                <div>Marca<\/div>\r\n                <div>Valoraciones<\/div>\r\n                <div>Precio<\/div>\r\n            <\/product-headers>\r\n\r\n            <product-list>\r\n                                    <a href=\"https:\/\/www.primor.eu\/es_es\/cosmoplast-gasas-esterilizadas-20622.html\" class=\"product-item grid-table-rows\" target=\"_blank\">\r\n                        <div>\r\n                            <img decoding=\"async\" class=\"product-img\" width=\"80px\" height=\"80px\" src=\"https:\/\/www.primor.eu\/blog\/wp-content\/uploads\/2024\/06\/2HC00485_1_808e.jpg\" alt=\"Cosmoplast Gasas Esterilizadas\">\r\n                        <\/div>\r\n\r\n                        <!-- Contenido de producto  -->\r\n                        <div>\r\n                            <div class=\"product-position\">\r\n                                #1 Top Ventas                            <\/div>\r\n\r\n                            <h2>\r\n                                Cosmoplast Gasas Esterilizadas                            <\/h2>\r\n                        <\/div>\r\n\r\n                        <!-- Imagen y\/o nombre de la marca -->\r\n                        <div>\r\n                                                            <img decoding=\"async\" width=\"70\" src=\"https:\/\/www.primor.eu\/blog\/wp-content\/uploads\/2024\/06\/Cosmoplast.jpg\" alt=\"108054\">\r\n                                                    <\/div>\r\n\r\n                        <!-- Puntuaci\u00f3n del producto  -->\r\n                        <div class=\"rating\">\r\n                                                            <div class=\"rate\" style=\"--p:100;\"><\/div>\r\n                                <b>5\/5<\/b>\r\n                                <div class=\"rate-stars\">\r\n                                                                            <div\r\n                                            class=\"rate-star  \">\r\n                                        <\/div>\r\n                                                                            <div\r\n                                            class=\"rate-star  \">\r\n                                        <\/div>\r\n                                                                            <div\r\n                                            class=\"rate-star  \">\r\n                                        <\/div>\r\n                                                                            <div\r\n                                            class=\"rate-star  \">\r\n                                        <\/div>\r\n                                                                            <div\r\n                                            class=\"rate-star  \">\r\n                                        <\/div>\r\n                                                                    <\/div>\r\n                                                    <\/div>\r\n\r\n                        <!-- Bot\u00f3n de producto  -->\r\n                        <div>\r\n                            <span class=\"price-claim\">\r\n                                VER PRECIO                            <\/span>\r\n                        <\/div>\r\n                    <\/a>\r\n                                    <a href=\"https:\/\/www.primor.eu\/es_es\/noriega-alcohol-96-grados-20661.html\" class=\"product-item grid-table-rows\" target=\"_blank\">\r\n                        <div>\r\n                            <img decoding=\"async\" class=\"product-img\" width=\"80px\" height=\"80px\" src=\"https:\/\/www.primor.eu\/blog\/wp-content\/uploads\/2024\/06\/2HC00442_1_458d.jpg\" alt=\"Noriega Alcohol 96 Grados\">\r\n                        <\/div>\r\n\r\n                        <!-- Contenido de producto  -->\r\n                        <div>\r\n                            <div class=\"product-position\">\r\n                                #2                            <\/div>\r\n\r\n                            <h2>\r\n                                Noriega Alcohol 96 Grados                            <\/h2>\r\n                        <\/div>\r\n\r\n                        <!-- Imagen y\/o nombre de la marca -->\r\n                        <div>\r\n                                                            <img decoding=\"async\" width=\"70\" src=\"https:\/\/www.primor.eu\/blog\/wp-content\/uploads\/2024\/05\/Noriega.jpg\" alt=\"104897\">\r\n                                                    <\/div>\r\n\r\n                        <!-- Puntuaci\u00f3n del producto  -->\r\n                        <div class=\"rating\">\r\n                                                            <div class=\"rate\" style=\"--p:100;\"><\/div>\r\n                                <b>5\/5<\/b>\r\n                                <div class=\"rate-stars\">\r\n                                                                            <div\r\n                                            class=\"rate-star  \">\r\n                                        <\/div>\r\n                                                                            <div\r\n                                            class=\"rate-star  \">\r\n                                        <\/div>\r\n                                                                            <div\r\n                                            class=\"rate-star  \">\r\n                                        <\/div>\r\n                                                                            <div\r\n                                            class=\"rate-star  \">\r\n                                        <\/div>\r\n                                                                            <div\r\n                                            class=\"rate-star  \">\r\n                                        <\/div>\r\n                                                                    <\/div>\r\n                                                    <\/div>\r\n\r\n                        <!-- Bot\u00f3n de producto  -->\r\n                        <div>\r\n                            <span class=\"price-claim\">\r\n                                VER PRECIO                            <\/span>\r\n                        <\/div>\r\n                    <\/a>\r\n                                    <a href=\"https:\/\/www.primor.eu\/es_es\/herbes-del-valles-alcohol-de-romero-12124.html\" class=\"product-item grid-table-rows\" target=\"_blank\">\r\n                        <div>\r\n                            <img decoding=\"async\" class=\"product-img\" width=\"80px\" height=\"80px\" src=\"https:\/\/www.primor.eu\/blog\/wp-content\/uploads\/2024\/06\/3AF00216_1_ae50.jpg\" alt=\"Herbes del Valles Alcohol de Romero\">\r\n                        <\/div>\r\n\r\n                        <!-- Contenido de producto  -->\r\n                        <div>\r\n                            <div class=\"product-position\">\r\n                                #3                            <\/div>\r\n\r\n                            <h2>\r\n                                Herbes del Valles Alcohol de Romero                            <\/h2>\r\n                        <\/div>\r\n\r\n                        <!-- Imagen y\/o nombre de la marca -->\r\n                        <div>\r\n                                                            <img decoding=\"async\" width=\"70\" src=\"https:\/\/www.primor.eu\/blog\/wp-content\/uploads\/2024\/06\/herbes-del-valles.jpg\" alt=\"108048\">\r\n                                                    <\/div>\r\n\r\n                        <!-- Puntuaci\u00f3n del producto  -->\r\n                        <div class=\"rating\">\r\n                                                            <div class=\"rate\" style=\"--p:100;\"><\/div>\r\n                                <b>5\/5<\/b>\r\n                                <div class=\"rate-stars\">\r\n                                                                            <div\r\n                                            class=\"rate-star  \">\r\n                                        <\/div>\r\n                                                                            <div\r\n                                            class=\"rate-star  \">\r\n                                        <\/div>\r\n                                                                            <div\r\n                                            class=\"rate-star  \">\r\n                                        <\/div>\r\n                                                                            <div\r\n                                            class=\"rate-star  \">\r\n                                        <\/div>\r\n                                                                            <div\r\n                                            class=\"rate-star  \">\r\n                                        <\/div>\r\n                                                                    <\/div>\r\n                                                    <\/div>\r\n\r\n                        <!-- Bot\u00f3n de producto  -->\r\n                        <div>\r\n                            <span class=\"price-claim\">\r\n                                VER PRECIO                            <\/span>\r\n                        <\/div>\r\n                    <\/a>\r\n                                    <a href=\"https:\/\/www.primor.eu\/es_es\/beter-pinza-de-cejas-recta-20325.html\" class=\"product-item grid-table-rows\" target=\"_blank\">\r\n                        <div>\r\n                            <img decoding=\"async\" class=\"product-img\" width=\"80px\" height=\"80px\" src=\"https:\/\/www.primor.eu\/blog\/wp-content\/uploads\/2024\/06\/6VA00159_1_96e8.jpg\" alt=\"Beter Pinza de Cejas Recta\">\r\n                        <\/div>\r\n\r\n                        <!-- Contenido de producto  -->\r\n                        <div>\r\n                            <div class=\"product-position\">\r\n                                #4                            <\/div>\r\n\r\n                            <h2>\r\n                                Beter Pinza de Cejas Recta                            <\/h2>\r\n                        <\/div>\r\n\r\n                        <!-- Imagen y\/o nombre de la marca -->\r\n                        <div>\r\n                                                            <img decoding=\"async\" width=\"70\" src=\"https:\/\/www.primor.eu\/blog\/wp-content\/uploads\/2023\/10\/BETER.jpg\" alt=\"87671\">\r\n                                                    <\/div>\r\n\r\n                        <!-- Puntuaci\u00f3n del producto  -->\r\n                        <div class=\"rating\">\r\n                                                            <div class=\"rate\" style=\"--p:97;\"><\/div>\r\n                                <b>4.85\/5<\/b>\r\n                                <div class=\"rate-stars\">\r\n                                                                            <div\r\n                                            class=\"rate-star  \">\r\n                                        <\/div>\r\n                                                                            <div\r\n                                            class=\"rate-star  \">\r\n                                        <\/div>\r\n                                                                            <div\r\n                                            class=\"rate-star  \">\r\n                                        <\/div>\r\n                                                                            <div\r\n                                            class=\"rate-star  \">\r\n                                        <\/div>\r\n                                                                            <div\r\n                                            class=\"rate-star  \">\r\n                                        <\/div>\r\n                                                                    <\/div>\r\n                                                    <\/div>\r\n\r\n                        <!-- Bot\u00f3n de producto  -->\r\n                        <div>\r\n                            <span class=\"price-claim\">\r\n                                VER PRECIO                            <\/span>\r\n                        <\/div>\r\n                    <\/a>\r\n                                    <a href=\"https:\/\/www.primor.eu\/es_es\/lola-pinza-depilacion-punta-recta-negra-19994.html\" class=\"product-item grid-table-rows\" target=\"_blank\">\r\n                        <div>\r\n                            <img decoding=\"async\" class=\"product-img\" width=\"80px\" height=\"80px\" src=\"https:\/\/www.primor.eu\/blog\/wp-content\/uploads\/2024\/06\/6VA10321_1_5b80.jpg\" alt=\"Lola Pinza Depilaci\u00f3n Punta Recta Negra\">\r\n                        <\/div>\r\n\r\n                        <!-- Contenido de producto  -->\r\n                        <div>\r\n                            <div class=\"product-position\">\r\n                                #5                            <\/div>\r\n\r\n                            <h2>\r\n                                Lola Pinza Depilaci\u00f3n Punta Recta Negra                            <\/h2>\r\n                        <\/div>\r\n\r\n                        <!-- Imagen y\/o nombre de la marca -->\r\n                        <div>\r\n                                                            <img decoding=\"async\" width=\"70\" src=\"https:\/\/www.primor.eu\/blog\/wp-content\/uploads\/2024\/04\/1463.jpg\" alt=\"102043\">\r\n                                                    <\/div>\r\n\r\n                        <!-- Puntuaci\u00f3n del producto  -->\r\n                        <div class=\"rating\">\r\n                                                            <div class=\"rate\" style=\"--p:60;\"><\/div>\r\n                                <b>3\/5<\/b>\r\n                                <div class=\"rate-stars\">\r\n                                                                            <div\r\n                                            class=\"rate-star  \">\r\n                                        <\/div>\r\n                                                                            <div\r\n                                            class=\"rate-star  \">\r\n                                        <\/div>\r\n                                                                            <div\r\n                                            class=\"rate-star  \">\r\n                                        <\/div>\r\n                                                                            <div\r\n                                            class=\"rate-star disable \">\r\n                                        <\/div>\r\n                                                                            <div\r\n                                            class=\"rate-star disable \">\r\n                                        <\/div>\r\n                                                                    <\/div>\r\n                                                    <\/div>\r\n\r\n                        <!-- Bot\u00f3n de producto  -->\r\n                        <div>\r\n                            <span class=\"price-claim\">\r\n                                VER PRECIO                            <\/span>\r\n                        <\/div>\r\n                    <\/a>\r\n                            <\/product-list>\r\n        <\/product-table>\r\n\r\n        \n\n\n\n<h3 class=\"wp-block-heading\">Gasas Esterilizadas de Cosmoplast<\/h3>\n\n\n\n<p>Gasas de alta calidad perfectas para cualquier emergencia, ya sea una herida o un corte.<\/p>\n\n\n    <a class='product' target='_blank' href='https:\/\/www.primor.eu\/es_es\/cosmoplast-gasas-esterilizadas-20622.html'>\r\n        <img loading='async' src='https:\/\/cdn2.primor.eu\/media\/catalog\/product\/cache\/8d3aba296f7a18b5251ee30fa5db42b2\/4\/1\/4110570_3D_FS_Cosmoplast_Sterile_Mullkompesse_2880.png' alt='COMPRAR AHORA'>\r\n            <div class=\"claim\">\r\n                COMPRAR AHORA            <\/div>\r\n        <\/a>\r\n    \n\n\n\n<h3 class=\"wp-block-heading\">Alcohol 96 Grados de Noriega<\/h3>\n\n\n\n<p>Es un antis\u00e9ptico excelente. Su poder bactericida es muy alto. Tiene una pureza del 96%, es un bactericida excelente contra formas vegetativas de bacterias. No se puede usar en cualquier herida, s\u00f3lo en las superficiales ya que en heridas abiertas provoca irritaciones.<\/p>\n\n\n    <a class='product' target='_blank' href='https:\/\/www.primor.eu\/es_es\/noriega-alcohol-96-grados-20661.html'>\r\n        <img loading='async' src='https:\/\/cdn2.primor.eu\/media\/catalog\/product\/cache\/8d3aba296f7a18b5251ee30fa5db42b2\/2\/H\/2HC00442_1_458d.jpg' alt='COMPRAR AHORA'>\r\n            <div class=\"claim\">\r\n                COMPRAR AHORA            <\/div>\r\n        <\/a>\r\n    \n\n\n\n<h3 class=\"wp-block-heading\">Alcohol de Romero de Herbes del Valle<\/h3>\n\n\n\n<p>Ideal para el cansancio y la fatiga, para golpes y magulladuras, el Alcohol de Romero de Herbes del Valles activa la circulaci\u00f3n de la sangre.<\/p>\n\n\n    <a class='product' target='_blank' href='https:\/\/www.primor.eu\/es_es\/herbes-del-valles-alcohol-de-romero-12124.html'>\r\n        <img loading='async' src='https:\/\/cdn2.primor.eu\/media\/catalog\/product\/cache\/8d3aba296f7a18b5251ee30fa5db42b2\/3\/A\/3AF00216_1_ae50.jpg' alt='COMPRAR AHORA'>\r\n            <div class=\"claim\">\r\n                COMPRAR AHORA            <\/div>\r\n        <\/a>\r\n    \n\n\n\n<h3 class=\"wp-block-heading\">Pinza de Cejas Recta de Beter<\/h3>\n\n\n\n<p>Es la aut\u00e9ntica y genuina herramienta de belleza que destaca por su inconfundible dise\u00f1o en negro. Esta pinza de cejas es \u00fanica e inimitable en su estilo. Gracias a su punta recta, ofrece una sujeci\u00f3n f\u00e1cil y firme del pelo a retirar, lo que la convierte en una aliada indispensable para tu rutina de cuidado personal. Con la pinza de cejas BETER, puedes confiar en m\u00e1xima precisi\u00f3n y eficacia en cada uso. Ya sea para dar forma a tus cejas o para eliminar vello no deseado en otras \u00e1reas del rostro, esta herramienta es tu mejor opci\u00f3n. A\u00f1ade esta pinza a tu set de belleza y experimenta la diferencia que ofrece una herramienta de calidad y confianza. Descubre por qu\u00e9 esta pinza cejas es la preferida de tantas personas en todo el mundo.<\/p>\n\n\n    <a class='product' target='_blank' href='https:\/\/www.primor.eu\/es_es\/beter-pinza-de-cejas-recta-20325.html'>\r\n        <img loading='async' src='https:\/\/cdn2.primor.eu\/media\/catalog\/product\/cache\/8d3aba296f7a18b5251ee30fa5db42b2\/6\/V\/6VA00159_1_96e8.jpg' alt='COMPRAR AHORA'>\r\n            <div class=\"claim\">\r\n                COMPRAR AHORA            <\/div>\r\n        <\/a>\r\n    \n\n\n\n<h3 class=\"wp-block-heading\">Pinza Depilaci\u00f3n Punta Recta Negra de Lola<\/h3>\n\n\n\n<p>Pinza de depilaci\u00f3n s\u00f3lida y acabada en punta recta. Proporciona una depilaci\u00f3n fina y precisa. Recuerda tirar suavemente en la misma direcci\u00f3n del crecimiento del pelo lo m\u00e1s cerca de la ra\u00edz. Fabricada con acero de Solingen.<\/p>\n\n\n    <a class='product' target='_blank' href='https:\/\/www.primor.eu\/es_es\/lola-pinza-depilacion-punta-recta-negra-19994.html'>\r\n        <img loading='async' src='https:\/\/cdn2.primor.eu\/media\/catalog\/product\/cache\/8d3aba296f7a18b5251ee30fa5db42b2\/6\/V\/6VA10321_1_5b80.jpg' alt='COMPRAR AHORA'>\r\n            <div class=\"claim\">\r\n                COMPRAR AHORA            <\/div>\r\n        <\/a>\r\n    \n\n\n<div class=\"kk-star-ratings kksr-auto kksr-align-center kksr-valign-bottom\"\n    data-payload='{&quot;align&quot;:&quot;center&quot;,&quot;id&quot;:&quot;108050&quot;,&quot;slug&quot;:&quot;default&quot;,&quot;valign&quot;:&quot;bottom&quot;,&quot;ignore&quot;:&quot;&quot;,&quot;reference&quot;:&quot;auto&quot;,&quot;class&quot;:&quot;&quot;,&quot;count&quot;:&quot;0&quot;,&quot;legendonly&quot;:&quot;&quot;,&quot;readonly&quot;:&quot;&quot;,&quot;score&quot;:&quot;0&quot;,&quot;starsonly&quot;:&quot;&quot;,&quot;best&quot;:&quot;5&quot;,&quot;gap&quot;:&quot;5&quot;,&quot;greet&quot;:&quot;Valora este art\u00edculo&quot;,&quot;legend&quot;:&quot;0\\\/5 - (0 votos)&quot;,&quot;size&quot;:&quot;24&quot;,&quot;title&quot;:&quot;\u00bfC\u00f3mo quitar un pelo enquistado en la ingle?&quot;,&quot;width&quot;:&quot;0&quot;,&quot;_legend&quot;:&quot;{score}\\\/{best} - ({count} {votes})&quot;,&quot;font_factor&quot;:&quot;1.25&quot;}'>\n            \n<div class=\"kksr-stars\">\n    \n<div class=\"kksr-stars-inactive\">\n            <div class=\"kksr-star\" data-star=\"1\" style=\"padding-right: 5px\">\n            \n\n<div class=\"kksr-icon\" style=\"width: 24px; height: 24px;\"><\/div>\n        <\/div>\n            <div class=\"kksr-star\" data-star=\"2\" style=\"padding-right: 5px\">\n            \n\n<div class=\"kksr-icon\" style=\"width: 24px; height: 24px;\"><\/div>\n        <\/div>\n            <div class=\"kksr-star\" data-star=\"3\" style=\"padding-right: 5px\">\n            \n\n<div class=\"kksr-icon\" style=\"width: 24px; height: 24px;\"><\/div>\n        <\/div>\n            <div class=\"kksr-star\" data-star=\"4\" style=\"padding-right: 5px\">\n            \n\n<div class=\"kksr-icon\" style=\"width: 24px; height: 24px;\"><\/div>\n        <\/div>\n            <div class=\"kksr-star\" data-star=\"5\" style=\"padding-right: 5px\">\n            \n\n<div class=\"kksr-icon\" style=\"width: 24px; height: 24px;\"><\/div>\n        <\/div>\n    <\/div>\n    \n<div class=\"kksr-stars-active\" style=\"width: 0px;\">\n            <div class=\"kksr-star\" style=\"padding-right: 5px\">\n            \n\n<div class=\"kksr-icon\" style=\"width: 24px; height: 24px;\"><\/div>\n        <\/div>\n            <div class=\"kksr-star\" style=\"padding-right: 5px\">\n            \n\n<div class=\"kksr-icon\" style=\"width: 24px; height: 24px;\"><\/div>\n        <\/div>\n            <div class=\"kksr-star\" style=\"padding-right: 5px\">\n            \n\n<div class=\"kksr-icon\" style=\"width: 24px; height: 24px;\"><\/div>\n        <\/div>\n            <div class=\"kksr-star\" style=\"padding-right: 5px\">\n            \n\n<div class=\"kksr-icon\" style=\"width: 24px; height: 24px;\"><\/div>\n        <\/div>\n            <div class=\"kksr-star\" style=\"padding-right: 5px\">\n            \n\n<div class=\"kksr-icon\" style=\"width: 24px; height: 24px;\"><\/div>\n        <\/div>\n    <\/div>\n<\/div>\n                \n\n<div class=\"kksr-legend\" style=\"font-size: 19.2px;\">\n            <span class=\"kksr-muted\">Valora este art\u00edculo<\/span>\n    <\/div>\n    <\/div>\n","protected":false},"excerpt":{"rendered":"<p>Un pelo enquistado en la ingle puede ser muy molesto, sobre todo si se infecta. La zona de las ingles es muy sensible y, al mismo tiempo, recibe roce gran parte del tiempo. La goma de las braguitas, los pantalones ajustados o algunos bikinis pueden rozar de m\u00e1s esa zona y hacer que un pelo [&hellip;]<\/p>\n","protected":false},"author":30,"featured_media":108051,"comment_status":"closed","ping_status":"closed","sticky":false,"template":"","format":"standard","meta":{"jnews-multi-image_gallery":[],"jnews_single_post":{"subtitle":"","format":"standard","video":"","gallery":"","source_name":"","source_url":"","via_name":"","via_url":"","override_template":"0","override":[{"template":"1","single_blog_custom":"","parallax":"1","fullscreen":"1","layout":"right-sidebar","sidebar":"home-2","second_sidebar":"default-sidebar","sticky_sidebar":"0","share_position":"float","share_float_style":"share-monocrhome","show_share_counter":"0","show_view_counter":"0","show_featured":"1","show_post_meta":"1","show_post_author":"0","show_post_author_image":"1","show_post_date":"1","post_date_format":"default","post_date_format_custom":"Y\/m\/d","show_post_category":"1","show_post_reading_time":"0","post_reading_time_wpm":"300","show_zoom_button":"0","zoom_button_out_step":"2","zoom_button_in_step":"3","show_post_tag":"0","show_prev_next_post":"0","show_popup_post":"0","number_popup_post":"2","show_author_box":"0","show_post_related":"0","show_inline_post_related":"1"}],"override_image_size":"0","image_override":[{"single_post_thumbnail_size":"no-crop","single_post_gallery_size":"crop-500"}],"trending_post":"0","trending_post_position":"meta","trending_post_label":"Trending","sponsored_post":"0","sponsored_post_label":"Sponsored by","sponsored_post_name":"","sponsored_post_url":"","sponsored_post_logo_enable":"0","sponsored_post_logo":"","sponsored_post_desc":"","disable_ad":"0"},"jnews_primary_category":{"id":"","hide":""},"jnews_social_meta":{"fb_title":"","fb_description":"","fb_image":"","twitter_title":"","twitter_description":"","twitter_image":""},"jnews_override_counter":{"override_view_counter":"0","view_counter_number":"0","override_share_counter":"0","share_counter_number":"0","override_like_counter":"0","like_counter_number":"0","override_dislike_counter":"0","dislike_counter_number":"0"},"footnotes":""},"categories":[151],"tags":[],"class_list":["post-108050","post","type-post","status-publish","format-standard","has-post-thumbnail","hentry","category-corporales"],"_links":{"self":[{"href":"https:\/\/www.primor.eu\/blog\/wp-json\/wp\/v2\/posts\/108050","targetHints":{"allow":["GET"]}}],"collection":[{"href":"https:\/\/www.primor.eu\/blog\/wp-json\/wp\/v2\/posts"}],"about":[{"href":"https:\/\/www.primor.eu\/blog\/wp-json\/wp\/v2\/types\/post"}],"author":[{"embeddable":true,"href":"https:\/\/www.primor.eu\/blog\/wp-json\/wp\/v2\/users\/30"}],"replies":[{"embeddable":true,"href":"https:\/\/www.primor.eu\/blog\/wp-json\/wp\/v2\/comments?post=108050"}],"version-history":[{"count":2,"href":"https:\/\/www.primor.eu\/blog\/wp-json\/wp\/v2\/posts\/108050\/revisions"}],"predecessor-version":[{"id":108056,"href":"https:\/\/www.primor.eu\/blog\/wp-json\/wp\/v2\/posts\/108050\/revisions\/108056"}],"wp:featuredmedia":[{"embeddable":true,"href":"https:\/\/www.primor.eu\/blog\/wp-json\/wp\/v2\/media\/108051"}],"wp:attachment":[{"href":"https:\/\/www.primor.eu\/blog\/wp-json\/wp\/v2\/media?parent=108050"}],"wp:term":[{"taxonomy":"category","embeddable":true,"href":"https:\/\/www.primor.eu\/blog\/wp-json\/wp\/v2\/categories?post=108050"},{"taxonomy":"post_tag","embeddable":true,"href":"https:\/\/www.primor.eu\/blog\/wp-json\/wp\/v2\/tags?post=108050"}],"curies":[{"name":"wp","href":"https:\/\/api.w.org\/{rel}","templated":true}]}}