{"id":107724,"date":"2024-07-03T13:47:50","date_gmt":"2024-07-03T13:47:50","guid":{"rendered":"https:\/\/www.primor.eu\/blog\/?p=107724"},"modified":"2026-04-16T07:17:41","modified_gmt":"2026-04-16T07:17:41","slug":"principios-activos-iluminadores","status":"publish","type":"post","link":"https:\/\/www.primor.eu\/blog\/principios-activos-iluminadores\/","title":{"rendered":"Principios activos iluminadores: qu\u00e9 son, beneficios y c\u00f3mo debes usarlos"},"content":{"rendered":"\n<p>A la hora de lucir una piel sana, c\u00f3mo cuides tu piel importa, ya&nbsp; pesar de que tenemos muy claro cu\u00e1les son los activos antiedad que combaten las <strong>arrugas<\/strong> y signos m\u00e1s comunes, tambi\u00e9n buscamos que se vea resplandeciente. \u00bfC\u00f3mo? A trav\u00e9s de los <strong>mejores principios activos <a href=\"https:\/\/www.primor.eu\/es_es\/iluminadores\">iluminadores<\/a><\/strong>. Aqu\u00ed va una gu\u00eda completa para conseguirlo.<\/p>\n\n\n\n<h2 class=\"wp-block-heading\">Mejores principios activos iluminadores<\/h2>\n\n\n\n<h3 class=\"wp-block-heading\">\u00c1cido glic\u00f3lico: adi\u00f3s a las c\u00e9lulas muertas<\/h3>\n\n\n\n<p>Es el salvador de las pieles mixtas y grasas. El <strong>\u00e1cido glic\u00f3lico,<\/strong> como bien indica su nombre, es un \u00e1cido perteneciente al grupo de los <strong>&nbsp;alfahidroxi\u00e1cido (AHA) <\/strong>que se utiliza para tratar peque\u00f1as arrugas, la dermis que ha sido da\u00f1ada por el sol o aquella que carece de luminosidad. Es m\u00e1s, <strong>es uno de los activos favoritos de las K-Beauty<\/strong> para conseguir una <a href=\"https:\/\/www.primor.eu\/blog\/glass-skin\/\">glass skin<\/a>. Adem\u00e1s, tambi\u00e9n se utiliza para exfoliaciones qu\u00edmicas que eliminan las c\u00e9lulas muertas de nuestro rostro que obstruyen los poros y facilitan la aparici\u00f3n de imperfecciones. Por eso, <strong>lo uses como lo uses, mejorar\u00e1 el aspecto de tu piel<\/strong>. Lo mejor es que es un activo que penetra en las capas m\u00e1s profundas de la piel y hay que tener un poco de cautela a la hora de usarlo. \u00bfC\u00f3mo? <a href=\"https:\/\/www.primor.eu\/blog\/acido-glicolico\/\">Te lo contamos aqu\u00ed.<\/a><\/p>\n\n\n\n<h3 class=\"wp-block-heading\">Niacinamida: evitar arrugas y dar luminosidad<\/h3>\n\n\n\n<p>La <strong>niacinamida<\/strong> es uno de los activos favoritos de las k-beauty; y no nos extra\u00f1a. Es un ingrediente que funciona como antioxidante, ya que protege a nuestra piel del estr\u00e9s oxidativo y de aquellos rostros que est\u00e1n m\u00e1s expuestos a factores externos que puedan da\u00f1ar la barrera cut\u00e1nea; reduce el acn\u00e9 gracias a sus propiedades antiinflamatorias y seborreguladoras; mejora el tono de la piel y refuerza la barrera cut\u00e1nea. <a href=\"https:\/\/www.primor.eu\/blog\/niacinamida\/\">Te lo contamos aqu\u00ed.<\/a><\/p>\n\n\n\n<h3 class=\"wp-block-heading\">Retinol: el antiedad m\u00e1s eficaz<\/h3>\n\n\n\n<p>El <a href=\"https:\/\/www.primor.eu\/es_es\/retinol\"><strong>retinol<\/strong><\/a> forma parte de los <strong>retinoides<\/strong>, un grupo de sustancias derivadas de la <strong>vitamina A<\/strong> y cuya principal caracter\u00edstica es que son capaces de transformar la piel por su alto poder antioxidante y antiedad. Es decir, el retinol es la vitamina A, un precursor del \u00e1cido retinoico. Esta mol\u00e9cula, a trav\u00e9s de ciertos mecanismos complejos que ocurren en el n\u00facleo de las c\u00e9lulas, puede modificar el funcionamiento y el crecimiento de las c\u00e9lulas de la piel. Por ejemplo,<strong>los retinoides reducen la formaci\u00f3n de las MMP, unas enzimas de la dermis que al activarse da\u00f1an el col\u00e1geno de la dermis.<\/strong> Adem\u00e1s, tambi\u00e9n reduce la pigmentaci\u00f3n en la piel (debido, en parte, a su potencial antioxidante) y regenera el col\u00e1geno.<\/p>\n\n\n\n<p>No obstante, <strong>no es un activo para todo el mundo<\/strong>, ya que puede irritar la piel. Por tanto,<strong> <\/strong>los cosm\u00e9ticos, en vez de \u00e1cido retinoico, utilizan retinol, que se convierte en retinoico cuando se funde con la piel y, seg\u00fan los expertos, es igual de eficaz. <a href=\"https:\/\/www.primor.eu\/blog\/retinol\/\">Te lo contamos aqu\u00ed.<\/a><\/p>\n\n\n\n<h3 class=\"wp-block-heading\">Vitamina C: iluminador por excelencia<\/h3>\n\n\n\n<p>Utilizar productos cosm\u00e9ticos ricos en Vitamina C en la rutina de cuidado facial proporciona muchos beneficios que nuestra piel necesita para el desarrollo y reparaci\u00f3n de tejidos y para el cuidado frente al envejecimiento, ya que har\u00e1 que <strong>la piel se vea m\u00e1s lisa y uniforme<\/strong> con su uso continuado.<\/p>\n\n\n\n<p>Adem\u00e1s, <strong>combate el envejecimiento<\/strong> de forma eficaz, <strong>mejora el aspecto de las l\u00edneas de expresi\u00f3n <\/strong>y arrugas, fomenta la <strong>producci\u00f3n natural de col\u00e1geno<\/strong> y elastina de la piel, haciendo que se vea m\u00e1s el\u00e1stica y joven y protege de los agentes externos que pudieran debilitar tu aspecto, del estr\u00e9s oxidativo y de la presencia de los radicales libres. Finalmente, su <strong>complejo antioxidante<\/strong> har\u00e1 que la piel recupere la luminosidad. <a href=\"https:\/\/www.primor.eu\/blog\/vitamina-c-para-la-cara\/\">Te lo contamos aqu\u00ed.<\/a><\/p>\n\n\n\n<h3 class=\"wp-block-heading\">\u00c1cido k\u00f3jico: favorito de los dermat\u00f3logos<\/h3>\n\n\n\n<p>El <strong>\u00e1cido k\u00f3jico<\/strong> es una sustancia qu\u00edmica que proviene de unos hongos de Jap\u00f3n. Es de color blanquecino y su composici\u00f3n se basa a partir de peque\u00f1os cristales que lo hacen muy eficaz contra la hiperpigmentaci\u00f3n. Por tanto, <strong>su principal funci\u00f3n es disminuir, y de forma eficaz, las manchas de&nbsp; la piel, incluida las m\u00e1s oscuras.<\/strong><\/p>\n\n\n\n<p>Adem\u00e1s, eso no es todo, porque funciona como antioxidante y antibacteriano. Estas potentes propiedades lo han llevado a convertirse en uno de los ingredientes m\u00e1s usados en cosm\u00e9tica y dermocosm\u00e9tica. <a href=\"https:\/\/www.primor.eu\/blog\/acido-kojico\/\">Te lo contamos aqu\u00ed.<\/a><\/p>\n\n\n\n<h3 class=\"wp-block-heading\">\u00c1cido tranex\u00e1mico: inhibidor de melanina<\/h3>\n\n\n\n<p>El <strong>\u00e1cido tranex\u00e1mico<\/strong> es un ingrediente activo capaz de ayudar a <strong>bloquear<\/strong> los procesos dentro de la piel que forman el tono desigual y las manchas oscuras. Su uso continuado fomenta <strong>una piel visiblemente m\u00e1s brillante, m\u00e1s clara y con un tono m\u00e1s uniforme<\/strong>.<\/p>\n\n\n\n<p>Sus beneficios incluyen <strong>una piel m\u00e1s clara, m\u00e1s uniforme y con un tono m\u00e1s brillante<\/strong>. Tambi\u00e9n puede ayudar a reducir la pigmentaci\u00f3n de la piel, <strong>reducir la aparici\u00f3n de manchas oscuras,<\/strong> mejorar la textura de la piel y r<strong>educir la inflamaci\u00f3n<\/strong>. <a href=\"https:\/\/www.primor.eu\/blog\/acido-tranexamico\/\">Te lo contamos aqu\u00ed.<\/a><\/p>\n\n\n\n<h2 class=\"wp-block-heading\">Dos productos iluminadores de nuestra tienda<\/h2>\n\n\n\n<h3 class=\"wp-block-heading\">Liftactiv S\u00e9rum Vitamina C de Vichy<\/h3>\n\n\n\n<p>Puede contribuir a una piel m\u00e1s uniforme, con reducci\u00f3n de arrugas e imperfecciones visibles. En pruebas realizadas, el 100% de las usuarias reportaron mejoras en la luminosidad de la piel tras 90 d\u00edas de aplicaci\u00f3n del Liftactiv S\u00e9rum 16% Vitamina C de VICHY.<\/p>\n\n\n    <a class='product' target='_blank' href='https:\/\/www.primor.eu\/es_es\/vichy-liftactiv-supreme-serum-vitamina-c-18091.html'>\r\n        <img loading='async' src='https:\/\/cdn2.primor.eu\/media\/catalog\/product\/cache\/8d3aba296f7a18b5251ee30fa5db42b2\/3\/3\/3337875796583_1_209b.jpg' alt='COMPRAR AHORA'>\r\n            <div class=\"claim\">\r\n                COMPRAR AHORA            <\/div>\r\n        <\/a>\r\n    \n\n\n<h3 class=\"wp-block-heading\">Niacinamida 10% + Zinc 1% - S\u00e9rum de The Ordinary<\/h3>\n\n\n\n<p>Es una f\u00f3rmula a base de agua que ofrece los m\u00faltiples beneficios de la niacinamida para mejorar el brillo de la piel, mejorar la textura y reforzar la barrera de hidrataci\u00f3n de la piel. Este s\u00e9rum con niacinamida (vitamina B3) contiene una concentraci\u00f3n alta (10 %) y zinc PCA para combatir la opacidad, la textura irregular y el exceso de grasa. Niacinamide 10% + Zinc 1% tambi\u00e9n ayuda a reducir la apariencia de los poros y aumenta al instante la luminosidad de la piel.<\/p>\n\n\n    <a class='product' target='_blank' href='https:\/\/www.primor.eu\/es_es\/the-ordinary-niacinamida-10-zinc-1-serum-122158.html?#863=71114'>\r\n        <img loading='async' src='https:\/\/cdn2.primor.eu\/media\/catalog\/product\/cache\/8d3aba296f7a18b5251ee30fa5db42b2\/7\/6\/769915195958_1_f2fc.png' alt='COMPRAR AHORA'>\r\n            <div class=\"claim\">\r\n                COMPRAR AHORA            <\/div>\r\n        <\/a>\r\n    \n\n<div class=\"kk-star-ratings kksr-auto kksr-align-center kksr-valign-bottom\"\n    data-payload='{&quot;align&quot;:&quot;center&quot;,&quot;id&quot;:&quot;107724&quot;,&quot;slug&quot;:&quot;default&quot;,&quot;valign&quot;:&quot;bottom&quot;,&quot;ignore&quot;:&quot;&quot;,&quot;reference&quot;:&quot;auto&quot;,&quot;class&quot;:&quot;&quot;,&quot;count&quot;:&quot;0&quot;,&quot;legendonly&quot;:&quot;&quot;,&quot;readonly&quot;:&quot;&quot;,&quot;score&quot;:&quot;0&quot;,&quot;starsonly&quot;:&quot;&quot;,&quot;best&quot;:&quot;5&quot;,&quot;gap&quot;:&quot;5&quot;,&quot;greet&quot;:&quot;Valora este art\u00edculo&quot;,&quot;legend&quot;:&quot;0\\\/5 - (0 votos)&quot;,&quot;size&quot;:&quot;24&quot;,&quot;title&quot;:&quot;Principios activos iluminadores: qu\u00e9 son, beneficios y c\u00f3mo debes usarlos&quot;,&quot;width&quot;:&quot;0&quot;,&quot;_legend&quot;:&quot;{score}\\\/{best} - ({count} {votes})&quot;,&quot;font_factor&quot;:&quot;1.25&quot;}'>\n            \n<div class=\"kksr-stars\">\n    \n<div class=\"kksr-stars-inactive\">\n            <div class=\"kksr-star\" data-star=\"1\" style=\"padding-right: 5px\">\n            \n\n<div class=\"kksr-icon\" style=\"width: 24px; height: 24px;\"><\/div>\n        <\/div>\n            <div class=\"kksr-star\" data-star=\"2\" style=\"padding-right: 5px\">\n            \n\n<div class=\"kksr-icon\" style=\"width: 24px; height: 24px;\"><\/div>\n        <\/div>\n            <div class=\"kksr-star\" data-star=\"3\" style=\"padding-right: 5px\">\n            \n\n<div class=\"kksr-icon\" style=\"width: 24px; height: 24px;\"><\/div>\n        <\/div>\n            <div class=\"kksr-star\" data-star=\"4\" style=\"padding-right: 5px\">\n            \n\n<div class=\"kksr-icon\" style=\"width: 24px; height: 24px;\"><\/div>\n        <\/div>\n            <div class=\"kksr-star\" data-star=\"5\" style=\"padding-right: 5px\">\n            \n\n<div class=\"kksr-icon\" style=\"width: 24px; height: 24px;\"><\/div>\n        <\/div>\n    <\/div>\n    \n<div class=\"kksr-stars-active\" style=\"width: 0px;\">\n            <div class=\"kksr-star\" style=\"padding-right: 5px\">\n            \n\n<div class=\"kksr-icon\" style=\"width: 24px; height: 24px;\"><\/div>\n        <\/div>\n            <div class=\"kksr-star\" style=\"padding-right: 5px\">\n            \n\n<div class=\"kksr-icon\" style=\"width: 24px; height: 24px;\"><\/div>\n        <\/div>\n            <div class=\"kksr-star\" style=\"padding-right: 5px\">\n            \n\n<div class=\"kksr-icon\" style=\"width: 24px; height: 24px;\"><\/div>\n        <\/div>\n            <div class=\"kksr-star\" style=\"padding-right: 5px\">\n            \n\n<div class=\"kksr-icon\" style=\"width: 24px; height: 24px;\"><\/div>\n        <\/div>\n            <div class=\"kksr-star\" style=\"padding-right: 5px\">\n            \n\n<div class=\"kksr-icon\" style=\"width: 24px; height: 24px;\"><\/div>\n        <\/div>\n    <\/div>\n<\/div>\n                \n\n<div class=\"kksr-legend\" style=\"font-size: 19.2px;\">\n            <span class=\"kksr-muted\">Valora este art\u00edculo<\/span>\n    <\/div>\n    <\/div>\n","protected":false},"excerpt":{"rendered":"<p>A la hora de lucir una piel sana, c\u00f3mo cuides tu piel importa, ya&nbsp; pesar de que tenemos muy claro cu\u00e1les son los activos antiedad que combaten las arrugas y signos m\u00e1s comunes, tambi\u00e9n buscamos que se vea resplandeciente. \u00bfC\u00f3mo? A trav\u00e9s de los mejores principios activos iluminadores. Aqu\u00ed va una gu\u00eda completa para conseguirlo. [&hellip;]<\/p>\n","protected":false},"author":14,"featured_media":107848,"comment_status":"closed","ping_status":"closed","sticky":false,"template":"","format":"standard","meta":{"jnews-multi-image_gallery":[],"jnews_single_post":{"subtitle":"","format":"standard","video":"","gallery":"","source_name":"","source_url":"","via_name":"","via_url":"","override_template":"0","override":[{"template":"1","single_blog_custom":"","parallax":"1","fullscreen":"1","layout":"right-sidebar","sidebar":"home-2","second_sidebar":"default-sidebar","sticky_sidebar":"0","share_position":"float","share_float_style":"share-monocrhome","show_share_counter":"0","show_view_counter":"0","show_featured":"1","show_post_meta":"1","show_post_author":"0","show_post_author_image":"1","show_post_date":"1","post_date_format":"default","post_date_format_custom":"Y\/m\/d","show_post_category":"1","show_post_reading_time":"0","post_reading_time_wpm":"300","show_zoom_button":"0","zoom_button_out_step":"2","zoom_button_in_step":"3","show_post_tag":"0","show_prev_next_post":"0","show_popup_post":"0","number_popup_post":"2","show_author_box":"0","show_post_related":"0","show_inline_post_related":"1"}],"override_image_size":"0","image_override":[{"single_post_thumbnail_size":"no-crop","single_post_gallery_size":"crop-500"}],"trending_post":"0","trending_post_position":"meta","trending_post_label":"Trending","sponsored_post":"0","sponsored_post_label":"Sponsored by","sponsored_post_name":"","sponsored_post_url":"","sponsored_post_logo_enable":"0","sponsored_post_logo":"","sponsored_post_desc":"","disable_ad":"0"},"jnews_primary_category":{"id":"","hide":""},"jnews_social_meta":{"fb_title":"","fb_description":"","fb_image":"","twitter_title":"","twitter_description":"","twitter_image":""},"jnews_override_counter":{"override_view_counter":"0","view_counter_number":"0","override_share_counter":"0","share_counter_number":"0","override_like_counter":"0","like_counter_number":"0","override_dislike_counter":"0","dislike_counter_number":"0"},"footnotes":""},"categories":[4950],"tags":[],"class_list":["post-107724","post","type-post","status-publish","format-standard","has-post-thumbnail","hentry","category-principios-activos"],"_links":{"self":[{"href":"https:\/\/www.primor.eu\/blog\/wp-json\/wp\/v2\/posts\/107724","targetHints":{"allow":["GET"]}}],"collection":[{"href":"https:\/\/www.primor.eu\/blog\/wp-json\/wp\/v2\/posts"}],"about":[{"href":"https:\/\/www.primor.eu\/blog\/wp-json\/wp\/v2\/types\/post"}],"author":[{"embeddable":true,"href":"https:\/\/www.primor.eu\/blog\/wp-json\/wp\/v2\/users\/14"}],"replies":[{"embeddable":true,"href":"https:\/\/www.primor.eu\/blog\/wp-json\/wp\/v2\/comments?post=107724"}],"version-history":[{"count":3,"href":"https:\/\/www.primor.eu\/blog\/wp-json\/wp\/v2\/posts\/107724\/revisions"}],"predecessor-version":[{"id":141349,"href":"https:\/\/www.primor.eu\/blog\/wp-json\/wp\/v2\/posts\/107724\/revisions\/141349"}],"wp:featuredmedia":[{"embeddable":true,"href":"https:\/\/www.primor.eu\/blog\/wp-json\/wp\/v2\/media\/107848"}],"wp:attachment":[{"href":"https:\/\/www.primor.eu\/blog\/wp-json\/wp\/v2\/media?parent=107724"}],"wp:term":[{"taxonomy":"category","embeddable":true,"href":"https:\/\/www.primor.eu\/blog\/wp-json\/wp\/v2\/categories?post=107724"},{"taxonomy":"post_tag","embeddable":true,"href":"https:\/\/www.primor.eu\/blog\/wp-json\/wp\/v2\/tags?post=107724"}],"curies":[{"name":"wp","href":"https:\/\/api.w.org\/{rel}","templated":true}]}}