{"id":107720,"date":"2026-04-22T13:41:42","date_gmt":"2026-04-22T13:41:42","guid":{"rendered":"https:\/\/www.primor.eu\/blog\/?p=107720"},"modified":"2026-04-22T13:41:43","modified_gmt":"2026-04-22T13:41:43","slug":"principios-activos-antioxidantes","status":"publish","type":"post","link":"https:\/\/www.primor.eu\/blog\/principios-activos-antioxidantes\/","title":{"rendered":"Principios activos antioxidantes: qu\u00e9 son, beneficios y c\u00f3mo debes usarlos seg\u00fan expertos"},"content":{"rendered":"\n<p>Para una piel sana, resplandeciente y de aspecto saludable, hay ciertos ingredientes que pueden ayudarte, y en este caso, los <strong>principios activos antioxidantes<\/strong> se convertir\u00e1n en tu mejor aliado. Y ojo, porque lejos de lo que muchos suelen pensar, son aptos para todo tipo de pieles, incluidas las m\u00e1s sensibles.&nbsp;<\/p>\n\n\n\n<h2 class=\"wp-block-heading\">Mejores principios activos antioxidantes<\/h2>\n\n\n\n<h3 class=\"wp-block-heading\">\u00c1cido fer\u00falico: aspecto radiante<\/h3>\n\n\n\n<p>El \u00e1cido fer\u00falico es un potente antioxidante que <strong>ayuda a conservar la matriz celular de los tejidos<\/strong>, protegiendo y reforzando la barrera cut\u00e1nea de la piel. Adem\u00e1s, su capacidad de regeneraci\u00f3n <strong>fomenta la s\u00edntesis de col\u00e1geno y elastina<\/strong>. Por tanto, resulta un gran aliado para<strong> prevenir l\u00edneas de expresi\u00f3n, arrugas y p\u00e9rdida de densidad.&nbsp;<\/strong><\/p>\n\n\n\n<p>Otra de sus grandes ventajas es su <strong>alto poder antioxidante<\/strong> que permite contrarrestar, disminuir y prevenir el envejecimiento cut\u00e1neo producido por el sol, el paso del tiempo o los agentes oxidantes. Esto mismo tambi\u00e9n <strong>potencia la luminosidad de la dermis<\/strong>, fomentando un aspecto radiante y acabando con los rostros apagados y con aquellos signos del envejecimiento prematuro. <a href=\"https:\/\/www.primor.eu\/blog\/acido-ferulico\/\">Te lo contamos aqu\u00ed.<\/a><\/p>\n\n\n\n<h3 class=\"wp-block-heading\">Vitamina E perfecto para pieles sensibles<\/h3>\n\n\n\n<p>La <strong>vitamina E es uno de los activos que mayor efecto posee a nivel t\u00f3pico<\/strong>. De esta forma, y conocida por sus incre\u00edbles propiedades antioxidantes, protectoras e hidratantes, ayuda a retrasar los signos de la edad tales como arrugas, manchas u otras imperfecciones.&nbsp;<\/p>\n\n\n\n<p>Por otro lado, al tener un alto poder antioxidante, protege a la dermis de los agresores externos que pudieran debilitar su aspecto, como la presencia de los radicales libres o la poluci\u00f3n que pudieran da\u00f1ar la barrera cut\u00e1nea. <a href=\"https:\/\/www.primor.eu\/blog\/vitamina-e\/\">Te lo contamos aqu\u00ed.<\/a><\/p>\n\n\n\n<h3 class=\"wp-block-heading\">Resveratrol: piel sin oxidaci\u00f3n&nbsp;<\/h3>\n\n\n\n<p>Este ingrediente es una<strong> sustancia natural <\/strong>que evita la oxidaci\u00f3n de las c\u00e9lulas de la piel, al mismo tiempo que <strong>nos protege de la presencia de los radicales libres<\/strong>. \u00bfQu\u00e9 quiere decir esto? B\u00e1sicamente, que supone un <strong>gran aliado contra el paso del tiempo<\/strong>, y tambi\u00e9n contra los signos de la edad.&nbsp;<\/p>\n\n\n\n<p>El resveratrol ayuda a combatir de forma eficaz la formaci\u00f3n de arrugas o la aparici\u00f3n de la hiperpigmentaci\u00f3n cut\u00e1nea. En parte, esto es gracias a sus <strong>propiedades antibacterianas,<\/strong> contribuye a<strong> regular la producci\u00f3n de sebo<\/strong> y los s\u00edntomas de acn\u00e9.&nbsp;<\/p>\n\n\n\n<p>Pero no solo eso, porque el resveratrol es un ingrediente apto para todo tipo de pieles que disminuye irritaciones y ayuda a la producci\u00f3n de col\u00e1geno y regeneraci\u00f3n de la dermis. <a href=\"https:\/\/www.primor.eu\/blog\/cremas-con-resveratrol\/\">Te lo contamos aqu\u00ed.<\/a><\/p>\n\n\n\n<h3 class=\"wp-block-heading\">Vitamina C: iluminador por excelencia<\/h3>\n\n\n\n<p>Utilizar productos cosm\u00e9ticos ricos en Vitamina C en la rutina de cuidado facial proporciona muchos beneficios que nuestra piel necesita para el desarrollo y reparaci\u00f3n de tejidos y para el cuidado frente al envejecimiento, ya que har\u00e1 que <strong>la piel se vea m\u00e1s lisa y uniforme<\/strong> con su uso continuado.<\/p>\n\n\n\n<p>Adem\u00e1s, <strong>combate el envejecimiento<\/strong> de forma eficaz, <strong>mejora el aspecto de las l\u00edneas de expresi\u00f3n <\/strong>y arrugas, fomenta la <strong>producci\u00f3n natural de col\u00e1geno<\/strong> y elastina de la piel, haciendo que se vea m\u00e1s el\u00e1stica y joven y protege de los agentes externos que pudieran debilitar tu aspecto, del estr\u00e9s oxidativo y de la presencia de los radicales libres. Finalmente, su <strong>complejo antioxidante<\/strong> har\u00e1 que la piel recupere la luminosidad. <a href=\"https:\/\/www.primor.eu\/blog\/vitamina-c-para-la-cara\/\">Te lo contamos aqu\u00ed.<\/a><\/p>\n\n\n\n<h3 class=\"wp-block-heading\">Coenzima Q10: elasticidad<\/h3>\n\n\n\n<p>Conocida como <strong>ubiquinona o coenzima Q<\/strong>, es una enzima que produce nuestro cuerpo de forma natural y que la encontramos en c\u00e9lulas y tejidos. Una piel joven (y sana) es capaz de producir tanta coenzima Q10 como necesite<strong>.<\/strong> Sin embargo, factores como el<strong> estr\u00e9s u otros agentes que puedan acelerar el envejecimiento prematuro<\/strong> de la piel, podr\u00edan afectar a estos niveles de producci\u00f3n de enzimas. Por tanto, podr\u00edamos decir que una piel que sea incapaz de producir la coenzima Q10 que necesita, es una piel que empieza a sufrir las consecuencias del envejecimiento. <a href=\"https:\/\/www.primor.eu\/blog\/coenzima-q10\/\">Te lo contamos aqu\u00ed.<\/a><\/p>\n\n\n<div class=\"kk-star-ratings kksr-auto kksr-align-center kksr-valign-bottom\"\n    data-payload='{&quot;align&quot;:&quot;center&quot;,&quot;id&quot;:&quot;107720&quot;,&quot;slug&quot;:&quot;default&quot;,&quot;valign&quot;:&quot;bottom&quot;,&quot;ignore&quot;:&quot;&quot;,&quot;reference&quot;:&quot;auto&quot;,&quot;class&quot;:&quot;&quot;,&quot;count&quot;:&quot;0&quot;,&quot;legendonly&quot;:&quot;&quot;,&quot;readonly&quot;:&quot;&quot;,&quot;score&quot;:&quot;0&quot;,&quot;starsonly&quot;:&quot;&quot;,&quot;best&quot;:&quot;5&quot;,&quot;gap&quot;:&quot;5&quot;,&quot;greet&quot;:&quot;Valora este art\u00edculo&quot;,&quot;legend&quot;:&quot;0\\\/5 - (0 votos)&quot;,&quot;size&quot;:&quot;24&quot;,&quot;title&quot;:&quot;Principios activos antioxidantes: qu\u00e9 son, beneficios y c\u00f3mo debes usarlos seg\u00fan expertos&quot;,&quot;width&quot;:&quot;0&quot;,&quot;_legend&quot;:&quot;{score}\\\/{best} - ({count} {votes})&quot;,&quot;font_factor&quot;:&quot;1.25&quot;}'>\n            \n<div class=\"kksr-stars\">\n    \n<div class=\"kksr-stars-inactive\">\n            <div class=\"kksr-star\" data-star=\"1\" style=\"padding-right: 5px\">\n            \n\n<div class=\"kksr-icon\" style=\"width: 24px; height: 24px;\"><\/div>\n        <\/div>\n            <div class=\"kksr-star\" data-star=\"2\" style=\"padding-right: 5px\">\n            \n\n<div class=\"kksr-icon\" style=\"width: 24px; height: 24px;\"><\/div>\n        <\/div>\n            <div class=\"kksr-star\" data-star=\"3\" style=\"padding-right: 5px\">\n            \n\n<div class=\"kksr-icon\" style=\"width: 24px; height: 24px;\"><\/div>\n        <\/div>\n            <div class=\"kksr-star\" data-star=\"4\" style=\"padding-right: 5px\">\n            \n\n<div class=\"kksr-icon\" style=\"width: 24px; height: 24px;\"><\/div>\n        <\/div>\n            <div class=\"kksr-star\" data-star=\"5\" style=\"padding-right: 5px\">\n            \n\n<div class=\"kksr-icon\" style=\"width: 24px; height: 24px;\"><\/div>\n        <\/div>\n    <\/div>\n    \n<div class=\"kksr-stars-active\" style=\"width: 0px;\">\n            <div class=\"kksr-star\" style=\"padding-right: 5px\">\n            \n\n<div class=\"kksr-icon\" style=\"width: 24px; height: 24px;\"><\/div>\n        <\/div>\n            <div class=\"kksr-star\" style=\"padding-right: 5px\">\n            \n\n<div class=\"kksr-icon\" style=\"width: 24px; height: 24px;\"><\/div>\n        <\/div>\n            <div class=\"kksr-star\" style=\"padding-right: 5px\">\n            \n\n<div class=\"kksr-icon\" style=\"width: 24px; height: 24px;\"><\/div>\n        <\/div>\n            <div class=\"kksr-star\" style=\"padding-right: 5px\">\n            \n\n<div class=\"kksr-icon\" style=\"width: 24px; height: 24px;\"><\/div>\n        <\/div>\n            <div class=\"kksr-star\" style=\"padding-right: 5px\">\n            \n\n<div class=\"kksr-icon\" style=\"width: 24px; height: 24px;\"><\/div>\n        <\/div>\n    <\/div>\n<\/div>\n                \n\n<div class=\"kksr-legend\" style=\"font-size: 19.2px;\">\n            <span class=\"kksr-muted\">Valora este art\u00edculo<\/span>\n    <\/div>\n    <\/div>\n","protected":false},"excerpt":{"rendered":"<p>Para una piel sana, resplandeciente y de aspecto saludable, hay ciertos ingredientes que pueden ayudarte, y en este caso, los principios activos antioxidantes se convertir\u00e1n en tu mejor aliado. Y ojo, porque lejos de lo que muchos suelen pensar, son aptos para todo tipo de pieles, incluidas las m\u00e1s sensibles.&nbsp; Mejores principios activos antioxidantes \u00c1cido [&hellip;]<\/p>\n","protected":false},"author":14,"featured_media":107844,"comment_status":"closed","ping_status":"closed","sticky":false,"template":"","format":"standard","meta":{"jnews-multi-image_gallery":[],"jnews_single_post":{"subtitle":"","format":"standard","video":"","gallery":"","source_name":"","source_url":"","via_name":"","via_url":"","override_template":"0","override":[{"template":"1","single_blog_custom":"","parallax":"1","fullscreen":"1","layout":"right-sidebar","sidebar":"home-2","second_sidebar":"default-sidebar","sticky_sidebar":"0","share_position":"float","share_float_style":"share-monocrhome","show_share_counter":"0","show_view_counter":"0","show_featured":"1","show_post_meta":"1","show_post_author":"0","show_post_author_image":"1","show_post_date":"1","post_date_format":"default","post_date_format_custom":"Y\/m\/d","show_post_category":"1","show_post_reading_time":"0","post_reading_time_wpm":"300","show_zoom_button":"0","zoom_button_out_step":"2","zoom_button_in_step":"3","show_post_tag":"0","show_prev_next_post":"0","show_popup_post":"0","number_popup_post":"2","show_author_box":"0","show_post_related":"0","show_inline_post_related":"1"}],"override_image_size":"0","image_override":[{"single_post_thumbnail_size":"no-crop","single_post_gallery_size":"crop-500"}],"trending_post":"0","trending_post_position":"meta","trending_post_label":"Trending","sponsored_post":"0","sponsored_post_label":"Sponsored by","sponsored_post_name":"","sponsored_post_url":"","sponsored_post_logo_enable":"0","sponsored_post_logo":"","sponsored_post_desc":"","disable_ad":"0"},"jnews_primary_category":{"id":"","hide":""},"jnews_social_meta":{"fb_title":"","fb_description":"","fb_image":"","twitter_title":"","twitter_description":"","twitter_image":""},"jnews_override_counter":{"override_view_counter":"0","view_counter_number":"0","override_share_counter":"0","share_counter_number":"0","override_like_counter":"0","like_counter_number":"0","override_dislike_counter":"0","dislike_counter_number":"0"},"footnotes":""},"categories":[4950],"tags":[],"class_list":["post-107720","post","type-post","status-publish","format-standard","has-post-thumbnail","hentry","category-principios-activos"],"_links":{"self":[{"href":"https:\/\/www.primor.eu\/blog\/wp-json\/wp\/v2\/posts\/107720","targetHints":{"allow":["GET"]}}],"collection":[{"href":"https:\/\/www.primor.eu\/blog\/wp-json\/wp\/v2\/posts"}],"about":[{"href":"https:\/\/www.primor.eu\/blog\/wp-json\/wp\/v2\/types\/post"}],"author":[{"embeddable":true,"href":"https:\/\/www.primor.eu\/blog\/wp-json\/wp\/v2\/users\/14"}],"replies":[{"embeddable":true,"href":"https:\/\/www.primor.eu\/blog\/wp-json\/wp\/v2\/comments?post=107720"}],"version-history":[{"count":2,"href":"https:\/\/www.primor.eu\/blog\/wp-json\/wp\/v2\/posts\/107720\/revisions"}],"predecessor-version":[{"id":141659,"href":"https:\/\/www.primor.eu\/blog\/wp-json\/wp\/v2\/posts\/107720\/revisions\/141659"}],"wp:featuredmedia":[{"embeddable":true,"href":"https:\/\/www.primor.eu\/blog\/wp-json\/wp\/v2\/media\/107844"}],"wp:attachment":[{"href":"https:\/\/www.primor.eu\/blog\/wp-json\/wp\/v2\/media?parent=107720"}],"wp:term":[{"taxonomy":"category","embeddable":true,"href":"https:\/\/www.primor.eu\/blog\/wp-json\/wp\/v2\/categories?post=107720"},{"taxonomy":"post_tag","embeddable":true,"href":"https:\/\/www.primor.eu\/blog\/wp-json\/wp\/v2\/tags?post=107720"}],"curies":[{"name":"wp","href":"https:\/\/api.w.org\/{rel}","templated":true}]}}