{"id":107716,"date":"2025-07-10T17:24:52","date_gmt":"2025-07-10T17:24:52","guid":{"rendered":"https:\/\/www.primor.eu\/blog\/?p=107716"},"modified":"2026-03-16T12:09:21","modified_gmt":"2026-03-16T12:09:21","slug":"mejores-productos-minitalla-viajes","status":"publish","type":"post","link":"https:\/\/www.primor.eu\/blog\/mejores-productos-minitalla-viajes\/","title":{"rendered":"\u00bfViaje a la vista? Los 5 productos minitalla para tu maleta mejor valorados"},"content":{"rendered":"\n<p>Llevar productos de <a href=\"https:\/\/www.primor.eu\/blog\/como-llevar-productos-cosmetica-maquillaje-maleta\/\" data-type=\"link\" data-id=\"https:\/\/www.primor.eu\/blog\/como-llevar-productos-cosmetica-maquillaje-maleta\/\">cosm\u00e9tica en la maleta<\/a> puede ser todo un <strong>desaf\u00edo<\/strong>, pero que no cunda el p\u00e1nico, porque con <strong>algunos consejos pr\u00e1cticos<\/strong> (que te damos en este art\u00edculo de Primor) no tendr\u00e1s ning\u00fan tipo de problema, y podr\u00e1s disfrutar al m\u00e1ximo de tus vacaciones.<\/p>\n\n\n\n<h2 class=\"wp-block-heading\">C\u00f3mo llevar tus l\u00edquidos en la maleta&nbsp;<\/h2>\n\n\n\n<ul class=\"wp-block-list\">\n<li><strong>Revisa las regulaciones de l\u00edquidos<\/strong>. Es lo m\u00e1s importante. Si viajas en avi\u00f3n, aseg\u00farate de cumplir con las regulaciones de l\u00edquidos en el equipaje de mano. Los l\u00edquidos deben estar en envases de 100 ml o menos y todos deben caber en una bolsa de pl\u00e1stico transparente con cierre herm\u00e9tico de un litro.<\/li>\n\n\n\n<li><strong>Opta por envases peque\u00f1os. <\/strong>Compra envases de viaje para tus productos de cosm\u00e9tica. Esto te permite llevar la cantidad justa y evita el exceso de peso. Algunas marcas ofrecen versiones mini de sus productos populares.<\/li>\n\n\n\n<li><strong>Utiliza bolsas herm\u00e9ticas.<\/strong> Coloca los productos l\u00edquidos en bolsas herm\u00e9ticas para evitar derrames. Las bolsas Ziploc son una buena opci\u00f3n. Para mayor protecci\u00f3n, envuelve cada botella en film transparente antes de ponerla en la bolsa. No tiene por qu\u00e9 ser necesario, pero, m\u00e1s vale prevenir que curar.&nbsp;<\/li>\n\n\n\n<li><strong>Organiza y separa<\/strong>. Usa neceseres o estuches organizadores para separar tus productos de maquillaje, cuidado de la piel y aseo personal. Esto facilita el acceso y reduce el riesgo de derrames. Adem\u00e1s, los neceseres con compartimentos separados son especialmente \u00fatiles.<\/li>\n\n\n\n<li><strong>Protege los productos fr\u00e1giles.<\/strong> Sobre todo, si son perfumes o polvos compactos. Puedes envolverlos en ropa suave (calcetines, bufandas) para amortiguarlos. Por otra parte, aseg\u00farate de colocar estos art\u00edculos en el centro de la maleta, rodeados de ropa para una mayor protecci\u00f3n.<\/li>\n\n\n\n<li><strong>Productos s\u00f3lidos<\/strong>. Es otra opci\u00f3n. Considera llevar versiones s\u00f3lidas de algunos productos, como champ\u00fa, acondicionador, desodorante y jab\u00f3n. Estos no est\u00e1n sujetos a las restricciones de l\u00edquidos y son menos propensos a derramarse.<\/li>\n\n\n\n<li><strong>Tenlos a mano.<\/strong> Coloca los productos que necesitar\u00e1s usar durante el vuelo (como b\u00e1lsamo labial, crema hidratante, etc.) en tu bolso de mano. Esto tambi\u00e9n incluye cualquier art\u00edculo que podr\u00edas necesitar inmediatamente al llegar a tu destino.<\/li>\n\n\n\n<li><strong>Lleva solo los productos esenciales<\/strong>. Preg\u00fantate si realmente necesitas cada producto que est\u00e1s empacando. Considera comprar algunos productos en tu destino para evitar llevar demasiado.<\/li>\n\n\n\n<li><strong>Etiqueta claramente<\/strong> cada envase si transfieres productos a recipientes m\u00e1s peque\u00f1os. Esto te ayudar\u00e1 a identificarlos f\u00e1cilmente.<\/li>\n<\/ul>\n\n\n\n<h2 class=\"wp-block-heading\">Productos en minitalla que llevar\u00e9 en mi maleta<\/h2>\n\n\n\n<p>En Primor tenemos toda una secci\u00f3n de <a href=\"https:\/\/www.primor.eu\/es_es\/formato-viaje\">productos en minitalla<\/a> para llevar en tus viajes. Hemos seleccionado algunos de nuestros favoritos.<\/p>\n\n\n        <product-table class=\"pr-slider\">\r\n            <product-headers class=\"grid-table-rows\">\r\n                <div>Foto<\/div>\r\n                <div>Producto<\/div>\r\n                <div>Marca<\/div>\r\n                <div>Valoraciones<\/div>\r\n                <div>Precio<\/div>\r\n            <\/product-headers>\r\n\r\n            <product-list>\r\n                                    <a href=\"https:\/\/www.primor.eu\/es_es\/babaria-aceite-bronceador-luminoso-formato-viaje-78659.html\" class=\"product-item grid-table-rows\" target=\"_blank\">\r\n                        <div>\r\n                            <img decoding=\"async\" class=\"product-img\" width=\"80px\" height=\"80px\" src=\"https:\/\/cdn2.primor.eu\/media\/catalog\/product\/cache\/8d3aba296f7a18b5251ee30fa5db42b2\/a\/c\/aceite_bronceador_luminoso_formato_viaje_4a1e.jpg\" alt=\"Aceite Bronceador Luminoso formato viaje\">\r\n                        <\/div>\r\n\r\n                        <!-- Contenido de producto  -->\r\n                        <div>\r\n                            <div class=\"product-position\">\r\n                                #1 Top Ventas                            <\/div>\r\n\r\n                            <h2>\r\n                                Aceite Bronceador Luminoso formato viaje                            <\/h2>\r\n                        <\/div>\r\n\r\n                        <!-- Imagen y\/o nombre de la marca -->\r\n                        <div>\r\n                                                            <img decoding=\"async\" width=\"70\" src=\"https:\/\/www.primor.eu\/media\/catalog\/category\/Babaria.jpg\" alt=\"\">\r\n                                                    <\/div>\r\n\r\n                        <!-- Puntuaci\u00f3n del producto  -->\r\n                        <div class=\"rating\">\r\n                                                            <div class=\"rate\" style=\"--p:96;\"><\/div>\r\n                                <b>4.8\/5<\/b>\r\n                                <div class=\"rate-stars\">\r\n                                                                            <div\r\n                                            class=\"rate-star  \">\r\n                                        <\/div>\r\n                                                                            <div\r\n                                            class=\"rate-star  \">\r\n                                        <\/div>\r\n                                                                            <div\r\n                                            class=\"rate-star  \">\r\n                                        <\/div>\r\n                                                                            <div\r\n                                            class=\"rate-star  \">\r\n                                        <\/div>\r\n                                                                            <div\r\n                                            class=\"rate-star  \">\r\n                                        <\/div>\r\n                                                                    <\/div>\r\n                                                    <\/div>\r\n\r\n                        <!-- Bot\u00f3n de producto  -->\r\n                        <div>\r\n                            <span class=\"price-claim\">\r\n                                VER PRECIO                            <\/span>\r\n                        <\/div>\r\n                    <\/a>\r\n                                    <a href=\"https:\/\/www.primor.eu\/es_es\/kemphor-travel-neceser-higiene-bucal-junior-19199.html\" class=\"product-item grid-table-rows\" target=\"_blank\">\r\n                        <div>\r\n                            <img decoding=\"async\" class=\"product-img\" width=\"80px\" height=\"80px\" src=\"https:\/\/cdn2.primor.eu\/media\/catalog\/product\/cache\/8d3aba296f7a18b5251ee30fa5db42b2\/1\/D\/1DT00133_1_fa1e.jpg\" alt=\"Travel Neceser Higiene Bucal Junior\">\r\n                        <\/div>\r\n\r\n                        <!-- Contenido de producto  -->\r\n                        <div>\r\n                            <div class=\"product-position\">\r\n                                #2                            <\/div>\r\n\r\n                            <h2>\r\n                                Travel Neceser Higiene Bucal Junior                            <\/h2>\r\n                        <\/div>\r\n\r\n                        <!-- Imagen y\/o nombre de la marca -->\r\n                        <div>\r\n                                                            <img decoding=\"async\" width=\"70\" src=\"https:\/\/www.primor.eu\/media\/catalog\/category\/Kemphor.jpg\" alt=\"\">\r\n                                                    <\/div>\r\n\r\n                        <!-- Puntuaci\u00f3n del producto  -->\r\n                        <div class=\"rating\">\r\n                                                            <div class=\"rate\" style=\"--p:100;\"><\/div>\r\n                                <b>5\/5<\/b>\r\n                                <div class=\"rate-stars\">\r\n                                                                            <div\r\n                                            class=\"rate-star  \">\r\n                                        <\/div>\r\n                                                                            <div\r\n                                            class=\"rate-star  \">\r\n                                        <\/div>\r\n                                                                            <div\r\n                                            class=\"rate-star  \">\r\n                                        <\/div>\r\n                                                                            <div\r\n                                            class=\"rate-star  \">\r\n                                        <\/div>\r\n                                                                            <div\r\n                                            class=\"rate-star  \">\r\n                                        <\/div>\r\n                                                                    <\/div>\r\n                                                    <\/div>\r\n\r\n                        <!-- Bot\u00f3n de producto  -->\r\n                        <div>\r\n                            <span class=\"price-claim\">\r\n                                VER PRECIO                            <\/span>\r\n                        <\/div>\r\n                    <\/a>\r\n                                    <a href=\"https:\/\/www.primor.eu\/es_es\/isdin-protector-solar-facial-fusion-water-magic-repair-113044.html?#863=67139\" class=\"product-item grid-table-rows\" target=\"_blank\">\r\n                        <div>\r\n                            <img decoding=\"async\" class=\"product-img\" width=\"80px\" height=\"80px\" src=\"https:\/\/cdn2.primor.eu\/media\/catalog\/product\/cache\/8d3aba296f7a18b5251ee30fa5db42b2\/C\/a\/Captura_21c9.JPG\" alt=\"Protector Solar Facial Fusion Water Magic Repair\">\r\n                        <\/div>\r\n\r\n                        <!-- Contenido de producto  -->\r\n                        <div>\r\n                            <div class=\"product-position\">\r\n                                #3                            <\/div>\r\n\r\n                            <h2>\r\n                                Protector Solar Facial Fusion Water Magic Repair                            <\/h2>\r\n                        <\/div>\r\n\r\n                        <!-- Imagen y\/o nombre de la marca -->\r\n                        <div>\r\n                                                            <img decoding=\"async\" width=\"70\" src=\"https:\/\/www.primor.eu\/media\/catalog\/category\/isdin.png\" alt=\"Isdin\">\r\n                                                    <\/div>\r\n\r\n                        <!-- Puntuaci\u00f3n del producto  -->\r\n                        <div class=\"rating\">\r\n                                                            <div class=\"rate\" style=\"--p:94;\"><\/div>\r\n                                <b>4.7\/5<\/b>\r\n                                <div class=\"rate-stars\">\r\n                                                                            <div\r\n                                            class=\"rate-star  \">\r\n                                        <\/div>\r\n                                                                            <div\r\n                                            class=\"rate-star  \">\r\n                                        <\/div>\r\n                                                                            <div\r\n                                            class=\"rate-star  \">\r\n                                        <\/div>\r\n                                                                            <div\r\n                                            class=\"rate-star  \">\r\n                                        <\/div>\r\n                                                                            <div\r\n                                            class=\"rate-star  \">\r\n                                        <\/div>\r\n                                                                    <\/div>\r\n                                                    <\/div>\r\n\r\n                        <!-- Bot\u00f3n de producto  -->\r\n                        <div>\r\n                            <span class=\"price-claim\">\r\n                                VER PRECIO                            <\/span>\r\n                        <\/div>\r\n                    <\/a>\r\n                                    <a href=\"https:\/\/www.primor.eu\/es_es\/real-techniques-mini-travel-duo-118602.html\" class=\"product-item grid-table-rows\" target=\"_blank\">\r\n                        <div>\r\n                            <img decoding=\"async\" class=\"product-img\" width=\"80px\" height=\"80px\" src=\"https:\/\/cdn2.primor.eu\/media\/catalog\/product\/cache\/8d3aba296f7a18b5251ee30fa5db42b2\/C\/a\/Captura_mini_9dd0.PNG\" alt=\"Mini Travel Duo Brocha y Esponja de Maquillaje\">\r\n                        <\/div>\r\n\r\n                        <!-- Contenido de producto  -->\r\n                        <div>\r\n                            <div class=\"product-position\">\r\n                                #4                            <\/div>\r\n\r\n                            <h2>\r\n                                Mini Travel Duo Brocha y Esponja de Maquillaje                            <\/h2>\r\n                        <\/div>\r\n\r\n                        <!-- Imagen y\/o nombre de la marca -->\r\n                        <div>\r\n                                                            <img decoding=\"async\" width=\"70\" src=\"https:\/\/www.primor.eu\/media\/catalog\/category\/real-techniques.png\" alt=\"\">\r\n                                                    <\/div>\r\n\r\n                        <!-- Puntuaci\u00f3n del producto  -->\r\n                        <div class=\"rating\">\r\n                                                            <div class=\"rate\" style=\"--p:70;\"><\/div>\r\n                                <b>3.5\/5<\/b>\r\n                                <div class=\"rate-stars\">\r\n                                                                            <div\r\n                                            class=\"rate-star  \">\r\n                                        <\/div>\r\n                                                                            <div\r\n                                            class=\"rate-star  \">\r\n                                        <\/div>\r\n                                                                            <div\r\n                                            class=\"rate-star  \">\r\n                                        <\/div>\r\n                                                                            <div\r\n                                            class=\"rate-star  middle\">\r\n                                        <\/div>\r\n                                                                            <div\r\n                                            class=\"rate-star disable \">\r\n                                        <\/div>\r\n                                                                    <\/div>\r\n                                                    <\/div>\r\n\r\n                        <!-- Bot\u00f3n de producto  -->\r\n                        <div>\r\n                            <span class=\"price-claim\">\r\n                                VER PRECIO                            <\/span>\r\n                        <\/div>\r\n                    <\/a>\r\n                                    <a href=\"https:\/\/www.primor.eu\/es_es\/garnier-skin-active-agua-micelar-en-aceite-107943.html?#863=67100\" class=\"product-item grid-table-rows\" target=\"_blank\">\r\n                        <div>\r\n                            <img decoding=\"async\" class=\"product-img\" width=\"80px\" height=\"80px\" src=\"https:\/\/cdn2.primor.eu\/media\/catalog\/product\/cache\/8d3aba296f7a18b5251ee30fa5db42b2\/0\/T\/0TF12167_1_35b9.jpg\" alt=\"Skin Active Agua Micelar en Aceite\">\r\n                        <\/div>\r\n\r\n                        <!-- Contenido de producto  -->\r\n                        <div>\r\n                            <div class=\"product-position\">\r\n                                #5                            <\/div>\r\n\r\n                            <h2>\r\n                                Skin Active Agua Micelar en Aceite                            <\/h2>\r\n                        <\/div>\r\n\r\n                        <!-- Imagen y\/o nombre de la marca -->\r\n                        <div>\r\n                                                            <img decoding=\"async\" width=\"70\" src=\"https:\/\/www.primor.eu\/media\/catalog\/category\/Garnier.jpg\" alt=\"Garnier\">\r\n                                                    <\/div>\r\n\r\n                        <!-- Puntuaci\u00f3n del producto  -->\r\n                        <div class=\"rating\">\r\n                                                            <div class=\"rate\" style=\"--p:94;\"><\/div>\r\n                                <b>4.7\/5<\/b>\r\n                                <div class=\"rate-stars\">\r\n                                                                            <div\r\n                                            class=\"rate-star  \">\r\n                                        <\/div>\r\n                                                                            <div\r\n                                            class=\"rate-star  \">\r\n                                        <\/div>\r\n                                                                            <div\r\n                                            class=\"rate-star  \">\r\n                                        <\/div>\r\n                                                                            <div\r\n                                            class=\"rate-star  \">\r\n                                        <\/div>\r\n                                                                            <div\r\n                                            class=\"rate-star  \">\r\n                                        <\/div>\r\n                                                                    <\/div>\r\n                                                    <\/div>\r\n\r\n                        <!-- Bot\u00f3n de producto  -->\r\n                        <div>\r\n                            <span class=\"price-claim\">\r\n                                VER PRECIO                            <\/span>\r\n                        <\/div>\r\n                    <\/a>\r\n                            <\/product-list>\r\n        <\/product-table>\r\n\r\n        \n\n\n\n<h3 class=\"wp-block-heading\">Aceite Bronceador Luminoso formato viaje de Babaria<\/h3>\n\n\n\n<p>El aceite bronceador efecto luminoso proporciona una hidrataci\u00f3n activa con acelerador del bronceado. La acci\u00f3n conjunta de sus ingredientes activos, como el Aceite de Coco, consigue potenciar y mantener un moreno perfecto evitando la deshidrataci\u00f3n de la piel.<\/p>\n\n\n    <a class='product' target='_blank' href='https:\/\/www.primor.eu\/es_es\/babaria-aceite-bronceador-luminoso-formato-viaje-78659.html'>\r\n        <img loading='async' src='https:\/\/cdn2.primor.eu\/media\/catalog\/product\/cache\/8d3aba296f7a18b5251ee30fa5db42b2\/a\/c\/aceite_bronceador_luminoso_formato_viaje_4a1e.jpg' alt='COMPRAR AHORA'>\r\n            <div class=\"claim\">\r\n                COMPRAR AHORA            <\/div>\r\n        <\/a>\r\n    \n\n\n\n<h3 class=\"wp-block-heading\">Cepillo Dental Viaje\u00a0de Kemphor <\/h3>\n\n\n\n<p>El Travel Neceser Higiene Bucal Junior de Kemphor tiene un dise\u00f1o transparente&nbsp;y posee un pr\u00e1ctico cierre&nbsp;con cremallera. Gracias a su c\u00f3modo formato podr\u00e1s llevarlo siempre contigo a cualquier sitio. con puntas redondeadas que eliminan la placa bacteriana cuidando las enc\u00edas, y cabezal peque\u00f1o que facilita el cepillado en las zonas de dif\u00edcil acceso.<\/p>\n\n\n    <a class='product' target='_blank' href='https:\/\/www.primor.eu\/es_es\/kemphor-travel-neceser-higiene-bucal-junior-19199.html'>\r\n        <img loading='async' src='https:\/\/cdn2.primor.eu\/media\/catalog\/product\/cache\/8d3aba296f7a18b5251ee30fa5db42b2\/1\/D\/1DT00133_1_fa1e.jpg' alt='COMPRAR AHORA'>\r\n            <div class=\"claim\">\r\n                COMPRAR AHORA            <\/div>\r\n        <\/a>\r\n    \n\n\n\n<h3 class=\"wp-block-heading\">Protector Solar Facial Fusion Water\u00a0de Isdin<\/h3>\n\n\n\n<p>Es la elecci\u00f3n perfecta para mantener tu piel protegida de los da\u00f1os causados por el sol. Este protector solar de Isdin combina tecnolog\u00eda avanzada y cuidado de la piel para brindarte una soluci\u00f3n efectiva.<\/p>\n\n\n    <a class='product' target='_blank' href='https:\/\/www.primor.eu\/es_es\/isdin-protector-solar-facial-fusion-water-magic-repair-113044.html?#863=67139'>\r\n        <img loading='async' src='https:\/\/cdn2.primor.eu\/media\/catalog\/product\/cache\/8d3aba296f7a18b5251ee30fa5db42b2\/C\/a\/Captura_21c9.JPG' alt='COMPRAR AHORA'>\r\n            <div class=\"claim\">\r\n                COMPRAR AHORA            <\/div>\r\n        <\/a>\r\n    \n\n\n\n<h3 class=\"wp-block-heading\">Mini Travel Duo Brocha y Esponja de Maquillaje de Real Techniques<\/h3>\n\n\n\n<p>Este d\u00fao de brocha y esponja de maquillaje incluye dos herramientas esenciales para lograr un acabado uniforme y natural. El Mini Travel Duo Brocha y Esponja de Maquillaje de REAL TECHNIQUES cuenta con la Mini Expert Face Brush, ideal para aplicar bases l\u00edquidas y en crema de forma precisa, y la Miracle Complexion Sponge, perfecta para mezclar y difuminar el maquillaje gracias a su exclusiva t\u00e9cnica de aplicaci\u00f3n de 3 puntos.<\/p>\n\n\n    <a class='product' target='_blank' href='https:\/\/www.primor.eu\/es_es\/real-techniques-mini-travel-duo-118602.html'>\r\n        <img loading='async' src='https:\/\/cdn2.primor.eu\/media\/catalog\/product\/cache\/8d3aba296f7a18b5251ee30fa5db42b2\/C\/a\/Captura_mini_9dd0.PNG' alt='COMPRAR AHORA'>\r\n            <div class=\"claim\">\r\n                COMPRAR AHORA            <\/div>\r\n        <\/a>\r\n    \n\n\n\n<h3 class=\"wp-block-heading\">Skin Active Agua Micelar en Aceite de Garnier<\/h3>\n\n\n\n<p>La tecnolog\u00eda innovadora de este agua micelar combina la eficacia de las Micelas con el poder del Aceite de Arg\u00e1n, actuando como un im\u00e1n para capturar las impurezas sin causar irritaciones en la piel. Con un solo gesto, el Skin Active Agua Micelar en Aceite de Garnier desmaquilla, limpia y nutre el rostro de manera eficiente. La f\u00f3rmula de este agua micelar es adecuada para todo tipo de pieles y puede utilizarse tanto en ojos y labios como en el resto del rostro.<\/p>\n\n\n    <a class='product' target='_blank' href='https:\/\/www.primor.eu\/es_es\/garnier-skin-active-agua-micelar-en-aceite-107943.html?#863=67100'>\r\n        <img loading='async' src='https:\/\/cdn2.primor.eu\/media\/catalog\/product\/cache\/8d3aba296f7a18b5251ee30fa5db42b2\/0\/T\/0TF12167_1_35b9.jpg' alt='COMPRAR AHORA'>\r\n            <div class=\"claim\">\r\n                COMPRAR AHORA            <\/div>\r\n        <\/a>\r\n    \n\n\n<div class=\"kk-star-ratings kksr-auto kksr-align-center kksr-valign-bottom\"\n    data-payload='{&quot;align&quot;:&quot;center&quot;,&quot;id&quot;:&quot;107716&quot;,&quot;slug&quot;:&quot;default&quot;,&quot;valign&quot;:&quot;bottom&quot;,&quot;ignore&quot;:&quot;&quot;,&quot;reference&quot;:&quot;auto&quot;,&quot;class&quot;:&quot;&quot;,&quot;count&quot;:&quot;2&quot;,&quot;legendonly&quot;:&quot;&quot;,&quot;readonly&quot;:&quot;&quot;,&quot;score&quot;:&quot;5&quot;,&quot;starsonly&quot;:&quot;&quot;,&quot;best&quot;:&quot;5&quot;,&quot;gap&quot;:&quot;5&quot;,&quot;greet&quot;:&quot;Valora este art\u00edculo&quot;,&quot;legend&quot;:&quot;5\\\/5 - (2 votos)&quot;,&quot;size&quot;:&quot;24&quot;,&quot;title&quot;:&quot;\u00bfViaje a la vista? Los 5 productos minitalla para tu maleta mejor valorados&quot;,&quot;width&quot;:&quot;142.5&quot;,&quot;_legend&quot;:&quot;{score}\\\/{best} - ({count} {votes})&quot;,&quot;font_factor&quot;:&quot;1.25&quot;}'>\n            \n<div class=\"kksr-stars\">\n    \n<div class=\"kksr-stars-inactive\">\n            <div class=\"kksr-star\" data-star=\"1\" style=\"padding-right: 5px\">\n            \n\n<div class=\"kksr-icon\" style=\"width: 24px; height: 24px;\"><\/div>\n        <\/div>\n            <div class=\"kksr-star\" data-star=\"2\" style=\"padding-right: 5px\">\n            \n\n<div class=\"kksr-icon\" style=\"width: 24px; height: 24px;\"><\/div>\n        <\/div>\n            <div class=\"kksr-star\" data-star=\"3\" style=\"padding-right: 5px\">\n            \n\n<div class=\"kksr-icon\" style=\"width: 24px; height: 24px;\"><\/div>\n        <\/div>\n            <div class=\"kksr-star\" data-star=\"4\" style=\"padding-right: 5px\">\n            \n\n<div class=\"kksr-icon\" style=\"width: 24px; height: 24px;\"><\/div>\n        <\/div>\n            <div class=\"kksr-star\" data-star=\"5\" style=\"padding-right: 5px\">\n            \n\n<div class=\"kksr-icon\" style=\"width: 24px; height: 24px;\"><\/div>\n        <\/div>\n    <\/div>\n    \n<div class=\"kksr-stars-active\" style=\"width: 142.5px;\">\n            <div class=\"kksr-star\" style=\"padding-right: 5px\">\n            \n\n<div class=\"kksr-icon\" style=\"width: 24px; height: 24px;\"><\/div>\n        <\/div>\n            <div class=\"kksr-star\" style=\"padding-right: 5px\">\n            \n\n<div class=\"kksr-icon\" style=\"width: 24px; height: 24px;\"><\/div>\n        <\/div>\n            <div class=\"kksr-star\" style=\"padding-right: 5px\">\n            \n\n<div class=\"kksr-icon\" style=\"width: 24px; height: 24px;\"><\/div>\n        <\/div>\n            <div class=\"kksr-star\" style=\"padding-right: 5px\">\n            \n\n<div class=\"kksr-icon\" style=\"width: 24px; height: 24px;\"><\/div>\n        <\/div>\n            <div class=\"kksr-star\" style=\"padding-right: 5px\">\n            \n\n<div class=\"kksr-icon\" style=\"width: 24px; height: 24px;\"><\/div>\n        <\/div>\n    <\/div>\n<\/div>\n                \n\n<div class=\"kksr-legend\" style=\"font-size: 19.2px;\">\n            5\/5 - (2 votos)    <\/div>\n    <\/div>\n","protected":false},"excerpt":{"rendered":"<p>Llevar productos de cosm\u00e9tica en la maleta puede ser todo un desaf\u00edo, pero que no cunda el p\u00e1nico, porque con algunos consejos pr\u00e1cticos (que te damos en este art\u00edculo de Primor) no tendr\u00e1s ning\u00fan tipo de problema, y podr\u00e1s disfrutar al m\u00e1ximo de tus vacaciones. C\u00f3mo llevar tus l\u00edquidos en la maleta&nbsp; Productos en minitalla [&hellip;]<\/p>\n","protected":false},"author":14,"featured_media":107839,"comment_status":"closed","ping_status":"closed","sticky":false,"template":"","format":"standard","meta":{"jnews-multi-image_gallery":[],"jnews_single_post":{"subtitle":"","format":"standard","video":"","gallery":"","source_name":"","source_url":"","via_name":"","via_url":"","override_template":"0","override":[{"template":"1","single_blog_custom":"","parallax":"1","fullscreen":"1","layout":"right-sidebar","sidebar":"home-2","second_sidebar":"default-sidebar","sticky_sidebar":"0","share_position":"float","share_float_style":"share-monocrhome","show_share_counter":"0","show_view_counter":"0","show_featured":"1","show_post_meta":"1","show_post_author":"0","show_post_author_image":"1","show_post_date":"1","post_date_format":"default","post_date_format_custom":"Y\/m\/d","show_post_category":"1","show_post_reading_time":"0","post_reading_time_wpm":"300","show_zoom_button":"0","zoom_button_out_step":"2","zoom_button_in_step":"3","show_post_tag":"0","show_prev_next_post":"0","show_popup_post":"0","number_popup_post":"2","show_author_box":"0","show_post_related":"0","show_inline_post_related":"1"}],"override_image_size":"0","image_override":[{"single_post_thumbnail_size":"no-crop","single_post_gallery_size":"crop-500"}],"trending_post":"0","trending_post_position":"meta","trending_post_label":"Trending","sponsored_post":"0","sponsored_post_label":"Sponsored by","sponsored_post_name":"","sponsored_post_url":"","sponsored_post_logo_enable":"0","sponsored_post_logo":"","sponsored_post_desc":"","disable_ad":"0"},"jnews_primary_category":{"id":"","hide":""},"jnews_social_meta":{"fb_title":"","fb_description":"","fb_image":"","twitter_title":"","twitter_description":"","twitter_image":""},"jnews_override_counter":{"override_view_counter":"0","view_counter_number":"0","override_share_counter":"0","share_counter_number":"0","override_like_counter":"0","like_counter_number":"0","override_dislike_counter":"0","dislike_counter_number":"0"},"footnotes":""},"categories":[6299],"tags":[],"class_list":["post-107716","post","type-post","status-publish","format-standard","has-post-thumbnail","hentry","category-bienestar"],"_links":{"self":[{"href":"https:\/\/www.primor.eu\/blog\/wp-json\/wp\/v2\/posts\/107716","targetHints":{"allow":["GET"]}}],"collection":[{"href":"https:\/\/www.primor.eu\/blog\/wp-json\/wp\/v2\/posts"}],"about":[{"href":"https:\/\/www.primor.eu\/blog\/wp-json\/wp\/v2\/types\/post"}],"author":[{"embeddable":true,"href":"https:\/\/www.primor.eu\/blog\/wp-json\/wp\/v2\/users\/14"}],"replies":[{"embeddable":true,"href":"https:\/\/www.primor.eu\/blog\/wp-json\/wp\/v2\/comments?post=107716"}],"version-history":[{"count":5,"href":"https:\/\/www.primor.eu\/blog\/wp-json\/wp\/v2\/posts\/107716\/revisions"}],"predecessor-version":[{"id":140308,"href":"https:\/\/www.primor.eu\/blog\/wp-json\/wp\/v2\/posts\/107716\/revisions\/140308"}],"wp:featuredmedia":[{"embeddable":true,"href":"https:\/\/www.primor.eu\/blog\/wp-json\/wp\/v2\/media\/107839"}],"wp:attachment":[{"href":"https:\/\/www.primor.eu\/blog\/wp-json\/wp\/v2\/media?parent=107716"}],"wp:term":[{"taxonomy":"category","embeddable":true,"href":"https:\/\/www.primor.eu\/blog\/wp-json\/wp\/v2\/categories?post=107716"},{"taxonomy":"post_tag","embeddable":true,"href":"https:\/\/www.primor.eu\/blog\/wp-json\/wp\/v2\/tags?post=107716"}],"curies":[{"name":"wp","href":"https:\/\/api.w.org\/{rel}","templated":true}]}}