{"id":107628,"date":"2026-03-19T13:47:34","date_gmt":"2026-03-19T13:47:34","guid":{"rendered":"https:\/\/www.primor.eu\/blog\/?p=107628"},"modified":"2026-03-19T13:47:36","modified_gmt":"2026-03-19T13:47:36","slug":"usos-desconocidos-polvos-de-talco","status":"publish","type":"post","link":"https:\/\/www.primor.eu\/blog\/usos-desconocidos-polvos-de-talco\/","title":{"rendered":"Los incre\u00edbles usos que desconoc\u00edas de los polvos de talco"},"content":{"rendered":"\n<p>Los usos de los polvos de <a href=\"https:\/\/www.primor.eu\/blog\/maquillaje-sin-talco\/\" data-type=\"link\" data-id=\"https:\/\/www.primor.eu\/blog\/maquillaje-sin-talco\/\">talco <\/a>no se remiten solamente a calmar la piel de los beb\u00e9s y a reducir la humedad como solemos creer. Los polvos de talco son un producto multiusos que puede servirte en muchas ocasiones y para acabar con varios problemas. Frente a otros productos, los polvos de talco son econ\u00f3micos y es bueno tener siempre un bote en casa. Te contamos los <strong>usos de los polvos de talco <\/strong>para que descubras algunos que quiz\u00e1s no conoc\u00edas y te recomendamos las <strong>mejores opciones de polvos de talco <\/strong>para tener a mano siempre.<\/p>\n\n\n\n<h2 class=\"wp-block-heading\">Usos de los polvos de talco<\/h2>\n\n\n\n<p>Los polvos de talco est\u00e1n asociados a la cosm\u00e9tica y a problemas concretos en muchas ocasiones como las irritaciones en la piel o el exceso de humedad. Sin embargo, los usos de los polvos de talco comprenden otras \u00e1reas como la limpieza y el cuidado de mascotas. Te contamos los usos que quiz\u00e1s no conoces de este producto tan vers\u00e1til:<\/p>\n\n\n\n<ul class=\"wp-block-list\">\n<li><strong>Cuidado de la piel<\/strong>: ya sea para calmar la irritaci\u00f3n de la piel de los beb\u00e9s o para usarlos despu\u00e9s del afeitado, aunque los usos de los polvos de talco tambi\u00e9n en cosm\u00e9tica tambi\u00e9n sirven para prevenir las erupciones cut\u00e1neas y suavizar la piel.<\/li>\n\n\n\n<li><strong>Control del sudor<\/strong>: en el mercado se encuentran polvos de talco como desodorante para pies, por ejemplo. Esto es una evidencia de que uno de los usos de los polvos de talco es el control del sudor.\u00a0<\/li>\n\n\n\n<li><strong>Polvos de talco en limpieza<\/strong>: son muy efectivos para absorber manchas de grasa incrustadas como las que caen sobre la ropa o una alfombra cuando estamos comiendo.\u00a0<\/li>\n\n\n\n<li><strong>Cuidado de mascotas<\/strong>: uno de los usos de los polvos de talco m\u00e1s desconocidos es quiz\u00e1s su aplicaci\u00f3n en el cuidado de mascotas. Son \u00fatiles para cuidar el pelaje de tus mascotas y conseguir que est\u00e9 m\u00e1s suave, pero incluso lo son para prevenir y repeler las pulgas.<\/li>\n<\/ul>\n\n\n\n<h2 class=\"wp-block-heading\">Los mejores polvos de talco est\u00e1n en Primor<\/h2>\n\n\n\n<p>Te contamos las opciones de polvos de talco que hay disponibles en nuestra tienda. Algunas de ellas son v\u00e1lidas para todos los usos de los polvos de talco mencionados anteriormente y, otras, son espec\u00edficas para algunos usos como el desodorante de pies o los polvos de talco para beb\u00e9s. Elige los que m\u00e1s se ajusten a tus necesidades.<\/p>\n\n\n        <product-table class=\"pr-slider\">\r\n            <product-headers class=\"grid-table-rows\">\r\n                <div>Foto<\/div>\r\n                <div>Producto<\/div>\r\n                <div>Marca<\/div>\r\n                <div>Valoraciones<\/div>\r\n                <div>Precio<\/div>\r\n            <\/product-headers>\r\n\r\n            <product-list>\r\n                                    <a href=\"https:\/\/www.primor.eu\/es_es\/eudermin-polvos-talcos-desodorante-para-pies-74020.html\" class=\"product-item grid-table-rows\" target=\"_blank\">\r\n                        <div>\r\n                            <img decoding=\"async\" class=\"product-img\" width=\"80px\" height=\"80px\" src=\"https:\/\/www.primor.eu\/blog\/wp-content\/uploads\/2024\/06\/8411014101522_1684.jpg\" alt=\"Eudermin Polvos Talcos Desodorante para Pies\">\r\n                        <\/div>\r\n\r\n                        <!-- Contenido de producto  -->\r\n                        <div>\r\n                            <div class=\"product-position\">\r\n                                #1 Top Ventas                            <\/div>\r\n\r\n                            <h2>\r\n                                Eudermin Polvos Talcos Desodorante para Pies                            <\/h2>\r\n                        <\/div>\r\n\r\n                        <!-- Imagen y\/o nombre de la marca -->\r\n                        <div>\r\n                                                            <img decoding=\"async\" width=\"70\" src=\"https:\/\/www.primor.eu\/blog\/wp-content\/uploads\/2023\/12\/Eudermin.jpg\" alt=\"93221\">\r\n                                                    <\/div>\r\n\r\n                        <!-- Puntuaci\u00f3n del producto  -->\r\n                        <div class=\"rating\">\r\n                                                            <div class=\"rate\" style=\"--p:100;\"><\/div>\r\n                                <b>5\/5<\/b>\r\n                                <div class=\"rate-stars\">\r\n                                                                            <div\r\n                                            class=\"rate-star  \">\r\n                                        <\/div>\r\n                                                                            <div\r\n                                            class=\"rate-star  \">\r\n                                        <\/div>\r\n                                                                            <div\r\n                                            class=\"rate-star  \">\r\n                                        <\/div>\r\n                                                                            <div\r\n                                            class=\"rate-star  \">\r\n                                        <\/div>\r\n                                                                            <div\r\n                                            class=\"rate-star  \">\r\n                                        <\/div>\r\n                                                                    <\/div>\r\n                                                    <\/div>\r\n\r\n                        <!-- Bot\u00f3n de producto  -->\r\n                        <div>\r\n                            <span class=\"price-claim\">\r\n                                VER PRECIO                            <\/span>\r\n                        <\/div>\r\n                    <\/a>\r\n                                    <a href=\"https:\/\/www.primor.eu\/es_es\/johnson-johnson-talco-fecula-maiz-98689.html\" class=\"product-item grid-table-rows\" target=\"_blank\">\r\n                        <div>\r\n                            <img decoding=\"async\" class=\"product-img\" width=\"80px\" height=\"80px\" src=\"https:\/\/www.primor.eu\/blog\/wp-content\/uploads\/2024\/06\/3574661727523_imagen_principal_6773.jpg\" alt=\"Johnson & Johnson Talco F\u00e9cula Ma\u00edz\">\r\n                        <\/div>\r\n\r\n                        <!-- Contenido de producto  -->\r\n                        <div>\r\n                            <div class=\"product-position\">\r\n                                #2                            <\/div>\r\n\r\n                            <h2>\r\n                                Johnson & Johnson Talco F\u00e9cula Ma\u00edz                            <\/h2>\r\n                        <\/div>\r\n\r\n                        <!-- Imagen y\/o nombre de la marca -->\r\n                        <div>\r\n                                                            <img decoding=\"async\" width=\"70\" src=\"https:\/\/www.primor.eu\/blog\/wp-content\/uploads\/2024\/04\/Johnson-_-Johnson.jpg\" alt=\"101858\">\r\n                                                    <\/div>\r\n\r\n                        <!-- Puntuaci\u00f3n del producto  -->\r\n                        <div class=\"rating\">\r\n                                                            <div class=\"rate\" style=\"--p:98;\"><\/div>\r\n                                <b>4.9\/5<\/b>\r\n                                <div class=\"rate-stars\">\r\n                                                                            <div\r\n                                            class=\"rate-star  \">\r\n                                        <\/div>\r\n                                                                            <div\r\n                                            class=\"rate-star  \">\r\n                                        <\/div>\r\n                                                                            <div\r\n                                            class=\"rate-star  \">\r\n                                        <\/div>\r\n                                                                            <div\r\n                                            class=\"rate-star  \">\r\n                                        <\/div>\r\n                                                                            <div\r\n                                            class=\"rate-star  \">\r\n                                        <\/div>\r\n                                                                    <\/div>\r\n                                                    <\/div>\r\n\r\n                        <!-- Bot\u00f3n de producto  -->\r\n                        <div>\r\n                            <span class=\"price-claim\">\r\n                                VER PRECIO                            <\/span>\r\n                        <\/div>\r\n                    <\/a>\r\n                                    <a href=\"https:\/\/www.primor.eu\/es_es\/lacer-talquistina-en-polvo-12842.html\" class=\"product-item grid-table-rows\" target=\"_blank\">\r\n                        <div>\r\n                            <img decoding=\"async\" class=\"product-img\" width=\"80px\" height=\"80px\" src=\"https:\/\/www.primor.eu\/blog\/wp-content\/uploads\/2024\/06\/8470001527295_f64c.jpg\" alt=\"Lacer Talquistina en Polvo\">\r\n                        <\/div>\r\n\r\n                        <!-- Contenido de producto  -->\r\n                        <div>\r\n                            <div class=\"product-position\">\r\n                                #3                            <\/div>\r\n\r\n                            <h2>\r\n                                Lacer Talquistina en Polvo                            <\/h2>\r\n                        <\/div>\r\n\r\n                        <!-- Imagen y\/o nombre de la marca -->\r\n                        <div>\r\n                                                            <img decoding=\"async\" width=\"70\" src=\"https:\/\/www.primor.eu\/blog\/wp-content\/uploads\/2024\/04\/Lacer.jpg\" alt=\"101836\">\r\n                                                    <\/div>\r\n\r\n                        <!-- Puntuaci\u00f3n del producto  -->\r\n                        <div class=\"rating\">\r\n                                                            <div class=\"rate\" style=\"--p:100;\"><\/div>\r\n                                <b>5\/5<\/b>\r\n                                <div class=\"rate-stars\">\r\n                                                                            <div\r\n                                            class=\"rate-star  \">\r\n                                        <\/div>\r\n                                                                            <div\r\n                                            class=\"rate-star  \">\r\n                                        <\/div>\r\n                                                                            <div\r\n                                            class=\"rate-star  \">\r\n                                        <\/div>\r\n                                                                            <div\r\n                                            class=\"rate-star  \">\r\n                                        <\/div>\r\n                                                                            <div\r\n                                            class=\"rate-star  \">\r\n                                        <\/div>\r\n                                                                    <\/div>\r\n                                                    <\/div>\r\n\r\n                        <!-- Bot\u00f3n de producto  -->\r\n                        <div>\r\n                            <span class=\"price-claim\">\r\n                                VER PRECIO                            <\/span>\r\n                        <\/div>\r\n                    <\/a>\r\n                            <\/product-list>\r\n        <\/product-table>\r\n\r\n        \n\n\n\n<h3 class=\"wp-block-heading\">Polvos Talcos Desodorante para Pies de Eudermin<\/h3>\n\n\n\n<p>Talco, antitranspirante, absorbe el exceso de sudoraci\u00f3n y elimina el olor. Mantiene la piel seca y evita la proliferaci\u00f3n de bacterias y hongos. De textura sedosa, no reseca la piel y esta recomendada para todo tipo de piel. Como resultado los pies se mantienen suaves, secos y frescos.<\/p>\n\n\n    <a class='product' target='_blank' href='https:\/\/www.primor.eu\/es_es\/eudermin-polvos-talcos-desodorante-para-pies-74020.html'>\r\n        <img loading='async' src='https:\/\/cdn2.primor.eu\/media\/catalog\/product\/cache\/8d3aba296f7a18b5251ee30fa5db42b2\/8\/4\/8411014101522_1684.jpg' alt='COMPRAR AHORA'>\r\n            <div class=\"claim\">\r\n                COMPRAR AHORA            <\/div>\r\n        <\/a>\r\n    \n\n\n\n<h3 class=\"wp-block-heading\">Talco F\u00e9cula Ma\u00edz de Johnson &amp; Johnson&nbsp;<\/h3>\n\n\n\n<p>Los cl\u00e1sicos polvos de talco que absorben la humedad para una piel seca y saludable. Ideales para el cambio de pa\u00f1al. Ayuda a proteger la piel y a evitar la aparici\u00f3n de rojeces e irritaciones. Recomendados tanto para ni\u00f1os\/as como para personas mayores, protegen de la fricci\u00f3n y el roce. Hipoalerg\u00e9nico y con pH equilibrado.<\/p>\n\n\n    <a class='product' target='_blank' href='https:\/\/www.primor.eu\/es_es\/johnson-johnson-talco-fecula-maiz-98689.html'>\r\n        <img loading='async' src='https:\/\/cdn2.primor.eu\/media\/catalog\/product\/cache\/8d3aba296f7a18b5251ee30fa5db42b2\/3\/5\/3574661727523_imagen_principal_6773.jpg' alt='COMPRAR AHORA'>\r\n            <div class=\"claim\">\r\n                COMPRAR AHORA            <\/div>\r\n        <\/a>\r\n    \n\n\n\n<h3 class=\"wp-block-heading\">Talquistina en Polvo de Lacer<\/h3>\n\n\n\n<p>Suave talco para pieles sensibles e irritadas. La acci\u00f3n bals\u00e1mica y calmante de la calamina del suave talco de Talquistina proporciona un alivio del picor en la piel irritada o sensibilizada por alguna causa externa, como rozaduras, sudoraci\u00f3n excesiva o exposici\u00f3n solar. Proporciona un alivio eficaz del picor en la piel irritada o sensibilizada por alguna causa externa. Producto testado bajo control dermatol\u00f3gico.<\/p>\n\n\n    <a class='product' target='_blank' href='https:\/\/www.primor.eu\/es_es\/lacer-talquistina-en-polvo-12842.html'>\r\n        <img loading='async' src='https:\/\/cdn2.primor.eu\/media\/catalog\/product\/cache\/8d3aba296f7a18b5251ee30fa5db42b2\/8\/4\/8470001527295_1_d0dd.png' alt='COMPRAR AHORA'>\r\n            <div class=\"claim\">\r\n                COMPRAR AHORA            <\/div>\r\n        <\/a>\r\n    \n\n\n\n<h3 class=\"wp-block-heading\">Polvo de Talco Aloe Vera de Trompy<\/h3>\n\n\n\n<p>Este polvo ayuda a aliviar la irritaci\u00f3n de la piel, formulado con Aloe Vera. Absorbe la humedad de aquellas partes del cuerpo susceptibles a la acumulaci\u00f3n de sudor como las axilas o los pies.<\/p>\n\n\n    <a class='product' target='_blank' href='https:\/\/www.primor.eu\/es_es\/trompy-polvo-de-talco-aloe-vera-70190.html'>\r\n        <img loading='async' src='https:\/\/cdn2.primor.eu\/media\/catalog\/product\/cache\/8d3aba296f7a18b5251ee30fa5db42b2\/2\/B\/2BK00038_1_d48f.jpg' alt='COMPRAR AHORA'>\r\n            <div class=\"claim\">\r\n                COMPRAR AHORA            <\/div>\r\n        <\/a>\r\n    \n\n\n<div class=\"kk-star-ratings kksr-auto kksr-align-center kksr-valign-bottom\"\n    data-payload='{&quot;align&quot;:&quot;center&quot;,&quot;id&quot;:&quot;107628&quot;,&quot;slug&quot;:&quot;default&quot;,&quot;valign&quot;:&quot;bottom&quot;,&quot;ignore&quot;:&quot;&quot;,&quot;reference&quot;:&quot;auto&quot;,&quot;class&quot;:&quot;&quot;,&quot;count&quot;:&quot;0&quot;,&quot;legendonly&quot;:&quot;&quot;,&quot;readonly&quot;:&quot;&quot;,&quot;score&quot;:&quot;0&quot;,&quot;starsonly&quot;:&quot;&quot;,&quot;best&quot;:&quot;5&quot;,&quot;gap&quot;:&quot;5&quot;,&quot;greet&quot;:&quot;Valora este art\u00edculo&quot;,&quot;legend&quot;:&quot;0\\\/5 - (0 votos)&quot;,&quot;size&quot;:&quot;24&quot;,&quot;title&quot;:&quot;Los incre\u00edbles usos que desconoc\u00edas de los polvos de talco&quot;,&quot;width&quot;:&quot;0&quot;,&quot;_legend&quot;:&quot;{score}\\\/{best} - ({count} {votes})&quot;,&quot;font_factor&quot;:&quot;1.25&quot;}'>\n            \n<div class=\"kksr-stars\">\n    \n<div class=\"kksr-stars-inactive\">\n            <div class=\"kksr-star\" data-star=\"1\" style=\"padding-right: 5px\">\n            \n\n<div class=\"kksr-icon\" style=\"width: 24px; height: 24px;\"><\/div>\n        <\/div>\n            <div class=\"kksr-star\" data-star=\"2\" style=\"padding-right: 5px\">\n            \n\n<div class=\"kksr-icon\" style=\"width: 24px; height: 24px;\"><\/div>\n        <\/div>\n            <div class=\"kksr-star\" data-star=\"3\" style=\"padding-right: 5px\">\n            \n\n<div class=\"kksr-icon\" style=\"width: 24px; height: 24px;\"><\/div>\n        <\/div>\n            <div class=\"kksr-star\" data-star=\"4\" style=\"padding-right: 5px\">\n            \n\n<div class=\"kksr-icon\" style=\"width: 24px; height: 24px;\"><\/div>\n        <\/div>\n            <div class=\"kksr-star\" data-star=\"5\" style=\"padding-right: 5px\">\n            \n\n<div class=\"kksr-icon\" style=\"width: 24px; height: 24px;\"><\/div>\n        <\/div>\n    <\/div>\n    \n<div class=\"kksr-stars-active\" style=\"width: 0px;\">\n            <div class=\"kksr-star\" style=\"padding-right: 5px\">\n            \n\n<div class=\"kksr-icon\" style=\"width: 24px; height: 24px;\"><\/div>\n        <\/div>\n            <div class=\"kksr-star\" style=\"padding-right: 5px\">\n            \n\n<div class=\"kksr-icon\" style=\"width: 24px; height: 24px;\"><\/div>\n        <\/div>\n            <div class=\"kksr-star\" style=\"padding-right: 5px\">\n            \n\n<div class=\"kksr-icon\" style=\"width: 24px; height: 24px;\"><\/div>\n        <\/div>\n            <div class=\"kksr-star\" style=\"padding-right: 5px\">\n            \n\n<div class=\"kksr-icon\" style=\"width: 24px; height: 24px;\"><\/div>\n        <\/div>\n            <div class=\"kksr-star\" style=\"padding-right: 5px\">\n            \n\n<div class=\"kksr-icon\" style=\"width: 24px; height: 24px;\"><\/div>\n        <\/div>\n    <\/div>\n<\/div>\n                \n\n<div class=\"kksr-legend\" style=\"font-size: 19.2px;\">\n            <span class=\"kksr-muted\">Valora este art\u00edculo<\/span>\n    <\/div>\n    <\/div>\n","protected":false},"excerpt":{"rendered":"<p>Los usos de los polvos de talco no se remiten solamente a calmar la piel de los beb\u00e9s y a reducir la humedad como solemos creer. Los polvos de talco son un producto multiusos que puede servirte en muchas ocasiones y para acabar con varios problemas. Frente a otros productos, los polvos de talco son [&hellip;]<\/p>\n","protected":false},"author":30,"featured_media":107633,"comment_status":"closed","ping_status":"closed","sticky":false,"template":"","format":"standard","meta":{"jnews-multi-image_gallery":[],"jnews_single_post":{"subtitle":"","format":"standard","video":"","gallery":"","source_name":"","source_url":"","via_name":"","via_url":"","override_template":"0","override":[{"template":"1","single_blog_custom":"","parallax":"1","fullscreen":"1","layout":"right-sidebar","sidebar":"home-2","second_sidebar":"default-sidebar","sticky_sidebar":"0","share_position":"float","share_float_style":"share-monocrhome","show_share_counter":"0","show_view_counter":"0","show_featured":"1","show_post_meta":"1","show_post_author":"0","show_post_author_image":"1","show_post_date":"1","post_date_format":"default","post_date_format_custom":"Y\/m\/d","show_post_category":"1","show_post_reading_time":"0","post_reading_time_wpm":"300","show_zoom_button":"0","zoom_button_out_step":"2","zoom_button_in_step":"3","show_post_tag":"0","show_prev_next_post":"0","show_popup_post":"0","number_popup_post":"2","show_author_box":"0","show_post_related":"0","show_inline_post_related":"1"}],"override_image_size":"0","image_override":[{"single_post_thumbnail_size":"no-crop","single_post_gallery_size":"crop-500"}],"trending_post":"0","trending_post_position":"meta","trending_post_label":"Trending","sponsored_post":"0","sponsored_post_label":"Sponsored by","sponsored_post_name":"","sponsored_post_url":"","sponsored_post_logo_enable":"0","sponsored_post_logo":"","sponsored_post_desc":"","disable_ad":"0"},"jnews_primary_category":{"id":"","hide":""},"jnews_social_meta":{"fb_title":"","fb_description":"","fb_image":"","twitter_title":"","twitter_description":"","twitter_image":""},"jnews_override_counter":{"override_view_counter":"0","view_counter_number":"0","override_share_counter":"0","share_counter_number":"0","override_like_counter":"0","like_counter_number":"0","override_dislike_counter":"0","dislike_counter_number":"0"},"footnotes":""},"categories":[6299],"tags":[],"class_list":["post-107628","post","type-post","status-publish","format-standard","has-post-thumbnail","hentry","category-bienestar"],"_links":{"self":[{"href":"https:\/\/www.primor.eu\/blog\/wp-json\/wp\/v2\/posts\/107628","targetHints":{"allow":["GET"]}}],"collection":[{"href":"https:\/\/www.primor.eu\/blog\/wp-json\/wp\/v2\/posts"}],"about":[{"href":"https:\/\/www.primor.eu\/blog\/wp-json\/wp\/v2\/types\/post"}],"author":[{"embeddable":true,"href":"https:\/\/www.primor.eu\/blog\/wp-json\/wp\/v2\/users\/30"}],"replies":[{"embeddable":true,"href":"https:\/\/www.primor.eu\/blog\/wp-json\/wp\/v2\/comments?post=107628"}],"version-history":[{"count":2,"href":"https:\/\/www.primor.eu\/blog\/wp-json\/wp\/v2\/posts\/107628\/revisions"}],"predecessor-version":[{"id":140423,"href":"https:\/\/www.primor.eu\/blog\/wp-json\/wp\/v2\/posts\/107628\/revisions\/140423"}],"wp:featuredmedia":[{"embeddable":true,"href":"https:\/\/www.primor.eu\/blog\/wp-json\/wp\/v2\/media\/107633"}],"wp:attachment":[{"href":"https:\/\/www.primor.eu\/blog\/wp-json\/wp\/v2\/media?parent=107628"}],"wp:term":[{"taxonomy":"category","embeddable":true,"href":"https:\/\/www.primor.eu\/blog\/wp-json\/wp\/v2\/categories?post=107628"},{"taxonomy":"post_tag","embeddable":true,"href":"https:\/\/www.primor.eu\/blog\/wp-json\/wp\/v2\/tags?post=107628"}],"curies":[{"name":"wp","href":"https:\/\/api.w.org\/{rel}","templated":true}]}}