{"id":107528,"date":"2024-06-23T12:00:00","date_gmt":"2024-06-23T12:00:00","guid":{"rendered":"https:\/\/www.primor.eu\/blog\/?p=107528"},"modified":"2024-06-19T12:47:35","modified_gmt":"2024-06-19T12:47:35","slug":"mejores-peinados-aesthetic-hombres","status":"publish","type":"post","link":"https:\/\/www.primor.eu\/blog\/mejores-peinados-aesthetic-hombres\/","title":{"rendered":"Vuelta a los a\u00f1os 90: los mejores peinados aesthetic para hombres"},"content":{"rendered":"\n<p>Elegir un <strong><a href=\"https:\/\/www.primor.eu\/blog\/mejores-cortes-pelo-hombre\/\" data-type=\"link\" data-id=\"https:\/\/www.primor.eu\/blog\/mejores-cortes-pelo-hombre\/\">peinado para hombre<\/a> a\u00f1os 90 <\/strong>puede ser una buena se\u00f1a de identidad. Hoy en d\u00eda se llevan cada vez m\u00e1s tendencias de d\u00e9cadas pasadas y el vintage no pasa de moda. Y es que lo cl\u00e1sico, siempre es una tendencia al alza. A veces podemos pensar que lo retro comprende la moda y tendencias de belleza muy pret\u00e9ritos y de d\u00e9cadas como los a\u00f1os 20 o los a\u00f1os 60, sin embargo los a\u00f1os 90 tambi\u00e9n son una \u00e9poca pasada. Esta d\u00e9cada est\u00e1 <strong>cada vez m\u00e1s de moda<\/strong>, por lo que si buscas un peinado para hombre a\u00f1os 90, encontrar\u00e1s bastante inspiraci\u00f3n tanto en la red como sobre el asfalto de tu ciudad.\u00a0<\/p>\n\n\n\n<h2 class=\"wp-block-heading\">Peinado para hombre a\u00f1os 90: opciones&nbsp;<\/h2>\n\n\n\n<p>Elegir un peinado para hombre a\u00f1os 90 dice de ti que eres un hombre con bastante <strong>personalidad<\/strong>. Aquellos que se atreven con looks retro o alternativos siempre lo son. Vamos a ver cortes de pelo, <strong>peinados y colores de cabello<\/strong> para hombre inspirados en iconos de los 90 como Leonardo <strong>Di Caprio<\/strong>, Kurt Cobain o <strong>Eminem<\/strong>. Y es que si cada d\u00e9cada tiene su aquel, los 90 trajeron mucho rubio platino y desde rapados hasta melenas grunge. Te contamos cu\u00e1les son las mejores tendencias de peinado para hombre a\u00f1os 90 para que puedas elegir la tendencia que m\u00e1s se ajusta a tus gustos:<\/p>\n\n\n\n<h3 class=\"wp-block-heading\">Corte C\u00e9sar<\/h3>\n\n\n\n<figure class=\"wp-block-image size-large\"><img decoding=\"async\" width=\"1024\" height=\"1024\" src=\"https:\/\/www.primor.eu\/blog\/wp-content\/uploads\/2024\/06\/1-cesar-1024x1024.jpg\" alt=\"\" class=\"wp-image-107529\" srcset=\"https:\/\/www.primor.eu\/blog\/wp-content\/uploads\/2024\/06\/1-cesar-1024x1024.jpg 1024w, https:\/\/www.primor.eu\/blog\/wp-content\/uploads\/2024\/06\/1-cesar-300x300.jpg 300w, https:\/\/www.primor.eu\/blog\/wp-content\/uploads\/2024\/06\/1-cesar-150x150.jpg 150w, https:\/\/www.primor.eu\/blog\/wp-content\/uploads\/2024\/06\/1-cesar-768x768.jpg 768w, https:\/\/www.primor.eu\/blog\/wp-content\/uploads\/2024\/06\/1-cesar-75x75.jpg 75w, https:\/\/www.primor.eu\/blog\/wp-content\/uploads\/2024\/06\/1-cesar-350x350.jpg 350w, https:\/\/www.primor.eu\/blog\/wp-content\/uploads\/2024\/06\/1-cesar-750x750.jpg 750w, https:\/\/www.primor.eu\/blog\/wp-content\/uploads\/2024\/06\/1-cesar.jpg 1080w\" sizes=\"(max-width: 1024px) 100vw, 1024px\" \/><\/figure>\n\n\n\n<p>@clararomeroestilista<\/p>\n\n\n\n<p>Este peinado se caracteriza por un corte de cabello corto con un flequillo recto y corto en la frente. Muchas veces incluye la parte de atr\u00e1s y la de los lados rapada como en el caso de esta fotograf\u00eda. Est\u00e1 muy en tendencia y la ventaja frente a otros tipos de peinado para hombre a\u00f1os 90 que veremos es que es c\u00f3modo y apenas lleva trabajo de mantenimiento.\u00a0<\/p>\n\n\n\n<h3 class=\"wp-block-heading\">Media melena grunge<\/h3>\n\n\n\n<figure class=\"wp-block-image size-large\"><img decoding=\"async\" width=\"1024\" height=\"1024\" src=\"https:\/\/www.primor.eu\/blog\/wp-content\/uploads\/2024\/06\/2-melena-1024x1024.jpg\" alt=\"\" class=\"wp-image-107530\" srcset=\"https:\/\/www.primor.eu\/blog\/wp-content\/uploads\/2024\/06\/2-melena-1024x1024.jpg 1024w, https:\/\/www.primor.eu\/blog\/wp-content\/uploads\/2024\/06\/2-melena-300x300.jpg 300w, https:\/\/www.primor.eu\/blog\/wp-content\/uploads\/2024\/06\/2-melena-150x150.jpg 150w, https:\/\/www.primor.eu\/blog\/wp-content\/uploads\/2024\/06\/2-melena-768x768.jpg 768w, https:\/\/www.primor.eu\/blog\/wp-content\/uploads\/2024\/06\/2-melena-75x75.jpg 75w, https:\/\/www.primor.eu\/blog\/wp-content\/uploads\/2024\/06\/2-melena-350x350.jpg 350w, https:\/\/www.primor.eu\/blog\/wp-content\/uploads\/2024\/06\/2-melena-750x750.jpg 750w, https:\/\/www.primor.eu\/blog\/wp-content\/uploads\/2024\/06\/2-melena.jpg 1080w\" sizes=\"(max-width: 1024px) 100vw, 1024px\" \/><\/figure>\n\n\n\n<p>@kurtcobain<\/p>\n\n\n\n<p>Kurt Cobain es uno de los iconos del grunge, estilo que en los a\u00f1os 90 no solamente sonaba en los garajes y las salas de conciertos, sino que cre\u00f3 todo un movimiento en torno a la belleza y la moda que sigue vivo en nuestros d\u00edas.&nbsp;<\/p>\n\n\n\n<p>\u00c9l las enamoraba a ellas y a ellos, con su melena rubia y sus jerseys amplios que hoy se encuentran entre las p\u00e1ginas de las mejores revistas de moda y belleza como totalmente en tendencia. Si quieres llevar una media melena que enamore y seduzca a cada paso, no lo dudes\u2026<\/p>\n\n\n\n<h3 class=\"wp-block-heading\">Corte Bowl Cut<\/h3>\n\n\n\n<figure class=\"wp-block-image size-large\"><img decoding=\"async\" width=\"819\" height=\"1024\" src=\"https:\/\/www.primor.eu\/blog\/wp-content\/uploads\/2024\/06\/3-tazon-819x1024.jpg\" alt=\"\" class=\"wp-image-107531\" srcset=\"https:\/\/www.primor.eu\/blog\/wp-content\/uploads\/2024\/06\/3-tazon-819x1024.jpg 819w, https:\/\/www.primor.eu\/blog\/wp-content\/uploads\/2024\/06\/3-tazon-240x300.jpg 240w, https:\/\/www.primor.eu\/blog\/wp-content\/uploads\/2024\/06\/3-tazon-768x960.jpg 768w, https:\/\/www.primor.eu\/blog\/wp-content\/uploads\/2024\/06\/3-tazon-750x938.jpg 750w, https:\/\/www.primor.eu\/blog\/wp-content\/uploads\/2024\/06\/3-tazon.jpg 1080w\" sizes=\"(max-width: 819px) 100vw, 819px\" \/><\/figure>\n\n\n\n<p>@bowl__cut<\/p>\n\n\n\n<p>Este peinado para hombre a\u00f1os 90 es literalmente lo que llamamos en Espa\u00f1a \u201cpelo a taz\u00f3n\u201d. Este tipo de corte favorece sobre todo a los hombres que tienen el pelo liso y enmarca el rostro favoreciendo y dulcificando los rasgos del hombre.<\/p>\n\n\n\n<p>Puede que este corte de pelo te recuerde a cuando eras ni\u00f1o o adolescente si lo llevaste en aquella \u00e9poca, pero con un look casual adecuado puede suponer una nota sofisticada sin abandonar la sencillez.<\/p>\n\n\n\n<h3 class=\"wp-block-heading\">Corte Curtains<\/h3>\n\n\n\n<figure class=\"wp-block-image size-large\"><img decoding=\"async\" width=\"819\" height=\"1024\" src=\"https:\/\/www.primor.eu\/blog\/wp-content\/uploads\/2024\/06\/4-cortina-819x1024.jpg\" alt=\"\" class=\"wp-image-107532\" srcset=\"https:\/\/www.primor.eu\/blog\/wp-content\/uploads\/2024\/06\/4-cortina-819x1024.jpg 819w, https:\/\/www.primor.eu\/blog\/wp-content\/uploads\/2024\/06\/4-cortina-240x300.jpg 240w, https:\/\/www.primor.eu\/blog\/wp-content\/uploads\/2024\/06\/4-cortina-768x960.jpg 768w, https:\/\/www.primor.eu\/blog\/wp-content\/uploads\/2024\/06\/4-cortina-750x938.jpg 750w, https:\/\/www.primor.eu\/blog\/wp-content\/uploads\/2024\/06\/4-cortina.jpg 1080w\" sizes=\"(max-width: 819px) 100vw, 819px\" \/><\/figure>\n\n\n\n<p>@idea.ltd<\/p>\n\n\n\n<p>Este tipo de corte es similar al anterior, pero m\u00e1s desordenado y con el flequillo como si fuese una cortina abierto hacia los lados o hacia un lado. Fue un peinado para hombres a\u00f1os 90 popularizado por estrellas como Leonardo DiCaprio o Johnny Depp. Es una elecci\u00f3n estilosa y de nuevo muy recomendable para los hombres que tengan el pelo liso, aunque tambi\u00e9n puede sentar muy bien a los que tienen el pelo ondulado.<\/p>\n\n\n\n<h3 class=\"wp-block-heading\">Peinado con un toque platino<\/h3>\n\n\n\n<figure class=\"wp-block-image size-large\"><img decoding=\"async\" width=\"1024\" height=\"1024\" src=\"https:\/\/www.primor.eu\/blog\/wp-content\/uploads\/2024\/06\/5-platino-1024x1024.jpg\" alt=\"\" class=\"wp-image-107533\" srcset=\"https:\/\/www.primor.eu\/blog\/wp-content\/uploads\/2024\/06\/5-platino-1024x1024.jpg 1024w, https:\/\/www.primor.eu\/blog\/wp-content\/uploads\/2024\/06\/5-platino-300x300.jpg 300w, https:\/\/www.primor.eu\/blog\/wp-content\/uploads\/2024\/06\/5-platino-150x150.jpg 150w, https:\/\/www.primor.eu\/blog\/wp-content\/uploads\/2024\/06\/5-platino-768x768.jpg 768w, https:\/\/www.primor.eu\/blog\/wp-content\/uploads\/2024\/06\/5-platino-75x75.jpg 75w, https:\/\/www.primor.eu\/blog\/wp-content\/uploads\/2024\/06\/5-platino-350x350.jpg 350w, https:\/\/www.primor.eu\/blog\/wp-content\/uploads\/2024\/06\/5-platino-750x750.jpg 750w, https:\/\/www.primor.eu\/blog\/wp-content\/uploads\/2024\/06\/5-platino.jpg 1080w\" sizes=\"(max-width: 1024px) 100vw, 1024px\" \/><\/figure>\n\n\n\n<p>@monik_versatile_styles<\/p>\n\n\n\n<p>\u00bfQui\u00e9n dijo que un rubio platino no es adecuado para hombres? Uno de los toques que puede elevar un peinado para hombres a\u00f1os 90 es precisamente un toque de este color que fue bandera en materia de decoloraci\u00f3n de esta d\u00e9cada, \u00a1atr\u00e9vete!<\/p>\n\n\n<div class=\"kk-star-ratings kksr-auto kksr-align-center kksr-valign-bottom\"\n    data-payload='{&quot;align&quot;:&quot;center&quot;,&quot;id&quot;:&quot;107528&quot;,&quot;slug&quot;:&quot;default&quot;,&quot;valign&quot;:&quot;bottom&quot;,&quot;ignore&quot;:&quot;&quot;,&quot;reference&quot;:&quot;auto&quot;,&quot;class&quot;:&quot;&quot;,&quot;count&quot;:&quot;0&quot;,&quot;legendonly&quot;:&quot;&quot;,&quot;readonly&quot;:&quot;&quot;,&quot;score&quot;:&quot;0&quot;,&quot;starsonly&quot;:&quot;&quot;,&quot;best&quot;:&quot;5&quot;,&quot;gap&quot;:&quot;5&quot;,&quot;greet&quot;:&quot;Valora este art\u00edculo&quot;,&quot;legend&quot;:&quot;0\\\/5 - (0 votos)&quot;,&quot;size&quot;:&quot;24&quot;,&quot;title&quot;:&quot;Vuelta a los a\u00f1os 90: los mejores peinados aesthetic para hombres&quot;,&quot;width&quot;:&quot;0&quot;,&quot;_legend&quot;:&quot;{score}\\\/{best} - ({count} {votes})&quot;,&quot;font_factor&quot;:&quot;1.25&quot;}'>\n            \n<div class=\"kksr-stars\">\n    \n<div class=\"kksr-stars-inactive\">\n            <div class=\"kksr-star\" data-star=\"1\" style=\"padding-right: 5px\">\n            \n\n<div class=\"kksr-icon\" style=\"width: 24px; height: 24px;\"><\/div>\n        <\/div>\n            <div class=\"kksr-star\" data-star=\"2\" style=\"padding-right: 5px\">\n            \n\n<div class=\"kksr-icon\" style=\"width: 24px; height: 24px;\"><\/div>\n        <\/div>\n            <div class=\"kksr-star\" data-star=\"3\" style=\"padding-right: 5px\">\n            \n\n<div class=\"kksr-icon\" style=\"width: 24px; height: 24px;\"><\/div>\n        <\/div>\n            <div class=\"kksr-star\" data-star=\"4\" style=\"padding-right: 5px\">\n            \n\n<div class=\"kksr-icon\" style=\"width: 24px; height: 24px;\"><\/div>\n        <\/div>\n            <div class=\"kksr-star\" data-star=\"5\" style=\"padding-right: 5px\">\n            \n\n<div class=\"kksr-icon\" style=\"width: 24px; height: 24px;\"><\/div>\n        <\/div>\n    <\/div>\n    \n<div class=\"kksr-stars-active\" style=\"width: 0px;\">\n            <div class=\"kksr-star\" style=\"padding-right: 5px\">\n            \n\n<div class=\"kksr-icon\" style=\"width: 24px; height: 24px;\"><\/div>\n        <\/div>\n            <div class=\"kksr-star\" style=\"padding-right: 5px\">\n            \n\n<div class=\"kksr-icon\" style=\"width: 24px; height: 24px;\"><\/div>\n        <\/div>\n            <div class=\"kksr-star\" style=\"padding-right: 5px\">\n            \n\n<div class=\"kksr-icon\" style=\"width: 24px; height: 24px;\"><\/div>\n        <\/div>\n            <div class=\"kksr-star\" style=\"padding-right: 5px\">\n            \n\n<div class=\"kksr-icon\" style=\"width: 24px; height: 24px;\"><\/div>\n        <\/div>\n            <div class=\"kksr-star\" style=\"padding-right: 5px\">\n            \n\n<div class=\"kksr-icon\" style=\"width: 24px; height: 24px;\"><\/div>\n        <\/div>\n    <\/div>\n<\/div>\n                \n\n<div class=\"kksr-legend\" style=\"font-size: 19.2px;\">\n            <span class=\"kksr-muted\">Valora este art\u00edculo<\/span>\n    <\/div>\n    <\/div>\n","protected":false},"excerpt":{"rendered":"<p>Elegir un peinado para hombre a\u00f1os 90 puede ser una buena se\u00f1a de identidad. Hoy en d\u00eda se llevan cada vez m\u00e1s tendencias de d\u00e9cadas pasadas y el vintage no pasa de moda. Y es que lo cl\u00e1sico, siempre es una tendencia al alza. A veces podemos pensar que lo retro comprende la moda y [&hellip;]<\/p>\n","protected":false},"author":30,"featured_media":107534,"comment_status":"closed","ping_status":"closed","sticky":false,"template":"","format":"standard","meta":{"jnews-multi-image_gallery":[],"jnews_single_post":{"subtitle":"","format":"standard","video":"","gallery":"","source_name":"","source_url":"","via_name":"","via_url":"","override_template":"0","override":[{"template":"1","single_blog_custom":"","parallax":"1","fullscreen":"1","layout":"right-sidebar","sidebar":"home-2","second_sidebar":"default-sidebar","sticky_sidebar":"0","share_position":"float","share_float_style":"share-monocrhome","show_share_counter":"0","show_view_counter":"0","show_featured":"1","show_post_meta":"1","show_post_author":"0","show_post_author_image":"1","show_post_date":"1","post_date_format":"default","post_date_format_custom":"Y\/m\/d","show_post_category":"1","show_post_reading_time":"0","post_reading_time_wpm":"300","show_zoom_button":"0","zoom_button_out_step":"2","zoom_button_in_step":"3","show_post_tag":"0","show_prev_next_post":"0","show_popup_post":"0","number_popup_post":"2","show_author_box":"0","show_post_related":"0","show_inline_post_related":"1"}],"override_image_size":"0","image_override":[{"single_post_thumbnail_size":"no-crop","single_post_gallery_size":"crop-500"}],"trending_post":"0","trending_post_position":"meta","trending_post_label":"Trending","sponsored_post":"0","sponsored_post_label":"Sponsored by","sponsored_post_name":"","sponsored_post_url":"","sponsored_post_logo_enable":"0","sponsored_post_logo":"","sponsored_post_desc":"","disable_ad":"0"},"jnews_primary_category":{"id":"","hide":""},"jnews_social_meta":{"fb_title":"","fb_description":"","fb_image":"","twitter_title":"","twitter_description":"","twitter_image":""},"jnews_override_counter":{"override_view_counter":"0","view_counter_number":"0","override_share_counter":"0","share_counter_number":"0","override_like_counter":"0","like_counter_number":"0","override_dislike_counter":"0","dislike_counter_number":"0"},"footnotes":""},"categories":[6311],"tags":[],"class_list":["post-107528","post","type-post","status-publish","format-standard","has-post-thumbnail","hentry","category-hombres"],"_links":{"self":[{"href":"https:\/\/www.primor.eu\/blog\/wp-json\/wp\/v2\/posts\/107528","targetHints":{"allow":["GET"]}}],"collection":[{"href":"https:\/\/www.primor.eu\/blog\/wp-json\/wp\/v2\/posts"}],"about":[{"href":"https:\/\/www.primor.eu\/blog\/wp-json\/wp\/v2\/types\/post"}],"author":[{"embeddable":true,"href":"https:\/\/www.primor.eu\/blog\/wp-json\/wp\/v2\/users\/30"}],"replies":[{"embeddable":true,"href":"https:\/\/www.primor.eu\/blog\/wp-json\/wp\/v2\/comments?post=107528"}],"version-history":[{"count":1,"href":"https:\/\/www.primor.eu\/blog\/wp-json\/wp\/v2\/posts\/107528\/revisions"}],"predecessor-version":[{"id":107535,"href":"https:\/\/www.primor.eu\/blog\/wp-json\/wp\/v2\/posts\/107528\/revisions\/107535"}],"wp:featuredmedia":[{"embeddable":true,"href":"https:\/\/www.primor.eu\/blog\/wp-json\/wp\/v2\/media\/107534"}],"wp:attachment":[{"href":"https:\/\/www.primor.eu\/blog\/wp-json\/wp\/v2\/media?parent=107528"}],"wp:term":[{"taxonomy":"category","embeddable":true,"href":"https:\/\/www.primor.eu\/blog\/wp-json\/wp\/v2\/categories?post=107528"},{"taxonomy":"post_tag","embeddable":true,"href":"https:\/\/www.primor.eu\/blog\/wp-json\/wp\/v2\/tags?post=107528"}],"curies":[{"name":"wp","href":"https:\/\/api.w.org\/{rel}","templated":true}]}}